

{"id":13874,"date":"2023-11-09T11:16:34","date_gmt":"2023-11-09T14:16:34","guid":{"rendered":"https:\/\/siteshom.goias.gov.br\/agricultura\/convenios\/"},"modified":"2026-02-03T15:34:14","modified_gmt":"2026-02-03T18:34:14","slug":"convenios","status":"publish","type":"post","link":"https:\/\/goias.gov.br\/agricultura\/convenios\/","title":{"rendered":"Conv\u00eanios Recebidos"},"content":{"rendered":"<p><a href=\"https:\/\/goias.gov.br\/agricultura\/wp-content\/uploads\/sites\/50\/2023\/11\/convenios-recebidos-Seapa-25.09.xlsx\" target=\"_blank\" rel=\"noopener\">Exportar Planilha\u00a0<\/a><\/p>\n\n\n<table class=\"planilhaview display\" style=\"width:100%\"><thead><tr><th>Org\u00e3o Repassador<\/th><th>N\u00ba do Termo e Ano<\/th><th>Objeto <\/th><th>Valor Total do Conv\u00eanio<\/th><th>Total Repassado<\/th><th>Data do ultimo repasse<\/th><th>In\u00edcio da Vig\u00eancia<\/th><th>Fim da Vig\u00eancia<\/th><th>Inteiro Teor<\/th><\/tr><tr><th><input type=\"text\" placeholder=\"Filtrar Org\u00e3o Repassador\"><\/th><th><input type=\"text\" placeholder=\"Filtrar N\u00ba do Termo e Ano\"><\/th><th><input type=\"text\" placeholder=\"Filtrar Objeto \"><\/th><th><input type=\"text\" placeholder=\"Filtrar Valor Total do Conv\u00eanio\"><\/th><th><input type=\"text\" placeholder=\"Filtrar Total Repassado\"><\/th><th><input type=\"text\" placeholder=\"Filtrar Data do ultimo repasse\"><\/th><th><input type=\"text\" placeholder=\"Filtrar In\u00edcio da Vig\u00eancia\"><\/th><th><input type=\"text\" placeholder=\"Filtrar Fim da Vig\u00eancia\"><\/th><th><input type=\"text\" placeholder=\"Filtrar Inteiro Teor\"><\/th><\/tr><\/thead><tbody><tr><td style=\"color: #000000; background-color: #D9D9D9;font-weight: bold;\">Minist\u00e9rio da Fazenda -  PROGRAMA 09032025<\/td><td style=\"color: #000000; background-color: #D9D9D9;font-weight: bold;\">Emenda 202544240008 Marussa Boldrin<\/td><td style=\"color: #000000; background-color: #D9D9D9;font-weight: bold;\">Aquisi\u00e7\u00e3o de Agroind\u00fastria Modular<\/td><td style=\"color: #000000; background-color: #D9D9D9;font-weight: bold;\">R$ 1.980.000,00<\/td><td style=\"color: #000000; background-color: #D9D9D9;font-weight: bold;\">R$ 1.980.000,00<\/td><td style=\"color: #000000; background-color: #D9D9D9;font-weight: bold;\">03\/12\/2025<\/td><td style=\"color: #000000; background-color: #D9D9D9;font-weight: bold;\">01\/01\/2026<\/td><td style=\"color: #000000; background-color: #D9D9D9;font-weight: bold;\">01\/01\/2029<\/td><td style=\"color: #000000; background-color: #D9D9D9;font-weight: bold;\"><\/td><\/tr><tr><td style=\"color: #000000; background-color: #E2F0D9;\">Minist\u00e9rio da Integra\u00e7\u00e3o e do Desenvolvimento Regional<\/td><td style=\"color: #000000; background-color: #D9D9D9;\">983992\/2025<\/td><td style=\"color: #000000; background-color: #E2F0D9;\">Aquisi\u00e7\u00e3o de m\u00e1quinas e equipamentos.<\/td><td style=\"color: #000000; background-color: #D9D9D9;font-weight: bold;\">R$ 4.946.369,00<\/td><td style=\"color: #000000; background-color: #D9D9D9;font-weight: bold;\">R$ 4.841.850,00<\/td><td style=\"color: #000000; background-color: #D9D9D9;font-weight: bold;\">sem repasse<\/td><td style=\"color: #000000; background-color: #D9D9D9;font-weight: bold;\">27\/11\/2025<\/td><td style=\"color: #000000; background-color: #D9D9D9;font-weight: bold;\">27\/11\/2028<\/td><td style=\"color: #000000; background-color: #D9D9D9;font-weight: bold;\"><\/td><\/tr><tr><td style=\"color: #000000; background-color: #E2F0D9;\">Minist\u00e9rio da Integra\u00e7\u00e3o e do Desenvolvimento Regional<\/td><td style=\"color: #000000; background-color: #E2F0D9;\">959274\/2025<\/td><td style=\"color: #000000; background-color: #E2F0D9;\">Aquisi\u00e7\u00e3o de m\u00e1quinas e equipamentos.<\/td><td style=\"color: #000000; background-color: #E2F0D9;\">R$ 1.625.000,00<\/td><td style=\"color: #000000; background-color: #E2F0D9;font-weight: bold;\">1.592.500,00<\/td><td style=\"color: #000000; background-color: #E2F0D9;font-weight: bold;\">01\/09\/2025<\/td><td style=\"color: #000000; background-color: #E2F0D9;\">19\/12\/2024<\/td><td style=\"color: #000000; background-color: #E2F0D9;\">19\/12\/2027<\/td><td style=\"color: #0563C1; background-color: #E2F0D9;text-decoration: underline;\"><a href=\"https:\/\/goias.gov.br\/agricultura\/wp-content\/uploads\/sites\/50\/2025\/06\/Termo-De-Convenio-959274.2025.pdf\" target=\"_blank\">Clique Aqui<\/a><\/td><\/tr><tr><td style=\"color: #000000; background-color: #E2F0D9;\">Minist\u00e9rio da Agricultura e Pecu\u00e1ria<\/td><td style=\"color: #000000; background-color: #E2F0D9;\">944965\/2023\u00a0<\/td><td style=\"color: #000000; background-color: #E2F0D9;\">Aquisi\u00e7\u00e3o de m\u00e1quinas e equipamentos.<\/td><td style=\"color: #000000; background-color: #E2F0D9;\">R$ 2.046.428,57<\/td><td style=\"color: #000000; background-color: #E2F0D9;font-weight: bold;\">1.594.222,84<\/td><td style=\"color: #000000; background-color: #E2F0D9;font-weight: bold;\">15\/07\/2025\n<\/td><td style=\"color: #000000; background-color: #E2F0D9;\">31\/12\/2023<\/td><td style=\"color: #000000; background-color: #E2F0D9;\">31\/12\/2025<\/td><td style=\"color: #0563C1; background-color: #E2F0D9;text-decoration: underline;\"><a href=\"https:\/\/goias.gov.br\/agricultura\/wp-content\/uploads\/sites\/50\/2024\/06\/Termo-de-Convenio-944965.2023.pdf\" target=\"_blank\">Clique Aqui<\/a><\/td><\/tr><tr><td style=\"color: #000000; background-color: #E2F0D9;\">Minist\u00e9rio da Agricultura e Pecu\u00e1ria<\/td><td style=\"color: #000000; background-color: #E2F0D9;\">949940\/2023<\/td><td style=\"color: #000000; background-color: #E2F0D9;\">Aquisi\u00e7\u00e3o de m\u00e1quinas e equipamentos.<\/td><td style=\"color: #000000; background-color: #E2F0D9;\">R$ 1.948.979,60<\/td><td style=\"color: #000000; background-color: #E2F0D9;font-weight: bold;\">1.456.342,71<\/td><td style=\"color: #000000; background-color: #E2F0D9;font-weight: bold;\">18\/08\/2025\n<\/td><td style=\"color: #000000; background-color: #E2F0D9;\">31\/12\/2023<\/td><td style=\"color: #000000; background-color: #E2F0D9;\">31\/12\/2025<\/td><td style=\"color: #0563C1; background-color: #E2F0D9;text-decoration: underline;\"><a href=\"https:\/\/goias.gov.br\/agricultura\/wp-content\/uploads\/sites\/50\/2024\/06\/Termo-de-Convenio-949940.2023.pdf\" target=\"_blank\">Clique Aqui<\/a><\/td><\/tr><tr><td style=\"color: #000000; background-color: #E2F0D9;\">Minist\u00e9rio da Agricultura e Pecu\u00e1ria<\/td><td style=\"color: #000000; background-color: #E2F0D9;\">942283\/2023<\/td><td style=\"color: #000000; background-color: #E2F0D9;\">Aquisi\u00e7\u00e3o de m\u00e1quinas e equipamentos.<\/td><td style=\"color: #000000; background-color: #E2F0D9;\">R$ 477.950,00<\/td><td style=\"color: #000000; background-color: #E2F0D9;font-weight: bold;\">363.742,89<\/td><td style=\"color: #000000; background-color: #E2F0D9;font-weight: bold;\">15\/07\/2025\n<\/td><td style=\"color: #000000; background-color: #E2F0D9;\">31\/12\/2023<\/td><td style=\"color: #000000; background-color: #E2F0D9;\">31\/12\/2025<\/td><td style=\"color: #0563C1; background-color: #E2F0D9;text-decoration: underline;\"><a href=\"https:\/\/goias.gov.br\/agricultura\/wp-content\/uploads\/sites\/50\/2024\/06\/Termo-de-Convenio-942283.2023.pdf\" target=\"_blank\">Clique Aqui<\/a><\/td><\/tr><tr><td style=\"color: #000000; background-color: #E2F0D9;\">Minist\u00e9rio da Integra\u00e7\u00e3o e do Desenvolvimento Regional<\/td><td style=\"color: #000000; background-color: #E2F0D9;\">947874\/2023<\/td><td style=\"color: #000000; background-color: #E2F0D9;\">Aquisi\u00e7\u00e3o de m\u00e1quinas e equipamentos.<\/td><td style=\"color: #000000; background-color: #E2F0D9;\">R$ 535.500,00<\/td><td style=\"color: #000000; background-color: #E2F0D9;font-weight: bold;\">454.093,14<\/td><td style=\"color: #000000; background-color: #E2F0D9;font-weight: bold;\">23\/07\/2025\n<\/td><td style=\"color: #000000; background-color: #E2F0D9;\">29\/12\/2023<\/td><td style=\"color: #000000; background-color: #E2F0D9;\">29\/12\/2025<\/td><td style=\"color: #0563C1; background-color: #E2F0D9;text-decoration: underline;\"><a href=\"https:\/\/goias.gov.br\/agricultura\/wp-content\/uploads\/sites\/50\/2024\/06\/Termo-de-Convenio-947874.2023.pdf\" target=\"_blank\">Clique Aqui<\/a><\/td><\/tr><tr><td style=\"color: #000000; background-color: #DFEBF7;\">Ministerio da Agricultura, Pecu\u00e1ria e Abastecimento - MAPA<\/td><td style=\"color: #000000; background-color: #DFEBF7;\">950437\/2023<\/td><td style=\"color: #000000; background-color: #DFEBF7;\">Obras e Servi\u00e7os de Engenharia.\nRecupera\u00e7\u00e3o da Barragem Porteira localizada na Regi\u00e3o do V\u00e3o Paran\u00e3, no Munic\u00edpio de S\u00e3o Jo\u00e3o d\u00b4Alian\u00e7a\/GO.<\/td><td style=\"color: #000000; background-color: #DFEBF7;\">R$ 517.340,15<\/td><td style=\"color: #000000; background-color: #DFEBF7;font-weight: bold;\">N\u00e3o Houve<\/td><td style=\"color: #000000; background-color: #DFEBF7;font-weight: bold;\">N\u00e3o Houve<\/td><td style=\"color: #000000; background-color: #DFEBF7;\">28\/12\/2023<\/td><td style=\"color: #000000; background-color: #DFEBF7;\">28\/12\/2026<\/td><td style=\"color: #0563C1; background-color: #DFEBF7;text-decoration: underline;\"><a href=\"https:\/\/goias.gov.br\/agricultura\/wp-content\/uploads\/sites\/50\/2024\/06\/Termo-de-Convenio-950437.2023.pdf\" target=\"_blank\">Clique Aqui<\/a><\/td><\/tr><tr><td style=\"color: #000000; background-color: #DFEBF7;\">Ministerio da Agricultura, Pecu\u00e1ria e Abastecimento - MAPA<\/td><td style=\"color: #000000; background-color: #DFEBF7;\">950556\/2023<\/td><td style=\"color: #000000; background-color: #DFEBF7;\">Obras e Servi\u00e7os de Engenharia. Elabora\u00e7\u00e3o do Projeto de Engenharia da Moderniza\u00e7\u00e3o da Barragem Porteira localizada na Regi\u00e3o do V\u00e3o Paran\u00e3, no Munic\u00edpio de S\u00e3o Jo\u00e3o d\u00b4Alian\u00e7a\/GO.<\/td><td style=\"color: #000000; background-color: #DFEBF7;\">R$ 1.051.702,21<\/td><td style=\"color: #000000; background-color: #DFEBF7;font-weight: bold;\">N\u00e3o Houve<\/td><td style=\"color: #000000; background-color: #DFEBF7;font-weight: bold;\">N\u00e3o Houve<\/td><td style=\"color: #000000; background-color: #DFEBF7;\">28\/12\/2023<\/td><td style=\"color: #000000; background-color: #DFEBF7;\">28\/12\/2026<\/td><td style=\"color: #0563C1; background-color: #DFEBF7;text-decoration: underline;\"><a href=\"https:\/\/goias.gov.br\/agricultura\/wp-content\/uploads\/sites\/50\/2024\/06\/Termo-de-Convenio-950556.2023-2.pdf\" target=\"_blank\">Clique Aqui<\/a><\/td><\/tr><tr><td style=\"color: #000000; background-color: #DFEBF7;\">Minist\u00e9rio da Integra\u00e7\u00e3o e do Desenvolvimento Regional<\/td><td style=\"color: #000000; background-color: #DFEBF7;\">942830\/2023<\/td><td style=\"color: #000000; background-color: #DFEBF7;\">Aquisi\u00e7\u00e3o de m\u00e1quinas e equipamentos.<\/td><td style=\"color: #000000; background-color: #DFEBF7;\">R$ 788.888,88<\/td><td style=\"color: #000000; background-color: #DFEBF7;font-weight: bold;\"> R$  710.491,09 <\/td><td style=\"color: #000000; background-color: #DFEBF7;font-weight: bold;\">05\/07\/2024\n<\/td><td style=\"color: #000000; background-color: #DFEBF7;\">08\/12\/2023<\/td><td style=\"color: #000000; background-color: #DFEBF7;\">07\/12\/2025<\/td><td style=\"color: #0563C1; background-color: #DFEBF7;text-decoration: underline;\"><a href=\"https:\/\/goias.gov.br\/agricultura\/wp-content\/uploads\/sites\/50\/2024\/06\/Termo-de-Convenio-942830.2023.pdf\" target=\"_blank\">Clique Aqui<\/a><\/td><\/tr><tr><td style=\"color: #000000; background-color: #E2F0D9;\">Minist\u00e9rio do Desenvolvimento Regional - MDR<\/td><td style=\"color: #000000; background-color: #E2F0D9;\">939269\/2022<\/td><td style=\"color: #000000; background-color: #E2F0D9;\">Aquisi\u00e7\u00e3o de m\u00e1quinas e equipamentos para a infraestrutura rural dos munic\u00edpios goianos<\/td><td style=\"color: #000000; background-color: #E2F0D9;\">R$ 40.050.000,00<\/td><td style=\"color: #000000; background-color: #E2F0D9;font-weight: bold;\"> R$  34.717.603,00 <\/td><td style=\"color: #000000; background-color: #E2F0D9;font-weight: bold;\">08\/07\/2025<\/td><td style=\"color: #000000; background-color: #E2F0D9;\">24\/01\/2023<\/td><td style=\"color: #000000; background-color: #E2F0D9;\">24\/01\/2026\n<\/td><td style=\"color: #0563C1; background-color: #E2F0D9;text-decoration: underline;\"><a href=\"https:\/\/goias.gov.br\/agricultura\/wp-content\/uploads\/sites\/50\/2025\/06\/Termo-de-Prorrogacao-de-Oficio-901166.2020.pdf\" target=\"_blank\">Clique aqui<\/a><\/td><\/tr><tr><td style=\"color: #000000; background-color: #DFEBF7;\">Minist\u00e9rio da Agricultura e Pecu\u00e1ria<\/td><td style=\"color: #000000; background-color: #DFEBF7;\">938231\/2022<\/td><td style=\"color: #000000; background-color: #DFEBF7;\">Realiza\u00e7\u00e3o de Diagn\u00f3stico e Plano de Desenvolvimento Sustent\u00e1vel da Aquicultura do Estado de Goi\u00e1s<\/td><td style=\"color: #000000; background-color: #DFEBF7;\">R$ 208.625,00<\/td><td style=\"color: #000000; background-color: #DFEBF7;font-weight: bold;\">N\u00e3o Houve<\/td><td style=\"color: #000000; background-color: #DFEBF7;font-weight: bold;\">N\u00e3o Houve<\/td><td style=\"color: #000000; background-color: #DFEBF7;\">30\/12\/2022<\/td><td style=\"color: #000000; background-color: #DFEBF7;\">01\/01\/2026<\/td><td style=\"color: #0563C1; background-color: #DFEBF7;text-decoration: underline;\"><\/td><\/tr><tr><td style=\"color: #000000; background-color: #DFEBF7;\">Minist\u00e9rio do Desenvolvimento e Assist\u00eancia Social, Fam\u00edlia e Combate \u00e0 Fome - MDS<\/td><td style=\"color: #000000; background-color: #DFEBF7;\">930604\/2022<\/td><td style=\"color: #000000; background-color: #DFEBF7;\">Moderniza\u00e7\u00e3o das Centrais da Agricultura Familiar<\/td><td style=\"color: #000000; background-color: #DFEBF7;\">R$ 1.106.000,00<\/td><td style=\"color: #000000; background-color: #DFEBF7;font-weight: bold;\">N\u00e3o Houve<\/td><td style=\"color: #000000; background-color: #DFEBF7;font-weight: bold;\">N\u00e3o Houve<\/td><td style=\"color: #000000; background-color: #DFEBF7;\">29\/07\/2022<\/td><td style=\"color: #000000; background-color: #DFEBF7;\">15\/04\/2026<\/td><td style=\"color: #0563C1; background-color: #DFEBF7;text-decoration: underline;\"><\/td><\/tr><tr><td style=\"color: #000000; background-color: #DFEBF7;\">Ministerio da Agricultura, Pecu\u00e1ria e Abastecimento - MAPA<\/td><td style=\"color: #000000; background-color: #DFEBF7;\">922781\/2021<\/td><td style=\"color: #000000; background-color: #DFEBF7;\">Aquisi\u00e7\u00e3o de m\u00e1quina e Patrulhas mecanizadas.<\/td><td style=\"color: #000000; background-color: #DFEBF7;\">R$ 3.869.376,00<\/td><td style=\"color: #000000; background-color: #DFEBF7;\">R$ 2.960.500,00<\/td><td style=\"color: #000000; background-color: #DFEBF7;\">16\/04\/2024<\/td><td style=\"color: #000000; background-color: #DFEBF7;\">31\/12\/2021<\/td><td style=\"color: #000000; background-color: #DFEBF7;\">30\/09\/2025<\/td><td style=\"color: #0563C1; background-color: #DFEBF7;text-decoration: underline;\"><a href=\"https:\/\/goias.gov.br\/agricultura\/wp-content\/uploads\/sites\/50\/2020\/12\/TermodeConvenion_922781-2021-6a5.pdf\" target=\"_blank\">Clique Aqui<\/a><\/td><\/tr><tr><td style=\"color: #000000; background-color: #DFEBF7;\">Ministerio da Agricultura, Pecu\u00e1ria e Abastecimento - MAPA<\/td><td style=\"color: #000000; background-color: #DFEBF7;\">901166\/2020<\/td><td style=\"color: #000000; background-color: #DFEBF7;\">Aquisi\u00e7\u00e3o de m\u00e1quinas e equipamentos<\/td><td style=\"color: #000000; background-color: #DFEBF7;\">R$ 5.845.926,72<\/td><td style=\"color: #000000; background-color: #DFEBF7;\"> R$  3.538.275,00 <\/td><td style=\"color: #000000; background-color: #DFEBF7;\">24\/05\/2024<\/td><td style=\"color: #000000; background-color: #DFEBF7;\">31\/12\/2020<\/td><td style=\"color: #000000; background-color: #DFEBF7;\">31\/12\/2025<\/td><td style=\"color: #0563C1; background-color: #DFEBF7;text-decoration: underline;\"><\/td><\/tr><tr><td style=\"color: #000000; background-color: #DFEBF7;\">Ministerio da Agricultura, Pecu\u00e1ria e Abastecimento - MAPA<\/td><td style=\"color: #000000; background-color: #DFEBF7;\">903295\/2020<\/td><td style=\"color: #000000; background-color: #DFEBF7;\">Aquisi\u00e7\u00e3o de Retroescavadeira<\/td><td style=\"color: #000000; background-color: #DFEBF7;\">R$ 391.144,44<\/td><td style=\"color: #000000; background-color: #DFEBF7;font-weight: bold;\">N\u00e3o Houve<\/td><td style=\"color: #000000; background-color: #DFEBF7;font-weight: bold;\">N\u00e3o Houve<\/td><td style=\"color: #000000; background-color: #DFEBF7;\">31\/12\/2020<\/td><td style=\"color: #000000; background-color: #DFEBF7;\">30\/08\/2022<\/td><td style=\"color: #0563C1; background-color: #DFEBF7;text-decoration: underline;\"><a href=\"https:\/\/goias.gov.br\/agricultura\/wp-content\/uploads\/sites\/50\/2024\/06\/Termo-Aditivo-Convenio-903295.2020.pdf\" target=\"_blank\">Clique Aqui<\/a><\/td><\/tr><tr><td style=\"color: #000000; background-color: #DFEBF7;\">Ministerio da Agricultura, Pecu\u00e1ria e Abastecimento - MAPA<\/td><td style=\"color: #000000; background-color: #DFEBF7;\">903722\/2020<\/td><td style=\"color: #000000; background-color: #DFEBF7;\">Aquisi\u00e7\u00e3o de maquin\u00e1rios e equipamentos agr\u00edcolas<\/td><td style=\"color: #000000; background-color: #DFEBF7;\">R$ 1.623.815,76<\/td><td style=\"color: #000000; background-color: #DFEBF7;font-weight: bold;\"> R$  1.184.200,00 <\/td><td style=\"color: #000000; background-color: #DFEBF7;font-weight: bold;\">19\/06\/2024\n<\/td><td style=\"color: #000000; background-color: #DFEBF7;\">31\/12\/2020<\/td><td style=\"color: #000000; background-color: #DFEBF7;\">30\/06\/2026<\/td><td style=\"color: #0563C1; background-color: #DFEBF7;text-decoration: underline;\"><\/td><\/tr><tr><td style=\"color: #000000; background-color: #DFEBF7;\">Minist\u00e9rio do Desenvolvimento Regional \/SUPERINT. de Desenvolvimento do CENTRO-OESTE<\/td><td style=\"color: #000000; background-color: #DFEBF7;\">905450\/2020<\/td><td style=\"color: #000000; background-color: #DFEBF7;\">Aquisi\u00e7\u00e3o de Retroescavadeira, Motoniveladora, P\u00e1 Carregadeira e Caminh\u00e3o de Lixo a serem distribu\u00eddos aos munic\u00edpios goianos.\u00a0<\/td><td style=\"color: #000000; background-color: #DFEBF7;\">R$ 5.050.566,67<\/td><td style=\"color: #000000; background-color: #DFEBF7;\">R$ 4.415.346,13<\/td><td style=\"color: #000000; background-color: #DFEBF7;\">18\/10\/2021<\/td><td style=\"color: #000000; background-color: #DFEBF7;\">31\/12\/2020<\/td><td style=\"color: #000000; background-color: #DFEBF7;\">31\/12\/2022<\/td><td style=\"color: #0563C1; background-color: #DFEBF7;text-decoration: underline;\"><a href=\"https:\/\/goias.gov.br\/agricultura\/wp-content\/uploads\/sites\/50\/2024\/06\/Termo-de-Convenio-905450.2020.pdf\" target=\"_blank\">Clique Aqui<\/a><\/td><\/tr><tr><td style=\"color: #000000; background-color: #DFEBF7;\">Minist\u00e9rio do Desenvolvimento Regional \/SUPERINT. de Desenvolvimento do CENTRO-OESTE<\/td><td style=\"color: #000000; background-color: #DFEBF7;\">908415\/2020<\/td><td style=\"color: #000000; background-color: #DFEBF7;\">Aquisi\u00e7\u00e3o de maquin\u00e1rio agr\u00edcola (Motoniveladora, Retroescavadeira, Caminh\u00e3o Compactador de Lixo, P\u00e1 Carregadeira e Caminh\u00e3o Ca\u00e7amba Basculante).<\/td><td style=\"color: #000000; background-color: #DFEBF7;\">R$ 5.050.566,67<\/td><td style=\"color: #000000; background-color: #DFEBF7;\">R$ 5.000.000,00<\/td><td style=\"color: #000000; background-color: #DFEBF7;\">04\/10\/2021<\/td><td style=\"color: #000000; background-color: #DFEBF7;\">31\/12\/2020<\/td><td style=\"color: #000000; background-color: #DFEBF7;\">30\/08\/2023<\/td><td style=\"color: #0563C1; background-color: #DFEBF7;text-decoration: underline;\"><a href=\"https:\/\/goias.gov.br\/agricultura\/wp-content\/uploads\/sites\/50\/2024\/06\/Termo-Aditivo-Convenio-908415.2020.pdf\" target=\"_blank\">Clique Aqui<\/a><\/td><\/tr><tr><td style=\"color: #000000; background-color: #DFEBF7;\">Companhia de Desenvolvimento do Vale do S\u00e3o Francisco - CODEVASF<\/td><td style=\"color: #000000; background-color: #DFEBF7;\">908935\/2020<\/td><td style=\"color: #000000; background-color: #DFEBF7;\">Estudos e Projetos para implanta\u00e7\u00e3o de empreendimentos p\u00fablicos de irriga\u00e7\u00e3o no Estado de Goi\u00e1s.<\/td><td style=\"color: #000000; background-color: #DFEBF7;\">R$ 10.795.481,94<\/td><td style=\"color: #000000; background-color: #DFEBF7;font-weight: bold;\">N\u00e3o Houve<\/td><td style=\"color: #000000; background-color: #DFEBF7;font-weight: bold;\">N\u00e3o Houve<\/td><td style=\"color: #000000; background-color: #DFEBF7;\">31\/12\/2020<\/td><td style=\"color: #000000; background-color: #DFEBF7;\">30\/12\/2022<\/td><td style=\"color: #0563C1; background-color: #DFEBF7;text-decoration: underline;\"><a href=\"https:\/\/goias.gov.br\/agricultura\/wp-content\/uploads\/sites\/50\/2024\/06\/Termo-de-Rescisao-908935-2020.pdf\" target=\"_blank\">Clique Aqui<\/a><\/td><\/tr><tr><td style=\"color: #000000; background-color: #DFEBF7;\">Minist\u00e9rio do Desenvolvimento Regional \/SUPERINT. de Desenvolvimento do CENTRO-OESTE<\/td><td style=\"color: #000000; background-color: #DFEBF7;\">909308\/2020<\/td><td style=\"color: #000000; background-color: #DFEBF7;\">Aquisi\u00e7\u00e3o de equipamentos para o fortalecimento do APL da cadeia produtiva de mandioca.<\/td><td style=\"color: #000000; background-color: #DFEBF7;\">R$ 864.271,72<\/td><td style=\"color: #000000; background-color: #DFEBF7;\">R$ 350.460,00<\/td><td style=\"color: #000000; background-color: #DFEBF7;\">27\/10\/2022<\/td><td style=\"color: #000000; background-color: #DFEBF7;\">31\/12\/2020<\/td><td style=\"color: #000000; background-color: #DFEBF7;\">31\/12\/2023<\/td><td style=\"color: #0563C1; background-color: #DFEBF7;text-decoration: underline;\"><a href=\"https:\/\/goias.gov.br\/agricultura\/wp-content\/uploads\/sites\/50\/2024\/06\/Termo-Aditivo-Convenio-909308.2020.pdf\" target=\"_blank\">Clique Aqui<\/a><\/td><\/tr><tr><td style=\"color: #000000; background-color: #DFEBF7;\">Minist\u00e9rio da Cidadania - MC<\/td><td style=\"color: #000000; background-color: #DFEBF7;\">905378\/2020<\/td><td style=\"color: #000000; background-color: #DFEBF7;\">Qualificar a execu\u00e7\u00e3o da Pol\u00edtica Nacional de SAN no Estado de Goi\u00e1s e modernizar a gest\u00e3o estadual do SISAN.\u00a0<\/td><td style=\"color: #000000; background-color: #DFEBF7;\">R$ 446.419,09<\/td><td style=\"color: #000000; background-color: #DFEBF7;font-weight: bold;\">N\u00e3o Houve<\/td><td style=\"color: #000000; background-color: #DFEBF7;font-weight: bold;\">N\u00e3o Houve<\/td><td style=\"color: #000000; background-color: #DFEBF7;\">16\/12\/2020<\/td><td style=\"color: #000000; background-color: #DFEBF7;\">19\/12\/2023<\/td><td style=\"color: #0563C1; background-color: #DFEBF7;text-decoration: underline;\"><a href=\"https:\/\/goias.gov.br\/agricultura\/wp-content\/uploads\/sites\/50\/2024\/06\/Convenio-Anulado-905378-2020-juntos.pdf\" target=\"_blank\">Clique Aqui<\/a><\/td><\/tr><tr><td style=\"color: #000000; background-color: #DFEBF7;\">Minist\u00e9rio do Desenvolvimento Regional \/SUPERINT. de Desenvolvimento do CENTRO-OESTE<\/td><td style=\"color: #000000; background-color: #DFEBF7;\">903045\/2020<\/td><td style=\"color: #000000; background-color: #DFEBF7;\">Aquisi\u00e7\u00e3o de m\u00e1quinas agr\u00edcolas (02 Retroescavadeiras e 04 Motoniveladoras) para o Estado de Goi\u00e1s.<\/td><td style=\"color: #000000; background-color: #DFEBF7;\">R$ 3.721.888,00<\/td><td style=\"color: #000000; background-color: #DFEBF7;\">R$ 2.734.926,60<\/td><td style=\"color: #000000; background-color: #DFEBF7;\">19\/04\/2023<\/td><td style=\"color: #000000; background-color: #DFEBF7;\">14\/09\/2020<\/td><td style=\"color: #000000; background-color: #DFEBF7;\">14\/03\/2024<\/td><td style=\"color: #0563C1; background-color: #DFEBF7;text-decoration: underline;\"><a href=\"https:\/\/goias.gov.br\/agricultura\/wp-content\/uploads\/sites\/50\/2024\/06\/Termo-Aditivo-Convenio-903045.2020.pdf\" target=\"_blank\">Clique Aqui<\/a><\/td><\/tr><tr><td style=\"color: #000000; background-color: #DFEBF7;\">Minist\u00e9rio do Desenvolvimento Regional \/SUPERINT. de Desenvolvimento do CENTRO-OESTE<\/td><td style=\"color: #000000; background-color: #DFEBF7;\">898402\/2020<\/td><td style=\"color: #000000; background-color: #DFEBF7;\">Aquisi\u00e7\u00e3o de F\u00e1bricas M\u00f3veis de Farinha e Goma<\/td><td style=\"color: #000000; background-color: #DFEBF7;\">R$ 2.460.263,43<\/td><td style=\"color: #000000; background-color: #DFEBF7;\">R$ 2.148.223,66<\/td><td style=\"color: #000000; background-color: #DFEBF7;\">06\/12\/2022<\/td><td style=\"color: #000000; background-color: #DFEBF7;\">08\/07\/2020<\/td><td style=\"color: #000000; background-color: #DFEBF7;\">05\/01\/2024<\/td><td style=\"color: #0563C1; background-color: #DFEBF7;text-decoration: underline;\"><a href=\"https:\/\/goias.gov.br\/agricultura\/wp-content\/uploads\/sites\/50\/2024\/06\/Termo-Aditivo-Convenio-898402.2020-1.pdf\" target=\"_blank\">Clique Aqui<\/a><\/td><\/tr><tr><td style=\"color: #000000; background-color: #DFEBF7;\">Minist\u00e9rio do Desenvolvimento Regional \/SUPERINT. de Desenvolvimento do CENTRO-OESTE<\/td><td style=\"color: #000000; background-color: #DFEBF7;\">898436\/2020<\/td><td style=\"color: #000000; background-color: #DFEBF7;\">Aquisi\u00e7\u00e3o de equipamentos agr\u00edcolas, ve\u00edculos e m\u00e1quinas para o Estado de Goi\u00e1s.<\/td><td style=\"color: #000000; background-color: #DFEBF7;\">R$ 12.259.503,30<\/td><td style=\"color: #000000; background-color: #DFEBF7;\">R$ 12.075.289,65<\/td><td style=\"color: #000000; background-color: #DFEBF7;\">03\/07\/2023<\/td><td style=\"color: #000000; background-color: #DFEBF7;\">08\/07\/2020<\/td><td style=\"color: #000000; background-color: #DFEBF7;\">30\/01\/2024<\/td><td style=\"color: #0563C1; background-color: #DFEBF7;text-decoration: underline;\"><a href=\"https:\/\/goias.gov.br\/agricultura\/wp-content\/uploads\/sites\/50\/2024\/06\/Termo-Aditivo-Convenio-898436.2020.pdf\" target=\"_blank\">Clique Aqui<\/a><\/td><\/tr><tr><td style=\"color: #000000; background-color: #DFEBF7;\">Minist\u00e9rio do Desenvolvimento Regional \/SUPERINT. de Desenvolvimento do CENTRO-OESTE<\/td><td style=\"color: #000000; background-color: #DFEBF7;\">897953\/2020<\/td><td style=\"color: #000000; background-color: #DFEBF7;\">\u00a0Aquisi\u00e7\u00e3o de maquin\u00e1rios e implementos agr\u00edcolas para os munic\u00edpios goianos<\/td><td style=\"color: #000000; background-color: #DFEBF7;\">R$ 2.196.132,89<\/td><td style=\"color: #000000; background-color: #DFEBF7;\">R$ 1.920.454,00<\/td><td style=\"color: #000000; background-color: #DFEBF7;\">05\/05\/2023<\/td><td style=\"color: #000000; background-color: #DFEBF7;\">22\/06\/2020<\/td><td style=\"color: #000000; background-color: #DFEBF7;\">22\/12\/2023<\/td><td style=\"color: #0563C1; background-color: #DFEBF7;text-decoration: underline;\"><a href=\"https:\/\/goias.gov.br\/agricultura\/wp-content\/uploads\/sites\/50\/2024\/06\/Termo-Aditivo-Convenio-897953.2020-1.pdf\" target=\"_blank\">Clique Aqui<\/a><\/td><\/tr><\/tbody><\/table><div class=\"wp-block-file\"><a href=\"https:\/\/goias.gov.br\/agricultura\/wp-content\/uploads\/sites\/50\/2023\/11\/convenios-recebidos-Seapa-Atualizada-03-02-26.xlsx\">convenios-recebidos-Seapa-Atualizada-03-02-26.xlsx&nbsp; <span class=\"wp-block-file__button wp-element-button\">Baixar<\/span><\/a><\/div>\n\n\n\n<p><\/p>\n","protected":false},"excerpt":{"rendered":"<p>Exportar Planilha\u00a0<\/p>\n","protected":false},"author":1109,"featured_media":0,"comment_status":"closed","ping_status":"open","sticky":false,"template":"","format":"standard","meta":{"footnotes":""},"categories":[11],"tags":[],"class_list":["post-13874","post","type-post","status-publish","format-standard","hentry","category-licitacoes"],"rttpg_featured_image_url":null,"rttpg_author":{"display_name":"","author_link":"https:\/\/goias.gov.br\/agricultura\/author\/"},"rttpg_comment":0,"rttpg_category":"<a href=\"https:\/\/goias.gov.br\/agricultura\/categoria\/licitacoes\/\" rel=\"category tag\">Ger\u00eancia de Compras Governamentais<\/a>","rttpg_excerpt":"Exportar Planilha\u00a0","_links":{"self":[{"href":"https:\/\/goias.gov.br\/agricultura\/wp-json\/wp\/v2\/posts\/13874","targetHints":{"allow":["GET"]}}],"collection":[{"href":"https:\/\/goias.gov.br\/agricultura\/wp-json\/wp\/v2\/posts"}],"about":[{"href":"https:\/\/goias.gov.br\/agricultura\/wp-json\/wp\/v2\/types\/post"}],"author":[{"embeddable":true,"href":"https:\/\/goias.gov.br\/agricultura\/wp-json\/wp\/v2\/users\/1109"}],"replies":[{"embeddable":true,"href":"https:\/\/goias.gov.br\/agricultura\/wp-json\/wp\/v2\/comments?post=13874"}],"version-history":[{"count":2,"href":"https:\/\/goias.gov.br\/agricultura\/wp-json\/wp\/v2\/posts\/13874\/revisions"}],"predecessor-version":[{"id":72791,"href":"https:\/\/goias.gov.br\/agricultura\/wp-json\/wp\/v2\/posts\/13874\/revisions\/72791"}],"wp:attachment":[{"href":"https:\/\/goias.gov.br\/agricultura\/wp-json\/wp\/v2\/media?parent=13874"}],"wp:term":[{"taxonomy":"category","embeddable":true,"href":"https:\/\/goias.gov.br\/agricultura\/wp-json\/wp\/v2\/categories?post=13874"},{"taxonomy":"post_tag","embeddable":true,"href":"https:\/\/goias.gov.br\/agricultura\/wp-json\/wp\/v2\/tags?post=13874"}],"curies":[{"name":"wp","href":"https:\/\/api.w.org\/{rel}","templated":true}]}}