

{"id":13660,"date":"2020-01-31T10:44:45","date_gmt":"2020-01-31T13:44:45","guid":{"rendered":"https:\/\/siteshom.goias.gov.br\/agricultura\/profissionais-credenciados\/"},"modified":"2025-12-12T10:59:01","modified_gmt":"2025-12-12T13:59:01","slug":"profissionais-credenciados","status":"publish","type":"post","link":"https:\/\/goias.gov.br\/agricultura\/profissionais-credenciados\/","title":{"rendered":"Profissionais credenciados"},"content":{"rendered":"<p>Rela\u00e7\u00e3o de Pessoas F\u00edsicas e Jur\u00eddicas credenciadas pela Secretaria de Estado de Agricultura, Pecu\u00e1ria e Abastecimento (Seapa)\u00a0aptas a realizar o georreferenciamento de terras devolutas, sob autoriza\u00e7\u00e3o via ordem de servi\u00e7o. (Novos profissionais devem se cadastrar por meio do formul\u00e1rio\u00a0<a id=\"\" title=\"\" href=\"https:\/\/goias.gov.br\/agricultura\/wp-content\/uploads\/sites\/50\/2020\/01\/09-GPRF-RequerimentodeCredenciamento-ver_1.00-8cd.docx\" target=\"_blank\" rel=\"noopener\">Requerimento de Credenciamento<\/a>).<\/p>\n\n\n<div class=\"wp-block-group\"><div class=\"wp-block-group__inner-container is-layout-constrained wp-block-group-is-layout-constrained\">\n<table class=\"planilhaview display\" style=\"width:100%\"><thead><tr><th>NOME<\/th><th>N\u00ba CONSELHO<\/th><th>C\u00d3DIGO INCRA<\/th><th>EMAIL<\/th><th>TELEFONE<\/th><th>VALIDADE DO CREDECIAMENTO<\/th><\/tr><tr><th><input type=\"text\" placeholder=\"Filtrar NOME\"><\/th><th><input type=\"text\" placeholder=\"Filtrar N\u00ba CONSELHO\"><\/th><th><input type=\"text\" placeholder=\"Filtrar C\u00d3DIGO INCRA\"><\/th><th><input type=\"text\" placeholder=\"Filtrar EMAIL\"><\/th><th><input type=\"text\" placeholder=\"Filtrar TELEFONE\"><\/th><th><input type=\"text\" placeholder=\"Filtrar VALIDADE DO CREDECIAMENTO\"><\/th><\/tr><\/thead><tbody><tr><td style=\"color: #000000; background-color: #FFFFFF;\">Alberto do Nascimento<\/td><td style=\"color: #000000; background-color: #FFFFFF;\">CFT n\u00b0 13622960159<\/td><td style=\"color: #000000; background-color: #FFFFFF;\">A4H<\/td><td style=\"color: #000000; background-color: #FFFFFF;\">alberto.teodolino@gmail.com<\/td><td style=\"color: #000000; background-color: #FFFFFF;\">(62) 999737018<\/td><td style=\"color: #000000; background-color: #FFFFFF;\">31\/12\/2025<\/td><\/tr><tr><td style=\"color: #000000; background-color: #FFFFFF;\">Alcimar Alves Pereira<\/td><td style=\"color: #000000; background-color: #FFFFFF;\">CFT n\u00ba 2117624812-0<\/td><td style=\"color: #000000; background-color: #FFFFFF;\">GV8<\/td><td style=\"color: #000000; background-color: #FFFFFF;\">alcimargv8@gmail.com<\/td><td style=\"color: #000000; background-color: #FFFFFF;\">(62) 99690 7816<\/td><td style=\"color: #000000; background-color: #FFFFFF;\">31\/12\/2025<\/td><\/tr><tr><td style=\"color: #000000; background-color: #FFFFFF;\">Altamir Andrade de Freitas<\/td><td style=\"color: #000000; background-color: #FFFFFF;\">CFT n\u00b0 13191535187<\/td><td style=\"color: #000000; background-color: #FFFFFF;\">A7O<\/td><td style=\"color: #000000; background-color: #FFFFFF;\"><a href=\"mailto:a7o.topografia@gmail.com\" target=\"_blank\">a7o.topografia@gmail.com<\/a><\/td><td style=\"color: #000000; background-color: #FFFFFF;\">(62) 999737344<\/td><td style=\"color: #000000; background-color: #FFFFFF;\">31\/12\/2025<\/td><\/tr><tr><td style=\"color: #000000; background-color: #FFFFFF;\">Anderson dos Santos<\/td><td style=\"color: #000000; background-color: #FFFFFF;\">CREA n\u00b012994\/TD-GO<\/td><td style=\"color: #000000; background-color: #FFFFFF;\">ZNXA<\/td><td style=\"color: #000000; background-color: #FFFFFF;\">oande2017@gmail.com<\/td><td style=\"color: #000000; background-color: #FFFFFF;\">(62) 999183623<\/td><td style=\"color: #000000; background-color: #FFFFFF;\">31\/12\/2025<\/td><\/tr><tr><td style=\"color: #000000; background-color: #FFFFFF;\">Bruno Gustavo Varela Dourado<\/td><td style=\"color: #000000; background-color: #FFFFFF;\">CREA n\u00b0 14756\/D-DF<\/td><td style=\"color: #000000; background-color: #FFFFFF;\">EJM<\/td><td style=\"color: #000000; background-color: #FFFFFF;\">engenheirobruno2@gmail.com<\/td><td style=\"color: #000000; background-color: #FFFFFF;\">(61) 99663-8872<\/td><td style=\"color: #000000; background-color: #FFFFFF;\">31\/12\/2025<\/td><\/tr><tr><td style=\"color: #000000; background-color: #FFFFFF;\">Bruno Stratck Silva<\/td><td style=\"color: #000000; background-color: #FFFFFF;\">CREA n\u00ba 141065118-5\/MG<\/td><td style=\"color: #000000; background-color: #FFFFFF;\">LDQV<\/td><td style=\"color: #000000; background-color: #FFFFFF;\"><a href=\"mailto:brunostrack.ouroverde@gmail.com\" target=\"_blank\">brunostrack.ouroverde@gmail.com<\/a><\/td><td style=\"color: #000000; background-color: #FFFFFF;\">(62) 99108-7177<\/td><td style=\"color: #000000; background-color: #FFFFFF;\">31\/12\/2025<\/td><\/tr><tr><td style=\"color: #000000; background-color: #FFFFFF;\">Cinthya Cardoso de Ara\u00fajo<\/td><td style=\"color: #000000; background-color: #FFFFFF;\">CFT n\u00b0 1018028790D\/GO<\/td><td style=\"color: #000000; background-color: #FFFFFF;\">BWDY<\/td><td style=\"color: #000000; background-color: #FFFFFF;\">f5ambientalf5@gmail.com<\/td><td style=\"color: #000000; background-color: #FFFFFF;\">(62) 92002-3516<\/td><td style=\"color: #000000; background-color: #FFFFFF;\">31\/12\/2025<\/td><\/tr><tr><td style=\"color: #000000; background-color: #FFFFFF;\">Clayton Ferreira de Fran\u00e7a<\/td><td style=\"color: #000000; background-color: #FFFFFF;\">CREA n\u00b0 5063019266\/D-SP<\/td><td style=\"color: #000000; background-color: #FFFFFF;\">D9E<\/td><td style=\"color: #000000; background-color: #FFFFFF;\">direitoagrario@hotmail.com<\/td><td style=\"color: #000000; background-color: #FFFFFF;\">(62) 98120-9940<\/td><td style=\"color: #000000; background-color: #FFFFFF;\">31\/12\/2025<\/td><\/tr><tr><td style=\"color: #000000; background-color: #FFFFFF;\">Cristiano Alves Maia<\/td><td style=\"color: #000000; background-color: #FFFFFF;\">CREA n\u00b0 18144\/D-GO<\/td><td style=\"color: #000000; background-color: #FFFFFF;\">F8G<\/td><td style=\"color: #000000; background-color: #FFFFFF;\">cristiano.agrimensura@gmail.com<\/td><td style=\"color: #000000; background-color: #FFFFFF;\">(62) 996227037<\/td><td style=\"color: #000000; background-color: #FFFFFF;\">31\/12\/2025<\/td><\/tr><tr><td style=\"color: #000000; background-color: #FFFFFF;\">David Dias de Ara\u00fajo<\/td><td style=\"color: #000000; background-color: #FFFFFF;\">CREA n\u00ba 070668871-6<\/td><td style=\"color: #000000; background-color: #FFFFFF;\">GDK<\/td><td style=\"color: #000000; background-color: #FFFFFF;\">daviddiasaraujo@gmail.com<\/td><td style=\"color: #000000; background-color: #FFFFFF;\">(61) 99282 9198<\/td><td style=\"color: #000000; background-color: #FFFFFF;\">31\/12\/2025<\/td><\/tr><tr><td style=\"color: #000000; background-color: #FFFFFF;\">Eduardo Machado Alencastro Veiga<\/td><td style=\"color: #000000; background-color: #FFFFFF;\">CREA 1014829216D-GO<\/td><td style=\"color: #000000; background-color: #FFFFFF;\">AVIB<\/td><td style=\"color: #000000; background-color: #FFFFFF;\">eduveiga.agro@gmail.com<\/td><td style=\"color: #000000; background-color: #FFFFFF;\">(62) 99603-7227<\/td><td style=\"color: #000000; background-color: #FFFFFF;\">31\/12\/2025<\/td><\/tr><tr><td style=\"color: #000000; background-color: #FFFFFF;\">Ednilson Nunes de Souza<\/td><td style=\"color: #000000; background-color: #FFFFFF;\">CFT n\u00b0 38289318120<\/td><td style=\"color: #000000; background-color: #FFFFFF;\">BDU<\/td><td style=\"color: #000000; background-color: #FFFFFF;\">topcontopografia2010@bol.com.br<\/td><td style=\"color: #000000; background-color: #FFFFFF;\">(62) 985341518<\/td><td style=\"color: #000000; background-color: #FFFFFF;\">31\/12\/2025<\/td><\/tr><tr><td style=\"color: #000000; background-color: #FFFFFF;\">Elvio Pereira Braga<\/td><td style=\"color: #000000; background-color: #FFFFFF;\">CREA n\u00b0 1001742915D\/GO<\/td><td style=\"color: #000000; background-color: #FFFFFF;\">A6P<\/td><td style=\"color: #000000; background-color: #FFFFFF;\">elvio@geoset.eng.br<\/td><td style=\"color: #000000; background-color: #FFFFFF;\">(62) 98184-3802<\/td><td style=\"color: #000000; background-color: #FFFFFF;\">31\/12\/2025<\/td><\/tr><tr><td style=\"color: #000000; background-color: #FFFFFF;\">Fl\u00e1vio Ferreira Arrais de Morais<\/td><td style=\"color: #000000; background-color: #FFFFFF;\">CFT n\u00b0 89213467168<\/td><td style=\"color: #000000; background-color: #FFFFFF;\">CD6<\/td><td style=\"color: #000000; background-color: #FFFFFF;\">flavio.terras@gmail.com<\/td><td style=\"color: #000000; background-color: #FFFFFF;\">(62) 99693-2686<\/td><td style=\"color: #000000; background-color: #FFFFFF;\">31\/12\/2025<\/td><\/tr><tr><td style=\"color: #000000; background-color: #FFFFFF;\">Frederico Barreira de Ara\u00fajo<\/td><td style=\"color: #000000; background-color: #FFFFFF;\">CFT n\u00b0 03100950186<\/td><td style=\"color: #000000; background-color: #FFFFFF;\">TTHB<\/td><td style=\"color: #333333; background-color: #FFFFFF;\">delta.s.rural@gmail.com<\/td><td style=\"color: #333333; background-color: #FFFFFF;\">(62) 99987-7714<\/td><td style=\"color: #000000; background-color: #FFFFFF;\">31\/12\/2025<\/td><\/tr><tr><td style=\"color: #000000; background-color: #FFFFFF;\">Gilvan Moreira dos Santos<\/td><td style=\"color: #000000; background-color: #FFFFFF;\">CFT n\u00b0 19463030115<\/td><td style=\"color: #000000; background-color: #FFFFFF;\">IGCC<\/td><td style=\"color: #000000; background-color: #FFFFFF;\">gms.topografia@hotmail.com<\/td><td style=\"color: #000000; background-color: #FFFFFF;\">(62) 99609-3699<\/td><td style=\"color: #000000; background-color: #FFFFFF;\">31\/12\/2025<\/td><\/tr><tr><td style=\"color: #000000; background-color: #FFFFFF;\">Hugo Henrique Fran\u00e7a de Oliveira<\/td><td style=\"color: #000000; background-color: #FFFFFF;\">CRT n\u00ba 04308813123<\/td><td style=\"color: #000000; background-color: #FFFFFF;\">DFTO<\/td><td style=\"color: #000000; background-color: #FFFFFF;\">huugohenrique@gmail.com<\/td><td style=\"color: #000000; background-color: #FFFFFF;\">(61) 98124-6083<\/td><td style=\"color: #000000; background-color: #FFFFFF;\">31\/12\/2025<\/td><\/tr><tr><td style=\"color: #000000; background-color: #FFFFFF;\">Iury Oliveira Alvarenga<\/td><td style=\"color: #000000; background-color: #FFFFFF;\">CFT08175857102<\/td><td style=\"color: #333333; background-color: #FFFFFF;\">DFTN<\/td><td style=\"color: #000000; background-color: #FFFFFF;\">Iuryimoveisgo@gmail.com<\/td><td style=\"color: #000000; background-color: #FFFFFF;\">(62) 999205643<\/td><td style=\"color: #000000; background-color: #FFFFFF;\">31\/12\/2025<\/td><\/tr><tr><td style=\"color: #000000; background-color: #FFFFFF;\">Jo\u00e3o dos Santos Carmo<\/td><td style=\"color: #000000; background-color: #FFFFFF;\">CFT n\u00b0 12439916153<\/td><td style=\"color: #000000; background-color: #FFFFFF;\">C5Q<\/td><td style=\"color: #000000; background-color: #FFFFFF;\">hexagono.j10@gmail.com<\/td><td style=\"color: #000000; background-color: #FFFFFF;\">(62) 999809525<\/td><td style=\"color: #000000; background-color: #FFFFFF;\">31\/12\/2025<\/td><\/tr><tr><td style=\"color: #000000; background-color: #FFFFFF;\">Jo\u00e3o Jer\u00f4nimo Pereira<\/td><td style=\"color: #000000; background-color: #FFFFFF;\">CFT n\u00b0 09961810163<\/td><td style=\"color: #000000; background-color: #FFFFFF;\">BZW<\/td><td style=\"color: #000000; background-color: #FFFFFF;\">joaojeronimo02@gmail.com<\/td><td style=\"color: #000000; background-color: #FFFFFF;\">(62) 99814-1990<\/td><td style=\"color: #000000; background-color: #FFFFFF;\">31\/12\/2025<\/td><\/tr><tr><td style=\"color: #000000; background-color: #FFFFFF;\">Jos\u00e9 Luiz de Lima Ramalho<\/td><td style=\"color: #000000; background-color: #FFFFFF;\">CFT n\u00b0 34268405100<\/td><td style=\"color: #000000; background-color: #FFFFFF;\">QREI<\/td><td style=\"color: #000000; background-color: #FFFFFF;\"><a href=\"mailto:zicogeo@gmail.com\" target=\"_blank\">zicogeo@gmail.com<\/a><\/td><td style=\"color: #000000; background-color: #FFFFFF;\">(62) 999143612<\/td><td style=\"color: #000000; background-color: #FFFFFF;\">31\/12\/2025<\/td><\/tr><tr><td style=\"color: #000000; background-color: #FFFFFF;\">Leandro Kassem Machado Bazzi<\/td><td style=\"color: #000000; background-color: #FFFFFF;\">CREA n\u00b0 16349\/D-DF<\/td><td style=\"color: #000000; background-color: #FFFFFF;\">MUSQ<\/td><td style=\"color: #000000; background-color: #FFFFFF;\">geobazzi@hotmail.com<\/td><td style=\"color: #000000; background-color: #FFFFFF;\">(61) 99991-3036<\/td><td style=\"color: #000000; background-color: #FFFFFF;\">31\/12\/2025<\/td><\/tr><tr><td style=\"color: #000000; background-color: #FFFFFF;\">Lucas de Oliveira Santa Cruz<\/td><td style=\"color: #000000; background-color: #FFFFFF;\">CREA n\u00b0 1015018734\/D-GO<\/td><td style=\"color: #000000; background-color: #FFFFFF;\">DAZA<\/td><td style=\"color: #000000; background-color: #FFFFFF;\"><a href=\"mailto:lucascruz.geo@gmail.com\" target=\"_blank\">lucascruz.geo@gmail.com<\/a><\/td><td style=\"color: #000000; background-color: #FFFFFF;\">(62) 99615-1993<\/td><td style=\"color: #000000; background-color: #FFFFFF;\">31\/12\/2025<\/td><\/tr><tr><td style=\"color: #000000; background-color: #FFFFFF;\">Luiz Alberto Ribeiro Vilarinhos<\/td><td style=\"color: #000000; background-color: #FFFFFF;\">CREA n\u00b0 4439\/D-GO<\/td><td style=\"color: #000000; background-color: #FFFFFF;\">BY0<\/td><td style=\"color: #000000; background-color: #FFFFFF;\">betovilarinhos@bol.com.br<\/td><td style=\"color: #000000; background-color: #FFFFFF;\">(22) 997823717<\/td><td style=\"color: #000000; background-color: #FFFFFF;\">31\/212\/2025<\/td><\/tr><tr><td style=\"color: #000000; background-color: #FFFFFF;\">Maike Paulino Batista Bandeira<\/td><td style=\"color: #000000; background-color: #FFFFFF;\">CFT n\u00b0 03026109100<\/td><td style=\"color: #000000; background-color: #FFFFFF;\">QQCR<\/td><td style=\"color: #000000; background-color: #FFFFFF;\">maikebandeira.agr@gmail.com<\/td><td style=\"color: #000000; background-color: #FFFFFF;\">(61) 995144117<\/td><td style=\"color: #000000; background-color: #FFFFFF;\">31\/12\/2025<\/td><\/tr><tr><td style=\"color: #000000; background-color: #FFFFFF;\">Orc\u00eds Rodrigues dos Santos J\u00fanior<\/td><td style=\"color: #000000; background-color: #FFFFFF;\">CREA n\u00b0 20346\/D-GO<\/td><td style=\"color: #000000; background-color: #FFFFFF;\">FZI<\/td><td style=\"color: #000000; background-color: #FFFFFF;\">ojragrimensura@gmail.com<\/td><td style=\"color: #000000; background-color: #FFFFFF;\">(62) 99652-7415<\/td><td style=\"color: #000000; background-color: #FFFFFF;\">31\/12\/2025<\/td><\/tr><tr><td style=\"color: #000000; background-color: #FFFFFF;\">Olavo Amancio de Oliveira<\/td><td style=\"color: #000000; background-color: #FFFFFF;\">CFT n\u00b0 76167607168<\/td><td style=\"color: #000000; background-color: #FFFFFF;\">OLHJ<\/td><td style=\"color: #000000; background-color: #FFFFFF;\">olavotop@gmail.com<\/td><td style=\"color: #000000; background-color: #FFFFFF;\">(61) 999881724<\/td><td style=\"color: #000000; background-color: #FFFFFF;\">31\/12\/2025<\/td><\/tr><tr><td style=\"color: #000000; background-color: #FFFFFF;\">Paulo Ryan Gomes<\/td><td style=\"color: #000000; background-color: #FFFFFF;\">CREA\/GO n\u00b017867\/D-GO<\/td><td style=\"color: #000000; background-color: #FFFFFF;\">FAQ<\/td><td style=\"color: #000000; background-color: #FFFFFF;\">pauloryan.go@gmail.com<\/td><td style=\"color: #000000; background-color: #FFFFFF;\">(62) 99224-8548<\/td><td style=\"color: #000000; background-color: #FFFFFF;\">31\/12\/2025<\/td><\/tr><tr><td style=\"color: #000000; background-color: #FFFFFF;\">Pedro Tude Ramalho Pinto<\/td><td style=\"color: #000000; background-color: #FFFFFF;\">CRT n\u00b0 35067326840 BA<\/td><td style=\"color: #000000; background-color: #FFFFFF;\">HJJS<\/td><td style=\"color: #000000; background-color: #FFFFFF;\">pedrotude86@gmail.com<\/td><td style=\"color: #000000; background-color: #FFFFFF;\">(12) 99614-1201<\/td><td style=\"color: #000000; background-color: #FFFFFF;\">31\/12\/2025<\/td><\/tr><tr><td style=\"color: #000000; background-color: #FFFFFF;\">P\u00e9rola Morais Calil<\/td><td style=\"color: #000000; background-color: #FFFFFF;\">CREA 1014806496\/D-GO<\/td><td style=\"color: #000000; background-color: #FFFFFF;\">ABXI<\/td><td style=\"color: #000000; background-color: #FFFFFF;\">perolacalil@hotmail.com<\/td><td style=\"color: #000000; background-color: #FFFFFF;\">(62) 996819508<\/td><td style=\"color: #000000; background-color: #FFFFFF;\">31\/12\/2025<\/td><\/tr><tr><td style=\"color: #000000; background-color: #FFFFFF;\">Reinaldo Sales Leonel<\/td><td style=\"color: #000000; background-color: #FFFFFF;\">CRT n\u00b0 80298656191-GO<\/td><td style=\"color: #000000; background-color: #FFFFFF;\">WWGL<\/td><td style=\"color: #000000; background-color: #FFFFFF;\">reileonel@hotmail.com<\/td><td style=\"color: #000000; background-color: #FFFFFF;\">(62) 99674-3733<\/td><td style=\"color: #000000; background-color: #FFFFFF;\">31\/12\/2025<\/td><\/tr><tr><td style=\"color: #000000; background-color: #FFFFFF;\">Sebsti\u00e3o Biano da Silva<\/td><td style=\"color: #000000; background-color: #FFFFFF;\">CFTA n\u00b003000002197<\/td><td style=\"color: #000000; background-color: #FFFFFF;\">ALUB<\/td><td style=\"color: #000000; background-color: #FFFFFF;\">sebastiaobianodasilva@yahoo.com.br<\/td><td style=\"color: #000000; background-color: #FFFFFF;\">(61) 98101-6153 (61) 99305-9172<\/td><td style=\"color: #000000; background-color: #FFFFFF;\">31\/12\/2025<\/td><\/tr><tr><td style=\"color: #000000; background-color: #FFFFFF;\">Severino Caetano de Ara\u00fajo<\/td><td style=\"color: #000000; background-color: #FFFFFF;\">CREA 3561\/D-GO<\/td><td style=\"color: #000000; background-color: #FFFFFF;\">CMU<\/td><td style=\"color: #000000; background-color: #FFFFFF;\">scaraujo@hotmail.com.br<\/td><td style=\"color: #000000; background-color: #FFFFFF;\">(62) 99972-6492<\/td><td style=\"color: #000000; background-color: #FFFFFF;\">31\/12\/2025<\/td><\/tr><tr><td style=\"color: #000000; background-color: #FFFFFF;\">Valdemir Caldas Santana<\/td><td style=\"color: #000000; background-color: #FFFFFF;\">CFT n\u00b0 0905404009<\/td><td style=\"color: #000000; background-color: #FFFFFF;\">D1Y<\/td><td style=\"color: #000000; background-color: #FFFFFF;\">vcaldassantana2016@gmail.com<\/td><td style=\"color: #000000; background-color: #FFFFFF;\">(92) 99273-2103<\/td><td style=\"color: #000000; background-color: #FFFFFF;\">31\/12\/2025<\/td><\/tr><tr><td style=\"color: #000000; background-color: #FFFFFF;\">Valdomiro Ramos de Moura<\/td><td style=\"color: #000000; background-color: #FFFFFF;\">CFT n\u00b0 96092327872<\/td><td style=\"color: #000000; background-color: #FFFFFF;\">DBIF<\/td><td style=\"color: #000000; background-color: #FFFFFF;\">planejamento.acar@hotmail.com<\/td><td style=\"color: #000000; background-color: #FFFFFF;\">(62) 99957-6303<\/td><td style=\"color: #000000; background-color: #FFFFFF;\">31\/12\/2025<\/td><\/tr><tr><td style=\"color: #000000; background-color: #FFFFFF;\">Vilmar Machado Parreira<\/td><td style=\"color: #000000; background-color: #FFFFFF;\">CFT n\u00b0 12489905104<\/td><td style=\"color: #000000; background-color: #FFFFFF;\">BYI<\/td><td style=\"color: #000000; background-color: #FFFFFF;\"><a href=\"mailto:vmachadoparreira@gmail.com\" target=\"_blank\">vmachadoparreira@gmail.com<\/a><\/td><td style=\"color: #000000; background-color: #FFFFFF;\">(62) 999289432 \/ 3248-1179<\/td><td style=\"color: #000000; background-color: #FFFFFF;\">31\/12\/2025<\/td><\/tr><tr><td style=\"color: #000000; background-color: #FFFFFF;\">Walter Fretta Weis<\/td><td style=\"color: #000000; background-color: #FFFFFF;\">CREA n\u00ba 13884\/D-GO<\/td><td style=\"color: #000000; background-color: #FFFFFF;\">EMR<\/td><td style=\"color: #000000; background-color: #FFFFFF;\">walterfretta@gmail.com<\/td><td style=\"color: #000000; background-color: #FFFFFF;\">(61) 99942-5944<\/td><td style=\"color: #000000; background-color: #FFFFFF;\">31\/12\/2025<\/td><\/tr><tr><td style=\"color: #000000; background-color: #FFFFFF;\">Walter Gon\u00e7alves de Oliveira<\/td><td style=\"color: #000000; background-color: #FFFFFF;\">CREA 16732\/D-GO<\/td><td style=\"color: #000000; background-color: #FFFFFF;\">AQ7<\/td><td style=\"color: #000000; background-color: #FFFFFF;\">lwagrimensura@gmail.com<\/td><td style=\"color: #000000; background-color: #FFFFFF;\">(62) 99612-4996<\/td><td style=\"color: #000000; background-color: #FFFFFF;\">31\/12\/2025<\/td><\/tr><tr><td style=\"color: #000000; background-color: #FFFFFF;\">Wanderson Pereira Dias<\/td><td style=\"color: #000000; background-color: #FFFFFF;\">CFT n\u00ba 31886774803<\/td><td style=\"color: #000000; background-color: #FFFFFF;\">WAND<\/td><td style=\"color: #000000; background-color: #FFFFFF;\">focoplan2023@gmail.com<\/td><td style=\"color: #000000; background-color: #FFFFFF;\">(61) 996149062<\/td><td style=\"color: #000000; background-color: #FFFFFF;\">31\/12\/2025<\/td><\/tr><tr><td style=\"color: #000000; background-color: #FFFFFF;\">Wirley de Oliveira<\/td><td style=\"color: #000000; background-color: #FFFFFF;\">CFT n\u00b015504441153<\/td><td style=\"color: #000000; background-color: #FFFFFF;\">B4D<\/td><td style=\"color: #000000; background-color: #FFFFFF;\">olwirley@gmail.com<\/td><td style=\"color: #000000; background-color: #FFFFFF;\">(62) 99922-1828<\/td><td style=\"color: #000000; background-color: #FFFFFF;\">31\/12\/2025<\/td><\/tr><\/tbody><\/table><div class=\"wp-block-file\"><a href=\"https:\/\/goias.gov.br\/agricultura\/wp-content\/uploads\/sites\/50\/2020\/01\/Lista-Tecnicos-Site-atualizado-10-12-25.xlsx\">Lista-Tecnicos-Site-atualizado-10-12-25.xlsx&nbsp; <span class=\"wp-block-file__button wp-element-button\">Baixar<\/span><\/a><\/div>\n<\/div><\/div>\n","protected":false},"excerpt":{"rendered":"<p>Rela\u00e7\u00e3o de Pessoas F\u00edsicas e Jur\u00eddicas credenciadas pela Secretaria de Estado de Agricultura, Pecu\u00e1ria e Abastecimento (Seapa)\u00a0aptas a realizar o georreferenciamento de terras devolutas, sob autoriza\u00e7\u00e3o via ordem de servi\u00e7o. (Novos profissionais devem se cadastrar por meio do formul\u00e1rio\u00a0Requerimento de Credenciamento).<\/p>\n","protected":false},"author":1103,"featured_media":0,"comment_status":"closed","ping_status":"open","sticky":false,"template":"","format":"standard","meta":{"footnotes":""},"categories":[16],"tags":[],"class_list":["post-13660","post","type-post","status-publish","format-standard","hentry","category-regularizacao-fundiaria"],"rttpg_featured_image_url":null,"rttpg_author":{"display_name":"","author_link":"https:\/\/goias.gov.br\/agricultura\/author\/"},"rttpg_comment":0,"rttpg_category":"<a href=\"https:\/\/goias.gov.br\/agricultura\/categoria\/regularizacao-fundiaria\/\" rel=\"category tag\">Regulariza\u00e7\u00e3o Fundi\u00e1ria<\/a>","rttpg_excerpt":"Rela\u00e7\u00e3o de Pessoas F\u00edsicas e Jur\u00eddicas credenciadas pela Secretaria de Estado de Agricultura, Pecu\u00e1ria e Abastecimento (Seapa)\u00a0aptas a realizar o georreferenciamento de terras devolutas, sob autoriza\u00e7\u00e3o via ordem de servi\u00e7o. (Novos profissionais devem se cadastrar por meio do formul\u00e1rio\u00a0Requerimento de Credenciamento).","_links":{"self":[{"href":"https:\/\/goias.gov.br\/agricultura\/wp-json\/wp\/v2\/posts\/13660","targetHints":{"allow":["GET"]}}],"collection":[{"href":"https:\/\/goias.gov.br\/agricultura\/wp-json\/wp\/v2\/posts"}],"about":[{"href":"https:\/\/goias.gov.br\/agricultura\/wp-json\/wp\/v2\/types\/post"}],"author":[{"embeddable":true,"href":"https:\/\/goias.gov.br\/agricultura\/wp-json\/wp\/v2\/users\/1103"}],"replies":[{"embeddable":true,"href":"https:\/\/goias.gov.br\/agricultura\/wp-json\/wp\/v2\/comments?post=13660"}],"version-history":[{"count":2,"href":"https:\/\/goias.gov.br\/agricultura\/wp-json\/wp\/v2\/posts\/13660\/revisions"}],"predecessor-version":[{"id":70978,"href":"https:\/\/goias.gov.br\/agricultura\/wp-json\/wp\/v2\/posts\/13660\/revisions\/70978"}],"wp:attachment":[{"href":"https:\/\/goias.gov.br\/agricultura\/wp-json\/wp\/v2\/media?parent=13660"}],"wp:term":[{"taxonomy":"category","embeddable":true,"href":"https:\/\/goias.gov.br\/agricultura\/wp-json\/wp\/v2\/categories?post=13660"},{"taxonomy":"post_tag","embeddable":true,"href":"https:\/\/goias.gov.br\/agricultura\/wp-json\/wp\/v2\/tags?post=13660"}],"curies":[{"name":"wp","href":"https:\/\/api.w.org\/{rel}","templated":true}]}}