

{"id":13340,"date":"2023-03-03T11:32:44","date_gmt":"2023-03-03T14:32:44","guid":{"rendered":"https:\/\/siteshom.goias.gov.br\/agricultura\/laboratorio-confirma-que-caso-de-vaca-louca-no-para-e-atipico-e-abre-caminho-para-retomada-das-exportacoes-de-carne-para-china\/"},"modified":"2023-03-03T11:32:44","modified_gmt":"2023-03-03T14:32:44","slug":"laboratorio-confirma-que-caso-de-vaca-louca-no-para-e-atipico-e-abre-caminho-para-retomada-das-exportacoes-de-carne-para-china","status":"publish","type":"post","link":"https:\/\/goias.gov.br\/agricultura\/laboratorio-confirma-que-caso-de-vaca-louca-no-para-e-atipico-e-abre-caminho-para-retomada-das-exportacoes-de-carne-para-china\/","title":{"rendered":"Laborat\u00f3rio confirma que caso de Vaca Louca no Par\u00e1 \u00e9 \u201cat\u00edpico\u201d e abre caminho para retomada das exporta\u00e7\u00f5es de carne para China"},"content":{"rendered":"<img fetchpriority=\"high\" decoding=\"async\" class=\" size-full wp-image-13339\" src=\"https:\/\/goias.gov.br\/agricultura\/wp-content\/uploads\/sites\/50\/2023\/03\/AdobeStock_352256892-568-scaled.jpeg\" alt=\"\" class=\"caption\" title=\"Foto: Adobe Stock.\" width=\"2560\" height=\"1706\" srcset=\"https:\/\/goias.gov.br\/agricultura\/wp-content\/uploads\/sites\/50\/2023\/03\/AdobeStock_352256892-568-scaled.jpeg 2560w, https:\/\/goias.gov.br\/agricultura\/wp-content\/uploads\/sites\/50\/2023\/03\/AdobeStock_352256892-568-300x200.jpeg 300w, https:\/\/goias.gov.br\/agricultura\/wp-content\/uploads\/sites\/50\/2023\/03\/AdobeStock_352256892-568-1024x682.jpeg 1024w, https:\/\/goias.gov.br\/agricultura\/wp-content\/uploads\/sites\/50\/2023\/03\/AdobeStock_352256892-568-768x512.jpeg 768w, https:\/\/goias.gov.br\/agricultura\/wp-content\/uploads\/sites\/50\/2023\/03\/AdobeStock_352256892-568-1536x1024.jpeg 1536w, https:\/\/goias.gov.br\/agricultura\/wp-content\/uploads\/sites\/50\/2023\/03\/AdobeStock_352256892-568-2048x1365.jpeg 2048w\" sizes=\"(max-width: 2560px) 100vw, 2560px\" \/>\n<p>Resultado foi divulgado pelo Mapa, que j&aacute; iniciou procedimento para destravar comercializa&ccedil;&atilde;o<\/p>\n<p><!--more--><\/p>\n<p>O laborat&oacute;rio de refer&ecirc;ncia da Organiza&ccedil;&atilde;o Mundial de Sa&uacute;de Animal (OMSA) confirmou, na noite de quinta-feira (2\/3), que o caso de Encefalopatia Espongiforme Bovina (EEB) detectado no munic&iacute;pio de Marab&aacute; (PA), no dia 20 de fevereiro, &eacute; at&iacute;pico. O resultado foi divulgado pelo Minist&eacute;rio da Agricultura e Pecu&aacute;ria (Mapa), por meio de Nota Oficial.<\/p>\n<p>&ldquo;Todos as pistas indicavam que se tratava de um caso at&iacute;pico, e essa confirma&ccedil;&atilde;o agora deve destravar as exporta&ccedil;&otilde;es de carne bovina para a China, que &eacute; a nossa maior compradora&rdquo;, afirma o secret&aacute;rio de Estado de Agricultura, Pecu&aacute;ria e Abastecimento, Tiago Mendon&ccedil;a. Ele destaca o empenho do Mapa para desfazer rapidamente o embargo &agrave; carne brasileira.<\/p>\n<p>&ldquo;A suspens&atilde;o das exporta&ccedil;&otilde;es de carne para a China &eacute; uma medida autom&aacute;tica quando h&aacute; um caso como este. Faz parte do protocolo sanit&aacute;rio acordado entre os dois pa&iacute;ses. O importante &eacute; que o sistema de sanidade funcionou com efici&ecirc;ncia. O caso foi identificado rapidamente e recebeu o tratamento adequado. O Minist&eacute;rio trabalhou em parceria com o governo local e tomou todas as provid&ecirc;ncias necess&aacute;rias&rdquo;, avalia Mendon&ccedil;a.<\/p>\n<p>Ainda na noite de quinta-feira (2\/3), o Mapa informou que &ldquo;iniciou a inser&ccedil;&atilde;o das referidas informa&ccedil;&otilde;es no sistema para a comunica&ccedil;&atilde;o oficial &agrave; OMSA e &agrave;s autoridades chinesas&rdquo;. A Nota Oficial destacou ainda que &ldquo;assim que conclu&iacute;do o processo, ser&aacute; marcada uma reuni&atilde;o virtual com o governo chin&ecirc;s para tratar do desembargo da exporta&ccedil;&atilde;o da carne bovina ao pa&iacute;s&rdquo;.<\/p>\n<p><strong>Saiba mais<\/strong><br \/>\nA Encefalopatia Espongiforme Bovina (EEB) &eacute; conhecida popularmente como &ldquo;Mal da Vaca Louca&rdquo;. O caso de Marab&aacute; (PA) foi identificado em um animal macho, de 9 anos de idade, localizado em uma propriedade considerada de pequeno porte. Criado a pasto, em ra&ccedil;&atilde;o, o boi foi abatido e sua carca&ccedil;a, incinerada no local, em linha com as melhores pr&aacute;ticas sanit&aacute;rias.<\/p>\n<p>Seguindo o protocolo sanit&aacute;rio oficial, as exporta&ccedil;&otilde;es para a China foram suspensas. O caso foi informado &agrave; OMSA e amostras foram enviadas ao laborat&oacute;rio de refer&ecirc;ncia da entidade, em Alberta, no Canad&aacute;, para an&aacute;lise e tipifica&ccedil;&atilde;o do caso. As an&aacute;lises apontaram que se trata do tipo H, ou seja, que ocorre espontaneamente em bovinos e n&atilde;o a partir da ingest&atilde;o de alimentos contaminados.<\/p>\n<p><strong>Comunica&ccedil;&atilde;o Setorial da Secretaria de Estado de Agricultura, Pecu&aacute;ria e Abastecimento (Seapa) &ndash; Governo de Goi&aacute;s<\/strong><\/p>\n","protected":false},"excerpt":{"rendered":"<p>Resultado foi divulgado pelo Mapa, que j&aacute; iniciou procedimento para destravar comercializa&ccedil;&atilde;o<\/p>\n","protected":false},"author":1103,"featured_media":13339,"comment_status":"closed","ping_status":"open","sticky":false,"template":"","format":"standard","meta":{"footnotes":""},"categories":[4],"tags":[],"class_list":["post-13340","post","type-post","status-publish","format-standard","has-post-thumbnail","hentry","category-noticias"],"rttpg_featured_image_url":{"full":["https:\/\/goias.gov.br\/agricultura\/wp-content\/uploads\/sites\/50\/2023\/03\/AdobeStock_352256892-568-scaled.jpeg",2560,1706,false],"landscape":["https:\/\/goias.gov.br\/agricultura\/wp-content\/uploads\/sites\/50\/2023\/03\/AdobeStock_352256892-568-scaled.jpeg",2560,1706,false],"portraits":["https:\/\/goias.gov.br\/agricultura\/wp-content\/uploads\/sites\/50\/2023\/03\/AdobeStock_352256892-568-scaled.jpeg",2560,1706,false],"thumbnail":["https:\/\/goias.gov.br\/agricultura\/wp-content\/uploads\/sites\/50\/2023\/03\/AdobeStock_352256892-568-150x150.jpeg",150,150,true],"medium":["https:\/\/goias.gov.br\/agricultura\/wp-content\/uploads\/sites\/50\/2023\/03\/AdobeStock_352256892-568-300x200.jpeg",300,200,true],"large":["https:\/\/goias.gov.br\/agricultura\/wp-content\/uploads\/sites\/50\/2023\/03\/AdobeStock_352256892-568-1024x682.jpeg",1024,682,true],"1536x1536":["https:\/\/goias.gov.br\/agricultura\/wp-content\/uploads\/sites\/50\/2023\/03\/AdobeStock_352256892-568-1536x1024.jpeg",1536,1024,true],"2048x2048":["https:\/\/goias.gov.br\/agricultura\/wp-content\/uploads\/sites\/50\/2023\/03\/AdobeStock_352256892-568-2048x1365.jpeg",2048,1365,true]},"rttpg_author":{"display_name":"","author_link":"https:\/\/goias.gov.br\/agricultura\/author\/"},"rttpg_comment":0,"rttpg_category":"<a href=\"https:\/\/goias.gov.br\/agricultura\/categoria\/noticias\/\" rel=\"category tag\">Not\u00edcias<\/a>","rttpg_excerpt":"Resultado foi divulgado pelo Mapa, que j&aacute; iniciou procedimento para destravar comercializa&ccedil;&atilde;o","_links":{"self":[{"href":"https:\/\/goias.gov.br\/agricultura\/wp-json\/wp\/v2\/posts\/13340","targetHints":{"allow":["GET"]}}],"collection":[{"href":"https:\/\/goias.gov.br\/agricultura\/wp-json\/wp\/v2\/posts"}],"about":[{"href":"https:\/\/goias.gov.br\/agricultura\/wp-json\/wp\/v2\/types\/post"}],"author":[{"embeddable":true,"href":"https:\/\/goias.gov.br\/agricultura\/wp-json\/wp\/v2\/users\/1103"}],"replies":[{"embeddable":true,"href":"https:\/\/goias.gov.br\/agricultura\/wp-json\/wp\/v2\/comments?post=13340"}],"version-history":[{"count":0,"href":"https:\/\/goias.gov.br\/agricultura\/wp-json\/wp\/v2\/posts\/13340\/revisions"}],"wp:featuredmedia":[{"embeddable":true,"href":"https:\/\/goias.gov.br\/agricultura\/wp-json\/wp\/v2\/media\/13339"}],"wp:attachment":[{"href":"https:\/\/goias.gov.br\/agricultura\/wp-json\/wp\/v2\/media?parent=13340"}],"wp:term":[{"taxonomy":"category","embeddable":true,"href":"https:\/\/goias.gov.br\/agricultura\/wp-json\/wp\/v2\/categories?post=13340"},{"taxonomy":"post_tag","embeddable":true,"href":"https:\/\/goias.gov.br\/agricultura\/wp-json\/wp\/v2\/tags?post=13340"}],"curies":[{"name":"wp","href":"https:\/\/api.w.org\/{rel}","templated":true}]}}