

{"id":10419,"date":"2021-07-09T14:56:30","date_gmt":"2021-07-09T17:56:30","guid":{"rendered":"https:\/\/siteshom.goias.gov.br\/agricultura\/prevencao-e-combate-a-incendio\/"},"modified":"2021-07-09T14:56:30","modified_gmt":"2021-07-09T17:56:30","slug":"prevencao-e-combate-a-incendio","status":"publish","type":"post","link":"https:\/\/goias.gov.br\/agricultura\/prevencao-e-combate-a-incendio\/","title":{"rendered":"Preven\u00e7\u00e3o e Combate a Inc\u00eandio"},"content":{"rendered":"<p class=\"pull-center\"><img fetchpriority=\"high\" decoding=\"async\" class=\" size-full wp-image-10418\" alt=\"\" data-image-widget-flowlayout=\"1\" height=\"496\" id=\"\" src=\"https:\/\/goias.gov.br\/agricultura\/wp-content\/uploads\/sites\/50\/2021\/07\/Comite-75e.jpg\" title=\"\" width=\"588\" srcset=\"https:\/\/goias.gov.br\/agricultura\/wp-content\/uploads\/sites\/50\/2021\/07\/Comite-75e.jpg 847w, https:\/\/goias.gov.br\/agricultura\/wp-content\/uploads\/sites\/50\/2021\/07\/Comite-75e-300x253.jpg 300w, https:\/\/goias.gov.br\/agricultura\/wp-content\/uploads\/sites\/50\/2021\/07\/Comite-75e-768x648.jpg 768w\" sizes=\"(max-width: 588px) 100vw, 588px\" \/><\/p>\n<p>A instala&ccedil;&atilde;o do Comit&ecirc; de Preven&ccedil;&atilde;o e Combate a Focos de Inc&ecirc;ndio na Zona Rural em Goi&aacute;s foi aprovada durante reuni&atilde;o da C&acirc;mara T&eacute;cnica O Agro &eacute; de Todos, realizada no dia 09 de julho de 2021, na sede da Secretaria de Estado de Agricultura, Pecu&aacute;ria e Abastecimento (Seapa), com a participa&ccedil;&atilde;o de representantes de mais de 40 institui&ccedil;&otilde;es do setor agropecu&aacute;rio e &aacute;rea afins. O grupo tem como prop&oacute;sito estabelecer estrat&eacute;gias de combate a inc&ecirc;ndio, especialmente de preven&ccedil;&atilde;o, e somar for&ccedil;as para a realiza&ccedil;&atilde;o de a&ccedil;&otilde;es que possam mitigar impactos ambientais e danos socioecon&ocirc;micos no Estado.<\/p>\n<p>Por meio de um planejamento estrat&eacute;gico, o Comit&ecirc; adota a&ccedil;&otilde;es em eixos como Comunica&ccedil;&atilde;o, Preven&ccedil;&atilde;o, Monitoramento, Fiscaliza&ccedil;&atilde;o e Combate. O foco &eacute; levar informa&ccedil;&otilde;es ao produtor rural e demais p&uacute;blicos por meio de canais de comunica&ccedil;&atilde;o, promover mutir&otilde;es como o Dia D do aceiro nos munic&iacute;pios goianos, realizar cursos e treinamentos para confec&ccedil;&atilde;o de abafadores, assim como patrulhas em &aacute;reas de maior risco, entre outras a&ccedil;&otilde;es.<\/p>\n<p><strong>Entidades que integram o Comit&ecirc;:<\/strong><br \/>\nAssocia&ccedil;&atilde;o dos Produtores de Soja e Milho de Goi&aacute;s (Aprosoja-GO)<br \/>\nConselho Regional de Medicina Veterin&aacute;ria (CRMV-GO)&nbsp;<br \/>\nCorpo de Bombeiros Militar de Goi&aacute;s&nbsp;<br \/>\nEnel Distribui&ccedil;&atilde;o Goi&aacute;s<br \/>\nFedera&ccedil;&atilde;o da Agricultura e Pecu&aacute;ria de Goi&aacute;s (Faeg)<br \/>\nFedera&ccedil;&atilde;o das Ind&uacute;strias do Estado de Goi&aacute;s (Fieg)<br \/>\nInstituto Chico Mendes de Conserva&ccedil;&atilde;o da Biodiversidade (Icmbio)<br \/>\nMinist&eacute;rio P&uacute;blico do Estado de Goi&aacute;s (MP-GO)<br \/>\nPol&iacute;cia Civil do Estado de Goi&aacute;s (PC-GO)<br \/>\nPol&iacute;cia Militar do Estado de Goi&aacute;s (PM-GO)<br \/>\n&nbsp; &nbsp; &#8211; Batalh&atilde;o Rural da Pol&iacute;cia Militar de Goi&aacute;s<br \/>\n&nbsp; &nbsp; &#8211; Comando de Policiamento Rodovi&aacute;rio (PRE)&nbsp;<br \/>\nSecretaria de Estado de Meio Ambiente e Desenvolvimento Sustent&aacute;vel (Semad)&nbsp;<br \/>\nServi&ccedil;o Nacional de Aprendizagem Rural &#8211; GO&nbsp;<br \/>\nSindicato da Ind&uacute;stria de Fabrica&ccedil;&atilde;o de A&ccedil;&uacute;car do Estado de Goi&aacute;s (Sifa&ccedil;&uacute;car)<br \/>\nSindicato da Ind&uacute;stria de Fabrica&ccedil;&atilde;o de Etanol do Estado de Goi&aacute;s (Sifaeg)<br \/>\nSuperintend&ecirc;ncia da Pol&iacute;cia Rodovi&aacute;ria Federal em Goi&aacute;s (PRF)&nbsp;<\/p>\n<p><strong>Caso verifique focos de inc&ecirc;ndio ou deseje informar sobre algo que possa contribuir com o trabalho do Comit&ecirc;, entre em contato pelos telefones abaixo.<\/strong><br \/>\nCorpo de Bombeiros: 193<br \/>\nPol&iacute;cia Rodovi&aacute;ria Federal: 191<br \/>\nPol&iacute;cia Rodovi&aacute;ria Estadual: 198<br \/>\nBatalh&atilde;o Rural: (62) 99631-4340 (disque-den&uacute;ncia 24 horas)<\/p>\n<p><strong>Saiba mais:&nbsp;<\/strong><br \/>\n09\/07\/2021: <a href=\"https:\/\/www.agricultura.go.gov.br\/comunica\u00e7\u00e3o\/not\u00edcias\/3761-comit\u00ea-de-preven\u00e7\u00e3o-e-combate-a-focos-de-inc\u00eandio-na-zona-rural-\u00e9-criado-em-goi\u00e1s.html\">Comit&ecirc; de Preven&ccedil;&atilde;o e Combate a Focos de Inc&ecirc;ndio na Zona Rural &eacute; criado em Goi&aacute;s<\/a><\/p>\n<p>Para contribuir com an&aacute;lises preventivas, a Secretaria de Estado de Meio Ambiente e Desenvolvimento Sustent&aacute;vel (Semad) disponibiliza, ainda informa&ccedil;&otilde;es por meio do <a href=\"https:\/\/www.meioambiente.go.gov.br\/cimehgo\" target=\"_blank\" rel=\"noopener\">Centro de Informa&ccedil;&otilde;es Meteorol&oacute;gicas e Hidrol&oacute;gicas de Goi&aacute;s<\/a>.&nbsp;<\/p>\n","protected":false},"excerpt":{"rendered":"<p>A instala&ccedil;&atilde;o do Comit&ecirc; de Preven&ccedil;&atilde;o e Combate a Focos de Inc&ecirc;ndio na Zona Rural em Goi&aacute;s foi aprovada durante reuni&atilde;o da C&acirc;mara T&eacute;cnica O Agro &eacute; de Todos, realizada no dia 09 de julho de 2021, na sede da Secretaria de Estado de Agricultura, Pecu&aacute;ria e Abastecimento (Seapa), com a participa&ccedil;&atilde;o de representantes de [&hellip;]<\/p>\n","protected":false},"author":54,"featured_media":10418,"comment_status":"closed","ping_status":"open","sticky":false,"template":"","format":"standard","meta":{"footnotes":""},"categories":[2],"tags":[],"class_list":["post-10419","post","type-post","status-publish","format-standard","has-post-thumbnail","hentry","category-institucional"],"rttpg_featured_image_url":{"full":["https:\/\/goias.gov.br\/agricultura\/wp-content\/uploads\/sites\/50\/2021\/07\/Comite-75e.jpg",847,715,false],"landscape":["https:\/\/goias.gov.br\/agricultura\/wp-content\/uploads\/sites\/50\/2021\/07\/Comite-75e.jpg",847,715,false],"portraits":["https:\/\/goias.gov.br\/agricultura\/wp-content\/uploads\/sites\/50\/2021\/07\/Comite-75e.jpg",847,715,false],"thumbnail":["https:\/\/goias.gov.br\/agricultura\/wp-content\/uploads\/sites\/50\/2021\/07\/Comite-75e-150x150.jpg",150,150,true],"medium":["https:\/\/goias.gov.br\/agricultura\/wp-content\/uploads\/sites\/50\/2021\/07\/Comite-75e-300x253.jpg",300,253,true],"large":["https:\/\/goias.gov.br\/agricultura\/wp-content\/uploads\/sites\/50\/2021\/07\/Comite-75e.jpg",847,715,false],"1536x1536":["https:\/\/goias.gov.br\/agricultura\/wp-content\/uploads\/sites\/50\/2021\/07\/Comite-75e.jpg",847,715,false],"2048x2048":["https:\/\/goias.gov.br\/agricultura\/wp-content\/uploads\/sites\/50\/2021\/07\/Comite-75e.jpg",847,715,false]},"rttpg_author":{"display_name":"hosanagodoy","author_link":"https:\/\/goias.gov.br\/agricultura\/author\/hosanagodoy\/"},"rttpg_comment":0,"rttpg_category":"<a href=\"https:\/\/goias.gov.br\/agricultura\/categoria\/institucional\/\" rel=\"category tag\">Institucional<\/a>","rttpg_excerpt":"A instala&ccedil;&atilde;o do Comit&ecirc; de Preven&ccedil;&atilde;o e Combate a Focos de Inc&ecirc;ndio na Zona Rural em Goi&aacute;s foi aprovada durante reuni&atilde;o da C&acirc;mara T&eacute;cnica O Agro &eacute; de Todos, realizada no dia 09 de julho de 2021, na sede da Secretaria de Estado de Agricultura, Pecu&aacute;ria e Abastecimento (Seapa), com a participa&ccedil;&atilde;o de representantes de&hellip;","_links":{"self":[{"href":"https:\/\/goias.gov.br\/agricultura\/wp-json\/wp\/v2\/posts\/10419","targetHints":{"allow":["GET"]}}],"collection":[{"href":"https:\/\/goias.gov.br\/agricultura\/wp-json\/wp\/v2\/posts"}],"about":[{"href":"https:\/\/goias.gov.br\/agricultura\/wp-json\/wp\/v2\/types\/post"}],"author":[{"embeddable":true,"href":"https:\/\/goias.gov.br\/agricultura\/wp-json\/wp\/v2\/users\/54"}],"replies":[{"embeddable":true,"href":"https:\/\/goias.gov.br\/agricultura\/wp-json\/wp\/v2\/comments?post=10419"}],"version-history":[{"count":0,"href":"https:\/\/goias.gov.br\/agricultura\/wp-json\/wp\/v2\/posts\/10419\/revisions"}],"wp:featuredmedia":[{"embeddable":true,"href":"https:\/\/goias.gov.br\/agricultura\/wp-json\/wp\/v2\/media\/10418"}],"wp:attachment":[{"href":"https:\/\/goias.gov.br\/agricultura\/wp-json\/wp\/v2\/media?parent=10419"}],"wp:term":[{"taxonomy":"category","embeddable":true,"href":"https:\/\/goias.gov.br\/agricultura\/wp-json\/wp\/v2\/categories?post=10419"},{"taxonomy":"post_tag","embeddable":true,"href":"https:\/\/goias.gov.br\/agricultura\/wp-json\/wp\/v2\/tags?post=10419"}],"curies":[{"name":"wp","href":"https:\/\/api.w.org\/{rel}","templated":true}]}}