

{"id":76969,"date":"2024-06-18T16:23:28","date_gmt":"2024-06-18T19:23:28","guid":{"rendered":"https:\/\/goias.gov.br\/agr\/?p=76969"},"modified":"2024-06-27T14:04:46","modified_gmt":"2024-06-27T17:04:46","slug":"agr-participou-do-1-seminario-estadual-de-transformacao-digital-promovido-pela-sead","status":"publish","type":"post","link":"https:\/\/goias.gov.br\/agr\/agr-participou-do-1-seminario-estadual-de-transformacao-digital-promovido-pela-sead\/","title":{"rendered":"AGR participou do 1\u00b0 Semin\u00e1rio Estadual de Transforma\u00e7\u00e3o Digital promovido pela Sead"},"content":{"rendered":"<p><img fetchpriority=\"high\" decoding=\"async\" class=\"alignnone size-full wp-image-76966\" src=\"https:\/\/goias.gov.br\/agr\/wp-content\/uploads\/sites\/43\/2024\/06\/AGRM1185foto-painel.jpg\" alt=\"\" width=\"4000\" height=\"2252\" \/><\/p>\n<hr \/>\n<p style=\"text-align: center;\"><em>Transforma\u00e7\u00e3o digital \u00e9 uma ferramenta fundamental para a constru\u00e7\u00e3o de um Estado mais eficiente, transparente e conectado com as demandas da sociedade<\/em><\/p>\n<p style=\"text-align: justify;\">A Ag\u00eancia Goiana de Regula\u00e7\u00e3o (AGR) participou do 1\u00ba Semin\u00e1rio Estadual de Transforma\u00e7\u00e3o Digital, realizado nesta ter\u00e7a-feira (18) pelo Governo de Goi\u00e1s, por meio da Secretaria da Administra\u00e7\u00e3o (Sead). O evento, realizado no Audit\u00f3rio dos Goyazes do Tribunal Regional do Trabalho da 18\u00aa Regi\u00e3o, reuniu especialistas, palestrantes e profissionais de todo o pa\u00eds para discutir, compartilhar e fomentar a transforma\u00e7\u00e3o digital no Estado, com foco na otimiza\u00e7\u00e3o dos servi\u00e7os p\u00fablicos.<\/p>\n<p><img decoding=\"async\" class=\"wp-image-76970 aligncenter\" src=\"https:\/\/goias.gov.br\/agr\/wp-content\/uploads\/sites\/43\/2024\/06\/AGRM1185.jpg\" alt=\"\" width=\"627\" height=\"418\" \/><\/p>\n<p style=\"text-align: justify;\">O evento foi voltado para servidores p\u00fablicos de todas as esferas, e contou com a presen\u00e7a do diretor Digital da cidade de Tallinn \u2013 capital da Est\u00f4nia, Martin M\u00e4nnil, que compartilhou a experi\u00eancia do pa\u00eds, considerado o mais digitalizado do mundo.<\/p>\n<p style=\"text-align: justify;\">Em busca de aprimorar ainda mais a experi\u00eancia dos cidad\u00e3os goianos, o primeiro Semin\u00e1rio voltado para este segmento, tamb\u00e9m teve como objetivo o compartilhamento de ideias e cria\u00e7\u00e3o de estrat\u00e9gias inovadora para a gest\u00e3o p\u00fablica, al\u00e9m de debater os desafios, as oportunidades e as tend\u00eancias digitais que marcam a realidade do brasileiro e a forma como os servi\u00e7os p\u00fablicos s\u00e3o ofertados e acessados pelos usu\u00e1rios.<\/p>\n<p style=\"text-align: justify;\">O presidente da AGR, Wagner Oliveira Gomes, ressaltou, durante o semin\u00e1rio, a import\u00e2ncia da participa\u00e7\u00e3o da ag\u00eancia no evento: &#8221; Temos adotado e praticado esses conceitos na nossa jornada de transforma\u00e7\u00e3o digital dos servi\u00e7os p\u00fablicos. Utilizamos da tecnologia da informa\u00e7\u00e3o para o aprimoramento de processos e para obten\u00e7\u00e3o de resultados\u201d, disse. \u201cAcreditamos que o uso estrat\u00e9gico da tecnologia, aliado \u00e0 coleta e an\u00e1lise de dados, \u00e9 fundamental para acelerar a transforma\u00e7\u00e3o desses dados em informa\u00e7\u00f5es valiosas que subsidiam a tomada de decis\u00f5es mais assertivas e eficientes\u201d, pontuou.<\/p>\n<p><img decoding=\"async\" class=\"wp-image-76971 aligncenter\" src=\"https:\/\/goias.gov.br\/agr\/wp-content\/uploads\/sites\/43\/2024\/06\/AGRM1345.jpg\" alt=\"\" width=\"690\" height=\"460\" \/><\/p>\n<p style=\"text-align: justify;\">Al\u00e9m do presidente da AGR, tamb\u00e9m estiveram presentes, a diretora de Gest\u00e3o Integrada, Andrea Bonanato Estrela, e os servidores da Ger\u00eancia de Tecnologia e Apoio Administrativo, Liziane de Sousa Leite, Silvio Bonif\u00e1cio Borges Filho e Gabriel Medeiros Rocha.<\/p>\n<p style=\"text-align: justify;\"><strong>Transforma\u00e7\u00e3o digital em Goi\u00e1s<br \/>\n<\/strong>Segundo informa\u00e7\u00f5es da Secretaria de Administra\u00e7\u00e3o, o Estado de Goi\u00e1s, tem hoje mais de 110 servi\u00e7os digitalizados em um \u00fanico portal, a plataforma Expresso. A iniciativa visa desburocratizar e simplificar o acesso dos cidad\u00e3os goianos a servi\u00e7os de atendimento, como emiss\u00e3o de segunda via de contas, consulta de dados de ve\u00edculos e muito mais, tudo isso sem precisar se deslocar at\u00e9 \u00f3rg\u00e3os p\u00fablicos.<\/p>\n<p><strong>Ag\u00eancia Goiana de Regula\u00e7\u00e3o, Controle e Fiscaliza\u00e7\u00e3o de Servi\u00e7os P\u00fablicos (AGR) &#8211; Governo de Goi\u00e1s<\/strong><\/p>\n","protected":false},"excerpt":{"rendered":"<p>Transforma\u00e7\u00e3o digital \u00e9 uma ferramenta fundamental para a constru\u00e7\u00e3o de um Estado mais eficiente, transparente e conectado com as demandas da sociedade A Ag\u00eancia Goiana de Regula\u00e7\u00e3o (AGR) participou do 1\u00ba Semin\u00e1rio Estadual de Transforma\u00e7\u00e3o Digital, realizado nesta ter\u00e7a-feira (18) pelo Governo de Goi\u00e1s, por meio da Secretaria da Administra\u00e7\u00e3o (Sead). O evento, realizado no [&hellip;]<\/p>\n","protected":false},"author":391,"featured_media":76966,"comment_status":"closed","ping_status":"open","sticky":false,"template":"","format":"standard","meta":{"footnotes":""},"categories":[47],"tags":[88],"class_list":["post-76969","post","type-post","status-publish","format-standard","has-post-thumbnail","hentry","category-noticias","tag-tecnologia-da-informacao"],"rttpg_featured_image_url":{"full":["https:\/\/goias.gov.br\/agr\/wp-content\/uploads\/sites\/43\/2024\/06\/AGRM1185foto-painel.jpg",4000,2252,false],"landscape":["https:\/\/goias.gov.br\/agr\/wp-content\/uploads\/sites\/43\/2024\/06\/AGRM1185foto-painel.jpg",4000,2252,false],"portraits":["https:\/\/goias.gov.br\/agr\/wp-content\/uploads\/sites\/43\/2024\/06\/AGRM1185foto-painel.jpg",4000,2252,false],"thumbnail":["https:\/\/goias.gov.br\/agr\/wp-content\/uploads\/sites\/43\/2024\/06\/AGRM1185foto-painel.jpg",150,84,false],"medium":["https:\/\/goias.gov.br\/agr\/wp-content\/uploads\/sites\/43\/2024\/06\/AGRM1185foto-painel.jpg",300,169,false],"large":["https:\/\/goias.gov.br\/agr\/wp-content\/uploads\/sites\/43\/2024\/06\/AGRM1185foto-painel.jpg",1024,577,false],"1536x1536":["https:\/\/goias.gov.br\/agr\/wp-content\/uploads\/sites\/43\/2024\/06\/AGRM1185foto-painel.jpg",1536,865,false],"2048x2048":["https:\/\/goias.gov.br\/agr\/wp-content\/uploads\/sites\/43\/2024\/06\/AGRM1185foto-painel.jpg",2048,1153,false]},"rttpg_author":{"display_name":"joaorferreira@goias.gov.br","author_link":"https:\/\/goias.gov.br\/agr\/author\/joao-rferreiragoias-gov-br\/"},"rttpg_comment":0,"rttpg_category":"<a href=\"https:\/\/goias.gov.br\/agr\/categoria\/noticias\/\" rel=\"category tag\">Not\u00edcias<\/a>","rttpg_excerpt":"Transforma\u00e7\u00e3o digital \u00e9 uma ferramenta fundamental para a constru\u00e7\u00e3o de um Estado mais eficiente, transparente e conectado com as demandas da sociedade A Ag\u00eancia Goiana de Regula\u00e7\u00e3o (AGR) participou do 1\u00ba Semin\u00e1rio Estadual de Transforma\u00e7\u00e3o Digital, realizado nesta ter\u00e7a-feira (18) pelo Governo de Goi\u00e1s, por meio da Secretaria da Administra\u00e7\u00e3o (Sead). O evento, realizado no&hellip;","_links":{"self":[{"href":"https:\/\/goias.gov.br\/agr\/wp-json\/wp\/v2\/posts\/76969","targetHints":{"allow":["GET"]}}],"collection":[{"href":"https:\/\/goias.gov.br\/agr\/wp-json\/wp\/v2\/posts"}],"about":[{"href":"https:\/\/goias.gov.br\/agr\/wp-json\/wp\/v2\/types\/post"}],"author":[{"embeddable":true,"href":"https:\/\/goias.gov.br\/agr\/wp-json\/wp\/v2\/users\/391"}],"replies":[{"embeddable":true,"href":"https:\/\/goias.gov.br\/agr\/wp-json\/wp\/v2\/comments?post=76969"}],"version-history":[{"count":2,"href":"https:\/\/goias.gov.br\/agr\/wp-json\/wp\/v2\/posts\/76969\/revisions"}],"predecessor-version":[{"id":76973,"href":"https:\/\/goias.gov.br\/agr\/wp-json\/wp\/v2\/posts\/76969\/revisions\/76973"}],"wp:featuredmedia":[{"embeddable":true,"href":"https:\/\/goias.gov.br\/agr\/wp-json\/wp\/v2\/media\/76966"}],"wp:attachment":[{"href":"https:\/\/goias.gov.br\/agr\/wp-json\/wp\/v2\/media?parent=76969"}],"wp:term":[{"taxonomy":"category","embeddable":true,"href":"https:\/\/goias.gov.br\/agr\/wp-json\/wp\/v2\/categories?post=76969"},{"taxonomy":"post_tag","embeddable":true,"href":"https:\/\/goias.gov.br\/agr\/wp-json\/wp\/v2\/tags?post=76969"}],"curies":[{"name":"wp","href":"https:\/\/api.w.org\/{rel}","templated":true}]}}