

{"id":75095,"date":"2024-04-24T12:02:22","date_gmt":"2024-04-24T15:02:22","guid":{"rendered":"https:\/\/goias.gov.br\/agr\/?p=75095"},"modified":"2024-04-24T14:43:42","modified_gmt":"2024-04-24T17:43:42","slug":"rascunho-automatico","status":"publish","type":"post","link":"https:\/\/goias.gov.br\/agr\/rascunho-automatico\/","title":{"rendered":"AGR recebe visita institucional da Ag\u00eancia Reguladora de Rond\u00f4nia"},"content":{"rendered":"<p><img fetchpriority=\"high\" decoding=\"async\" class=\"alignnone size-full wp-image-75096\" src=\"https:\/\/goias.gov.br\/agr\/wp-content\/uploads\/sites\/43\/2024\/04\/b10178b8-45f3-4ae8-a755-008f07725f78.jpg\" alt=\"\" width=\"1600\" height=\"1200\" \/><\/p>\n<hr \/>\n<p style=\"text-align: center;\"><em>Encontro entre ag\u00eancias promoveu troca de experi\u00eancias e possibilidade para coopera\u00e7\u00e3o na \u00e1rea de regula\u00e7\u00e3o de servi\u00e7os p\u00fablicos<\/em><\/p>\n<p style=\"text-align: justify;\">A Ag\u00eancia Goiana de Regula\u00e7\u00e3o (AGR) recebeu nesta semana representantes da Ag\u00eancia de Regula\u00e7\u00e3o de Servi\u00e7os P\u00fablicos Delegados do Estado de Rond\u00f4nia (Agero), visando compartilhar boas pr\u00e1ticas na \u00e1rea de regula\u00e7\u00e3o de servi\u00e7os delegados. A visita, que se estendeu por dois dias, proporcionou aos dirigentes da Agero uma imers\u00e3o na estrutura e no funcionamento da AGR, permitindo-lhes conhecer de perto os principais projetos, as a\u00e7\u00f5es, os desafios e as conquistas da regula\u00e7\u00e3o em Goi\u00e1s.<\/p>\n<p style=\"text-align: justify;\">A presidente da Agero, Silvia Lucas da Silva Dias destacou, inicialmente, que entre as principais pautas das reuni\u00f5es na AGR estariam a regula\u00e7\u00e3o e fiscaliza\u00e7\u00e3o do saneamento b\u00e1sico e tamb\u00e9m as a\u00e7\u00f5es da ag\u00eancia na \u00e1rea de transporte intermunicipal, uma vez que a ag\u00eancia de Rond\u00f4nia tinha \u00e0 porta desafios importantes nesses dois setores regulados. Dentre os pontos que chamou a aten\u00e7\u00e3o dela para a visita \u00e0 AGR foi o acervo de normativos que a ag\u00eancia goiana vem construindo ao longo dos \u00faltimos anos.<\/p>\n<p style=\"text-align: justify;\">No primeiro dia, os visitantes foram recepcionados pelo presidente da AGR, Wagner Oliveira Gomes, pelos diretores Thiago Nepomuceno (Regula\u00e7\u00e3o e Fiscaliza\u00e7\u00e3o) e Andrea Bonanato (Gest\u00e3o Integrada), pelo chefe de gabinete Breno Pereira da Silva, al\u00e9m dos gerentes de Saneamento, Eduardo Henrique da Cunha, de Regula\u00e7\u00e3o Econ\u00f4mica, Rafael Carvalho, e a assessora da Diretoria de Regula\u00e7\u00e3o, Sinnara Godoy. Ao dar as boas-vindas \u00e0 comitiva, Wagner Gomes ressaltou a import\u00e2ncia desse movimento de integra\u00e7\u00e3o entre as ag\u00eancias.<\/p>\n<p style=\"text-align: justify;\">\u201cO dia a dia da ag\u00eancia nos consome muito e a gente precisa sair pra trocar experi\u00eancias, trocar ideias; esse \u00e9 um movimento muito importante e a Abar acaba proporcionando isso\u201d, afirmou, lembrando que recentemente a AGR sediou as C\u00e2maras T\u00e9cnicas em Goi\u00e2nia, um evento muito rico de troca de experi\u00eancias. \u201cA gente quer estar sempre nesses movimentos. Sejam muito bem-vindos\u201d, disse.<\/p>\n<p style=\"text-align: justify;\">A comitiva da Agero conheceu, no primeiro dia, os principais processos de revis\u00e3o e reajuste tarif\u00e1rios realizados pela ag\u00eancia nos \u00faltimos meses, como a do saneamento e do transporte intermunicipal, do metropolitano, TUT e outros. A AGR tamb\u00e9m apresentou aos dirigentes a Agenda Regulat\u00f3ria 2023\/2024 da autarquia. O documento apresenta as diretrizes do \u00f3rg\u00e3o, bem como os principais projetos de revis\u00e3o de normativas e processos de reajuste e revis\u00e3o tarif\u00e1ria a serem implementados nos pr\u00f3ximos meses.<\/p>\n<p style=\"text-align: justify;\">No segundo dia, o foco se voltou para o interc\u00e2mbio de experi\u00eancias e boas pr\u00e1ticas entre as duas ag\u00eancias. Em um rico debate, os representantes da AGR e da Agero puderam compartilhar seus desafios, solu\u00e7\u00f5es inovadoras e pr\u00e1ticas exitosas implementadas em seus respectivos estados, nas \u00e1reas de Saneamento B\u00e1sico, Transporte Intermunicipal de Passageiros, Regula\u00e7\u00e3o Econ\u00f4mica, Tecnologia e Informa\u00e7\u00e3o e Ouvidoria. Al\u00e9m disso, a AGR tamb\u00e9m apresentou o Planejamento Estrat\u00e9gico, os principais indicadores e o monitoramento das metas.<\/p>\n<p style=\"text-align: justify;\"><strong>Interc\u00e2mbio de experi\u00eancias<\/strong><br \/>\nSegundo o diretor de Regula\u00e7\u00e3o da AGR, Thiago Nepomuceno, visitas como a da Agero s\u00e3o fundamentais para o interc\u00e2mbio de informa\u00e7\u00f5es e pr\u00e1ticas regulat\u00f3rias realizadas nas distintas unidades. \u201cA AGR ganha ao conhecer setores que atualmente n\u00e3o s\u00e3o objeto de regula\u00e7\u00e3o como o transporte hidrovi\u00e1rio, e a Agero p\u00f4de conhecer as pr\u00e1ticas de regula\u00e7\u00e3o que v\u00eam sendo adotadas especialmente no transporte rodovi\u00e1rio intermunicipal de passageiros e no saneamento b\u00e1sico no estado de Goi\u00e1s\u201d, pontua o diretor de Regula\u00e7\u00e3o.<\/p>\n<p style=\"text-align: justify;\">Para a diretora-presidente da Agero, S\u00edlvia Lucas da Silva Dias, esse encontro promoveu uma importante e necess\u00e1ria intera\u00e7\u00e3o entre os membros das duas ag\u00eancias. \u201cQuero melhorar a ag\u00eancia, e a gente procura ver onde est\u00e1 dando certo. Vamos levar dessa visita conhecimento e um desejo de aplica\u00e7\u00e3o imediata na Agero das melhores pr\u00e1ticas adotadas pela AGR\u201d, afirmou a diretora-presidente da Agero.<\/p>\n<p>A delega\u00e7\u00e3o rondoniense que visitou a AGR \u00e9 composta pela diretora-presidente S\u00edlvia Lucas da Silva Dias; do diretor de Administra\u00e7\u00e3o, Finan\u00e7as e Planejamento, Kenny Abiorana Duran; do conselheiro da Agero e assessor do governador Marcos Rocha, Pedro Henrique Carvalho; do diretor de Normatiza\u00e7\u00f5es e Fiscaliza\u00e7\u00f5es, Aziz Rahal Neto; e da assessora Elda Rufino Monteiro Gomes.<\/p>\n<p style=\"text-align: justify;\">Em toda a visita, os dirigentes da Agero estiveram com os conselheiros Wagner Oliveira Gomes (presidente), Paulo Tiago Toledo Carvalho, Ricardo Baiocchi e Guy Cavalcanti, com os diretores Thiago Nepomuceno, de Regula\u00e7\u00e3o e Fiscaliza\u00e7\u00e3o, e Andrea Bonanato, de Gest\u00e3o Integrada; com os gerentes de Saneamento B\u00e1sico, Eduardo Henrique da Cunha, de Regula\u00e7\u00e3o Econ\u00f4mica, Rafael Carvalho, de Gest\u00e3o Institucional, Alexandre Ferraz, e de Tecnologia, Luciana Dutra Martins; com a t\u00e9cnica em Regula\u00e7\u00e3o, Sinnara Godoy; com o coordenador de Programas Institucionais, Hugo de Assis Furtado; com o ouvidor adjunto, Carlos Julio dos Santos; a atendente de ouvidoria, Luana Ribeiro de Sousa; e a estagi\u00e1ria da Ger\u00eancia de Saneamento, Lauren Cristina.<\/p>\n<p style=\"text-align: justify;\"><strong>Parcerias futuras<br \/>\n<\/strong>O encontro da Agero com a AGR pode resultar v\u00e1rias parcerias, incluindo poss\u00edvel termo de coopera\u00e7\u00e3o t\u00e9cnica para o compartilhamento de programas e dados entre as duas ag\u00eancias. Em experi\u00eancias goianas, como a da aplica\u00e7\u00e3o AGR Fiscal, por exemplo, pode-se construir uma parceria destinada ao compartilhamento do aplicativo que, posteriormente, pode ser aprimorado pela ag\u00eancia de Rond\u00f4nia conforme suas necessidades.<\/p>\n<p style=\"text-align: justify;\">A visita refor\u00e7a o compromisso de ambas as ag\u00eancias com a excel\u00eancia na regula\u00e7\u00e3o dos servi\u00e7os p\u00fablicos, contribuindo para o desenvolvimento dos servi\u00e7os regulados e a qualidade de vida da popula\u00e7\u00e3o.<\/p>\n<p style=\"text-align: justify;\"><strong>Ag\u00eancia Goiana de Regula\u00e7\u00e3o, Controle e Fiscaliza\u00e7\u00e3o de Servi\u00e7os P\u00fablicos (AGR) &#8211; Governo de Goi\u00e1s<\/strong><\/p>\n","protected":false},"excerpt":{"rendered":"<p>Encontro entre ag\u00eancias promoveu troca de experi\u00eancias e possibilidade para coopera\u00e7\u00e3o na \u00e1rea de regula\u00e7\u00e3o de servi\u00e7os p\u00fablicos A Ag\u00eancia Goiana de Regula\u00e7\u00e3o (AGR) recebeu nesta semana representantes da Ag\u00eancia de Regula\u00e7\u00e3o de Servi\u00e7os P\u00fablicos Delegados do Estado de Rond\u00f4nia (Agero), visando compartilhar boas pr\u00e1ticas na \u00e1rea de regula\u00e7\u00e3o de servi\u00e7os delegados. A visita, que [&hellip;]<\/p>\n","protected":false},"author":391,"featured_media":75096,"comment_status":"closed","ping_status":"open","sticky":false,"template":"","format":"standard","meta":{"footnotes":""},"categories":[47],"tags":[],"class_list":["post-75095","post","type-post","status-publish","format-standard","has-post-thumbnail","hentry","category-noticias"],"rttpg_featured_image_url":{"full":["https:\/\/goias.gov.br\/agr\/wp-content\/uploads\/sites\/43\/2024\/04\/b10178b8-45f3-4ae8-a755-008f07725f78.jpg",1600,1200,false],"landscape":["https:\/\/goias.gov.br\/agr\/wp-content\/uploads\/sites\/43\/2024\/04\/b10178b8-45f3-4ae8-a755-008f07725f78.jpg",1600,1200,false],"portraits":["https:\/\/goias.gov.br\/agr\/wp-content\/uploads\/sites\/43\/2024\/04\/b10178b8-45f3-4ae8-a755-008f07725f78.jpg",1600,1200,false],"thumbnail":["https:\/\/goias.gov.br\/agr\/wp-content\/uploads\/sites\/43\/2024\/04\/b10178b8-45f3-4ae8-a755-008f07725f78.jpg",150,113,false],"medium":["https:\/\/goias.gov.br\/agr\/wp-content\/uploads\/sites\/43\/2024\/04\/b10178b8-45f3-4ae8-a755-008f07725f78.jpg",300,225,false],"large":["https:\/\/goias.gov.br\/agr\/wp-content\/uploads\/sites\/43\/2024\/04\/b10178b8-45f3-4ae8-a755-008f07725f78.jpg",1024,768,false],"1536x1536":["https:\/\/goias.gov.br\/agr\/wp-content\/uploads\/sites\/43\/2024\/04\/b10178b8-45f3-4ae8-a755-008f07725f78.jpg",1536,1152,false],"2048x2048":["https:\/\/goias.gov.br\/agr\/wp-content\/uploads\/sites\/43\/2024\/04\/b10178b8-45f3-4ae8-a755-008f07725f78.jpg",1600,1200,false]},"rttpg_author":{"display_name":"joaorferreira@goias.gov.br","author_link":"https:\/\/goias.gov.br\/agr\/author\/joao-rferreiragoias-gov-br\/"},"rttpg_comment":0,"rttpg_category":"<a href=\"https:\/\/goias.gov.br\/agr\/categoria\/noticias\/\" rel=\"category tag\">Not\u00edcias<\/a>","rttpg_excerpt":"Encontro entre ag\u00eancias promoveu troca de experi\u00eancias e possibilidade para coopera\u00e7\u00e3o na \u00e1rea de regula\u00e7\u00e3o de servi\u00e7os p\u00fablicos A Ag\u00eancia Goiana de Regula\u00e7\u00e3o (AGR) recebeu nesta semana representantes da Ag\u00eancia de Regula\u00e7\u00e3o de Servi\u00e7os P\u00fablicos Delegados do Estado de Rond\u00f4nia (Agero), visando compartilhar boas pr\u00e1ticas na \u00e1rea de regula\u00e7\u00e3o de servi\u00e7os delegados. A visita, que&hellip;","_links":{"self":[{"href":"https:\/\/goias.gov.br\/agr\/wp-json\/wp\/v2\/posts\/75095","targetHints":{"allow":["GET"]}}],"collection":[{"href":"https:\/\/goias.gov.br\/agr\/wp-json\/wp\/v2\/posts"}],"about":[{"href":"https:\/\/goias.gov.br\/agr\/wp-json\/wp\/v2\/types\/post"}],"author":[{"embeddable":true,"href":"https:\/\/goias.gov.br\/agr\/wp-json\/wp\/v2\/users\/391"}],"replies":[{"embeddable":true,"href":"https:\/\/goias.gov.br\/agr\/wp-json\/wp\/v2\/comments?post=75095"}],"version-history":[{"count":2,"href":"https:\/\/goias.gov.br\/agr\/wp-json\/wp\/v2\/posts\/75095\/revisions"}],"predecessor-version":[{"id":75108,"href":"https:\/\/goias.gov.br\/agr\/wp-json\/wp\/v2\/posts\/75095\/revisions\/75108"}],"wp:featuredmedia":[{"embeddable":true,"href":"https:\/\/goias.gov.br\/agr\/wp-json\/wp\/v2\/media\/75096"}],"wp:attachment":[{"href":"https:\/\/goias.gov.br\/agr\/wp-json\/wp\/v2\/media?parent=75095"}],"wp:term":[{"taxonomy":"category","embeddable":true,"href":"https:\/\/goias.gov.br\/agr\/wp-json\/wp\/v2\/categories?post=75095"},{"taxonomy":"post_tag","embeddable":true,"href":"https:\/\/goias.gov.br\/agr\/wp-json\/wp\/v2\/tags?post=75095"}],"curies":[{"name":"wp","href":"https:\/\/api.w.org\/{rel}","templated":true}]}}