

{"id":74900,"date":"2024-04-15T15:51:39","date_gmt":"2024-04-15T18:51:39","guid":{"rendered":"https:\/\/goias.gov.br\/agr\/?p=74900"},"modified":"2024-04-15T15:51:39","modified_gmt":"2024-04-15T18:51:39","slug":"agr-participa-de-encontro-de-gestores-da-saneago","status":"publish","type":"post","link":"https:\/\/goias.gov.br\/agr\/agr-participa-de-encontro-de-gestores-da-saneago\/","title":{"rendered":"AGR participa de Encontro de Gestores da Saneago"},"content":{"rendered":"<p><img fetchpriority=\"high\" decoding=\"async\" class=\"alignnone size-full wp-image-74901\" src=\"https:\/\/goias.gov.br\/agr\/wp-content\/uploads\/sites\/43\/2024\/04\/2af4acec-7090-4456-82ff-11f80f49c2cc.jpg\" alt=\"\" width=\"1280\" height=\"854\" \/><\/p>\n<hr \/>\n<p style=\"text-align: center;\"><em>Evento, no Teatro Sesi, contou com a presen\u00e7a do vice-governador Daniel Vilela e v\u00e1rias autoridades. Ser\u00e3o dois dias de treinamento e compartilhamento de informa\u00e7\u00f5es com os gestores das unidades da concession\u00e1ria<\/em><\/p>\n<p style=\"text-align: justify;\">A Saneamento de Goi\u00e1s S\/A (Saneago) realizou, nesta manh\u00e3 de segunda-feira (15\/04), a solenidade de abertura do Encontro Anual de Gestores 2024 que tem por objetivo apresentar as metas, os indicadores e as ferramentas estrat\u00e9gicas das diferentes unidades da Companhia, promovendo o treinamento e o compartilhamento de informa\u00e7\u00f5es entre as unidades e os seus gestores. O encontro foi aberto pelo vice-governador Daniel Vilela e contou com a participa\u00e7\u00e3o do secret\u00e1rio de Infraestrutura, Pedro Sales, do presidente da AGR, Wagner Oliveira Gomes, do presidente da Ag\u00eancia de Regula\u00e7\u00e3o de Goi\u00e2nia (AR), Hudson Novais, do presidente do Conselho de Administra\u00e7\u00e3o da Saneago, Gilvan C\u00e2ndido, do diretor presidente da Saneago, Ricardo Soavinski, e demais diretores.<\/p>\n<p style=\"text-align: justify;\">Na sua fala, o presidente da AGR destacou que a ag\u00eancia teve uma participa\u00e7\u00e3o fundamental no processo de regionaliza\u00e7\u00e3o e que o ambiente da regula\u00e7\u00e3o cada vez mais complexo tem exigido a ado\u00e7\u00e3o em Goi\u00e1s do que h\u00e1 de mais moderno em pr\u00e1ticas regulat\u00f3rias. Ele lembrou que no ano passado a AGR revisou a metodologia de c\u00e1lculo do reajuste tarif\u00e1rio dos servi\u00e7os de saneamento b\u00e1sico, com a inclus\u00e3o de \u00edndices de qualidade e produtividade, o que foi um avan\u00e7o.<\/p>\n<p style=\"text-align: justify;\">Wagner Oliveira Gomes tamb\u00e9m enfatizou que a AGR est\u00e1 construindo, em conjunto com as ag\u00eancias municipais algo que \u00e9 in\u00e9dito na regula\u00e7\u00e3o no estado, que s\u00e3o os contratos de programas para regula\u00e7\u00e3o compartilhada entre as ag\u00eancias, para o acompanhamento do compromisso de universaliza\u00e7\u00e3o dos servi\u00e7os. Outro esfor\u00e7o da AGR, conforme disse o conselheiro presidente da ag\u00eancia \u00e9 a agenda regulat\u00f3ria para o saneamento, que j\u00e1 est\u00e1 publicada e que prev\u00ea para este ano a revis\u00e3o da Resolu\u00e7\u00e3o Normativa 09, al\u00e9m da implementa\u00e7\u00e3o da metodologia Acertar, em que j\u00e1 foi poss\u00edvel fazer a avalia\u00e7\u00e3o do ciclo 2021 cujo resultado ser\u00e1 em breve apresentado \u00e0 Saneago.<\/p>\n<p style=\"text-align: justify;\">Ele parabenizou a Saneago pelo evento e reafirmou que hoje h\u00e1 um ambiente do ponto de vista da regula\u00e7\u00e3o harm\u00f4nico entre as ag\u00eancias municipais de Goi\u00e2nia, Rio Verde e An\u00e1polis e a AGR. \u201cTemos um ambiente muito prop\u00edcio para que a gente consiga aqui alcan\u00e7ar o objetivo maior que \u00e9 a universaliza\u00e7\u00e3o do saneamento\u201d, concluiu.<\/p>\n<p style=\"text-align: justify;\"><strong>Programa\u00e7\u00e3o<\/strong><br \/>\nEm dois dias de atividades, a segunda edi\u00e7\u00e3o do Encontro Anual de Gestores da Saneago prev\u00ea, entre outros trabalhos, a apresenta\u00e7\u00e3o do Planejamento Estrat\u00e9gico 2024\/2028; o Plano de Investimento 2024; o Pr\u00eamio Nacional de Qualidade do Saneamento (PNQS); o \u00ecndixce de Gest\u00e3o Operacional Plena (Igop); Seguran\u00e7a H\u00eddrica, Progn\u00f3sticos Clim\u00e1ticos e os Cen\u00e1rios de Enfrentamento da Estiagem; Inova\u00e7\u00e3o Tecnol\u00f3gica como ferramenta de melhoria das unidades operacionais; e Os Avan\u00e7os e As Perspectivas com Projetos de Engenharia, Contratos de Obras e Servi\u00e7os e Sistema GIS para Opera\u00e7\u00e3o.<\/p>\n<p style=\"text-align: justify;\">E ainda: Apresenta\u00e7\u00e3o de resultados das diferentes superintend\u00eancias regionais; o plano de conrata\u00e7\u00f5es anual; lan\u00e7amento do programa de cuidado \u00e0 sa\u00fade mental e qualidade de vida e a nova estrutura organizacional da Superintend\u00eancia de Comercializa\u00e7\u00e3o. Ser\u00e1 apresentada, tamb\u00e9m, a taxa de manejo de res\u00edduos s\u00f3lidos urbanos; a an\u00e1lise e o controle dos cortes; a avalia\u00e7\u00e3o e o aprimoramento comercial; as normativas sobre pagamentos e fundo rotativo; compliance e ouvidoria.; os obst\u00e1culos enfrentados e os resultados alcan\u00e7ados pela Superintend\u00eancia de Obras; a nova presta\u00e7\u00e3o direta e a extens\u00e3o do prazo contratual com os munic\u00edpios.<\/p>\n<p style=\"text-align: justify;\"><strong>Ag\u00eancia Goiana de Regula\u00e7\u00e3o, Controle e Fiscaliza\u00e7\u00e3o dos Servi\u00e7os P\u00fablicos (AGR) \u2013 Governo de Goi\u00e1s<\/strong><\/p>\n","protected":false},"excerpt":{"rendered":"<p>Evento, no Teatro Sesi, contou com a presen\u00e7a do vice-governador Daniel Vilela e v\u00e1rias autoridades. Ser\u00e3o dois dias de treinamento e compartilhamento de informa\u00e7\u00f5es com os gestores das unidades da concession\u00e1ria A Saneamento de Goi\u00e1s S\/A (Saneago) realizou, nesta manh\u00e3 de segunda-feira (15\/04), a solenidade de abertura do Encontro Anual de Gestores 2024 que tem [&hellip;]<\/p>\n","protected":false},"author":391,"featured_media":74901,"comment_status":"closed","ping_status":"open","sticky":false,"template":"","format":"standard","meta":{"footnotes":""},"categories":[47],"tags":[],"class_list":["post-74900","post","type-post","status-publish","format-standard","has-post-thumbnail","hentry","category-noticias"],"rttpg_featured_image_url":{"full":["https:\/\/goias.gov.br\/agr\/wp-content\/uploads\/sites\/43\/2024\/04\/2af4acec-7090-4456-82ff-11f80f49c2cc.jpg",1280,854,false],"landscape":["https:\/\/goias.gov.br\/agr\/wp-content\/uploads\/sites\/43\/2024\/04\/2af4acec-7090-4456-82ff-11f80f49c2cc.jpg",1280,854,false],"portraits":["https:\/\/goias.gov.br\/agr\/wp-content\/uploads\/sites\/43\/2024\/04\/2af4acec-7090-4456-82ff-11f80f49c2cc.jpg",1280,854,false],"thumbnail":["https:\/\/goias.gov.br\/agr\/wp-content\/uploads\/sites\/43\/2024\/04\/2af4acec-7090-4456-82ff-11f80f49c2cc.jpg",150,100,false],"medium":["https:\/\/goias.gov.br\/agr\/wp-content\/uploads\/sites\/43\/2024\/04\/2af4acec-7090-4456-82ff-11f80f49c2cc.jpg",300,200,false],"large":["https:\/\/goias.gov.br\/agr\/wp-content\/uploads\/sites\/43\/2024\/04\/2af4acec-7090-4456-82ff-11f80f49c2cc.jpg",1024,683,false],"1536x1536":["https:\/\/goias.gov.br\/agr\/wp-content\/uploads\/sites\/43\/2024\/04\/2af4acec-7090-4456-82ff-11f80f49c2cc.jpg",1280,854,false],"2048x2048":["https:\/\/goias.gov.br\/agr\/wp-content\/uploads\/sites\/43\/2024\/04\/2af4acec-7090-4456-82ff-11f80f49c2cc.jpg",1280,854,false]},"rttpg_author":{"display_name":"joaorferreira@goias.gov.br","author_link":"https:\/\/goias.gov.br\/agr\/author\/joao-rferreiragoias-gov-br\/"},"rttpg_comment":0,"rttpg_category":"<a href=\"https:\/\/goias.gov.br\/agr\/categoria\/noticias\/\" rel=\"category tag\">Not\u00edcias<\/a>","rttpg_excerpt":"Evento, no Teatro Sesi, contou com a presen\u00e7a do vice-governador Daniel Vilela e v\u00e1rias autoridades. Ser\u00e3o dois dias de treinamento e compartilhamento de informa\u00e7\u00f5es com os gestores das unidades da concession\u00e1ria A Saneamento de Goi\u00e1s S\/A (Saneago) realizou, nesta manh\u00e3 de segunda-feira (15\/04), a solenidade de abertura do Encontro Anual de Gestores 2024 que tem&hellip;","_links":{"self":[{"href":"https:\/\/goias.gov.br\/agr\/wp-json\/wp\/v2\/posts\/74900","targetHints":{"allow":["GET"]}}],"collection":[{"href":"https:\/\/goias.gov.br\/agr\/wp-json\/wp\/v2\/posts"}],"about":[{"href":"https:\/\/goias.gov.br\/agr\/wp-json\/wp\/v2\/types\/post"}],"author":[{"embeddable":true,"href":"https:\/\/goias.gov.br\/agr\/wp-json\/wp\/v2\/users\/391"}],"replies":[{"embeddable":true,"href":"https:\/\/goias.gov.br\/agr\/wp-json\/wp\/v2\/comments?post=74900"}],"version-history":[{"count":1,"href":"https:\/\/goias.gov.br\/agr\/wp-json\/wp\/v2\/posts\/74900\/revisions"}],"predecessor-version":[{"id":74902,"href":"https:\/\/goias.gov.br\/agr\/wp-json\/wp\/v2\/posts\/74900\/revisions\/74902"}],"wp:featuredmedia":[{"embeddable":true,"href":"https:\/\/goias.gov.br\/agr\/wp-json\/wp\/v2\/media\/74901"}],"wp:attachment":[{"href":"https:\/\/goias.gov.br\/agr\/wp-json\/wp\/v2\/media?parent=74900"}],"wp:term":[{"taxonomy":"category","embeddable":true,"href":"https:\/\/goias.gov.br\/agr\/wp-json\/wp\/v2\/categories?post=74900"},{"taxonomy":"post_tag","embeddable":true,"href":"https:\/\/goias.gov.br\/agr\/wp-json\/wp\/v2\/tags?post=74900"}],"curies":[{"name":"wp","href":"https:\/\/api.w.org\/{rel}","templated":true}]}}