

{"id":72700,"date":"2023-09-25T11:10:16","date_gmt":"2023-09-25T14:10:16","guid":{"rendered":"https:\/\/siteshom.goias.gov.br\/agr\/fly-transportes-eireli\/"},"modified":"2026-03-18T20:28:24","modified_gmt":"2026-03-18T23:28:24","slug":"fly-transportes-eireli","status":"publish","type":"post","link":"https:\/\/goias.gov.br\/agr\/fly-transportes-eireli\/","title":{"rendered":"Fly Transportes EIRELI"},"content":{"rendered":"<h2>Termos de Autoriza\u00e7\u00e3o<\/h2>\n<ul>\n<li><a href=\"https:\/\/goias.gov.br\/agr\/wp-content\/uploads\/sites\/43\/2023\/09\/Termo-aut-n-223.2023-fly-e93.pdf\">Termo de Autoriza\u00e7\u00e3o n\u00ba 0223.2023 &#8211; Fly Transportes EIRELI<\/a><\/li>\n<li><a href=\"https:\/\/goias.gov.br\/agr\/wp-content\/uploads\/sites\/43\/2025\/09\/ermo-de-Autorizacao-no-0290.2025-Fly-Transportes-Ltda.pdf\">Termo de Autoriza\u00e7\u00e3o n\u00ba 0290.2025 &#8211; Fly Transportes Ltda<\/a><\/li>\n<li><a href=\"https:\/\/goias.gov.br\/agr\/wp-content\/uploads\/sites\/43\/2025\/09\/Termo-de-Autorizacao-0293.2025-Fly-Transportes-Ltda.pdf\">Termo de Autoriza\u00e7\u00e3o n\u00ba 0293.2025 \u2013 Fly Transportes Ltda<\/a><\/li>\n<li><a href=\"https:\/\/goias.gov.br\/agr\/wp-content\/uploads\/sites\/43\/2026\/01\/Termo-de-Autorizacao-no-303.2026-Fly-Transportes-Ltda.pdf\">Termo de Autoriza\u00e7\u00e3o n\u00ba 303.2026 \u2013 Fly Transportes Ltda<\/a><\/li>\n<li><a href=\"https:\/\/goias.gov.br\/agr\/wp-content\/uploads\/sites\/43\/2026\/01\/Termo-de-Autorizacao-no-320.2026-Fly-Transportes-Ltda.pdf\">Termo de Autoriza\u00e7\u00e3o n\u00ba 0320.2026 \u2013 Fly Transportes Ltda<\/a><\/li>\n<\/ul>\n<h2><strong>Pre\u00e7o de Passagens<\/strong><\/h2>\n<p><strong>ANO 2026<\/strong><\/p>\n<ul>\n<li><strong>2026\u00a0<\/strong>\n<ul>\n<li><a href=\"https:\/\/goias.gov.br\/agr\/wp-content\/uploads\/sites\/43\/2026\/01\/QT-Linha-no-6184.303-00-Goiania-a-Varjao-via-BR-060.pdf\">Linha 6184.303-00 Goi\u00e2nia a Varj\u00e3o (via BR-060)<\/a><\/li>\n<li><a href=\"https:\/\/goias.gov.br\/agr\/wp-content\/uploads\/sites\/43\/2026\/01\/QT-Linha-no-6184.320-00-Goiania-a-Parauna-Via-Cezarina-e-Palmeiras-de-Goias.pdf\">Linha n\u00ba 6184.320-00 Goi\u00e2nia a Para\u00fana (Via Cezarina e Palmeiras de Goi\u00e1s)<\/a><\/li>\n<\/ul>\n<\/li>\n<\/ul>\n<hr \/>\n<p><strong>ANO 2025<\/strong><\/p>\n<ul>\n<li><strong>Reajustados Novembro\/2025\u00a0<\/strong>\n<ul>\n<li><a href=\"https:\/\/goias.gov.br\/agr\/wp-content\/uploads\/sites\/43\/2025\/10\/T-6184.223-00-\u2013-Goiania-a-Uruana-via-Inhumas-e-Inhumas.pdf\">Linha 6184.223-00 \u2013 Goi\u00e2nia a Uruana (via Inhumas e Itau\u00e7u)<\/a><\/li>\n<li><a href=\"https:\/\/goias.gov.br\/agr\/wp-content\/uploads\/sites\/43\/2025\/10\/QT-Linha-no-6184.1290-00-Uruana-a-Sao-Patricio.pdf\">Linha 6184.1290-00 Uruana a S\u00e3o Patr\u00edcio (via Carmo do Rio Verde)<\/a><\/li>\n<\/ul>\n<\/li>\n<\/ul>\n<hr \/>\n<ul>\n<li><strong>2025<\/strong>\n<ul>\n<li><a href=\"https:\/\/goias.gov.br\/agr\/wp-content\/uploads\/sites\/43\/2025\/03\/L-n-6184.223-00-Goiania-Uruana-Inhumas-Itaucu.pdf\">Linha 6184.223-00 &#8211; Goi\u00e2nia a Uruana (via Inhumas e Itau\u00e7u)<\/a><\/li>\n<li><a href=\"https:\/\/goias.gov.br\/agr\/wp-content\/uploads\/sites\/43\/2025\/09\/QT-6184.1290-00-Uruana-a-Sao-Patricio-via-Carmo-do-Rio-Verde.pdf\">Linha 6184.1290-00 Uruana a S\u00e3o Patr\u00edcio (via Carmo do Rio Verde)<\/a><\/li>\n<li><a href=\"https:\/\/goias.gov.br\/agr\/wp-content\/uploads\/sites\/43\/2025\/09\/QT-Linha-no-6184.293-00-Goiania-a-Parauna-via-Indiara-e-Jandaia.pdf\">Linha 6184.293-00 Goi\u00e2nia a Para\u00fana (via Indiara e Jandaia)<\/a><\/li>\n<li><a href=\"https:\/\/goias.gov.br\/agr\/wp-content\/uploads\/sites\/43\/2025\/10\/QT-da-Linha-no-6184.1297-00-Rubiataba-a-Sao-Patricio.pdf\">Linha 6184.1297-00 Rubiataba a S\u00e3o Patr\u00edcio<\/a><\/li>\n<\/ul>\n<\/li>\n<\/ul>\n<hr \/>\n<ul>\n<li><strong>Ano 2023<\/strong>\n<ul>\n<li><a href=\"https:\/\/goias.gov.br\/agr\/wp-content\/uploads\/sites\/43\/2024\/03\/L-n-6184.223-00-Goiania-Uruana-Inhumas-Itaucu.pdf\">Linha 6184.223-00 &#8211; Goi\u00e2nia a Uruana (via Inhumas e Itau\u00e7u)<\/a><\/li>\n<\/ul>\n<\/li>\n<\/ul>\n\n\n<p><\/p>\n","protected":false},"excerpt":{"rendered":"<p>Termos de Autoriza\u00e7\u00e3o Termo de Autoriza\u00e7\u00e3o n\u00ba 0223.2023 &#8211; Fly Transportes EIRELI Termo de Autoriza\u00e7\u00e3o n\u00ba 0290.2025 &#8211; Fly Transportes Ltda Termo de Autoriza\u00e7\u00e3o n\u00ba 0293.2025 \u2013 Fly Transportes Ltda Termo de Autoriza\u00e7\u00e3o n\u00ba 303.2026 \u2013 Fly Transportes Ltda Termo de Autoriza\u00e7\u00e3o n\u00ba 0320.2026 \u2013 Fly Transportes Ltda Pre\u00e7o de Passagens ANO 2026 2026\u00a0 Linha [&hellip;]<\/p>\n","protected":false},"author":874,"featured_media":0,"comment_status":"closed","ping_status":"open","sticky":false,"template":"","format":"standard","meta":{"footnotes":""},"categories":[48],"tags":[],"class_list":["post-72700","post","type-post","status-publish","format-standard","hentry","category-transporte-menu-vertical"],"rttpg_featured_image_url":null,"rttpg_author":{"display_name":"anafsouza","author_link":"https:\/\/goias.gov.br\/agr\/author\/anafsouza\/"},"rttpg_comment":0,"rttpg_category":"<a href=\"https:\/\/goias.gov.br\/agr\/categoria\/regulacao-e-fiscalizacao\/transporte-menu-vertical\/\" rel=\"category tag\">Transporte<\/a>","rttpg_excerpt":"Termos de Autoriza\u00e7\u00e3o Termo de Autoriza\u00e7\u00e3o n\u00ba 0223.2023 &#8211; Fly Transportes EIRELI Termo de Autoriza\u00e7\u00e3o n\u00ba 0290.2025 &#8211; Fly Transportes Ltda Termo de Autoriza\u00e7\u00e3o n\u00ba 0293.2025 \u2013 Fly Transportes Ltda Termo de Autoriza\u00e7\u00e3o n\u00ba 303.2026 \u2013 Fly Transportes Ltda Termo de Autoriza\u00e7\u00e3o n\u00ba 0320.2026 \u2013 Fly Transportes Ltda Pre\u00e7o de Passagens ANO 2026 2026\u00a0 Linha&hellip;","_links":{"self":[{"href":"https:\/\/goias.gov.br\/agr\/wp-json\/wp\/v2\/posts\/72700","targetHints":{"allow":["GET"]}}],"collection":[{"href":"https:\/\/goias.gov.br\/agr\/wp-json\/wp\/v2\/posts"}],"about":[{"href":"https:\/\/goias.gov.br\/agr\/wp-json\/wp\/v2\/types\/post"}],"author":[{"embeddable":true,"href":"https:\/\/goias.gov.br\/agr\/wp-json\/wp\/v2\/users\/874"}],"replies":[{"embeddable":true,"href":"https:\/\/goias.gov.br\/agr\/wp-json\/wp\/v2\/comments?post=72700"}],"version-history":[{"count":2,"href":"https:\/\/goias.gov.br\/agr\/wp-json\/wp\/v2\/posts\/72700\/revisions"}],"predecessor-version":[{"id":303941,"href":"https:\/\/goias.gov.br\/agr\/wp-json\/wp\/v2\/posts\/72700\/revisions\/303941"}],"wp:attachment":[{"href":"https:\/\/goias.gov.br\/agr\/wp-json\/wp\/v2\/media?parent=72700"}],"wp:term":[{"taxonomy":"category","embeddable":true,"href":"https:\/\/goias.gov.br\/agr\/wp-json\/wp\/v2\/categories?post=72700"},{"taxonomy":"post_tag","embeddable":true,"href":"https:\/\/goias.gov.br\/agr\/wp-json\/wp\/v2\/tags?post=72700"}],"curies":[{"name":"wp","href":"https:\/\/api.w.org\/{rel}","templated":true}]}}