

{"id":72568,"date":"2023-07-18T16:34:05","date_gmt":"2023-07-18T19:34:05","guid":{"rendered":"https:\/\/siteshom.goias.gov.br\/agr\/consultas-publicas-2022\/"},"modified":"2025-10-03T15:12:32","modified_gmt":"2025-10-03T18:12:32","slug":"consultas-publicas-2022","status":"publish","type":"post","link":"https:\/\/goias.gov.br\/agr\/consultas-publicas-2022\/","title":{"rendered":"Consultas P\u00fablicas &#8211; 2022"},"content":{"rendered":"<h4><b>Consulta P\u00fablica N\u00ba 013<\/b><\/h4>\n<p style=\"text-align: justify;\"><strong>Assunto:<\/strong>\u00a0Reajuste Tarif\u00e1rio Anual, Nota T\u00e9cnica Conjunta Preliminar n\u00ba 6\/2022, da prestadora dos servi\u00e7os p\u00fablicos de abastecimento de \u00e1gua e esgotamento sanit\u00e1rio, Saneamento de Goi\u00e1s S.A.<b><\/b><\/p>\n<ul>\n<li style=\"text-align: justify;\"><a href=\"https:\/\/goias.gov.br\/agr\/wp-content\/uploads\/sites\/43\/2022\/11\/diario-oficial-extrato-publicacao-201.pdf\">Aviso<\/a>\u00a0&#8211; Di\u00e1rio Oficial.<\/li>\n<li style=\"text-align: justify;\"><a href=\"https:\/\/goias.gov.br\/agr\/wp-content\/uploads\/sites\/43\/2022\/11\/Extrato-de-Publicacao-DO-679.pdf\">Aviso<\/a>\u00a0&#8211; Extrato de Publica\u00e7\u00e3o.<\/li>\n<li style=\"text-align: justify;\"><a href=\"https:\/\/goias.gov.br\/agr\/wp-content\/uploads\/sites\/43\/2022\/11\/Contrtibuicao-Saneago-a66.pdf\">Contribui\u00e7\u00e3o<\/a>\u00a0&#8211; Saneago.<\/li>\n<li style=\"text-align: justify;\"><a href=\"https:\/\/goias.gov.br\/agr\/wp-content\/uploads\/sites\/43\/2022\/11\/Oficio-MP-c9c.pdf\">Of\u00edcio<\/a>\u00a0&#8211; Minist\u00e9rio P\u00fablico.<\/li>\n<li style=\"text-align: justify;\"><a href=\"https:\/\/goias.gov.br\/agr\/wp-content\/uploads\/sites\/43\/2022\/11\/Oficio-Procon-Goiania-e0a.pdf\">Of\u00edcio<\/a>\u00a0&#8211; Procon &#8211; Goi\u00e2nia.<\/li>\n<li style=\"text-align: justify;\"><a href=\"https:\/\/goias.gov.br\/agr\/wp-content\/uploads\/sites\/43\/2022\/11\/Oficio-Procon-Goias-afa.pdf\">Of\u00edcio<\/a>\u00a0&#8211; Procon &#8211; Goi\u00e1s.<\/li>\n<li style=\"text-align: justify;\"><a href=\"https:\/\/goias.gov.br\/agr\/wp-content\/uploads\/sites\/43\/2022\/11\/Nota-Tecnica-6.2022-1d3.pdf\">Nota T\u00e9cnica Conjunta n\u00ba 6\/2022<\/a>\u00a0&#8211;\u00a0AGR\/AR\/AMAE\/ARM.<\/li>\n<li style=\"text-align: justify;\"><a href=\"https:\/\/goias.gov.br\/agr\/wp-content\/uploads\/sites\/43\/2022\/11\/RC-001-2023-27c.pdf\">Relat\u00f3rio Conjunto n\u00ba 1\/2023<\/a>\u00a0&#8211; AGR\/AR\/AMAE.<\/li>\n<li style=\"text-align: justify;\"><a href=\"https:\/\/goias.gov.br\/agr\/wp-content\/uploads\/sites\/43\/2022\/11\/NT-001-2023-252.pdf\">Nota T\u00e9cnica Conjunta n\u00ba 1\/2023<\/a>\u00a0&#8211;\u00a0AGR\/AR\/AMAE.<\/li>\n<li style=\"text-align: justify;\"><a href=\"https:\/\/goias.gov.br\/agr\/wp-content\/uploads\/sites\/43\/2022\/11\/Planilha-Calculo-IRT-2023-Consulta-Publica-novo-cec.xlsx\">Planilha de C\u00e1lculo IRT 2023<\/a>\u00a0&#8211; An\u00e1lise Consulta P\u00fablica.<\/li>\n<li style=\"text-align: justify;\"><a href=\"https:\/\/goias.gov.br\/agr\/wp-content\/uploads\/sites\/43\/2022\/11\/Resolucao-CR-21-2023-AGR-ddf.pdf\">Resolu\u00e7\u00e3o do Conselho Regulador n\u00ba 21-2023-AGR<\/a>\u00a0&#8211; Metodologia do Reajuste 2023.<\/li>\n<\/ul>\n<hr \/>\n<h4><b>Consulta P\u00fablica N\u00ba 012<\/b><\/h4>\n<p style=\"text-align: justify;\"><strong>Assunto:<\/strong>\u00a0Minuta de resolu\u00e7\u00e3o normativa\u00a0 que disp\u00f5e sobre a altera\u00e7\u00e3o de dispositivos da Resolu\u00e7\u00e3o Normativa n\u00ba 0073\/2016 \u2013 CR, que disp\u00f5e sobre os dados t\u00e9cnicos inerentes \u00e0 estrutura tarif\u00e1ria, metodologia tarifaria e defini\u00e7\u00e3o das tarifas para o servi\u00e7o de transporte rodovi\u00e1rio intermunicipal de passageiros do Estado de Goi\u00e1s.<b><\/b><\/p>\n<ul>\n<li style=\"text-align: justify;\"><a href=\"https:\/\/goias.gov.br\/agr\/wp-content\/uploads\/sites\/43\/2023\/07\/extrato-publicacao-DO-19d.pdf\">Aviso<\/a>\u00a0&#8211; Di\u00e1rio Oficial.<\/li>\n<li style=\"text-align: justify;\"><a href=\"https:\/\/goias.gov.br\/agr\/wp-content\/uploads\/sites\/43\/2023\/07\/extrato-publicacao-aviso-9a2.pdf\">Aviso<\/a>\u00a0&#8211; Extrato de Publica\u00e7\u00e3o.<\/li>\n<li style=\"text-align: justify;\"><a href=\"https:\/\/goias.gov.br\/agr\/wp-content\/uploads\/sites\/43\/2023\/07\/resolucao-minuta-b99.pdf\">Resolu\u00e7\u00e3o<\/a>\u00a0&#8211; Minuta.<\/li>\n<li style=\"text-align: justify;\"><a href=\"https:\/\/goias.gov.br\/agr\/wp-content\/uploads\/sites\/43\/2023\/07\/oficio-ministerio-publico-bc5.pdf\">Of\u00edcio<\/a>\u00a0&#8211; Minist\u00e9rio P\u00fablico.<\/li>\n<li style=\"text-align: justify;\"><a href=\"https:\/\/goias.gov.br\/agr\/wp-content\/uploads\/sites\/43\/2023\/07\/oficio-procon-goiania-7e4.pdf\">Of\u00edcio<\/a>\u00a0&#8211; Procon &#8211; Goi\u00e2nia.<\/li>\n<li style=\"text-align: justify;\"><a href=\"https:\/\/goias.gov.br\/agr\/wp-content\/uploads\/sites\/43\/2023\/07\/oficio-procon-goias-e9c.pdf\">Of\u00edcio<\/a>\u00a0&#8211; Procon &#8211; Goi\u00e1s.<\/li>\n<\/ul>\n<hr \/>\n<h4><b>Consulta P\u00fablica N\u00ba 011<\/b><\/h4>\n<p style=\"text-align: justify;\"><strong>Assunto:<\/strong>\u00a0METODOLOGIA DO COMPONENTE QUALIDADE (Q) DO FATOR DE PRODUTIVIDADE X.<b><\/b><\/p>\n<ul>\n<li style=\"text-align: justify;\"><a href=\"https:\/\/goias.gov.br\/agr\/wp-content\/uploads\/sites\/43\/2022\/11\/Aviso-Diario-Oficial-839.pdf\">Aviso<\/a>\u00a0&#8211; Di\u00e1rio Oficial.<\/li>\n<li style=\"text-align: justify;\"><a href=\"https:\/\/goias.gov.br\/agr\/wp-content\/uploads\/sites\/43\/2022\/11\/Extrato-de-Publicacao-570.pdf\">Aviso<\/a>\u00a0&#8211; Extrato de Publica\u00e7\u00e3o.<\/li>\n<li style=\"text-align: justify;\"><a href=\"https:\/\/goias.gov.br\/agr\/wp-content\/uploads\/sites\/43\/2022\/11\/Oficio-Ministerio-Publico-779.pdf\">Of\u00edcio<\/a>\u00a0&#8211; Minist\u00e9rio P\u00fablico.<\/li>\n<li style=\"text-align: justify;\"><a href=\"https:\/\/goias.gov.br\/agr\/wp-content\/uploads\/sites\/43\/2022\/11\/Oficio-Procon-Goiania-a62.pdf\">Of\u00edcio<\/a>\u00a0&#8211; Procon &#8211; Goi\u00e2nia.<\/li>\n<li style=\"text-align: justify;\"><a href=\"https:\/\/goias.gov.br\/agr\/wp-content\/uploads\/sites\/43\/2022\/11\/Oficio-Procon-Goias-4b0.pdf\">Of\u00edcio<\/a>\u00a0&#8211; Procon &#8211; Goi\u00e1s.<\/li>\n<li style=\"text-align: justify;\"><a href=\"https:\/\/goias.gov.br\/agr\/wp-content\/uploads\/sites\/43\/2022\/11\/Nota-Tecnica-conjunta-7-2022-AGR-AR-AMAE-203.pdf\">Nota T\u00e9cnica Conjunta n\u00ba 7\/2022<\/a>\u00a0&#8211;\u00a0AGR\/AR\/AMAE.<\/li>\n<li style=\"text-align: justify;\"><a href=\"https:\/\/goias.gov.br\/agr\/wp-content\/uploads\/sites\/43\/2022\/11\/Nota-Tecnica-Conjunta-5-2022-AGR-AR-AMAE-ass-c39.pdf\">Nota T\u00e9cnica Conjunta n\u00ba 5\/2022<\/a>\u00a0&#8211; AGR\/AR\/AMAE.<\/li>\n<li style=\"text-align: justify;\"><a href=\"https:\/\/goias.gov.br\/agr\/wp-content\/uploads\/sites\/43\/2022\/11\/Anexo-Nota-TEcnica-Conjunta-n-5-2022-Indicadores-Fator-Q-2012-2021-670.xlsx\">Anexo Nota T\u00e9cnica Conjunta n\u00ba 5\/2022<\/a>\u00a0&#8211; AGR\/AR\/AMAE.<\/li>\n<li style=\"text-align: justify;\"><a href=\"https:\/\/goias.gov.br\/agr\/wp-content\/uploads\/sites\/43\/2022\/11\/anexo-1-saneago-b01.pdf\">Anexo I<\/a>\u00a0&#8211; e-mail Saneago &#8211; Regula\u00e7\u00e3o.<\/li>\n<li style=\"text-align: justify;\"><a href=\"https:\/\/goias.gov.br\/agr\/wp-content\/uploads\/sites\/43\/2022\/11\/anexo-1-formulario-sugestoes-404.pdf\">Anexo II<\/a>\u00a0&#8211; Formul\u00e1rio de Coment\u00e1rios e Sugest\u00f5es.<\/li>\n<li style=\"text-align: justify;\"><a href=\"https:\/\/goias.gov.br\/agr\/wp-content\/uploads\/sites\/43\/files\/docs\/ConsultasPublicas\/2022\/011\/anexo-3-planilha.ods\">Anexo III<\/a>\u00a0&#8211; Planilha.<\/li>\n<li style=\"text-align: justify;\"><a href=\"https:\/\/goias.gov.br\/agr\/wp-content\/uploads\/sites\/43\/2022\/11\/Apresentacao-Audiencia-Fator-Q-Versao-2-0ee.pdf\">Apresenta\u00e7\u00e3o<\/a>\u00a0&#8211; Metodologia do Componente.<\/li>\n<\/ul>\n<hr \/>\n<h4 style=\"text-align: justify;\"><b>Consulta P\u00fablica N\u00ba 010<\/b><\/h4>\n<p style=\"text-align: justify;\"><strong>Assunto:<\/strong>\u00a0Minuta de resolu\u00e7\u00e3o normativa que disp\u00f5e sobre os prazos a serem cumpridos pela empresa de SANEAMENTO DE GOI\u00c1S S\/A. \u2013 SANEAGO para apresenta\u00e7\u00e3o de informa\u00e7\u00f5es ao ente regulador e de atendimento aos usu\u00e1rios dos servi\u00e7os p\u00fablicos de abastecimento de \u00e1gua e esgotamento sanit\u00e1rio.<b><\/b><\/p>\n<ul>\n<li style=\"text-align: justify;\"><a href=\"https:\/\/goias.gov.br\/agr\/wp-content\/uploads\/sites\/43\/2023\/07\/Aviso-DO-a6f.pdf\">Aviso<\/a>\u00a0&#8211; Di\u00e1rio Oficial.<\/li>\n<li style=\"text-align: justify;\"><a href=\"https:\/\/goias.gov.br\/agr\/wp-content\/uploads\/sites\/43\/2023\/07\/Extrato-Publicacao-Aviso-4c5.pdf\">Aviso<\/a>\u00a0&#8211; Extrato de Publica\u00e7\u00e3o.<\/li>\n<li style=\"text-align: justify;\"><a href=\"https:\/\/goias.gov.br\/agr\/wp-content\/uploads\/sites\/43\/2023\/07\/Contribuicao-Saneago-f34.pdf\">Contribui\u00e7\u00e3o<\/a>\u00a0&#8211; Saneago.<\/li>\n<li style=\"text-align: justify;\"><a href=\"https:\/\/goias.gov.br\/agr\/wp-content\/uploads\/sites\/43\/2023\/07\/Resolucao-Normativa-Minuta-d69.pdf\">Resolu\u00e7\u00e3o<\/a>\u00a0&#8211; Minuta.<\/li>\n<li style=\"text-align: justify;\"><a href=\"https:\/\/goias.gov.br\/agr\/wp-content\/uploads\/sites\/43\/2023\/07\/Oficio-Ministerio-Publico-797.pdf\">Of\u00edcio<\/a>\u00a0&#8211; Minist\u00e9rio P\u00fablico.<\/li>\n<li style=\"text-align: justify;\"><a href=\"https:\/\/goias.gov.br\/agr\/wp-content\/uploads\/sites\/43\/2023\/07\/Oficio-Procon-Goiania-c8a.pdf\">Of\u00edcio<\/a>\u00a0&#8211; Procon &#8211; Goi\u00e2nia.<\/li>\n<li style=\"text-align: justify;\"><a href=\"https:\/\/goias.gov.br\/agr\/wp-content\/uploads\/sites\/43\/2023\/07\/Oficio-Procon-Goias-ee8.pdf\">Of\u00edcio<\/a>\u00a0&#8211; Procon &#8211; Goi\u00e1s.<\/li>\n<\/ul>\n<hr \/>\n<h4 style=\"text-align: justify;\"><b>Consulta P\u00fablica N\u00ba 009<\/b><\/h4>\n<p style=\"text-align: justify;\"><strong>Assunto:<\/strong>\u00a0Minuta de resolu\u00e7\u00e3o normativa que disp\u00f5e sobre a pol\u00edtica de titularidade dos servi\u00e7os p\u00fablicos de abastecimento de \u00e1gua e esgotamento sanit\u00e1rio e contrato de presta\u00e7\u00e3o de servi\u00e7os p\u00fablicos de abastecimento de \u00e1gua, coleta, afastamento e tratamento de esgotos da empresa Saneamento de Goi\u00e1s S\/A &#8211; SANEAGO<b><\/b><\/p>\n<ul style=\"text-align: justify;\">\n<li><a href=\"https:\/\/goias.gov.br\/agr\/wp-content\/uploads\/sites\/43\/2023\/07\/Extrato-Publicacao-Aviso-46a.pdf\">Aviso<\/a>\u00a0&#8211; Extrato de Publica\u00e7\u00e3o.<\/li>\n<li><a href=\"https:\/\/goias.gov.br\/agr\/wp-content\/uploads\/sites\/43\/2023\/07\/Aviso-DO-b15.pdf\">Aviso<\/a>\u00a0&#8211; Di\u00e1rio Oficial.<\/li>\n<li><a href=\"https:\/\/goias.gov.br\/agr\/wp-content\/uploads\/sites\/43\/2023\/07\/Contribuicao-Saneago-2ff.pdf\">Contribui\u00e7\u00e3o<\/a>\u00a0&#8211; Saneago.<\/li>\n<li><a href=\"https:\/\/goias.gov.br\/agr\/wp-content\/uploads\/sites\/43\/2023\/07\/Oficio-n-1279.2022-Ministeiro-Publico-1ba.pdf\">Of\u00edcio<\/a>\u00a0&#8211; Minist\u00e9rio P\u00fablico.<\/li>\n<li><a href=\"https:\/\/goias.gov.br\/agr\/wp-content\/uploads\/sites\/43\/2023\/07\/Oficio-n-1277.2022-Procon-Goiania-952.pdf\">Of\u00edcio<\/a>\u00a0&#8211; Procon &#8211; Goi\u00e2nia.<\/li>\n<li><a href=\"https:\/\/goias.gov.br\/agr\/wp-content\/uploads\/sites\/43\/2023\/07\/Oficio-n-1278.2022-Procon-Goias-ac7.pdf\">Of\u00edcio<\/a>\u00a0&#8211; Procon &#8211; Goi\u00e1s.<\/li>\n<\/ul>\n<hr \/>\n<h4 style=\"text-align: justify;\"><b>Consulta P\u00fablica N\u00ba 008<\/b><\/h4>\n<p style=\"text-align: justify;\"><strong>Assunto:<\/strong>\u00a0Minuta de resolu\u00e7\u00e3o normativa que estabelece as diretrizes gerais para a ado\u00e7\u00e3o de medidas de racionamento do abastecimento p\u00fablico de \u00e1gua pot\u00e1vel e o conte\u00fado m\u00ednimo do Plano de Racionamento.<b><\/b><\/p>\n<ul style=\"text-align: justify;\">\n<li><a href=\"https:\/\/goias.gov.br\/agr\/wp-content\/uploads\/sites\/43\/2023\/07\/Extrato-de-Publicacao-DO-ffd.pdf\">Aviso<\/a>\u00a0&#8211; Extrato de Publica\u00e7\u00e3o.<\/li>\n<li><a href=\"https:\/\/goias.gov.br\/agr\/wp-content\/uploads\/sites\/43\/2023\/07\/Aviso-Diario-Oficial-5f2.pdf\">Aviso<\/a>\u00a0&#8211; Di\u00e1rio Oficial.<\/li>\n<li><a href=\"https:\/\/goias.gov.br\/agr\/wp-content\/uploads\/sites\/43\/2023\/07\/Resolucao-Normativa-Minuta-037.pdf\">Resolu\u00e7\u00e3o<\/a>\u00a0&#8211; Minuta.<\/li>\n<li><a href=\"https:\/\/goias.gov.br\/agr\/wp-content\/uploads\/sites\/43\/2023\/07\/Contribuicao-Saneago-c8e.pdf\">Contribui\u00e7\u00e3o<\/a>\u00a0&#8211; Saneago.<\/li>\n<li><a href=\"https:\/\/goias.gov.br\/agr\/wp-content\/uploads\/sites\/43\/2023\/07\/Oficio-Ministerio-Publico-ff9.pdf\">Of\u00edcio<\/a>\u00a0&#8211; Minist\u00e9rio P\u00fablico.<\/li>\n<li><a href=\"https:\/\/goias.gov.br\/agr\/wp-content\/uploads\/sites\/43\/2023\/07\/Oficio-Procon-Goiania-0b9.pdf\">Of\u00edcio<\/a>\u00a0&#8211; Procon &#8211; Goi\u00e2nia.<\/li>\n<li><a href=\"https:\/\/goias.gov.br\/agr\/wp-content\/uploads\/sites\/43\/2023\/07\/Oficio-Procon-Goias-259.pdf\">Of\u00edcio<\/a>\u00a0&#8211; Procon &#8211; Goi\u00e1s.<\/li>\n<\/ul>\n<hr \/>\n<h4 style=\"text-align: justify;\"><b>Consulta P\u00fablica N\u00ba 007<\/b><\/h4>\n<p style=\"text-align: justify;\"><strong>Assunto:<\/strong>\u00a0Nota T\u00e9cnica Conjunta n\u00ba 3\/2022.<b><\/b><\/p>\n<ul style=\"text-align: justify;\">\n<li><a href=\"https:\/\/goias.gov.br\/agr\/wp-content\/uploads\/sites\/43\/2023\/07\/Aviso-Extrato-de-Publicacao-571.pdf\">Aviso<\/a>\u00a0&#8211; Extrato de Publica\u00e7\u00e3o.<\/li>\n<li><a href=\"https:\/\/goias.gov.br\/agr\/wp-content\/uploads\/sites\/43\/2023\/07\/Aviso-Diario-Oficial-d2c.pdf\">Aviso<\/a>\u00a0&#8211; Di\u00e1rio Oficial.<\/li>\n<li><a href=\"https:\/\/goias.gov.br\/agr\/wp-content\/uploads\/sites\/43\/2023\/07\/Nota-Tecnica-Conjunta-n3.2022-47e.pdf\">Nota T\u00e9cnica Conjunta<\/a>\u00a0n\u00ba 3\/2022.<\/li>\n<li><a href=\"https:\/\/goias.gov.br\/agr\/wp-content\/uploads\/sites\/43\/2023\/07\/Oficio-Ministerio-Publico-a01.pdf\">Of\u00edcio<\/a>\u00a0&#8211; Minist\u00e9rio P\u00fablico.<\/li>\n<li><a href=\"https:\/\/goias.gov.br\/agr\/wp-content\/uploads\/sites\/43\/2023\/07\/Oficio-Procon-Goiania-1bc.pdf\">Of\u00edcio<\/a>\u00a0&#8211; Procon &#8211; Goi\u00e2nia.<\/li>\n<li><a href=\"https:\/\/goias.gov.br\/agr\/wp-content\/uploads\/sites\/43\/2023\/07\/Oficio-Procon-Goias-c7c.pdf\">Of\u00edcio<\/a>\u00a0&#8211; Procon &#8211; Goi\u00e1s.<\/li>\n<\/ul>\n<hr \/>\n<h4 style=\"text-align: justify;\"><b>Consulta P\u00fablica N\u00ba 006<\/b><\/h4>\n<p style=\"text-align: justify;\"><strong>Assunto:<\/strong>\u00a0Altera\u00e7\u00e3o de dispositivos da Resolu\u00e7\u00e3o Normativa n\u00ba 0040\/2015 \u2013 CR, da Resolu\u00e7\u00e3o Normativa n\u00ba 105\/2017 \u2013 CR e revoga\u00e7\u00e3o da Resolu\u00e7\u00e3o Normativa n\u00ba 120\/2018 \u2013 CR.<b><\/b><\/p>\n<ul style=\"text-align: justify;\">\n<li><a href=\"https:\/\/goias.gov.br\/agr\/wp-content\/uploads\/sites\/43\/2022\/05\/Aviso-Extrato-Publicacao-ee9.pdf\">Aviso<\/a>\u00a0&#8211; Extrato de Publica\u00e7\u00e3o.<\/li>\n<li><a href=\"https:\/\/goias.gov.br\/agr\/wp-content\/uploads\/sites\/43\/2022\/05\/Aviso-Diario-Oficial-35d.pdf\">Aviso<\/a>\u00a0&#8211; Di\u00e1rio Oficial.<\/li>\n<li><a href=\"https:\/\/goias.gov.br\/agr\/wp-content\/uploads\/sites\/43\/2022\/05\/Resolucao-Normativa-Minuta-a92.pdf\">Resolu\u00e7\u00e3o<\/a>\u00a0&#8211; Minuta.<\/li>\n<li><a href=\"https:\/\/goias.gov.br\/agr\/wp-content\/uploads\/sites\/43\/2022\/05\/Resolucao-Normativa-n-0040.2015-CR-096.pdf\">Resolu\u00e7\u00e3o Normativa<\/a>\u00a0&#8211; n\u00ba\u00a00040\/2015 &#8211; CR.<\/li>\n<li><a href=\"https:\/\/goias.gov.br\/agr\/wp-content\/uploads\/sites\/43\/2022\/05\/Resolucao-Normativa-n-0040.2015-Proc-2022-2383-574.pdf\">Resolu\u00e7\u00e3o Normativa<\/a>\u00a0&#8211; n\u00ba\u00a00040\/2015 &#8211; CR com o seu texto consolidado\u00a0para fins de compara\u00e7\u00e3o.<\/li>\n<li><a href=\"https:\/\/goias.gov.br\/agr\/wp-content\/uploads\/sites\/43\/2022\/05\/Resolucao-Normativa-Minuta-Proc-2022-2383-a54.pdf\">Resolu\u00e7\u00e3o Normativa<\/a>\u00a0&#8211; n\u00ba\u00a00040\/2015\u00a0&#8211; Minuta com o seu texto final revisado e atualizado ap\u00f3s a Consulta P\u00fablica.<\/li>\n<li><a href=\"https:\/\/goias.gov.br\/agr\/wp-content\/uploads\/sites\/43\/2022\/05\/Resolucao-Normativa-n-0105.2017-CR-f63.pdf\">Resolu\u00e7\u00e3o Normativa<\/a>\u00a0&#8211; n\u00ba\u00a00105\/2017\u00a0&#8211; CR.<\/li>\n<li><a href=\"https:\/\/goias.gov.br\/agr\/wp-content\/uploads\/sites\/43\/2022\/05\/Resolucao-Normativa-n-0120.2018-CR-d35.pdf\">Resolu\u00e7\u00e3o Normativa<\/a>\u00a0&#8211; n\u00ba\u00a00120\/2018\u00a0&#8211; CR.<\/li>\n<li><a href=\"https:\/\/goias.gov.br\/agr\/wp-content\/uploads\/sites\/43\/2022\/05\/e-mail-Assessoria-Secretaria-Geral-a11.pdf\">E-mail<\/a>\u00a0&#8211;\u00a0Setrinpe \/ Wilmar Dias da Silva.<\/li>\n<li><a href=\"https:\/\/goias.gov.br\/agr\/wp-content\/uploads\/sites\/43\/2022\/05\/Contribuicao-Coordenacao-de-Cadastro-e-Licenciamento-ae8.pdf\">Contribui\u00e7\u00e3o<\/a>\u00a0&#8211; CCL.<\/li>\n<li><a href=\"https:\/\/goias.gov.br\/agr\/wp-content\/uploads\/sites\/43\/2022\/05\/Contribuicao-Setrinpe-GO-063.pdf\">Contribui\u00e7\u00e3o<\/a>\u00a0&#8211;\u00a0SETRINPE-GO.<\/li>\n<li><a href=\"https:\/\/goias.gov.br\/agr\/wp-content\/uploads\/sites\/43\/2022\/05\/e-mail-Mobi-Flex-14e.pdf\">Contribui\u00e7\u00e3o<\/a>\u00a0&#8211; Mobi Flex.<\/li>\n<li><a href=\"https:\/\/goias.gov.br\/agr\/wp-content\/uploads\/sites\/43\/2022\/05\/Contribuicao-Procon-Goiania-b27.pdf\">Contribui\u00e7\u00e3o<\/a>\u00a0&#8211; Procon Goi\u00e2nia<\/li>\n<li><a href=\"https:\/\/goias.gov.br\/agr\/wp-content\/uploads\/sites\/43\/2022\/05\/Contribuicao-Cooperativa-Transporte-Turismo-Cidade-Ocidental-0d7.pdf\">Contribui\u00e7\u00e3o<\/a>\u00a0&#8211;\u00a0Cooperativa de Transporte e Turismo da Cidade Ocidental &#8211; Cooptro.<\/li>\n<li><a href=\"https:\/\/goias.gov.br\/agr\/wp-content\/uploads\/sites\/43\/2022\/05\/Oficio-Ministerio-Publico-aef.pdf\">Of\u00edcio<\/a>\u00a0&#8211; Minist\u00e9rio P\u00fablico.<\/li>\n<li><a href=\"https:\/\/goias.gov.br\/agr\/wp-content\/uploads\/sites\/43\/2022\/05\/Oficio-Procon-Goiania-754.pdf\">Of\u00edcio<\/a>\u00a0&#8211; Procon &#8211; Goi\u00e2nia.<\/li>\n<li><a href=\"https:\/\/goias.gov.br\/agr\/wp-content\/uploads\/sites\/43\/2022\/05\/Oficio-Procon-Goias-624.pdf\">Of\u00edcio<\/a>\u00a0&#8211;\u00a0Procon &#8211; Goi\u00e1s.<\/li>\n<li><a href=\"https:\/\/goias.gov.br\/agr\/wp-content\/uploads\/sites\/43\/2022\/05\/Relatorio-n-1.2022-GET-5a5.pdf\">Relat\u00f3rio<\/a>\u00a0&#8211; N\u00ba 1\/2022 GET.<\/li>\n<\/ul>\n<hr \/>\n<h4 style=\"text-align: justify;\"><b>Consulta P\u00fablica N\u00ba 005<\/b><\/h4>\n<p style=\"text-align: justify;\"><strong>Assunto:<\/strong>\u00a0Disp\u00f5e sobre a altera\u00e7\u00e3o de dispositivos da Resolu\u00e7\u00e3o Normativa no 0009\/2014 \u2013 CR.<b><\/b><\/p>\n<ul style=\"text-align: justify;\">\n<li><a href=\"https:\/\/goias.gov.br\/agr\/wp-content\/uploads\/sites\/43\/2023\/07\/Aviso-Extrato-de-Publicacao-3af.pdf\">Aviso<\/a>\u00a0&#8211; Extrato de Publica\u00e7\u00e3o.<\/li>\n<li><a href=\"https:\/\/goias.gov.br\/agr\/wp-content\/uploads\/sites\/43\/2023\/07\/Resolucao-Normativa-Minuta-603.pdf\">Resolu\u00e7\u00e3o<\/a>\u00a0&#8211; Minuta.<\/li>\n<li><a href=\"https:\/\/goias.gov.br\/agr\/wp-content\/uploads\/sites\/43\/2023\/07\/Oficio-n-377.2022-AGR-MP-a11.pdf\">Of\u00edcio<\/a>\u00a0&#8211; Minist\u00e9rio P\u00fablico.<\/li>\n<li><a href=\"https:\/\/goias.gov.br\/agr\/wp-content\/uploads\/sites\/43\/2023\/07\/Oficio-n-379.2022-AGR-Procon-Goiania-ef3.pdf\">Of\u00edcio<\/a>\u00a0&#8211; Procon &#8211; Goi\u00e2nia.<\/li>\n<li><a href=\"https:\/\/goias.gov.br\/agr\/wp-content\/uploads\/sites\/43\/2023\/07\/Oficio-n-378.2022-AGR-Procon-Goias-568.pdf\">Of\u00edcio<\/a>\u00a0&#8211;\u00a0Procon &#8211; Goi\u00e1s.<\/li>\n<\/ul>\n<hr \/>\n<h4 style=\"text-align: justify;\"><b>Consulta P\u00fablica N\u00ba 004<\/b><\/h4>\n<p style=\"text-align: justify;\"><strong>Assunto:<\/strong>\u00a0Disp\u00f5e sobre as Pol\u00edticas de Negocia\u00e7\u00e3o de D\u00e9bitos Particulares e de D\u00e9bitos do Poder P\u00fablico da prestadora de servi\u00e7os Saneamento de Goi\u00e1s S\/A &#8211; SANEAGO.<b><\/b><\/p>\n<ul style=\"text-align: justify;\">\n<li><a href=\"https:\/\/goias.gov.br\/agr\/wp-content\/uploads\/sites\/43\/2023\/07\/Aviso-Extrato-de-Publicacao-0c0.pdf\">Aviso<\/a>\u00a0&#8211; Extrato de Publica\u00e7\u00e3o.<\/li>\n<li><a href=\"https:\/\/goias.gov.br\/agr\/wp-content\/uploads\/sites\/43\/2023\/07\/Aviso-Diario-Oficial-209.pdf\">Aviso<\/a>\u00a0&#8211; Di\u00e1rio Oficial.<\/li>\n<li><a href=\"https:\/\/goias.gov.br\/agr\/wp-content\/uploads\/sites\/43\/2023\/07\/Resolucao-Normativa-Minuta-91e.pdf\">Resolu\u00e7\u00e3o<\/a>\u00a0&#8211; Minuta.<\/li>\n<li><a href=\"https:\/\/goias.gov.br\/agr\/wp-content\/uploads\/sites\/43\/2023\/07\/Saneago-regulacao-Contribuicao-d05.pdf\">Regula\u00e7\u00e3o<\/a>\u00a0&#8211; Contribui\u00e7\u00e3o.<\/li>\n<li><a href=\"https:\/\/goias.gov.br\/agr\/wp-content\/uploads\/sites\/43\/2023\/07\/Oficio-Ministerio-Publico-b33.pdf\">Of\u00edcio<\/a>\u00a0&#8211; Minist\u00e9rio P\u00fablico.<\/li>\n<li><a href=\"https:\/\/goias.gov.br\/agr\/wp-content\/uploads\/sites\/43\/2023\/07\/Oficio-Procon-Goiania-a85.pdf\">Of\u00edcio<\/a>\u00a0&#8211; Procon &#8211; Goi\u00e2nia.<\/li>\n<li><a href=\"https:\/\/goias.gov.br\/agr\/wp-content\/uploads\/sites\/43\/2023\/07\/Oficio-Procon-Goias-f22.pdf\">Of\u00edcio<\/a>\u00a0&#8211;\u00a0Procon &#8211; Goi\u00e1s.<\/li>\n<li><a href=\"https:\/\/goias.gov.br\/agr\/wp-content\/uploads\/sites\/43\/2023\/07\/Oficion-0729.2022-7d1.pdf\">Of\u00edcio n\u00ba 729\/2022<\/a>\u00a0&#8211; Saneago.<\/li>\n<\/ul>\n<hr \/>\n<h4 style=\"text-align: justify;\"><b>Consulta P\u00fablica N\u00ba 003<\/b><\/h4>\n<p style=\"text-align: justify;\"><strong>Assunto:<\/strong>\u00a0Disp\u00f5e sobre a altera\u00e7\u00e3o de dispositivos da Resolu\u00e7\u00e3o no 068\/2009 \u2013 CG e da Resolu\u00e7\u00e3o Normativa no 0009\/2014 &#8211; CR, conforme processo no 202100052000422.<b><\/b><\/p>\n<ul style=\"text-align: justify;\">\n<li><a href=\"https:\/\/goias.gov.br\/agr\/wp-content\/uploads\/sites\/43\/2023\/07\/aviso-extrato-publicacao-503.pdf\">Aviso<\/a>\u00a0&#8211; Extrato de Publica\u00e7\u00e3o.<\/li>\n<li><a href=\"https:\/\/goias.gov.br\/agr\/wp-content\/uploads\/sites\/43\/2023\/07\/Aviso-Diario-Oficial-f85.pdf\">Aviso<\/a>\u00a0&#8211; Di\u00e1rio Oficial.<\/li>\n<li><a href=\"https:\/\/goias.gov.br\/agr\/wp-content\/uploads\/sites\/43\/2023\/07\/Resolucao-Normativa-Minuta-297.pdf\">Resolu\u00e7\u00e3o<\/a>\u00a0&#8211; Minuta.<\/li>\n<li><a href=\"https:\/\/goias.gov.br\/agr\/wp-content\/uploads\/sites\/43\/2023\/07\/Oficio-n-59.2022-Ministerio-Publico-b8c.pdf\">Of\u00edcio<\/a>\u00a0&#8211; Minist\u00e9rio P\u00fablico.<\/li>\n<li><a href=\"https:\/\/goias.gov.br\/agr\/wp-content\/uploads\/sites\/43\/2023\/07\/Oficio-n-60.2022-Procon-goiania-212.pdf\">Of\u00edcio<\/a>\u00a0&#8211; Procon\u00a0Goi\u00e2nia.<\/li>\n<li><a href=\"https:\/\/goias.gov.br\/agr\/wp-content\/uploads\/sites\/43\/2023\/07\/Oficio-n-61.2022-Procon-goias-d1d.pdf\">Of\u00edcio<\/a>\u00a0&#8211; Procon\u00a0Goi\u00e1s.<\/li>\n<\/ul>\n<hr \/>\n<h4 style=\"text-align: justify;\"><b>Consulta P\u00fablica N\u00ba 002<\/b><\/h4>\n<p style=\"text-align: justify;\"><strong>Assunto:<\/strong>\u00a0Disp\u00f5e sobre pol\u00edtica de liga\u00e7\u00e3o de \u00e1gua da empresa de Saneamento de Goi\u00e1s S\/A.<b><\/b><\/p>\n<ul style=\"text-align: justify;\">\n<li><a href=\"https:\/\/goias.gov.br\/agr\/wp-content\/uploads\/sites\/43\/2023\/07\/Contribuicao-Saneago-Consulta-Publica-473.pdf\">Contribui\u00e7\u00e3o &#8211;<\/a>\u00a0Saneago<\/li>\n<li><a href=\"https:\/\/goias.gov.br\/agr\/wp-content\/uploads\/sites\/43\/2023\/07\/Aviso-Extrato-de-Publicacao-ba2.pdf\">Aviso<\/a>\u00a0&#8211; Extrato de Publica\u00e7\u00e3o.<\/li>\n<li><a href=\"https:\/\/goias.gov.br\/agr\/wp-content\/uploads\/sites\/43\/2023\/07\/Aviso-Diario-Oficial-1f4.pdf\">Aviso<\/a>\u00a0&#8211; Di\u00e1rio Oficial.<\/li>\n<li><a href=\"https:\/\/goias.gov.br\/agr\/wp-content\/uploads\/sites\/43\/2023\/07\/Aviso-Diario-Oficial-prorrogacao-prazo-f64.pdf\">Aviso<\/a>\u00a0&#8211; Di\u00e1rio Oficial &#8211;\u00a0\u00a0Prorroga\u00e7\u00e3o de prazo.<\/li>\n<li><a href=\"https:\/\/goias.gov.br\/agr\/wp-content\/uploads\/sites\/43\/2023\/07\/Recomendacao-Ministerio-Publico-9a1.pdf\">Recomenda\u00e7\u00e3o<\/a>\u00a0&#8211; Minist\u00e9rio P\u00fablico.<\/li>\n<li><a href=\"https:\/\/goias.gov.br\/agr\/wp-content\/uploads\/sites\/43\/2023\/07\/Revisao-Normativa-Texto-Revisado-apos-a-Consulta-Publica-199.pdf\">Resolu\u00e7\u00e3o<\/a>\u00a0&#8211;\u00a0Minuta &#8211; Texto revisado ap\u00f3s a Consulta P\u00fablica.<\/li>\n<li><a href=\"https:\/\/goias.gov.br\/agr\/wp-content\/uploads\/sites\/43\/2023\/07\/Resolucao-Normativa-Minuta-d8a.pdf\">Resolu\u00e7\u00e3o<\/a>\u00a0&#8211; Minuta.<\/li>\n<li><a href=\"https:\/\/goias.gov.br\/agr\/wp-content\/uploads\/sites\/43\/2023\/07\/e-mail-Saneago-b08.pdf\">E-mail<\/a>\u00a0&#8211; Saneago<\/li>\n<li><a href=\"https:\/\/goias.gov.br\/agr\/wp-content\/uploads\/sites\/43\/2023\/07\/Oficio-n-56.2022-Ministerio-Publico-0c6.pdf\">Of\u00edcio<\/a>\u00a0&#8211;\u00a0Minist\u00e9rio P\u00fablico.<\/li>\n<li><a href=\"https:\/\/goias.gov.br\/agr\/wp-content\/uploads\/sites\/43\/2023\/07\/Oficio-n-57.2022-Procon-goiania-9dd.pdf\">Of\u00edcio<\/a>\u00a0&#8211; Procon Goi\u00e2nia.<\/li>\n<li><a href=\"https:\/\/goias.gov.br\/agr\/wp-content\/uploads\/sites\/43\/2023\/07\/Oficio-n-58.2022-Procon-goias-dd9.pdf\">Of\u00edcio<\/a>\u00a0&#8211; Procon Goi\u00e1s.<\/li>\n<li><a id=\"\" title=\"\" href=\"https:\/\/goias.gov.br\/agr\/wp-content\/uploads\/sites\/43\/2023\/07\/Oficio_n_879_2022_Saneago-12c.pdf\" target=\"\" rel=\"noopener\">Of\u00edcio n\u00ba 879\/2022<\/a>\u00a0&#8211; Saneago<\/li>\n<\/ul>\n<hr \/>\n<h4 style=\"text-align: justify;\"><b>Consulta P\u00fablica N\u00ba 001<\/b><\/h4>\n<p style=\"text-align: justify;\"><strong>Assunto:<\/strong>\u00a0Disp\u00f5e sobre o Contrato de Presta\u00e7\u00e3o de Servi\u00e7os de Abastecimento de \u00c1gua, Coleta, Afastamento e Tratamento de Esgotos Sanit\u00e1rios da empresa de Saneamento de Goi\u00e1s S\/A.<b><\/b><\/p>\n<ul>\n<li style=\"text-align: justify;\"><a href=\"https:\/\/goias.gov.br\/agr\/wp-content\/uploads\/sites\/43\/2023\/07\/Aviso-Consulta-Publica-c29.pdf\">Aviso<\/a>\u00a0&#8211; Extrato de Publica\u00e7\u00e3o.<\/li>\n<li style=\"text-align: justify;\"><a href=\"https:\/\/goias.gov.br\/agr\/wp-content\/uploads\/sites\/43\/2023\/07\/Aviso-Diario-Oficial-ed1.pdf\">Aviso<\/a>\u00a0&#8211; Di\u00e1rio Oficial.<\/li>\n<li style=\"text-align: justify;\"><a href=\"https:\/\/goias.gov.br\/agr\/wp-content\/uploads\/sites\/43\/2023\/07\/Resolucao-Normativa-Minuta-11b.pdf\">Resolu\u00e7\u00e3o<\/a>\u00a0&#8211; Minuta<\/li>\n<li style=\"text-align: justify;\"><a href=\"https:\/\/goias.gov.br\/agr\/wp-content\/uploads\/sites\/43\/2023\/07\/Resolucao_Normativa-Minuta-revisado-c6d.pdf\">Resolu\u00e7\u00e3o<\/a>\u00a0&#8211;\u00a0Minuta: texto revisado ap\u00f3s a Consulta P\u00fablica n\u00ba 001\/2022.<\/li>\n<li style=\"text-align: justify;\"><a href=\"https:\/\/goias.gov.br\/agr\/wp-content\/uploads\/sites\/43\/2023\/07\/Oficio-n.39.2022-Ministerio-Publico-29f.pdf\">Of\u00edcio<\/a>\u00a0&#8211; Minist\u00e9rio P\u00fablico<\/li>\n<li style=\"text-align: justify;\"><a href=\"https:\/\/goias.gov.br\/agr\/wp-content\/uploads\/sites\/43\/2023\/07\/Oficio-n.40.2022-AGR-Procon-Goiania-341.pdf\">Of\u00edcio<\/a>\u00a0&#8211; Procon &#8211;\u00a0Goi\u00e2nia<\/li>\n<li style=\"text-align: justify;\"><a href=\"https:\/\/goias.gov.br\/agr\/wp-content\/uploads\/sites\/43\/2023\/07\/Oficio-n.41.2022-AGR-Procon-Goias-02f.pdf\">Of\u00edcio<\/a>\u00a0&#8211; Procon &#8211; Goi\u00e1s<\/li>\n<li style=\"text-align: justify;\"><a href=\"https:\/\/goias.gov.br\/agr\/wp-content\/uploads\/sites\/43\/2023\/07\/Oficio-n-0729-2022-b5d.pdf\">Of\u00edcio<\/a>\u00a0&#8211;\u00a0DIFIR\/DIPRE\u200b da Saneago.<\/li>\n<\/ul>\n","protected":false},"excerpt":{"rendered":"<p>Consulta P\u00fablica N\u00ba 013 Assunto:\u00a0Reajuste Tarif\u00e1rio Anual, Nota T\u00e9cnica Conjunta Preliminar n\u00ba 6\/2022, da prestadora dos servi\u00e7os p\u00fablicos de abastecimento de \u00e1gua e esgotamento sanit\u00e1rio, Saneamento de Goi\u00e1s S.A. Aviso\u00a0&#8211; Di\u00e1rio Oficial. Aviso\u00a0&#8211; Extrato de Publica\u00e7\u00e3o. Contribui\u00e7\u00e3o\u00a0&#8211; Saneago. Of\u00edcio\u00a0&#8211; Minist\u00e9rio P\u00fablico. Of\u00edcio\u00a0&#8211; Procon &#8211; Goi\u00e2nia. Of\u00edcio\u00a0&#8211; Procon &#8211; Goi\u00e1s. Nota T\u00e9cnica Conjunta n\u00ba 6\/2022\u00a0&#8211;\u00a0AGR\/AR\/AMAE\/ARM. Relat\u00f3rio [&hellip;]<\/p>\n","protected":false},"author":874,"featured_media":0,"comment_status":"closed","ping_status":"open","sticky":false,"template":"","format":"standard","meta":{"footnotes":""},"categories":[44],"tags":[],"class_list":["post-72568","post","type-post","status-publish","format-standard","hentry","category-institucional"],"rttpg_featured_image_url":null,"rttpg_author":{"display_name":"anafsouza","author_link":"https:\/\/goias.gov.br\/agr\/author\/anafsouza\/"},"rttpg_comment":0,"rttpg_category":"<a href=\"https:\/\/goias.gov.br\/agr\/categoria\/institucional\/\" rel=\"category tag\">Institucional<\/a>","rttpg_excerpt":"Consulta P\u00fablica N\u00ba 013 Assunto:\u00a0Reajuste Tarif\u00e1rio Anual, Nota T\u00e9cnica Conjunta Preliminar n\u00ba 6\/2022, da prestadora dos servi\u00e7os p\u00fablicos de abastecimento de \u00e1gua e esgotamento sanit\u00e1rio, Saneamento de Goi\u00e1s S.A. Aviso\u00a0&#8211; Di\u00e1rio Oficial. Aviso\u00a0&#8211; Extrato de Publica\u00e7\u00e3o. Contribui\u00e7\u00e3o\u00a0&#8211; Saneago. Of\u00edcio\u00a0&#8211; Minist\u00e9rio P\u00fablico. Of\u00edcio\u00a0&#8211; Procon &#8211; Goi\u00e2nia. Of\u00edcio\u00a0&#8211; Procon &#8211; Goi\u00e1s. Nota T\u00e9cnica Conjunta n\u00ba 6\/2022\u00a0&#8211;\u00a0AGR\/AR\/AMAE\/ARM. Relat\u00f3rio&hellip;","_links":{"self":[{"href":"https:\/\/goias.gov.br\/agr\/wp-json\/wp\/v2\/posts\/72568","targetHints":{"allow":["GET"]}}],"collection":[{"href":"https:\/\/goias.gov.br\/agr\/wp-json\/wp\/v2\/posts"}],"about":[{"href":"https:\/\/goias.gov.br\/agr\/wp-json\/wp\/v2\/types\/post"}],"author":[{"embeddable":true,"href":"https:\/\/goias.gov.br\/agr\/wp-json\/wp\/v2\/users\/874"}],"replies":[{"embeddable":true,"href":"https:\/\/goias.gov.br\/agr\/wp-json\/wp\/v2\/comments?post=72568"}],"version-history":[{"count":2,"href":"https:\/\/goias.gov.br\/agr\/wp-json\/wp\/v2\/posts\/72568\/revisions"}],"predecessor-version":[{"id":256994,"href":"https:\/\/goias.gov.br\/agr\/wp-json\/wp\/v2\/posts\/72568\/revisions\/256994"}],"wp:attachment":[{"href":"https:\/\/goias.gov.br\/agr\/wp-json\/wp\/v2\/media?parent=72568"}],"wp:term":[{"taxonomy":"category","embeddable":true,"href":"https:\/\/goias.gov.br\/agr\/wp-json\/wp\/v2\/categories?post=72568"},{"taxonomy":"post_tag","embeddable":true,"href":"https:\/\/goias.gov.br\/agr\/wp-json\/wp\/v2\/tags?post=72568"}],"curies":[{"name":"wp","href":"https:\/\/api.w.org\/{rel}","templated":true}]}}