

{"id":69265,"date":"2021-06-24T16:55:29","date_gmt":"2021-06-24T19:55:29","guid":{"rendered":"https:\/\/siteshom.goias.gov.br\/agr\/agr-participa-de-camara-tecnica-de-saneamento-basico-da-abar\/"},"modified":"2021-06-24T16:55:29","modified_gmt":"2021-06-24T19:55:29","slug":"agr-participa-de-camara-tecnica-de-saneamento-basico-da-abar","status":"publish","type":"post","link":"https:\/\/goias.gov.br\/agr\/agr-participa-de-camara-tecnica-de-saneamento-basico-da-abar\/","title":{"rendered":"AGR participa de C\u00e2mara T\u00e9cnica de Saneamento B\u00e1sico da Abar"},"content":{"rendered":"<hr \/>\n<p style=\"text-align: center;\"><img fetchpriority=\"high\" decoding=\"async\" class=\" size-full wp-image-69264\" alt=\"\" height=\"348\" id=\"\" src=\"https:\/\/goias.gov.br\/agr\/wp-content\/uploads\/sites\/43\/2021\/06\/abar2-213.png\" title=\"\" width=\"348\" srcset=\"https:\/\/goias.gov.br\/agr\/wp-content\/uploads\/sites\/43\/2021\/06\/abar2-213.png 1000w, https:\/\/goias.gov.br\/agr\/wp-content\/uploads\/sites\/43\/2021\/06\/abar2-213-300x300.png 300w, https:\/\/goias.gov.br\/agr\/wp-content\/uploads\/sites\/43\/2021\/06\/abar2-213-150x150.png 150w, https:\/\/goias.gov.br\/agr\/wp-content\/uploads\/sites\/43\/2021\/06\/abar2-213-768x768.png 768w\" sizes=\"(max-width: 348px) 100vw, 348px\" \/><\/p>\n<p style=\"text-align: center;\">Card: <em>AGR<\/em><\/p>\n<hr \/>\n<p style=\"text-align: center;\"><em>O gerente de Saneamento B&aacute;sico da AGR, Eduardo Henrique da Cunha, participou, nesta quinta-feira (24\/06), da reuni&atilde;o da C&acirc;mara T&eacute;cnica de Saneamento B&aacute;sico, Recursos H&iacute;dricos e Sa&uacute;de, da Associa&ccedil;&atilde;o Brasileira de Ag&ecirc;ncias de Regula&ccedil;&atilde;o (Abar). O encontro foi aberto pelo presidente da entidade, Fernando Franco, e pela coordenadora da C&acirc;mara T&eacute;cnica, K&aacute;tia Muniz C&ocirc;co.<\/em><\/p>\n<p style=\"text-align: justify;\">Trata-se da segunda rodada de reuni&otilde;es ordin&aacute;rias das c&acirc;maras t&eacute;cnicas deste ano. Na reuni&atilde;o desta quinta-feira, entre outros assuntos, foi debatida a 1&ordf; Norma de Refer&ecirc;ncia da Ag&ecirc;ncia Nacional de &Aacute;guas (ANA), que define o Regime, a Estrutura e os Par&acirc;metros da cobran&ccedil;a pela presta&ccedil;&atilde;o do servi&ccedil;o p&uacute;blico de manejo de res&iacute;duos s&oacute;lidos urbanos).<\/p>\n<p>Ainda na pauta, a Norma de Refer&ecirc;ncia da ANA sobre indicadores de desempenho &ndash; contribui&ccedil;&otilde;es da Abar, e a Atua&ccedil;&atilde;o Regulat&oacute;ria na decis&atilde;o sobre a capacidade econ&ocirc;mico-financeira do prestador de servi&ccedil;o, al&eacute;m de altera&ccedil;&otilde;es na estrutura tarif&aacute;ria.<\/p>\n<p style=\"text-align: justify;\">A segunda jornada de reuni&otilde;es das c&acirc;maras t&eacute;cnicas da Abar teve in&iacute;cio na quarta-feira (23\/06), com discuss&otilde;es na C&acirc;mara T&eacute;cnica de Assuntos Jur&iacute;dicos e Institucionais, Governan&ccedil;a e Controle Social (CTJI-GCS), e prossegue at&eacute; amanh&atilde;, com a reuni&atilde;o da C&acirc;mara T&eacute;cnica de Petr&oacute;leo e G&aacute;s (CTG&aacute;s).<\/p>\n<p style=\"text-align: justify;\"><strong>e coloca Ag&ecirc;ncia Goiana de Regula&ccedil;&atilde;o, Controle e Fiscaliza&ccedil;&atilde;o de Servi&ccedil;os P&uacute;blicos (AGR) &#8211; Governo de Goi&aacute;s<\/strong><\/p>\n","protected":false},"excerpt":{"rendered":"<p>Card: AGR O gerente de Saneamento B&aacute;sico da AGR, Eduardo Henrique da Cunha, participou, nesta quinta-feira (24\/06), da reuni&atilde;o da C&acirc;mara T&eacute;cnica de Saneamento B&aacute;sico, Recursos H&iacute;dricos e Sa&uacute;de, da Associa&ccedil;&atilde;o Brasileira de Ag&ecirc;ncias de Regula&ccedil;&atilde;o (Abar). O encontro foi aberto pelo presidente da entidade, Fernando Franco, e pela coordenadora da C&acirc;mara T&eacute;cnica, K&aacute;tia Muniz [&hellip;]<\/p>\n","protected":false},"author":874,"featured_media":69264,"comment_status":"closed","ping_status":"open","sticky":false,"template":"","format":"standard","meta":{"footnotes":""},"categories":[47],"tags":[],"class_list":["post-69265","post","type-post","status-publish","format-standard","has-post-thumbnail","hentry","category-noticias"],"rttpg_featured_image_url":{"full":["https:\/\/goias.gov.br\/agr\/wp-content\/uploads\/sites\/43\/2021\/06\/abar2-213.png",1000,1000,false],"landscape":["https:\/\/goias.gov.br\/agr\/wp-content\/uploads\/sites\/43\/2021\/06\/abar2-213.png",1000,1000,false],"portraits":["https:\/\/goias.gov.br\/agr\/wp-content\/uploads\/sites\/43\/2021\/06\/abar2-213.png",1000,1000,false],"thumbnail":["https:\/\/goias.gov.br\/agr\/wp-content\/uploads\/sites\/43\/2021\/06\/abar2-213-150x150.png",150,150,true],"medium":["https:\/\/goias.gov.br\/agr\/wp-content\/uploads\/sites\/43\/2021\/06\/abar2-213-300x300.png",300,300,true],"large":["https:\/\/goias.gov.br\/agr\/wp-content\/uploads\/sites\/43\/2021\/06\/abar2-213.png",1000,1000,false],"1536x1536":["https:\/\/goias.gov.br\/agr\/wp-content\/uploads\/sites\/43\/2021\/06\/abar2-213.png",1000,1000,false],"2048x2048":["https:\/\/goias.gov.br\/agr\/wp-content\/uploads\/sites\/43\/2021\/06\/abar2-213.png",1000,1000,false]},"rttpg_author":{"display_name":"anafsouza","author_link":"https:\/\/goias.gov.br\/agr\/author\/anafsouza\/"},"rttpg_comment":0,"rttpg_category":"<a href=\"https:\/\/goias.gov.br\/agr\/categoria\/noticias\/\" rel=\"category tag\">Not\u00edcias<\/a>","rttpg_excerpt":"Card: AGR O gerente de Saneamento B&aacute;sico da AGR, Eduardo Henrique da Cunha, participou, nesta quinta-feira (24\/06), da reuni&atilde;o da C&acirc;mara T&eacute;cnica de Saneamento B&aacute;sico, Recursos H&iacute;dricos e Sa&uacute;de, da Associa&ccedil;&atilde;o Brasileira de Ag&ecirc;ncias de Regula&ccedil;&atilde;o (Abar). O encontro foi aberto pelo presidente da entidade, Fernando Franco, e pela coordenadora da C&acirc;mara T&eacute;cnica, K&aacute;tia Muniz&hellip;","_links":{"self":[{"href":"https:\/\/goias.gov.br\/agr\/wp-json\/wp\/v2\/posts\/69265","targetHints":{"allow":["GET"]}}],"collection":[{"href":"https:\/\/goias.gov.br\/agr\/wp-json\/wp\/v2\/posts"}],"about":[{"href":"https:\/\/goias.gov.br\/agr\/wp-json\/wp\/v2\/types\/post"}],"author":[{"embeddable":true,"href":"https:\/\/goias.gov.br\/agr\/wp-json\/wp\/v2\/users\/874"}],"replies":[{"embeddable":true,"href":"https:\/\/goias.gov.br\/agr\/wp-json\/wp\/v2\/comments?post=69265"}],"version-history":[{"count":0,"href":"https:\/\/goias.gov.br\/agr\/wp-json\/wp\/v2\/posts\/69265\/revisions"}],"wp:featuredmedia":[{"embeddable":true,"href":"https:\/\/goias.gov.br\/agr\/wp-json\/wp\/v2\/media\/69264"}],"wp:attachment":[{"href":"https:\/\/goias.gov.br\/agr\/wp-json\/wp\/v2\/media?parent=69265"}],"wp:term":[{"taxonomy":"category","embeddable":true,"href":"https:\/\/goias.gov.br\/agr\/wp-json\/wp\/v2\/categories?post=69265"},{"taxonomy":"post_tag","embeddable":true,"href":"https:\/\/goias.gov.br\/agr\/wp-json\/wp\/v2\/tags?post=69265"}],"curies":[{"name":"wp","href":"https:\/\/api.w.org\/{rel}","templated":true}]}}