

{"id":68452,"date":"2020-04-07T18:00:03","date_gmt":"2020-04-07T21:00:03","guid":{"rendered":"https:\/\/siteshom.goias.gov.br\/agr\/agr-e-parceira-da-ovg-na-campanha-solidaria-de-arrecadacao-de-alimentos-para-familias-sem-renda-por-causa-da-covid-19\/"},"modified":"2020-04-07T18:00:03","modified_gmt":"2020-04-07T21:00:03","slug":"agr-e-parceira-da-ovg-na-campanha-solidaria-de-arrecadacao-de-alimentos-para-familias-sem-renda-por-causa-da-covid-19","status":"publish","type":"post","link":"https:\/\/goias.gov.br\/agr\/agr-e-parceira-da-ovg-na-campanha-solidaria-de-arrecadacao-de-alimentos-para-familias-sem-renda-por-causa-da-covid-19\/","title":{"rendered":"AGR \u00e9 parceira da OVG na Campanha Solid\u00e1ria de arrecada\u00e7\u00e3o de alimentos para fam\u00edlias sem renda por causa da Covid-19"},"content":{"rendered":"<p><font face=\"Arial, serif\"><font size=\"3\">A <\/font><\/font><font face=\"Arial, serif\"><font size=\"3\">Ag&ecirc;ncia Goiana de Regula&ccedil;&atilde;o, Controle e Fiscaliza&ccedil;&atilde;o de Servi&ccedil;os P&uacute;blicos (AGR) aderiu <\/font><\/font><font face=\"Arial, serif\"><font size=\"3\">&agrave; campanha da Organiza&ccedil;&atilde;o das Volunt&aacute;rias de Goi&aacute;s (OVG) de <\/font><\/font><font face=\"Arial, serif\"><font size=\"3\">arrecada&ccedil;&atilde;o de alimentos e produtos de higiene e limpeza. <\/font><\/font><font face=\"Arial, serif\"><font size=\"3\">As doa&ccedil;&otilde;es &ndash; em dinheiro ou produtos &#8211; ser&atilde;o <\/font><\/font><font face=\"Arial, serif\"><font size=\"3\"> destinados &agrave; compra de cestas b&aacute;sicas para serem doadas &agrave;s fam&iacute;lias <\/font><\/font><font face=\"Arial, serif\"><font size=\"3\">carentes<\/font><\/font><font face=\"Arial, serif\"><font size=\"3\">, <\/font><\/font><font face=\"Arial, serif\"><font size=\"3\">neste dif&iacute;cil momento da pandemia do Covid-19, <\/font><\/font><font face=\"Arial, serif\"><font size=\"3\">e <\/font><\/font><font face=\"Arial, serif\"><font size=\"3\">encontram-se em situa&ccedil;&atilde;o de vulnerabilidade no Estado de Goi&aacute;s.<\/font><\/font><\/p>\n<p><font face=\"Arial, serif\"><font size=\"3\">A<\/font><\/font><font face=\"Arial, serif\"><font size=\"3\"> parceira da <\/font><\/font><font face=\"Arial, serif\"><font size=\"3\">iniciativa integra a&ccedil;&otilde;es do Governo de Goi&aacute;s em busca de fornecer apoio a fam&iacute;lias de baixa renda em meio enfrentamento da pandemia do Covid-19. A meta da ag&ecirc;ncia &eacute; superar a <\/font><\/font><font face=\"Arial, serif\"><font size=\"3\">arrecada&ccedil;&atilde;o de 500<\/font><\/font><font face=\"Arial, serif\"><font size=\"3\"> cestas b&aacute;sicas. <\/font><\/font><\/p>\n<p><font face=\"Arial, serif\"><font size=\"3\">O presidente da AGR, Eur&iacute;pedes Barsanulfo da Fonseca, lembra o <\/font><\/font><font face=\"Arial, serif\"><font size=\"3\">momento de ang&uacute;stia que passa a humanidade e o povo <\/font><\/font><font face=\"Arial, serif\"><font size=\"3\">g<\/font><\/font><font face=\"Arial, serif\"><font size=\"3\">oiano <\/font><\/font><font face=\"Arial, serif\"><font size=\"3\">em virtude da pandemia do novo coronav&iacute;rus<\/font><\/font><font face=\"Arial, serif\"><font size=\"3\">. <\/font><\/font><font face=\"Arial, serif\"><font size=\"3\">Mas entende que, &ldquo;com a solidariedade e apoio da popula&ccedil;&atilde;o, s<\/font><\/font><font face=\"Arial, serif\"><font size=\"3\">airemos mais fortes, mais espiritualizados e humanos em rela&ccedil;&atilde;o &agrave;s nossas vidas e amor aos mais sofridos. Jesus nos mostrar&aacute; o caminho&rdquo;, <\/font><\/font><font face=\"Arial, serif\"><font size=\"3\">afirma o presidente<\/font><\/font><font face=\"Arial, serif\"><font size=\"3\">.<\/font><\/font><\/p>\n<p>\n<font face=\"Arial, serif\"><font size=\"3\"><b><br \/>\nCOMO PARTICIPAR?<\/b><\/font><\/font><\/p>\n<p><font face=\"Arial, serif\"><font size=\"3\">DE DUAS FORMAS:<\/p>\n<p>1) DOA&Ccedil;&Atilde;O DE PRODUTOS<\/p>\n<p>O foco da campanha &eacute; garantir os produtos de primeira necessidade no combate ao novo coronav&iacute;rus. <\/font><\/font><\/p>\n<p>\n<font face=\"Arial, serif\"><font size=\"3\">&bull; Onde doar?<\/font><\/font><br \/>\n<font face=\"Arial, serif\"><font size=\"3\">Sede da AGR &#8211; <\/font><\/font><font face=\"Arial, serif\"><font size=\"3\">AGR<br \/>\nAv. Goi&aacute;s, 305 &ndash; Edf. Visconde de Mau&aacute; &ndash; Centro<br \/>\nGoi&acirc;nia &ndash; GO<\/font><\/font><\/p>\n<p>\n<font face=\"Arial, serif\"><font size=\"3\">&bull; O que doar?<\/p>\n<p>&#8211; Cesta b&aacute;sica (alimentos n&atilde;o perec&iacute;veis &ndash; arroz, feij&atilde;o, a&ccedil;&uacute;car, &oacute;leo, caf&eacute;, macarr&atilde;o, extrato de tomates, biscoitos etc.)<br \/>\n&#8211; Produtos de higiene (&aacute;lcool em gel, sabonete, sab&atilde;o em barra, detergente, &aacute;gua sanit&aacute;ria, sacos pl&aacute;stico etc)<br \/>\n&#8211; Sa&uacute;de: Term&ocirc;metro digital<\/p>\n<p>2) DOA&Ccedil;&Atilde;O EM DINHEIRO<\/p>\n<p>Transfer&ecirc;ncia banc&aacute;ria:<br \/>\nSe voc&ecirc; quiser ajudar sem sair de casa, qualquer que seja o valor, pode depositar diretamente na conta para doa&ccedil;&otilde;es:<br \/>\n&bull; Transfer&ecirc;ncia banc&aacute;ria<br \/>\nAg&ecirc;ncia 4204 &ndash; CEF<br \/>\n&#8211; Conta: 488-1<br \/>\n-Opera&ccedil;&atilde;o: 013 (poupan&ccedil;a)<br \/>\n&#8211; Doa&ccedil;&otilde;es Covid 19<br \/>\n&#8211; Cnpj: 03.537.650\/0001-69<\/p>\n<p>Informa&ccedil;&otilde;es: presidencia@agr.gog.ogv.br<br \/>\n(62) 3226-6601<\/font><\/font><\/p>\n<p>\n<font face=\"Arial, serif\"><font size=\"3\">Imprensa AGR<\/font><\/font><\/p>\n","protected":false},"excerpt":{"rendered":"<p>A Ag&ecirc;ncia Goiana de Regula&ccedil;&atilde;o, Controle e Fiscaliza&ccedil;&atilde;o de Servi&ccedil;os P&uacute;blicos (AGR) aderiu &agrave; campanha da Organiza&ccedil;&atilde;o das Volunt&aacute;rias de Goi&aacute;s (OVG) de arrecada&ccedil;&atilde;o de alimentos e produtos de higiene e limpeza. As doa&ccedil;&otilde;es &ndash; em dinheiro ou produtos &#8211; ser&atilde;o destinados &agrave; compra de cestas b&aacute;sicas para serem doadas &agrave;s fam&iacute;lias carentes, neste dif&iacute;cil [&hellip;]<\/p>\n","protected":false},"author":364,"featured_media":68451,"comment_status":"closed","ping_status":"open","sticky":false,"template":"","format":"standard","meta":{"footnotes":""},"categories":[47],"tags":[],"class_list":["post-68452","post","type-post","status-publish","format-standard","has-post-thumbnail","hentry","category-noticias"],"rttpg_featured_image_url":{"full":["https:\/\/goias.gov.br\/agr\/wp-content\/uploads\/sites\/43\/2020\/04\/doacaoagr-2f5.jpg",1080,1080,false],"landscape":["https:\/\/goias.gov.br\/agr\/wp-content\/uploads\/sites\/43\/2020\/04\/doacaoagr-2f5.jpg",1080,1080,false],"portraits":["https:\/\/goias.gov.br\/agr\/wp-content\/uploads\/sites\/43\/2020\/04\/doacaoagr-2f5.jpg",1080,1080,false],"thumbnail":["https:\/\/goias.gov.br\/agr\/wp-content\/uploads\/sites\/43\/2020\/04\/doacaoagr-2f5-150x150.jpg",150,150,true],"medium":["https:\/\/goias.gov.br\/agr\/wp-content\/uploads\/sites\/43\/2020\/04\/doacaoagr-2f5-300x300.jpg",300,300,true],"large":["https:\/\/goias.gov.br\/agr\/wp-content\/uploads\/sites\/43\/2020\/04\/doacaoagr-2f5-1024x1024.jpg",1024,1024,true],"1536x1536":["https:\/\/goias.gov.br\/agr\/wp-content\/uploads\/sites\/43\/2020\/04\/doacaoagr-2f5.jpg",1080,1080,false],"2048x2048":["https:\/\/goias.gov.br\/agr\/wp-content\/uploads\/sites\/43\/2020\/04\/doacaoagr-2f5.jpg",1080,1080,false]},"rttpg_author":{"display_name":"denissilva","author_link":"https:\/\/goias.gov.br\/agr\/author\/denissilva\/"},"rttpg_comment":0,"rttpg_category":"<a href=\"https:\/\/goias.gov.br\/agr\/categoria\/noticias\/\" rel=\"category tag\">Not\u00edcias<\/a>","rttpg_excerpt":"A Ag&ecirc;ncia Goiana de Regula&ccedil;&atilde;o, Controle e Fiscaliza&ccedil;&atilde;o de Servi&ccedil;os P&uacute;blicos (AGR) aderiu &agrave; campanha da Organiza&ccedil;&atilde;o das Volunt&aacute;rias de Goi&aacute;s (OVG) de arrecada&ccedil;&atilde;o de alimentos e produtos de higiene e limpeza. As doa&ccedil;&otilde;es &ndash; em dinheiro ou produtos &#8211; ser&atilde;o destinados &agrave; compra de cestas b&aacute;sicas para serem doadas &agrave;s fam&iacute;lias carentes, neste dif&iacute;cil&hellip;","_links":{"self":[{"href":"https:\/\/goias.gov.br\/agr\/wp-json\/wp\/v2\/posts\/68452","targetHints":{"allow":["GET"]}}],"collection":[{"href":"https:\/\/goias.gov.br\/agr\/wp-json\/wp\/v2\/posts"}],"about":[{"href":"https:\/\/goias.gov.br\/agr\/wp-json\/wp\/v2\/types\/post"}],"author":[{"embeddable":true,"href":"https:\/\/goias.gov.br\/agr\/wp-json\/wp\/v2\/users\/364"}],"replies":[{"embeddable":true,"href":"https:\/\/goias.gov.br\/agr\/wp-json\/wp\/v2\/comments?post=68452"}],"version-history":[{"count":0,"href":"https:\/\/goias.gov.br\/agr\/wp-json\/wp\/v2\/posts\/68452\/revisions"}],"wp:featuredmedia":[{"embeddable":true,"href":"https:\/\/goias.gov.br\/agr\/wp-json\/wp\/v2\/media\/68451"}],"wp:attachment":[{"href":"https:\/\/goias.gov.br\/agr\/wp-json\/wp\/v2\/media?parent=68452"}],"wp:term":[{"taxonomy":"category","embeddable":true,"href":"https:\/\/goias.gov.br\/agr\/wp-json\/wp\/v2\/categories?post=68452"},{"taxonomy":"post_tag","embeddable":true,"href":"https:\/\/goias.gov.br\/agr\/wp-json\/wp\/v2\/tags?post=68452"}],"curies":[{"name":"wp","href":"https:\/\/api.w.org\/{rel}","templated":true}]}}