

{"id":68109,"date":"2019-09-20T09:30:52","date_gmt":"2019-09-20T12:30:52","guid":{"rendered":"https:\/\/siteshom.goias.gov.br\/agr\/governo-de-goias-lanca-programas-de-estagio-e-trainee\/"},"modified":"2019-09-20T09:30:52","modified_gmt":"2019-09-20T12:30:52","slug":"governo-de-goias-lanca-programas-de-estagio-e-trainee","status":"publish","type":"post","link":"https:\/\/goias.gov.br\/agr\/governo-de-goias-lanca-programas-de-estagio-e-trainee\/","title":{"rendered":"Governo de Goi\u00e1s lan\u00e7a programas de est\u00e1gio e trainee"},"content":{"rendered":"<p align=\"justify\"><font color=\"#222222\"><font face=\"Arial, sans-serif\"><font size=\"3\">Capacitar profissionais, garantindo com que Goi&aacute;s tenha especialistas qualificados nas mais diversas &aacute;reas. Com esse objetivo o governador Ronaldo Caiado lan&ccedil;ou, nesta quinta-feira (19\/9), uma iniciativa in&eacute;dita no Estado, que &eacute; o programa Trainee da Gest&atilde;o P&uacute;blica. Na mesma solenidade, realizada no audit&oacute;rio Mauro Borges, anunciou conv&ecirc;nios com institui&ccedil;&otilde;es de ensino superior para sele&ccedil;&atilde;o de estagi&aacute;rios e apresentou o projeto Movendo L&iacute;deres, voltado para a capacita&ccedil;&atilde;o de servidores p&uacute;blicos. As a&ccedil;&otilde;es s&atilde;o desenvolvidas pela Secretaria de Estado da Administra&ccedil;&atilde;o (Sead).<\/font><\/font><\/font><\/p>\n<p align=\"justify\">\n<font color=\"#222222\"><font face=\"Arial, sans-serif\"><font size=\"3\">Dentro do Programa Estagi&aacute;rios, o Governo de Goi&aacute;s vai firmar parceria com 36 universidades ou faculdades para que fa&ccedil;am a sele&ccedil;&atilde;o dos estudantes para atua&ccedil;&atilde;o na administra&ccedil;&atilde;o p&uacute;blica. O edital ser&aacute; publicado na sexta-feira (20), com 900 vagas dispon&iacute;veis. Ofertar essa oportunidade fez o governador se lembrar de quando era universit&aacute;rio e buscava espa&ccedil;o no mercado de trabalho. &ldquo;Esse projeto me alegra muito&rdquo;, resumiu. &ldquo;&Eacute; uma maneira de n&oacute;s interligarmos o Estado de Goi&aacute;s com os jovens que estar&atilde;o amanh&atilde; na demanda de empregos&rdquo;, disse o titular da Sead, Bruno D&rsquo;Abadia.<\/font><\/font><\/font><\/p>\n<p align=\"justify\"><font color=\"#222222\"><font face=\"Arial, sans-serif\"><font size=\"3\">Ele afirmou que se trata do maior programa de est&aacute;gios do Estado. &ldquo;Nenhuma institui&ccedil;&atilde;o p&uacute;blica ou privada &eacute; capaz de dar tanto acesso ao emprego e ao conhecimento quanto o Estado de Goi&aacute;s&rdquo;, garantiu. O secret&aacute;rio explicou que o programa foi reformulado e que oferecer&aacute; a jovens motivados aprendizagem e crescimento profissional, al&eacute;m da oportunidade de participar do processo de transforma&ccedil;&atilde;o pela qual Goi&aacute;s atravessa.<\/font><\/font><\/font><\/p>\n<p align=\"justify\">\n<font color=\"#222222\"><font face=\"Arial, sans-serif\"><font size=\"3\">Trainees<br \/>\nJ&aacute; o programa de trainee &eacute; voltado para jovens que desejam fazer a diferen&ccedil;a na gest&atilde;o p&uacute;blica do Estado. Nesta primeira etapa, ser&atilde;o ofertadas 100 vagas para rec&eacute;m-formados que tenham interesse em atuar no servi&ccedil;o p&uacute;blico. &ldquo;Todo jovem quando sai da faculdade, sai com a car&ecirc;ncia enorme de poder transformar a teoria na pr&aacute;tica&rdquo;, salientou o governador, afirmando que a a&ccedil;&atilde;o servir&aacute; como uma esp&eacute;cie de &ldquo;p&oacute;s-gradua&ccedil;&atilde;o&rdquo;, j&aacute; que o novo profissional vai aplicar seus conhecimentos no dia-a-dia.<\/font><\/font><\/font><\/p>\n<p align=\"justify\">\n<font color=\"#222222\"><font face=\"Arial, sans-serif\"><font size=\"3\">Caiado ressaltou que o programa de trainee &eacute; uma m&atilde;o de via dupla. Al&eacute;m de beneficiar os jovens, acrescenta ao Estado, j&aacute; que a m&aacute;quina p&uacute;blica passa a identificar as profissionais com aptid&atilde;o e voca&ccedil;&atilde;o. &ldquo;Essas pessoas amanh&atilde; v&atilde;o fazer concursos e estar&atilde;o aptas a ocuparem cargos dentro da estrutura de governo. Precisamos formar pessoas, especializar.&rdquo;<\/font><\/font><\/font><\/p>\n<p align=\"justify\">\n<font color=\"#222222\"><font face=\"Arial, sans-serif\"><font size=\"3\">Bruno D&rsquo;Abadia disse que o processo seletivo ser&aacute; por ampla concorr&ecirc;ncia, com inova&ccedil;&otilde;es que permitam levar para a administra&ccedil;&atilde;o p&uacute;blica talentos com perfil adequado &agrave;s premissas do programa. O edital do processo seletivo tamb&eacute;m ser&aacute; publicado nesta sexta-feira, no Di&aacute;rio Oficial e no site da Escola de Governo. A sele&ccedil;&atilde;o contemplar&aacute; quatro etapas: an&aacute;lise curricular, mini bio com v&iacute;deo de apresenta&ccedil;&atilde;o, estudo de caso e entrevista profissional.<\/p>\n<p>Movendo L&iacute;deres<\/font><\/font><\/font><\/p>\n<p align=\"justify\"><font color=\"#222222\"><font face=\"Arial, sans-serif\"><font size=\"3\">A terceira a&ccedil;&atilde;o lan&ccedil;ada ontem &eacute; voltada aos servidores do Estado que exer&ccedil;am fun&ccedil;&otilde;es de lideran&ccedil;a no Estado. &ldquo;A Escola de Governo montou um programa de capacita&ccedil;&atilde;o de alto n&iacute;vel para ajud&aacute;-los a se capacitar nas &aacute;reas de comunica&ccedil;&atilde;o, lideran&ccedil;a, gest&atilde;o de conflitos, inova&ccedil;&atilde;o&rdquo;, resumiu o titular da Sead. O programa tem a proposta de aliar teoria e pr&aacute;tica, com estrat&eacute;gias ativas de aprendizagem, para desenvolver um novo perfil de l&iacute;der compat&iacute;vel com as necessidades atuais do servi&ccedil;o p&uacute;blico.<\/font><\/font><\/font><\/p>\n<p align=\"justify\"><font color=\"#222222\"><font face=\"Arial, sans-serif\"><font size=\"3\">Inicialmente ser&atilde;o oferecidos cinco cursos que contemplam os principais temas referentes &agrave; constru&ccedil;&atilde;o de uma lideran&ccedil;a eficaz: estrat&eacute;gias de lideran&ccedil;a, tomada de decis&atilde;o, constru&ccedil;&atilde;o de equipes produtivas, mudan&ccedil;a cultural e comunica&ccedil;&atilde;o mais assertiva. As inscri&ccedil;&otilde;es ser&atilde;o realizadas no site da Escola de Governo (www.escoladegoverno.go.gov.br) a partir do dia 25 de setembro.<\/p>\n<p>As novidades integram o Programa Move Goi&aacute;s, institu&iacute;do pela Sead em julho de 2019, que tem o objetivo de implantar, no &acirc;mbito da administra&ccedil;&atilde;o p&uacute;blica estadual, pol&iacute;ticas p&uacute;blicas e a&ccedil;&otilde;es efetivas na &aacute;rea de gest&atilde;o de pessoas. Com o programa, o Governo de Goi&aacute;s quer atrair novos talentos e valorizar os servidores p&uacute;blicos, com promo&ccedil;&otilde;es, qualifica&ccedil;&otilde;es para que a presta&ccedil;&atilde;o de servi&ccedil;os p&uacute;blicos seja realizada com foco no cidad&atilde;o.<\/font><\/font><\/font><\/p>\n<p align=\"justify\">\n<font color=\"#222222\"><font face=\"Arial, sans-serif\"><font size=\"3\">Estiveram presentes os secret&aacute;rios de Estado Wilder Morais (Ind&uacute;stria, Com&eacute;rcio e Servi&ccedil;os), Val&eacute;ria Torres (Comunica&ccedil;&atilde;o) e Edival Louren&ccedil;o (Cultura). A presidente em exerc&iacute;cio da Ag&ecirc;ncia Goiana de Controle, Regula&ccedil;&atilde;o e Fiscaliza&ccedil;&atilde;o de Servi&ccedil;os P&uacute;blicos (AGR), Patr&iacute;cia Junker, o diretor-geral da Administra&ccedil;&atilde;o Penitenci&aacute;ria, coronel Wellington Urz&ecirc;da; o presidente do Codego, Pedro Sales. Al&eacute;m do presidente do Sindicato das Entidades Mantenedoras de Educa&ccedil;&atilde;o Superior, Jorge de Jesus Bernardo; o reitor da Unievang&eacute;lica, professor Carlos Mendes; al&eacute;m de representantes das institui&ccedil;&otilde;es de ensino da UFG, PUC Goi&aacute;s, Faculdade Evang&eacute;lica de Jaragu&aacute;, Facmais, FUG, Ipog, Itego Basileu Fran&ccedil;a, Faculdade Padr&atilde;o, Unialfa, Faculdade Anhanguera e Facunicamps.<\/font><\/font><\/font><\/p>\n","protected":false},"excerpt":{"rendered":"<p>Capacitar profissionais, garantindo com que Goi&aacute;s tenha especialistas qualificados nas mais diversas &aacute;reas. Com esse objetivo o governador Ronaldo Caiado lan&ccedil;ou, nesta quinta-feira (19\/9), uma iniciativa in&eacute;dita no Estado, que &eacute; o programa Trainee da Gest&atilde;o P&uacute;blica. Na mesma solenidade, realizada no audit&oacute;rio Mauro Borges, anunciou conv&ecirc;nios com institui&ccedil;&otilde;es de ensino superior para sele&ccedil;&atilde;o de [&hellip;]<\/p>\n","protected":false},"author":364,"featured_media":0,"comment_status":"closed","ping_status":"open","sticky":false,"template":"","format":"standard","meta":{"footnotes":""},"categories":[47],"tags":[],"class_list":["post-68109","post","type-post","status-publish","format-standard","hentry","category-noticias"],"rttpg_featured_image_url":null,"rttpg_author":{"display_name":"denissilva","author_link":"https:\/\/goias.gov.br\/agr\/author\/denissilva\/"},"rttpg_comment":0,"rttpg_category":"<a href=\"https:\/\/goias.gov.br\/agr\/categoria\/noticias\/\" rel=\"category tag\">Not\u00edcias<\/a>","rttpg_excerpt":"Capacitar profissionais, garantindo com que Goi&aacute;s tenha especialistas qualificados nas mais diversas &aacute;reas. Com esse objetivo o governador Ronaldo Caiado lan&ccedil;ou, nesta quinta-feira (19\/9), uma iniciativa in&eacute;dita no Estado, que &eacute; o programa Trainee da Gest&atilde;o P&uacute;blica. Na mesma solenidade, realizada no audit&oacute;rio Mauro Borges, anunciou conv&ecirc;nios com institui&ccedil;&otilde;es de ensino superior para sele&ccedil;&atilde;o de&hellip;","_links":{"self":[{"href":"https:\/\/goias.gov.br\/agr\/wp-json\/wp\/v2\/posts\/68109","targetHints":{"allow":["GET"]}}],"collection":[{"href":"https:\/\/goias.gov.br\/agr\/wp-json\/wp\/v2\/posts"}],"about":[{"href":"https:\/\/goias.gov.br\/agr\/wp-json\/wp\/v2\/types\/post"}],"author":[{"embeddable":true,"href":"https:\/\/goias.gov.br\/agr\/wp-json\/wp\/v2\/users\/364"}],"replies":[{"embeddable":true,"href":"https:\/\/goias.gov.br\/agr\/wp-json\/wp\/v2\/comments?post=68109"}],"version-history":[{"count":0,"href":"https:\/\/goias.gov.br\/agr\/wp-json\/wp\/v2\/posts\/68109\/revisions"}],"wp:attachment":[{"href":"https:\/\/goias.gov.br\/agr\/wp-json\/wp\/v2\/media?parent=68109"}],"wp:term":[{"taxonomy":"category","embeddable":true,"href":"https:\/\/goias.gov.br\/agr\/wp-json\/wp\/v2\/categories?post=68109"},{"taxonomy":"post_tag","embeddable":true,"href":"https:\/\/goias.gov.br\/agr\/wp-json\/wp\/v2\/tags?post=68109"}],"curies":[{"name":"wp","href":"https:\/\/api.w.org\/{rel}","templated":true}]}}