

{"id":39569,"date":"2016-03-03T12:03:02","date_gmt":"2016-03-03T15:03:02","guid":{"rendered":"https:\/\/siteshom.goias.gov.br\/agr\/contratos-de-metas-energia\/"},"modified":"2025-09-05T16:06:21","modified_gmt":"2025-09-05T19:06:21","slug":"contratos-de-metas-energia","status":"publish","type":"post","link":"https:\/\/goias.gov.br\/agr\/contratos-de-metas-energia\/","title":{"rendered":"Conv\u00eanio AGR\/Aneel"},"content":{"rendered":"<h2>Conv\u00eanio de Coopera\u00e7\u00e3o n\u00ba 26\/2011<\/h2>\n<ul>\n<li><a href=\"https:\/\/goias.gov.br\/agr\/wp-content\/uploads\/sites\/43\/2016\/03\/convenio-cooperacao-26-2011-580.pdf\">Conv\u00eanio de coopera\u00e7\u00e3o n\u00ba 26\/2011 &#8211;<\/a>\u00a0Tem\u00a0o objetivo de delegar \u00e0 AGR compet\u00eancias para a execu\u00e7\u00e3o de atividades descentralizadas em regime de gest\u00e3o associada de servi\u00e7os p\u00fablicos.<\/li>\n<\/ul>\n<hr \/>\n<h2>\u00a0Contratos\u00a0de Metas<\/h2>\n<h3>2025<\/h3>\n<ul>\n<li><a href=\"https:\/\/goias.gov.br\/agr\/wp-content\/uploads\/sites\/43\/2016\/03\/contrato-meta-021-2025.pdf\">Contrato de Metas n\u00ba 021\/2025<\/a><\/li>\n<li><a href=\"https:\/\/goias.gov.br\/agr\/wp-content\/uploads\/sites\/43\/2016\/03\/contrato-meta-020-2025.pdf\">Contrato de Metas n\u00ba 020\/2025<\/a><\/li>\n<li><a href=\"https:\/\/goias.gov.br\/agr\/wp-content\/uploads\/sites\/43\/2025\/09\/Contrato-de-Metas-no-019-2025.pdf\">Contrato de Metas n\u00ba 019\/2025<\/a><\/li>\n<\/ul>\n<h3>2024<\/h3>\n<ul>\n<li><a href=\"https:\/\/goias.gov.br\/agr\/wp-content\/uploads\/sites\/43\/2025\/09\/Contrato-de-Metas-no-011-2024.pdf\">Contrato de Metas n\u00ba 011\/2024<\/a><\/li>\n<li><a href=\"https:\/\/goias.gov.br\/agr\/wp-content\/uploads\/sites\/43\/2025\/09\/Contrato-de-Metas-no-010-2024.pdf\">Contrato de Metas n\u00ba 010\/2024<\/a><\/li>\n<li><a href=\"https:\/\/goias.gov.br\/agr\/wp-content\/uploads\/sites\/43\/2025\/09\/Contrato-de-Metas-no-009-2024.pdf\">Contrato de Metas n\u00ba 009\/2024<\/a><\/li>\n<li><a href=\"https:\/\/goias.gov.br\/agr\/wp-content\/uploads\/sites\/43\/2025\/09\/Contrato-de-Metas-no-008-2024.pdf\">Contrato de Metas n\u00ba 008\/2024<\/a><\/li>\n<\/ul>\n<h3>2023<\/h3>\n<ul>\n<li><a href=\"https:\/\/goias.gov.br\/agr\/wp-content\/uploads\/sites\/43\/2016\/03\/CM-017-2023-dcc.pdf\">Contrato\u00a0de Metas n\u00ba 017\/2022<\/a><\/li>\n<li><a href=\"https:\/\/goias.gov.br\/agr\/wp-content\/uploads\/sites\/43\/2016\/03\/CM-016-2023-330.pdf\">Contrato\u00a0de Metas n\u00ba 016\/2022<\/a><\/li>\n<li><a href=\"https:\/\/goias.gov.br\/agr\/wp-content\/uploads\/sites\/43\/2016\/03\/CM-015-2023-d83.pdf\">Contrato de Metas n\u00ba 015\/2022<\/a><\/li>\n<li><a href=\"https:\/\/goias.gov.br\/agr\/wp-content\/uploads\/sites\/43\/2016\/03\/CM-014-2023-37f.pdf\">Contrato de Metas n\u00ba 014\/2022<\/a><\/li>\n<li><a href=\"https:\/\/goias.gov.br\/agr\/wp-content\/uploads\/sites\/43\/2016\/03\/CM-013-2023-d52.pdf\">Contrato de Metas n\u00ba 013\/2022<\/a><\/li>\n<\/ul>\n<h3>2022<\/h3>\n<ul>\n<li><a href=\"https:\/\/goias.gov.br\/agr\/wp-content\/uploads\/sites\/43\/2016\/03\/CM-018-2022-265.pdf\">Contrato\u00a0de Metas n\u00ba 018\/2022<\/a><\/li>\n<li><a href=\"https:\/\/goias.gov.br\/agr\/wp-content\/uploads\/sites\/43\/2016\/03\/CM-017-2022-d75.pdf\" target=\"_blank\" rel=\"noopener\">Contrato de Metas n\u00ba 017\/2022<\/a><\/li>\n<li><a href=\"https:\/\/goias.gov.br\/agr\/wp-content\/uploads\/sites\/43\/2016\/03\/CM-016-2022-389.pdf\" target=\"_blank\" rel=\"noopener\">Contrato de Metas n\u00ba 016\/2022<\/a><\/li>\n<li><a href=\"https:\/\/goias.gov.br\/agr\/wp-content\/uploads\/sites\/43\/2016\/03\/CM-015-2022-d3a.pdf\" target=\"_blank\" rel=\"noopener\">Contrato de Metas n\u00ba 015\/2022<\/a><\/li>\n<\/ul>\n<h3>2021<\/h3>\n<ul>\n<li><a href=\"https:\/\/goias.gov.br\/agr\/wp-content\/uploads\/sites\/43\/2016\/03\/CONTRATO-METAS-N-18-2021-d87.pdf\" target=\"_blank\" rel=\"noopener\">Contrato de Metas n\u00ba 018\/2021<\/a><\/li>\n<li><a href=\"https:\/\/goias.gov.br\/agr\/wp-content\/uploads\/sites\/43\/2016\/03\/CONTRATO-METAS-N-17-2021-297.pdf\" target=\"_blank\" rel=\"noopener\">Contrato de Metas n\u00ba 017\/2021<\/a><\/li>\n<li><a href=\"https:\/\/goias.gov.br\/agr\/wp-content\/uploads\/sites\/43\/2016\/03\/CONTRATO-METAS-N-16-2021-c6b.pdf\" target=\"_blank\" rel=\"noopener\">Contrato de Metas n\u00ba 016\/2021<\/a><\/li>\n<li><a href=\"https:\/\/goias.gov.br\/agr\/wp-content\/uploads\/sites\/43\/2016\/03\/CONTRATO-METAS-N-15-2021-2d8.pdf\" target=\"_blank\" rel=\"noopener\">Contrato de Metas n\u00ba 015\/2021<\/a><\/li>\n<\/ul>\n<h3>2020<\/h3>\n<ul>\n<li><a href=\"https:\/\/goias.gov.br\/agr\/wp-content\/uploads\/sites\/43\/2016\/03\/Contrato-Metas-n-016-2020-ANEEL-0da.pdf\" target=\"_blank\" rel=\"noopener\">Contrato de Metas n\u00ba 016\/2020<\/a><\/li>\n<li><a href=\"https:\/\/goias.gov.br\/agr\/wp-content\/uploads\/sites\/43\/2016\/03\/Contrato-Metas-n-015-2020-ANEEL-246.pdf\" target=\"_blank\" rel=\"noopener\">Contrato de Metas n\u00ba 015\/2020<\/a><\/li>\n<li><a href=\"https:\/\/goias.gov.br\/agr\/wp-content\/uploads\/sites\/43\/2016\/03\/Contrato-Metas-n-014-2020-ANEEL-8a0.pdf\" target=\"_blank\" rel=\"noopener\">Contrato de Metas n\u00ba 014\/2020<\/a><\/li>\n<li><a href=\"https:\/\/goias.gov.br\/agr\/wp-content\/uploads\/sites\/43\/2016\/03\/Contrato-Metas-n-013-2020-ANEEL-77f.pdf\" target=\"_blank\" rel=\"noopener\">Contrato de Metas n\u00ba 013\/2020<\/a><\/li>\n<\/ul>\n<p><strong><a href=\"https:\/\/goias.gov.br\/agr\/contratos-metas-anteriores-energia\">Contratos anteriores<\/a><\/strong><\/p>\n","protected":false},"excerpt":{"rendered":"<p>Conv\u00eanio de Coopera\u00e7\u00e3o n\u00ba 26\/2011 Conv\u00eanio de coopera\u00e7\u00e3o n\u00ba 26\/2011 &#8211;\u00a0Tem\u00a0o objetivo de delegar \u00e0 AGR compet\u00eancias para a execu\u00e7\u00e3o de atividades descentralizadas em regime de gest\u00e3o associada de servi\u00e7os p\u00fablicos. \u00a0Contratos\u00a0de Metas 2025 Contrato de Metas n\u00ba 021\/2025 Contrato de Metas n\u00ba 020\/2025 Contrato de Metas n\u00ba 019\/2025 2024 Contrato de Metas n\u00ba 011\/2024 [&hellip;]<\/p>\n","protected":false},"author":7,"featured_media":0,"comment_status":"closed","ping_status":"open","sticky":false,"template":"","format":"standard","meta":{"footnotes":""},"categories":[49],"tags":[],"class_list":["post-39569","post","type-post","status-publish","format-standard","hentry","category-energia-menu-vertical"],"rttpg_featured_image_url":null,"rttpg_author":{"display_name":"gustavogoncalves","author_link":"https:\/\/goias.gov.br\/agr\/author\/gustavogoncalves\/"},"rttpg_comment":0,"rttpg_category":"<a href=\"https:\/\/goias.gov.br\/agr\/categoria\/regulacao-e-fiscalizacao\/energia-menu-vertical\/\" rel=\"category tag\">Energia<\/a>","rttpg_excerpt":"Conv\u00eanio de Coopera\u00e7\u00e3o n\u00ba 26\/2011 Conv\u00eanio de coopera\u00e7\u00e3o n\u00ba 26\/2011 &#8211;\u00a0Tem\u00a0o objetivo de delegar \u00e0 AGR compet\u00eancias para a execu\u00e7\u00e3o de atividades descentralizadas em regime de gest\u00e3o associada de servi\u00e7os p\u00fablicos. \u00a0Contratos\u00a0de Metas 2025 Contrato de Metas n\u00ba 021\/2025 Contrato de Metas n\u00ba 020\/2025 Contrato de Metas n\u00ba 019\/2025 2024 Contrato de Metas n\u00ba 011\/2024&hellip;","_links":{"self":[{"href":"https:\/\/goias.gov.br\/agr\/wp-json\/wp\/v2\/posts\/39569","targetHints":{"allow":["GET"]}}],"collection":[{"href":"https:\/\/goias.gov.br\/agr\/wp-json\/wp\/v2\/posts"}],"about":[{"href":"https:\/\/goias.gov.br\/agr\/wp-json\/wp\/v2\/types\/post"}],"author":[{"embeddable":true,"href":"https:\/\/goias.gov.br\/agr\/wp-json\/wp\/v2\/users\/7"}],"replies":[{"embeddable":true,"href":"https:\/\/goias.gov.br\/agr\/wp-json\/wp\/v2\/comments?post=39569"}],"version-history":[{"count":2,"href":"https:\/\/goias.gov.br\/agr\/wp-json\/wp\/v2\/posts\/39569\/revisions"}],"predecessor-version":[{"id":242532,"href":"https:\/\/goias.gov.br\/agr\/wp-json\/wp\/v2\/posts\/39569\/revisions\/242532"}],"wp:attachment":[{"href":"https:\/\/goias.gov.br\/agr\/wp-json\/wp\/v2\/media?parent=39569"}],"wp:term":[{"taxonomy":"category","embeddable":true,"href":"https:\/\/goias.gov.br\/agr\/wp-json\/wp\/v2\/categories?post=39569"},{"taxonomy":"post_tag","embeddable":true,"href":"https:\/\/goias.gov.br\/agr\/wp-json\/wp\/v2\/tags?post=39569"}],"curies":[{"name":"wp","href":"https:\/\/api.w.org\/{rel}","templated":true}]}}