

{"id":305392,"date":"2026-03-27T09:56:16","date_gmt":"2026-03-27T12:56:16","guid":{"rendered":"https:\/\/goias.gov.br\/agr\/?p=305392"},"modified":"2026-03-27T09:56:16","modified_gmt":"2026-03-27T12:56:16","slug":"agr-e-crc-go-orientam-servidores-sobre-as-regras-e-novidades-da-declaracao-do-imposto-de-renda","status":"publish","type":"post","link":"https:\/\/goias.gov.br\/agr\/agr-e-crc-go-orientam-servidores-sobre-as-regras-e-novidades-da-declaracao-do-imposto-de-renda\/","title":{"rendered":"AGR e CRC-GO orientam servidores sobre as regras e novidades da declara\u00e7\u00e3o do Imposto de Renda"},"content":{"rendered":"<p><img fetchpriority=\"high\" decoding=\"async\" class=\"alignnone size-full wp-image-305406\" src=\"https:\/\/goias.gov.br\/agr\/wp-content\/uploads\/sites\/43\/2026\/03\/WhatsApp-Image-2026-03-26-at-16.12.08.jpeg\" alt=\"\" width=\"1600\" height=\"1066\" srcset=\"https:\/\/goias.gov.br\/agr\/wp-content\/uploads\/sites\/43\/2026\/03\/WhatsApp-Image-2026-03-26-at-16.12.08.jpeg 1600w, https:\/\/goias.gov.br\/agr\/wp-content\/uploads\/sites\/43\/2026\/03\/WhatsApp-Image-2026-03-26-at-16.12.08-300x200.jpeg 300w, https:\/\/goias.gov.br\/agr\/wp-content\/uploads\/sites\/43\/2026\/03\/WhatsApp-Image-2026-03-26-at-16.12.08-1024x682.jpeg 1024w, https:\/\/goias.gov.br\/agr\/wp-content\/uploads\/sites\/43\/2026\/03\/WhatsApp-Image-2026-03-26-at-16.12.08-768x512.jpeg 768w, https:\/\/goias.gov.br\/agr\/wp-content\/uploads\/sites\/43\/2026\/03\/WhatsApp-Image-2026-03-26-at-16.12.08-1536x1023.jpeg 1536w\" sizes=\"(max-width: 1600px) 100vw, 1600px\" \/><\/p>\n<p style=\"text-align: center;\"><em>Em parceria com o CRC-GO, Ger\u00eancia de Contabilidade apresenta novidades do IRPF, tira d\u00favidas sobre patrim\u00f4nio e orienta colaboradores a como declararem com seguran\u00e7a<\/em><\/p>\n<p style=\"text-align: justify;\">A Ag\u00eancia Goiana de Regula\u00e7\u00e3o (AGR), por meio de sua Ger\u00eancia de Contabilidade, promoveu nesta quinta-feira (26\/03), em seu audit\u00f3rio, uma palestra para instruir os servidores sobre as regras e novidades da declara\u00e7\u00e3o do Imposto de Renda Pessoa F\u00edsica de 2026. O evento contou com a parceria do Conselho Regional de Contabilidade (CRC-GO), o que evidencia o compromisso institucional com a orienta\u00e7\u00e3o e capacita\u00e7\u00e3o de seus colaboradores, o presidente da AGR Wagner Oliveira Gomes esteve no evento.<\/p>\n<p style=\"text-align: justify;\">A apresenta\u00e7\u00e3o foi conduzida pelo vice-presidente de Registro do CRC-GO, Francisco de Assis. Ele detalhou os crit\u00e9rios de obrigatoriedade para este ano, citando os contribuintes com rendimentos tribut\u00e1veis acima de R$ 35.884 ou que possuam bens e direitos superiores a R$ 800.000. O especialista tamb\u00e9m alertou sobre a malha fiscal, que cruza informa\u00e7\u00f5es do contribuinte com as fontes pagadoras, lembrando que a Receita Federal tem o prazo legal de cinco anos para notificar inconsist\u00eancias. Para evitar erros, a principal recomenda\u00e7\u00e3o foi o uso da declara\u00e7\u00e3o pr\u00e9-preenchida, acess\u00edvel para quem possui conta no portal Gov.br com n\u00edvel prata ou ouro.<\/p>\n<p style=\"text-align: justify;\">D\u00favidas sobre patrim\u00f4nio ganharam destaque. Francisco de Assis explicou que n\u00e3o \u00e9 permitido atualizar o valor de im\u00f3veis na declara\u00e7\u00e3o sem a devida comprova\u00e7\u00e3o de gastos com reformas por meio de notas fiscais. Em caso de venda, o contribuinte pode garantir isen\u00e7\u00e3o do imposto sobre ganho de capital se reinvestir o valor total em outro im\u00f3vel residencial no Brasil no prazo de 180 dias. Outros pontos abordados inclu\u00edram o sistema Receita Sa\u00fade, que reduziu as quedas na malha fina por despesas m\u00e9dicas , e a obrigatoriedade de declarar ganhos com apostas esportivas (&#8220;bets&#8221;) acima de R$ 28.000.<\/p>\n<p style=\"text-align: justify;\">Sobre as restitui\u00e7\u00f5es, o palestrante lembrou que quem optar pela restitui\u00e7\u00e3o por Pix tem prioridade, e que a chave Pix para recebimento deve ser obrigatoriamente o CPF do titular. Uma novidade de cunho social apresentada foi o &#8220;Cash Back&#8221; da Receita: cidad\u00e3os isentos que tiveram imposto retido na fonte receber\u00e3o a devolu\u00e7\u00e3o autom\u00e1tica via Pix at\u00e9 o dia 15 de julho. Al\u00e9m disso, contribuintes que optam pelo modelo completo podem destinar at\u00e9 6% do imposto devido para fundos sociais voltados \u00e0 crian\u00e7a, ao adolescente e ao idoso, sem qualquer custo adicional.<\/p>\n<p style=\"text-align: justify;\">Ao final do encontro, o gerente de Contabilidade da AGR, Allan Palmer Coelho Ferreira, ressaltou a import\u00e2ncia da iniciativa para desmistificar o tema e mudar a percep\u00e7\u00e3o sobre a declara\u00e7\u00e3o. \u201cTrazer esse tipo de palestra para os servidores amplia a vis\u00e3o de quem est\u00e1 fazendo a declara\u00e7\u00e3o, fazendo com que deixe de ser vista apenas como uma obriga\u00e7\u00e3o e passe a ser enxergada como uma oportunidade para planejamento tribut\u00e1rio pessoal e contribui\u00e7\u00e3o para o social\u201d, destacou.<\/p>\n<p style=\"text-align: justify;\">O gerente tamb\u00e9m frisou o papel do profissional da \u00e1rea cont\u00e1bil na rotina dos cidad\u00e3os: \u201c\u00c9 positivo trazer esse tipo de iniciativa para mostrar que o contador \u00e9, antes de tudo, um profissional de aux\u00edlio e orienta\u00e7\u00e3o, considerando o atual cen\u00e1rio de mudan\u00e7as, em decorr\u00eancia da reforma tribut\u00e1ria\u201d. declarou.<\/p>\n<p style=\"text-align: justify;\">Encerrando a programa\u00e7\u00e3o e deixando um recado aos presentes, o vice-presidente de registro do CRC-GO, Francisco de Assis, celebrou a parceria com a ag\u00eancia e refor\u00e7ou a miss\u00e3o da entidade. \u201cComo profissionais, temos o dever de levar \u00e0 sociedade um conhecimento claro, simples e direto, n\u00e3o necessariamente t\u00e9cnico, mas bem direcionado, como \u00e9 o caso de uma declara\u00e7\u00e3o de Imposto de Renda\u201d, afirmou. \u201cEsse \u00e9 o dever do contador, e eu presto esse servi\u00e7o com muito gosto e zelo, porque \u00e9 uma pequena contribui\u00e7\u00e3o que posso oferecer \u00e0 nossa sociedade\u201d, concluiu o palestrante.<\/p>\n<p style=\"text-align: justify;\"><strong>Ag\u00eancia Goiana de Regula\u00e7\u00e3o, Controle e Fiscaliza\u00e7\u00e3o dos Servi\u00e7os P\u00fablicos (AGR) \u2013 Governo de Goi\u00e1s<\/strong><\/p>\n","protected":false},"excerpt":{"rendered":"<p>Em parceria com o CRC-GO, Ger\u00eancia de Contabilidade apresenta novidades do IRPF, tira d\u00favidas sobre patrim\u00f4nio e orienta colaboradores a como declararem com seguran\u00e7a A Ag\u00eancia Goiana de Regula\u00e7\u00e3o (AGR), por meio de sua Ger\u00eancia de Contabilidade, promoveu nesta quinta-feira (26\/03), em seu audit\u00f3rio, uma palestra para instruir os servidores sobre as regras e novidades [&hellip;]<\/p>\n","protected":false},"author":304,"featured_media":305406,"comment_status":"closed","ping_status":"open","sticky":false,"template":"","format":"standard","meta":{"footnotes":""},"categories":[47],"tags":[162],"class_list":["post-305392","post","type-post","status-publish","format-standard","has-post-thumbnail","hentry","category-noticias","tag-gerencia-de-contabilidade"],"rttpg_featured_image_url":{"full":["https:\/\/goias.gov.br\/agr\/wp-content\/uploads\/sites\/43\/2026\/03\/WhatsApp-Image-2026-03-26-at-16.12.08.jpeg",1600,1066,false],"landscape":["https:\/\/goias.gov.br\/agr\/wp-content\/uploads\/sites\/43\/2026\/03\/WhatsApp-Image-2026-03-26-at-16.12.08.jpeg",1600,1066,false],"portraits":["https:\/\/goias.gov.br\/agr\/wp-content\/uploads\/sites\/43\/2026\/03\/WhatsApp-Image-2026-03-26-at-16.12.08.jpeg",1600,1066,false],"thumbnail":["https:\/\/goias.gov.br\/agr\/wp-content\/uploads\/sites\/43\/2026\/03\/WhatsApp-Image-2026-03-26-at-16.12.08-150x150.jpeg",150,150,true],"medium":["https:\/\/goias.gov.br\/agr\/wp-content\/uploads\/sites\/43\/2026\/03\/WhatsApp-Image-2026-03-26-at-16.12.08-300x200.jpeg",300,200,true],"large":["https:\/\/goias.gov.br\/agr\/wp-content\/uploads\/sites\/43\/2026\/03\/WhatsApp-Image-2026-03-26-at-16.12.08-1024x682.jpeg",1024,682,true],"1536x1536":["https:\/\/goias.gov.br\/agr\/wp-content\/uploads\/sites\/43\/2026\/03\/WhatsApp-Image-2026-03-26-at-16.12.08-1536x1023.jpeg",1536,1023,true],"2048x2048":["https:\/\/goias.gov.br\/agr\/wp-content\/uploads\/sites\/43\/2026\/03\/WhatsApp-Image-2026-03-26-at-16.12.08.jpeg",1600,1066,false]},"rttpg_author":{"display_name":"daniloaraujo","author_link":"https:\/\/goias.gov.br\/agr\/author\/daniloaraujo\/"},"rttpg_comment":0,"rttpg_category":"<a href=\"https:\/\/goias.gov.br\/agr\/categoria\/noticias\/\" rel=\"category tag\">Not\u00edcias<\/a>","rttpg_excerpt":"Em parceria com o CRC-GO, Ger\u00eancia de Contabilidade apresenta novidades do IRPF, tira d\u00favidas sobre patrim\u00f4nio e orienta colaboradores a como declararem com seguran\u00e7a A Ag\u00eancia Goiana de Regula\u00e7\u00e3o (AGR), por meio de sua Ger\u00eancia de Contabilidade, promoveu nesta quinta-feira (26\/03), em seu audit\u00f3rio, uma palestra para instruir os servidores sobre as regras e novidades&hellip;","_links":{"self":[{"href":"https:\/\/goias.gov.br\/agr\/wp-json\/wp\/v2\/posts\/305392","targetHints":{"allow":["GET"]}}],"collection":[{"href":"https:\/\/goias.gov.br\/agr\/wp-json\/wp\/v2\/posts"}],"about":[{"href":"https:\/\/goias.gov.br\/agr\/wp-json\/wp\/v2\/types\/post"}],"author":[{"embeddable":true,"href":"https:\/\/goias.gov.br\/agr\/wp-json\/wp\/v2\/users\/304"}],"replies":[{"embeddable":true,"href":"https:\/\/goias.gov.br\/agr\/wp-json\/wp\/v2\/comments?post=305392"}],"version-history":[{"count":1,"href":"https:\/\/goias.gov.br\/agr\/wp-json\/wp\/v2\/posts\/305392\/revisions"}],"predecessor-version":[{"id":305415,"href":"https:\/\/goias.gov.br\/agr\/wp-json\/wp\/v2\/posts\/305392\/revisions\/305415"}],"wp:featuredmedia":[{"embeddable":true,"href":"https:\/\/goias.gov.br\/agr\/wp-json\/wp\/v2\/media\/305406"}],"wp:attachment":[{"href":"https:\/\/goias.gov.br\/agr\/wp-json\/wp\/v2\/media?parent=305392"}],"wp:term":[{"taxonomy":"category","embeddable":true,"href":"https:\/\/goias.gov.br\/agr\/wp-json\/wp\/v2\/categories?post=305392"},{"taxonomy":"post_tag","embeddable":true,"href":"https:\/\/goias.gov.br\/agr\/wp-json\/wp\/v2\/tags?post=305392"}],"curies":[{"name":"wp","href":"https:\/\/api.w.org\/{rel}","templated":true}]}}