

{"id":251011,"date":"2025-09-23T10:16:55","date_gmt":"2025-09-23T13:16:55","guid":{"rendered":"https:\/\/goias.gov.br\/agr\/?p=251011"},"modified":"2025-09-23T10:16:57","modified_gmt":"2025-09-23T13:16:57","slug":"comite-da-diversidade-da-agr-apresenta-boas-praticas-em-evento-do-conem","status":"publish","type":"post","link":"https:\/\/goias.gov.br\/agr\/comite-da-diversidade-da-agr-apresenta-boas-praticas-em-evento-do-conem\/","title":{"rendered":"Comit\u00ea da Diversidade da AGR apresenta boas pr\u00e1ticas em evento do Conem"},"content":{"rendered":"<p><img fetchpriority=\"high\" decoding=\"async\" class=\"alignnone size-full wp-image-251034\" src=\"https:\/\/goias.gov.br\/agr\/wp-content\/uploads\/sites\/43\/2025\/09\/WhatsApp-Image-2025-09-23-at-10.13.23.jpeg\" alt=\"\" width=\"1600\" height=\"1200\" srcset=\"https:\/\/goias.gov.br\/agr\/wp-content\/uploads\/sites\/43\/2025\/09\/WhatsApp-Image-2025-09-23-at-10.13.23.jpeg 1600w, https:\/\/goias.gov.br\/agr\/wp-content\/uploads\/sites\/43\/2025\/09\/WhatsApp-Image-2025-09-23-at-10.13.23-300x225.jpeg 300w, https:\/\/goias.gov.br\/agr\/wp-content\/uploads\/sites\/43\/2025\/09\/WhatsApp-Image-2025-09-23-at-10.13.23-1024x768.jpeg 1024w, https:\/\/goias.gov.br\/agr\/wp-content\/uploads\/sites\/43\/2025\/09\/WhatsApp-Image-2025-09-23-at-10.13.23-768x576.jpeg 768w, https:\/\/goias.gov.br\/agr\/wp-content\/uploads\/sites\/43\/2025\/09\/WhatsApp-Image-2025-09-23-at-10.13.23-1536x1152.jpeg 1536w, https:\/\/goias.gov.br\/agr\/wp-content\/uploads\/sites\/43\/2025\/09\/WhatsApp-Image-2025-09-23-at-10.13.23-640x480.jpeg 640w, https:\/\/goias.gov.br\/agr\/wp-content\/uploads\/sites\/43\/2025\/09\/WhatsApp-Image-2025-09-23-at-10.13.23-600x450.jpeg 600w\" sizes=\"(max-width: 1600px) 100vw, 1600px\" \/><\/p>\n<p style=\"text-align: center;\">Encontro do Conselho Estadual da Mulher (Conem) reuniu representantes de comit\u00eas de v\u00e1rios \u00f3rg\u00e3os da administra\u00e7\u00e3o p\u00fablica estadual<\/p>\n<p style=\"text-align: justify;\">O Comit\u00ea Permanente para Quest\u00f5es da Mulher e da Diversidade (CPQMD) da Ag\u00eancia Goiana de Regula\u00e7\u00e3o (AGR) apresentou, na sexta-feira (19\/09), durante encontro realizado pelo Conselho Estadual da Mulher (Conem), as boas pr\u00e1ticas desenvolvidas para a promo\u00e7\u00e3o da inclus\u00e3o e da visibilidade da mulher e da diversidade no \u00e2mbito da ag\u00eancia. O evento, na Secretaria de Estado da Administra\u00e7\u00e3o (Sead), reuniu integrantes de comit\u00eas permanentes de outros \u00f3rg\u00e3os da administra\u00e7\u00e3o estadual.<\/p>\n<p style=\"text-align: justify;\">Na pauta, al\u00e9m das boas pr\u00e1ticas, estava a discuss\u00e3o das a\u00e7\u00f5es para os \u201c21 dias de ativismo pelo fim da viol\u00eancia contra a mulher\u201d, divulga\u00e7\u00e3o de projeto da Fapeg e informes gerais. O comit\u00ea da Funda\u00e7\u00e3o de Amparo \u00e0 Pesquisa do Estado de Goi\u00e1s (Fapeg) tamb\u00e9m apresentou experi\u00eancias exitosas desenvolvidas junto aos servidores da funda\u00e7\u00e3o. Dentre outros participantes do encontro, estavam representantes do CPQMD da Sead.<\/p>\n<p style=\"text-align: justify;\">Segundo a coordenadora do Comit\u00ea da Mulher e da Diversidade da AGR, Lorena Patr\u00edcia de Oliveira, o foco da sua apresenta\u00e7\u00e3o foi a integra\u00e7\u00e3o e a visibilidade. Ela destacou que desde que foi institu\u00eddo na autarquia, o CPQMD teve suas a\u00e7\u00f5es amplamente divulgadas pela Coordena\u00e7\u00e3o de Comunica\u00e7\u00e3o da AGR e contou com o apoio e o incentivo da Presid\u00eancia e Diretoria de Gest\u00e3o Intetrada, o que foi fundamental para o sucesso de suas a\u00e7\u00f5es. \u201cOutro fator que merece destaque \u00e9 a integra\u00e7\u00e3o dos membros que comp\u00f5em o coit\u00ea da AGR que se re\u00fanem periodicamente, dividem tarefas e se empenham para a execu\u00e7\u00e3o dos eventos planejados\u201d, observou.<\/p>\n<p style=\"text-align: justify;\">Como exemplo disso, Lorena Patr\u00edcia destacou, no encontro, a realiza\u00e7\u00e3o da Semana da Mulher e da Diversidade, promovida na AGR de 18 a 22 de agosto e que trouxe na programa\u00e7\u00e3o trajet\u00f3rias de mulheres diversas, al\u00e9m de discuss\u00f5es sobre diversidade e empatia no servi\u00e7o p\u00fablico. \u201cIsso foi fruto do apoio e da integra\u00e7\u00e3o das diversas \u00e1reas da ag\u00eancia, e tamb\u00e9m contou com a parceria de outros comit\u00eas e \u00f3rg\u00e3os do poder executivo estadual\u201d, disse.<\/p>\n<p style=\"text-align: justify;\">Em sua apresenta\u00e7\u00e3o, Lorena citou, tamb\u00e9m, a integra\u00e7\u00e3o com a Coordena\u00e7\u00e3o de Comunica\u00e7\u00e3o da AGR na cria\u00e7\u00e3o de espa\u00e7o na revista AGR em FOCO, denominado Talentos na Diversidade, que \u00e9 um espa\u00e7o destinado a dar destaque para o trabalho, habilidades e talentos das servdoras e servidores da ag\u00eancia, valorizando a diversidade de representatividade. \u201cA continuidade da execu\u00e7\u00e3o ocorreu pelo trabalho da Coordena\u00e7\u00e3o de Comunica\u00e7\u00e3o, com apoio do CPQMD e Coordena\u00e7\u00e3o de Compliance para sugest\u00f5es de nomes de seridores a serem entrevistados.<\/p>\n<p style=\"text-align: justify;\">Durante o encontro, a presidente do Conem, Rosilene Guimar\u00e3es, destacou que a apresenta\u00e7\u00e3o das a\u00e7\u00f5es do CPQMD da AGR representa a ess\u00eancia dos comit\u00eas do poder executivo estadual.<\/p>\n<p style=\"text-align: justify;\">Ao final da apresenta\u00e7\u00e3o, Lorena mostrou um poema da servidora da AGR, Poliana Reis, feita durante oficina de Escrita Criativa Entre Letras para Mulheres, ministrada por Mel Gon\u00e7alves, durante a Semana da Mulher e da Diversidade, e enfatizou que a oficina foi um momento tamb\u00e9m de valoriza\u00e7\u00e3o e escuta das servidoras, que puderam se conectar com outras servidoras, expor seus escritos e se sentir valorizadas quanto \u00e0 sua subjetividade e experi\u00eancias. No poema \u201cSei explicar o que \u00e9 n\u00e3o\u201d, Poliana Reis diz: \u201cUm bloquinho e uma caneta \/ Que ganhei na reuni\u00e3o \/ Vou escrever minhas poesias \/ Vou ser feliz de mont\u00e3o\u201d.<\/p>\n<p style=\"text-align: justify;\"><strong>Ag\u00eancia Goiana de Regula\u00e7\u00e3o, Controle e Fiscaliza\u00e7\u00e3o de Servi\u00e7os P\u00fablicos (AGR) \u2013 Governo de Goi\u00e1s<\/strong><\/p>\n","protected":false},"excerpt":{"rendered":"<p>Encontro do Conselho Estadual da Mulher (Conem) reuniu representantes de comit\u00eas de v\u00e1rios \u00f3rg\u00e3os da administra\u00e7\u00e3o p\u00fablica estadual O Comit\u00ea Permanente para Quest\u00f5es da Mulher e da Diversidade (CPQMD) da Ag\u00eancia Goiana de Regula\u00e7\u00e3o (AGR) apresentou, na sexta-feira (19\/09), durante encontro realizado pelo Conselho Estadual da Mulher (Conem), as boas pr\u00e1ticas desenvolvidas para a promo\u00e7\u00e3o [&hellip;]<\/p>\n","protected":false},"author":304,"featured_media":251043,"comment_status":"closed","ping_status":"open","sticky":false,"template":"","format":"standard","meta":{"footnotes":""},"categories":[47],"tags":[147],"class_list":["post-251011","post","type-post","status-publish","format-standard","has-post-thumbnail","hentry","category-noticias","tag-comite-permanente-para-questoes-da-mulher-e-da-diversidade"],"rttpg_featured_image_url":{"full":["https:\/\/goias.gov.br\/agr\/wp-content\/uploads\/sites\/43\/2025\/09\/WhatsApp-Image-2025-09-23-at-10.13.23-1.jpeg",1600,1200,false],"landscape":["https:\/\/goias.gov.br\/agr\/wp-content\/uploads\/sites\/43\/2025\/09\/WhatsApp-Image-2025-09-23-at-10.13.23-1.jpeg",1600,1200,false],"portraits":["https:\/\/goias.gov.br\/agr\/wp-content\/uploads\/sites\/43\/2025\/09\/WhatsApp-Image-2025-09-23-at-10.13.23-1.jpeg",1600,1200,false],"thumbnail":["https:\/\/goias.gov.br\/agr\/wp-content\/uploads\/sites\/43\/2025\/09\/WhatsApp-Image-2025-09-23-at-10.13.23-1-150x150.jpeg",150,150,true],"medium":["https:\/\/goias.gov.br\/agr\/wp-content\/uploads\/sites\/43\/2025\/09\/WhatsApp-Image-2025-09-23-at-10.13.23-1-300x225.jpeg",300,225,true],"large":["https:\/\/goias.gov.br\/agr\/wp-content\/uploads\/sites\/43\/2025\/09\/WhatsApp-Image-2025-09-23-at-10.13.23-1-1024x768.jpeg",1024,768,true],"1536x1536":["https:\/\/goias.gov.br\/agr\/wp-content\/uploads\/sites\/43\/2025\/09\/WhatsApp-Image-2025-09-23-at-10.13.23-1-1536x1152.jpeg",1536,1152,true],"2048x2048":["https:\/\/goias.gov.br\/agr\/wp-content\/uploads\/sites\/43\/2025\/09\/WhatsApp-Image-2025-09-23-at-10.13.23-1.jpeg",1600,1200,false]},"rttpg_author":{"display_name":"daniloaraujo","author_link":"https:\/\/goias.gov.br\/agr\/author\/daniloaraujo\/"},"rttpg_comment":0,"rttpg_category":"<a href=\"https:\/\/goias.gov.br\/agr\/categoria\/noticias\/\" rel=\"category tag\">Not\u00edcias<\/a>","rttpg_excerpt":"Encontro do Conselho Estadual da Mulher (Conem) reuniu representantes de comit\u00eas de v\u00e1rios \u00f3rg\u00e3os da administra\u00e7\u00e3o p\u00fablica estadual O Comit\u00ea Permanente para Quest\u00f5es da Mulher e da Diversidade (CPQMD) da Ag\u00eancia Goiana de Regula\u00e7\u00e3o (AGR) apresentou, na sexta-feira (19\/09), durante encontro realizado pelo Conselho Estadual da Mulher (Conem), as boas pr\u00e1ticas desenvolvidas para a promo\u00e7\u00e3o&hellip;","_links":{"self":[{"href":"https:\/\/goias.gov.br\/agr\/wp-json\/wp\/v2\/posts\/251011","targetHints":{"allow":["GET"]}}],"collection":[{"href":"https:\/\/goias.gov.br\/agr\/wp-json\/wp\/v2\/posts"}],"about":[{"href":"https:\/\/goias.gov.br\/agr\/wp-json\/wp\/v2\/types\/post"}],"author":[{"embeddable":true,"href":"https:\/\/goias.gov.br\/agr\/wp-json\/wp\/v2\/users\/304"}],"replies":[{"embeddable":true,"href":"https:\/\/goias.gov.br\/agr\/wp-json\/wp\/v2\/comments?post=251011"}],"version-history":[{"count":1,"href":"https:\/\/goias.gov.br\/agr\/wp-json\/wp\/v2\/posts\/251011\/revisions"}],"predecessor-version":[{"id":251052,"href":"https:\/\/goias.gov.br\/agr\/wp-json\/wp\/v2\/posts\/251011\/revisions\/251052"}],"wp:featuredmedia":[{"embeddable":true,"href":"https:\/\/goias.gov.br\/agr\/wp-json\/wp\/v2\/media\/251043"}],"wp:attachment":[{"href":"https:\/\/goias.gov.br\/agr\/wp-json\/wp\/v2\/media?parent=251011"}],"wp:term":[{"taxonomy":"category","embeddable":true,"href":"https:\/\/goias.gov.br\/agr\/wp-json\/wp\/v2\/categories?post=251011"},{"taxonomy":"post_tag","embeddable":true,"href":"https:\/\/goias.gov.br\/agr\/wp-json\/wp\/v2\/tags?post=251011"}],"curies":[{"name":"wp","href":"https:\/\/api.w.org\/{rel}","templated":true}]}}