

{"id":245608,"date":"2025-09-11T15:18:20","date_gmt":"2025-09-11T18:18:20","guid":{"rendered":"https:\/\/goias.gov.br\/agr\/?p=245608"},"modified":"2025-09-11T15:18:21","modified_gmt":"2025-09-11T18:18:21","slug":"agr-institui-coleta-seletiva-de-lixo-no-edificio-sede","status":"publish","type":"post","link":"https:\/\/goias.gov.br\/agr\/agr-institui-coleta-seletiva-de-lixo-no-edificio-sede\/","title":{"rendered":"AGR institui coleta seletiva de lixo no edif\u00edcio-sede"},"content":{"rendered":"<p style=\"text-align: justify;\"><img fetchpriority=\"high\" decoding=\"async\" class=\"alignnone size-full wp-image-245621\" src=\"https:\/\/goias.gov.br\/agr\/wp-content\/uploads\/sites\/43\/2025\/09\/Painel-AGR-mes-de-AGOSTO-08.09.25.jpg\" alt=\"\" width=\"1920\" height=\"1080\" srcset=\"https:\/\/goias.gov.br\/agr\/wp-content\/uploads\/sites\/43\/2025\/09\/Painel-AGR-mes-de-AGOSTO-08.09.25.jpg 1920w, https:\/\/goias.gov.br\/agr\/wp-content\/uploads\/sites\/43\/2025\/09\/Painel-AGR-mes-de-AGOSTO-08.09.25-300x169.jpg 300w, https:\/\/goias.gov.br\/agr\/wp-content\/uploads\/sites\/43\/2025\/09\/Painel-AGR-mes-de-AGOSTO-08.09.25-1024x576.jpg 1024w, https:\/\/goias.gov.br\/agr\/wp-content\/uploads\/sites\/43\/2025\/09\/Painel-AGR-mes-de-AGOSTO-08.09.25-768x432.jpg 768w, https:\/\/goias.gov.br\/agr\/wp-content\/uploads\/sites\/43\/2025\/09\/Painel-AGR-mes-de-AGOSTO-08.09.25-1536x864.jpg 1536w\" sizes=\"(max-width: 1920px) 100vw, 1920px\" \/><\/p>\n<p style=\"text-align: center;\"><em>A\u00e7\u00e3o teve in\u00edcio com campanha de orienta\u00e7\u00e3o aos servidores nos 13 andares do pr\u00e9dio, na Avenida Goi\u00e1s, Centro de Goi\u00e2nia<\/em><\/p>\n<p style=\"text-align: justify;\">A Ag\u00eancia Goiana de Regula\u00e7\u00e3o (AGR) realizou, nesta quinta-feira (11), campanha de conscientiza\u00e7\u00e3o junto aos colaboradores que trabalham no edif\u00edcio-sede sobre ao uso consciente de energia, \u00e1gua e copos pl\u00e1sticos, al\u00e9m de orient\u00e1-los sobre como promover a coleta seletiva do lixo nos diferentes andares. A campanha foi uma a\u00e7\u00e3o da Secretaria Executiva do Comit\u00ea de Compliance, a Comiss\u00e3o Interna de Preven\u00e7\u00e3o de Acidentes e Ass\u00e9dio (Cipa) e Servi\u00e7o Especializado em Engenharia de Seguran\u00e7a e Medicina do Trabalho (Sesmt).<\/p>\n<p style=\"text-align: justify;\">De acordo com o colaborador Hugo de Assis Furtado, da Secretaria Executiva do Comit\u00ea de Compliance, o objetivo do projeto \u00e9 promover uma pr\u00e1tica ESG (Meio Ambiente, Social e Governan\u00e7a), em cumprimento a um dos itens do Pr\u00eamio \u00c9tica do Programa de Compliance P\u00fablico do Estado de Goi\u00e1s.<\/p>\n<p style=\"text-align: justify;\">Durante a campanha, representantes do comit\u00ea, da Cipa e do Sesmt divulgaram informa\u00e7\u00f5es sobre a coleta seletiva de pap\u00e9is que ser\u00e3o doados a institui\u00e7\u00f5es que promovam a reciclagem e a doa\u00e7\u00e3o de materiais, como cadernos e blocos de anota\u00e7\u00f5es, para crian\u00e7as e trabalhadores em situa\u00e7\u00e3o de vulnerabilidade social.<\/p>\n<p style=\"text-align: justify;\">Informaram, tamb\u00e9m quanto ao uso consciente de energia, pedindo aos servidores que apaguem as luzes dos ambientes quando sa\u00edrem, que n\u00e3o deixem o ar-condicionado ligado fora do expediente, al\u00e9m de registrarem via chamados internos a necessidade de manuten\u00e7\u00e3o em torneiras e vasos sanit\u00e1rios em caso de vazamentos.<\/p>\n<p style=\"text-align: justify;\">Na ocasi\u00e3o, lan\u00e7aram a campanha \u201cAdote um Copo\u201d, com a orienta\u00e7\u00e3o sobre a redu\u00e7\u00e3o de uso de copos descart\u00e1veis, sugerindo que, no caso de uso de copo descart\u00e1vel, ele seja utilizado durante todo o expediente. Melhor, no entanto, seria, conforme explicaram, substituir o descart\u00e1vel por um copo ou caneca permanente.<\/p>\n<p style=\"text-align: justify;\">A partir de agora, ser\u00e3o disponibilizados nos corredores do edif\u00edcio caixas de papel\u00e3o para a destina\u00e7\u00e3o de papel a ser reciclado.<\/p>\n<p style=\"text-align: justify;\">A equipe, integrada ainda pelos colaboradores Tha\u00eds Camilo, da Coordena\u00e7\u00e3o da Rede de Pessoas e presidente da Cipa, Kezia Daiane Dias Nunes, membro da Cipa, e Jeremias Borges Vieira, da Cipa\/Sesmt, tamb\u00e9m incentivou os servidores a participarem de cursos na \u00e1rea de ESG disponibilizados pela Escola Virtual da Escola Nacional de Administra\u00e7\u00e3o P\u00fablica (Enap).<\/p>\n<p style=\"text-align: justify;\"><strong>Ag\u00eancia Goiana de Regula\u00e7\u00e3o, Controle e Fiscaliza\u00e7\u00e3o de Servi\u00e7os P\u00fablicos (AGR) \u2013 Governo de Goi\u00e1s<\/strong><\/p>\n","protected":false},"excerpt":{"rendered":"<p>A\u00e7\u00e3o teve in\u00edcio com campanha de orienta\u00e7\u00e3o aos servidores nos 13 andares do pr\u00e9dio, na Avenida Goi\u00e1s, Centro de Goi\u00e2nia A Ag\u00eancia Goiana de Regula\u00e7\u00e3o (AGR) realizou, nesta quinta-feira (11), campanha de conscientiza\u00e7\u00e3o junto aos colaboradores que trabalham no edif\u00edcio-sede sobre ao uso consciente de energia, \u00e1gua e copos pl\u00e1sticos, al\u00e9m de orient\u00e1-los sobre como [&hellip;]<\/p>\n","protected":false},"author":304,"featured_media":245631,"comment_status":"closed","ping_status":"open","sticky":false,"template":"","format":"standard","meta":{"footnotes":""},"categories":[47],"tags":[145,144,146],"class_list":["post-245608","post","type-post","status-publish","format-standard","has-post-thumbnail","hentry","category-noticias","tag-cipa","tag-secretaria-executiva-do-comite-de-compliance","tag-sesmt"],"rttpg_featured_image_url":{"full":["https:\/\/goias.gov.br\/agr\/wp-content\/uploads\/sites\/43\/2025\/09\/Painel-AGR-mes-de-AGOSTO-08.09.25-1.jpg",1920,1080,false],"landscape":["https:\/\/goias.gov.br\/agr\/wp-content\/uploads\/sites\/43\/2025\/09\/Painel-AGR-mes-de-AGOSTO-08.09.25-1.jpg",1920,1080,false],"portraits":["https:\/\/goias.gov.br\/agr\/wp-content\/uploads\/sites\/43\/2025\/09\/Painel-AGR-mes-de-AGOSTO-08.09.25-1.jpg",1920,1080,false],"thumbnail":["https:\/\/goias.gov.br\/agr\/wp-content\/uploads\/sites\/43\/2025\/09\/Painel-AGR-mes-de-AGOSTO-08.09.25-1-150x150.jpg",150,150,true],"medium":["https:\/\/goias.gov.br\/agr\/wp-content\/uploads\/sites\/43\/2025\/09\/Painel-AGR-mes-de-AGOSTO-08.09.25-1-300x169.jpg",300,169,true],"large":["https:\/\/goias.gov.br\/agr\/wp-content\/uploads\/sites\/43\/2025\/09\/Painel-AGR-mes-de-AGOSTO-08.09.25-1-1024x576.jpg",1024,576,true],"1536x1536":["https:\/\/goias.gov.br\/agr\/wp-content\/uploads\/sites\/43\/2025\/09\/Painel-AGR-mes-de-AGOSTO-08.09.25-1-1536x864.jpg",1536,864,true],"2048x2048":["https:\/\/goias.gov.br\/agr\/wp-content\/uploads\/sites\/43\/2025\/09\/Painel-AGR-mes-de-AGOSTO-08.09.25-1.jpg",1920,1080,false]},"rttpg_author":{"display_name":"daniloaraujo","author_link":"https:\/\/goias.gov.br\/agr\/author\/daniloaraujo\/"},"rttpg_comment":0,"rttpg_category":"<a href=\"https:\/\/goias.gov.br\/agr\/categoria\/noticias\/\" rel=\"category tag\">Not\u00edcias<\/a>","rttpg_excerpt":"A\u00e7\u00e3o teve in\u00edcio com campanha de orienta\u00e7\u00e3o aos servidores nos 13 andares do pr\u00e9dio, na Avenida Goi\u00e1s, Centro de Goi\u00e2nia A Ag\u00eancia Goiana de Regula\u00e7\u00e3o (AGR) realizou, nesta quinta-feira (11), campanha de conscientiza\u00e7\u00e3o junto aos colaboradores que trabalham no edif\u00edcio-sede sobre ao uso consciente de energia, \u00e1gua e copos pl\u00e1sticos, al\u00e9m de orient\u00e1-los sobre como&hellip;","_links":{"self":[{"href":"https:\/\/goias.gov.br\/agr\/wp-json\/wp\/v2\/posts\/245608","targetHints":{"allow":["GET"]}}],"collection":[{"href":"https:\/\/goias.gov.br\/agr\/wp-json\/wp\/v2\/posts"}],"about":[{"href":"https:\/\/goias.gov.br\/agr\/wp-json\/wp\/v2\/types\/post"}],"author":[{"embeddable":true,"href":"https:\/\/goias.gov.br\/agr\/wp-json\/wp\/v2\/users\/304"}],"replies":[{"embeddable":true,"href":"https:\/\/goias.gov.br\/agr\/wp-json\/wp\/v2\/comments?post=245608"}],"version-history":[{"count":1,"href":"https:\/\/goias.gov.br\/agr\/wp-json\/wp\/v2\/posts\/245608\/revisions"}],"predecessor-version":[{"id":245638,"href":"https:\/\/goias.gov.br\/agr\/wp-json\/wp\/v2\/posts\/245608\/revisions\/245638"}],"wp:featuredmedia":[{"embeddable":true,"href":"https:\/\/goias.gov.br\/agr\/wp-json\/wp\/v2\/media\/245631"}],"wp:attachment":[{"href":"https:\/\/goias.gov.br\/agr\/wp-json\/wp\/v2\/media?parent=245608"}],"wp:term":[{"taxonomy":"category","embeddable":true,"href":"https:\/\/goias.gov.br\/agr\/wp-json\/wp\/v2\/categories?post=245608"},{"taxonomy":"post_tag","embeddable":true,"href":"https:\/\/goias.gov.br\/agr\/wp-json\/wp\/v2\/tags?post=245608"}],"curies":[{"name":"wp","href":"https:\/\/api.w.org\/{rel}","templated":true}]}}