

{"id":210117,"date":"2025-06-26T15:24:08","date_gmt":"2025-06-26T18:24:08","guid":{"rendered":"https:\/\/goias.gov.br\/agr\/?p=210117"},"modified":"2025-06-27T15:21:29","modified_gmt":"2025-06-27T18:21:29","slug":"doacoes","status":"publish","type":"post","link":"https:\/\/goias.gov.br\/agr\/doacoes\/","title":{"rendered":"Doa\u00e7\u00f5es"},"content":{"rendered":"<p>Tabela dispon\u00edvel\u00a0em:\u00a0<a href=\"https:\/\/goias.gov.br\/agr\/wp-content\/uploads\/sites\/43\/2025\/06\/Doacoes-disponivel-em-Excel.xlsx\">Excel<\/a><\/p>\n<p>Tabela dispon\u00edvel em: <a href=\"https:\/\/goias.gov.br\/agr\/wp-content\/uploads\/sites\/43\/2025\/06\/Doacoes.pdf\">PDF<\/a><\/p>\n\n\n<table class=\"planilhaview display\" style=\"width:100%\"><thead><tr><th>\u00d3rg\u00e3o Benefici\u00e1rio<\/th><th>Nome do Doador\/Cedente<\/th><th>CNPJ\/CPF do Doador\/Cedente<\/th><th>Tipo<\/th><th>Descri\u00e7\u00e3o da Doa\u00e7\u00e3o\/Comodato<\/th><th>Valor<\/th><th>Data da Doa\u00e7\u00e3o<\/th><th>Prazo de Vig\u00eancia<\/th><\/tr><tr><th><input type=\"text\" placeholder=\"Filtrar \u00d3rg\u00e3o Benefici\u00e1rio\"><\/th><th><input type=\"text\" placeholder=\"Filtrar Nome do Doador\/Cedente\"><\/th><th><input type=\"text\" placeholder=\"Filtrar CNPJ\/CPF do Doador\/Cedente\"><\/th><th><input type=\"text\" placeholder=\"Filtrar Tipo\"><\/th><th><input type=\"text\" placeholder=\"Filtrar Descri\u00e7\u00e3o da Doa\u00e7\u00e3o\/Comodato\"><\/th><th><input type=\"text\" placeholder=\"Filtrar Valor\"><\/th><th><input type=\"text\" placeholder=\"Filtrar Data da Doa\u00e7\u00e3o\"><\/th><th><input type=\"text\" placeholder=\"Filtrar Prazo de Vig\u00eancia\"><\/th><\/tr><\/thead><tbody><tr><td style=\"color: #000000; background-color: #FFFFFF;\">Ag\u00eancia Goiana de Regula\u00e7\u00e3o, Fiscaliza\u00e7\u00e3o e Controle de Servi\u00e7os P\u00fablicos \u2013 AGR<\/td><td style=\"color: #000000; background-color: #FFFFFF;\">Delegacia da Receita Federal do Brasil<\/td><td style=\"color: #000000; background-color: #FFFFFF;\">00.394.460\/0161-45<\/td><td style=\"color: #000000; background-color: #FFFFFF;\">Doa\u00e7\u00e3o<\/td><td style=\"color: #000000; background-color: #FFFFFF;\">TABLET IPAD 64GB<\/td><td style=\"color: #000000; background-color: #FFFFFF;\">R$ 1.741,88<\/td><td style=\"color: #000000; background-color: #FFFFFF;\">12\/12\/2024<\/td><td style=\"color: #000000; background-color: #FFFFFF;\">Definitivo<\/td><\/tr><tr><td style=\"color: #000000; background-color: #FFFFFF;\">Ag\u00eancia Goiana de Regula\u00e7\u00e3o, Fiscaliza\u00e7\u00e3o e Controle de Servi\u00e7os P\u00fablicos \u2013 AGR<\/td><td style=\"color: #000000; background-color: #FFFFFF;\">Delegacia da Receita Federal do Brasil<\/td><td style=\"color: #000000; background-color: #FFFFFF;\">00.394.460\/0161-45 <\/td><td style=\"color: #000000; background-color: #FFFFFF;\">Doa\u00e7\u00e3o<\/td><td style=\"color: #000000; background-color: #FFFFFF;\">TABLET IPAD 64GB<\/td><td style=\"color: #000000; background-color: #FFFFFF;\">R$ 1.741,88<\/td><td style=\"color: #000000; background-color: #FFFFFF;\">12\/12\/2024<\/td><td style=\"color: #000000; background-color: #FFFFFF;\">Definitivo<\/td><\/tr><tr><td style=\"color: #000000; background-color: #FFFFFF;\">Ag\u00eancia Goiana de Regula\u00e7\u00e3o, Fiscaliza\u00e7\u00e3o e Controle de Servi\u00e7os P\u00fablicos \u2013 AGR<\/td><td style=\"color: #000000; background-color: #FFFFFF;\">Delegacia da Receita Federal do Brasil<\/td><td style=\"color: #000000; background-color: #FFFFFF;\">00.394.460\/0161-45 <\/td><td style=\"color: #000000; background-color: #FFFFFF;\">Doa\u00e7\u00e3o<\/td><td style=\"color: #000000; background-color: #FFFFFF;\">TELEFONE CELULAR POCO M6 PRO 512GB<\/td><td style=\"color: #000000; background-color: #FFFFFF;\">R$ 1.037,57<\/td><td style=\"color: #000000; background-color: #FFFFFF;\">12\/12\/2024<\/td><td style=\"color: #000000; background-color: #FFFFFF;\">Definitivo<\/td><\/tr><tr><td style=\"color: #000000; background-color: #FFFFFF;\">Ag\u00eancia Goiana de Regula\u00e7\u00e3o, Fiscaliza\u00e7\u00e3o e Controle de Servi\u00e7os P\u00fablicos \u2013 AGR<\/td><td style=\"color: #000000; background-color: #FFFFFF;\">Delegacia da Receita Federal do Brasil<\/td><td style=\"color: #000000; background-color: #FFFFFF;\">00.394.460\/0161-45 <\/td><td style=\"color: #000000; background-color: #FFFFFF;\">Doa\u00e7\u00e3o<\/td><td style=\"color: #000000; background-color: #FFFFFF;\">TELEFONE CELULAR POCO X6 PRO 512GB<\/td><td style=\"color: #000000; background-color: #FFFFFF;\">R$ 1.638,37<\/td><td style=\"color: #000000; background-color: #FFFFFF;\">12\/12\/2024<\/td><td style=\"color: #000000; background-color: #FFFFFF;\">Definitivo<\/td><\/tr><tr><td style=\"color: #000000; background-color: #FFFFFF;\">Ag\u00eancia Goiana de Regula\u00e7\u00e3o, Fiscaliza\u00e7\u00e3o e Controle de Servi\u00e7os P\u00fablicos \u2013 AGR<\/td><td style=\"color: #000000; background-color: #FFFFFF;\">Delegacia da Receita Federal do Brasil<\/td><td style=\"color: #000000; background-color: #FFFFFF;\">00.394.460\/0161-45 <\/td><td style=\"color: #000000; background-color: #FFFFFF;\">Doa\u00e7\u00e3o<\/td><td style=\"color: #000000; background-color: #FFFFFF;\">TELEFONE CELULAR POCO X6 PRO 512GB<\/td><td style=\"color: #000000; background-color: #FFFFFF;\">R$ 1.638,37<\/td><td style=\"color: #000000; background-color: #FFFFFF;\">12\/12\/2024<\/td><td style=\"color: #000000; background-color: #FFFFFF;\">Definitivo<\/td><\/tr><tr><td style=\"color: #000000; background-color: #FFFFFF;\">Ag\u00eancia Goiana de Regula\u00e7\u00e3o, Fiscaliza\u00e7\u00e3o e Controle de Servi\u00e7os P\u00fablicos \u2013 AGR<\/td><td style=\"color: #000000; background-color: #FFFFFF;\">Lorena Patr\u00edcia de Oliveira<\/td><td style=\"color: #000000; background-color: #FFFFFF;\">XXX.389.651-XX<\/td><td style=\"color: #000000; background-color: #FFFFFF;\">Doa\u00e7\u00e3o<\/td><td style=\"color: #000000; background-color: #FFFFFF;\">CADEIRA DE RODAS JAGUARIBE 1009<\/td><td style=\"color: #000000; background-color: #FFFFFF;\">R$ 508,40<\/td><td style=\"color: #000000; background-color: #FFFFFF;\">30\/01\/2025<\/td><td style=\"color: #000000; background-color: #FFFFFF;\">Definitivo<\/td><\/tr><tr><td style=\"color: #000000; background-color: #FFFFFF;\">Ag\u00eancia Goiana de Regula\u00e7\u00e3o, Fiscaliza\u00e7\u00e3o e Controle de Servi\u00e7os P\u00fablicos \u2013 AGR<\/td><td style=\"color: #000000; background-color: #FFFFFF;\">Empresa Estadual de Processamento de Dados de Goi\u00e1s \u2013 PRODAGO em liquida\u00e7\u00e3o<\/td><td style=\"color: #000000; background-color: #FFFFFF;\">24.812.554\/0001-51<\/td><td style=\"color: #000000; background-color: #FFFFFF;\">Comodato<\/td><td style=\"color: #000000; background-color: #FFFFFF;\">Um lote de terras para constru\u00e7\u00e3o urbana, n\u00ba 11, da Quadra 46, situado na Rua Piza, esquina com Avenida Mil\u00e3o, Jardim Europa, nesta capital, com \u00e1rea de 430,00 m\u00b2, conforme Matr\u00edcula n\u00ba 39.696 do Cart\u00f3rio de Registro de Im\u00f3veis da 1\u00aa Circunscri\u00e7\u00e3o de Goi\u00e2nia-GO<\/td><td style=\"color: #000000; background-color: #FFFFFF;\">Valor m\u00e9dio: R$ 660.000,00 <\/td><td style=\"color: #000000; background-color: #FFFFFF;\">Renovado em 10\/02\/2025<\/td><td style=\"color: #000000; background-color: #FFFFFF;\">10 anos<\/td><\/tr><tr><td style=\"color: #000000; background-color: #FFFFFF;\">Ag\u00eancia Goiana de Regula\u00e7\u00e3o, Fiscaliza\u00e7\u00e3o e Controle de Servi\u00e7os P\u00fablicos \u2013 AGR<\/td><td style=\"color: #000000; background-color: #FFFFFF;\">Empresa Estadual de Processamento de Dados de Goi\u00e1s \u2013 PRODAGO em liquida\u00e7\u00e3o<\/td><td style=\"color: #000000; background-color: #FFFFFF;\">24.812.554\/0001-51<\/td><td style=\"color: #000000; background-color: #FFFFFF;\">Comodato<\/td><td style=\"color: #000000; background-color: #FFFFFF;\">Uma sala comercial n\u00ba 1102, localizada no Edif\u00edcio Visconde de Mau\u00e1, Lote 31, da Quadra 05, na Avenida Goi\u00e1s, Setor Central, Goi\u00e2nia-GO, com \u00e1rea de 59,261 m\u00b2, conforme Matr\u00edcula n\u00ba 129.216 do Cart\u00f3rio de Registro de Im\u00f3veis da 1\u00aa Circunscri\u00e7\u00e3o de Goi\u00e2nia-GO;<\/td><td style=\"color: #000000; background-color: #FFFFFF;\">Valor m\u00e9dio: R$ 120.000,00<\/td><td style=\"color: #000000; background-color: #FFFFFF;\">Renovado em 10\/02\/2025<\/td><td style=\"color: #000000; background-color: #FFFFFF;\">10 anos<\/td><\/tr><tr><td style=\"color: #000000; background-color: #FFFFFF;\">Ag\u00eancia Goiana de Regula\u00e7\u00e3o, Fiscaliza\u00e7\u00e3o e Controle de Servi\u00e7os P\u00fablicos \u2013 AGR<\/td><td style=\"color: #000000; background-color: #FFFFFF;\">Empresa Estadual de Processamento de Dados de Goi\u00e1s \u2013 PRODAGO em liquida\u00e7\u00e3o<\/td><td style=\"color: #000000; background-color: #FFFFFF;\">24.812.554\/0001-51<\/td><td style=\"color: #000000; background-color: #FFFFFF;\">Comodato<\/td><td style=\"color: #000000; background-color: #FFFFFF;\">Uma sala comercial n\u00ba 1104, localizada no Edif\u00edcio Visconde de Mau\u00e1, Lote 31, da Quadra 05, na Avenida Goi\u00e1s, Setor Central, Goi\u00e2nia-GO, com \u00e1rea de 59,261 m\u00b2, conforme Matr\u00edcula n\u00ba 129.218 do Cart\u00f3rio de Registro de Im\u00f3veis da 1\u00aa Circunscri\u00e7\u00e3o de Goi\u00e2nia-GO;<\/td><td style=\"color: #000000; background-color: #FFFFFF;\">Valor m\u00e9dio: R$ 120.000,00<\/td><td style=\"color: #000000; background-color: #FFFFFF;\">Renovado em 10\/02\/2025<\/td><td style=\"color: #000000; background-color: #FFFFFF;\">10 anos<\/td><\/tr><\/tbody><\/table><div class=\"wp-block-file\"><a href=\"https:\/\/goias.gov.br\/agr\/wp-content\/uploads\/sites\/43\/2025\/06\/Doacoes-exibida-no-site.xlsx\">Doacoes-exibida-no-site.xlsx&nbsp; <span class=\"wp-block-file__button wp-element-button\">Baixar<\/span><\/a><\/div>\n\n\n<p>Informamos que do ano de 2020 at\u00e9 a presente data n\u00e3o houve nenhuma doa\u00e7\u00e3o em esp\u00e9cie (dinheiro), conforme informado pela Ger\u00eancia de Contabilidade no Despacho 256\/2025\/AGR\/GEC-18143 contido no Processo SEI n\u00ba 202500029002622<\/p>","protected":false},"excerpt":{"rendered":"<p>Tabela dispon\u00edvel\u00a0em:\u00a0Excel Tabela dispon\u00edvel em: PDF Informamos que do ano de 2020 at\u00e9 a presente data n\u00e3o houve nenhuma doa\u00e7\u00e3o em esp\u00e9cie (dinheiro), conforme informado pela Ger\u00eancia de Contabilidade no Despacho 256\/2025\/AGR\/GEC-18143 contido no Processo SEI n\u00ba 202500029002622<\/p>\n","protected":false},"author":242,"featured_media":0,"comment_status":"closed","ping_status":"open","sticky":false,"template":"","format":"standard","meta":{"footnotes":""},"categories":[45],"tags":[],"class_list":["post-210117","post","type-post","status-publish","format-standard","hentry","category-publicacoes"],"rttpg_featured_image_url":null,"rttpg_author":{"display_name":"josegcribeiro","author_link":"https:\/\/goias.gov.br\/agr\/author\/josegcribeiro\/"},"rttpg_comment":0,"rttpg_category":"<a href=\"https:\/\/goias.gov.br\/agr\/categoria\/publicacoes\/\" rel=\"category tag\">Publicacoes<\/a>","rttpg_excerpt":"Tabela dispon\u00edvel\u00a0em:\u00a0Excel Tabela dispon\u00edvel em: PDF Informamos que do ano de 2020 at\u00e9 a presente data n\u00e3o houve nenhuma doa\u00e7\u00e3o em esp\u00e9cie (dinheiro), conforme informado pela Ger\u00eancia de Contabilidade no Despacho 256\/2025\/AGR\/GEC-18143 contido no Processo SEI n\u00ba 202500029002622","_links":{"self":[{"href":"https:\/\/goias.gov.br\/agr\/wp-json\/wp\/v2\/posts\/210117","targetHints":{"allow":["GET"]}}],"collection":[{"href":"https:\/\/goias.gov.br\/agr\/wp-json\/wp\/v2\/posts"}],"about":[{"href":"https:\/\/goias.gov.br\/agr\/wp-json\/wp\/v2\/types\/post"}],"author":[{"embeddable":true,"href":"https:\/\/goias.gov.br\/agr\/wp-json\/wp\/v2\/users\/242"}],"replies":[{"embeddable":true,"href":"https:\/\/goias.gov.br\/agr\/wp-json\/wp\/v2\/comments?post=210117"}],"version-history":[{"count":2,"href":"https:\/\/goias.gov.br\/agr\/wp-json\/wp\/v2\/posts\/210117\/revisions"}],"predecessor-version":[{"id":211091,"href":"https:\/\/goias.gov.br\/agr\/wp-json\/wp\/v2\/posts\/210117\/revisions\/211091"}],"wp:attachment":[{"href":"https:\/\/goias.gov.br\/agr\/wp-json\/wp\/v2\/media?parent=210117"}],"wp:term":[{"taxonomy":"category","embeddable":true,"href":"https:\/\/goias.gov.br\/agr\/wp-json\/wp\/v2\/categories?post=210117"},{"taxonomy":"post_tag","embeddable":true,"href":"https:\/\/goias.gov.br\/agr\/wp-json\/wp\/v2\/tags?post=210117"}],"curies":[{"name":"wp","href":"https:\/\/api.w.org\/{rel}","templated":true}]}}