

{"id":172591,"date":"2025-03-21T12:18:04","date_gmt":"2025-03-21T15:18:04","guid":{"rendered":"https:\/\/goias.gov.br\/agr\/?p=172591"},"modified":"2025-03-21T14:31:24","modified_gmt":"2025-03-21T17:31:24","slug":"agr-participa-de-camaras-tecnicas-da-abar-em-aracaju","status":"publish","type":"post","link":"https:\/\/goias.gov.br\/agr\/agr-participa-de-camaras-tecnicas-da-abar-em-aracaju\/","title":{"rendered":"AGR participa de C\u00e2maras T\u00e9cnicas da Abar em Aracaju"},"content":{"rendered":"<p style=\"text-align: justify;\"><img fetchpriority=\"high\" decoding=\"async\" class=\"aligncenter wp-image-172840 size-full\" src=\"https:\/\/goias.gov.br\/agr\/wp-content\/uploads\/sites\/43\/2025\/03\/Galeria-de-fotos-do-primeiro-dia-das-Camaras-Tecnicas-da-ABAR-em-Goiania.jpg\" alt=\"\" width=\"1024\" height=\"683\" srcset=\"https:\/\/goias.gov.br\/agr\/wp-content\/uploads\/sites\/43\/2025\/03\/Galeria-de-fotos-do-primeiro-dia-das-Camaras-Tecnicas-da-ABAR-em-Goiania.jpg 1024w, https:\/\/goias.gov.br\/agr\/wp-content\/uploads\/sites\/43\/2025\/03\/Galeria-de-fotos-do-primeiro-dia-das-Camaras-Tecnicas-da-ABAR-em-Goiania-300x200.jpg 300w, https:\/\/goias.gov.br\/agr\/wp-content\/uploads\/sites\/43\/2025\/03\/Galeria-de-fotos-do-primeiro-dia-das-Camaras-Tecnicas-da-ABAR-em-Goiania-768x512.jpg 768w\" sizes=\"(max-width: 1024px) 100vw, 1024px\" \/><\/p>\n<p style=\"text-align: center;\"><sup>Foto: C\u00e2mara T\u00e9cnica de Goi\u00e2nia &#8211; 2024<\/sup><\/p>\n<hr \/>\n<p style=\"text-align: center;\"><em>Evento re\u00fane reguladores e especialistas de todo o pa\u00eds na primeira edi\u00e7\u00e3o deste ano, na capital sergipana, de 24 a 28 pr\u00f3ximo<\/em><\/p>\n<p style=\"text-align: justify;\">A Ag\u00eancia Goiana de Regula\u00e7\u00e3o (AGR) participa, na pr\u00f3xima semana, da primeira edi\u00e7\u00e3o das C\u00e2maras T\u00e9cnicas da Associa\u00e7\u00e3o Brasileira de Ag\u00eancias Reguladoras (Abar), que ser\u00e1 realizada de segunda a sexta-feira (24 a 28\/3), em Aracaju. O evento ser\u00e1 aberto pelo presidente da Abar, Vin\u00edcius Benevides, e pelo diretor-presidente da Agrese, ag\u00eancia anfitri\u00e3, Luiz Hamilton Santana de Oliveira. O evento, que re\u00fane especialistas em regula\u00e7\u00e3o de ag\u00eancias nacionais, infranacionais e municipais, ter\u00e1 in\u00edcio com a C\u00e2mara T\u00e9cnica de Governan\u00e7a e Comunica\u00e7\u00e3o, na tarde de segunda-feira.<\/p>\n<p style=\"text-align: justify;\">A AGR ser\u00e1 representada no evento pelo diretor de Regula\u00e7\u00e3o e Fiscaliza\u00e7\u00e3o, Eduardo Henrique da Cunha, e pelo assessor especial da Presid\u00eancia, Thiago Nepomuceno Carvalho. Os servidores participar\u00e3o das reuni\u00f5es e dos debates das C\u00e2maras T\u00e9cnicas de Assuntos Jur\u00eddicos e Institucionais (CTJI), de Petr\u00f3leo e G\u00e1s (CTG\u00c1S), de Saneamento B\u00e1sico e Recursos H\u00eddricos (CTSAN), de Energia (CTENERGIA), de Transporte, Log\u00edstica e Seguran\u00e7a Vi\u00e1ria (CTTRANS), de Sa\u00fade e Ouvidoria (CTSOUV), de Governan\u00e7a e Comunica\u00e7\u00e3o (CTGCOM) e de Direito do Consumidor, Media\u00e7\u00e3o e Participa\u00e7\u00e3o Social (CTDMPS).<\/p>\n<p style=\"text-align: justify;\">A expectativa \u00e9 que sejam compartilhadas experi\u00eancias entre os representantes das ag\u00eancias e identificadas solu\u00e7\u00f5es para as quest\u00f5es regulat\u00f3rias enfrentadas pela AGR no estado de Goi\u00e1s. Na quarta e quinta-feira, o diretor de Regula\u00e7\u00e3o e Fiscaliza\u00e7\u00e3o da AGR, Eduardo Henrique da Cunha, participa, tamb\u00e9m, do Curso de Solu\u00e7\u00f5es Alternativas para o Saneamento B\u00e1sico, que acontece simultaneamente \u00e0s C\u00e2maras T\u00e9cnicas da Abar.<\/p>\n<p style=\"text-align: justify;\"><strong>Programa\u00e7\u00e3o<\/strong><br \/>\nDentre os temas a serem tratados na C\u00e2mara de Comunica\u00e7\u00e3o e Governan\u00e7a est\u00e3o: Assessoria de Comunica\u00e7\u00e3o e atendimentos nacionais e regionalizados da Aneel; Apresenta\u00e7\u00e3o dos resultados do question\u00e1rio sobre Comunica\u00e7\u00e3o e Governan\u00e7a nas filiadas da Abar; QualiReg, programa de aprimoramento da qualidade da regula\u00e7\u00e3o brasileira.<\/p>\n<p style=\"text-align: justify;\">No segundo dia, na C\u00e2mara de Saneamento, o grupo de trabalho \u00c1gua, Esgoto e Sa\u00fade trar\u00e1 Informes sobre projeto de solu\u00e7\u00f5es alternativas para \u00e1gua e esgoto; experi\u00eancia da Adasa na elabora\u00e7\u00e3o de Resolu\u00e7\u00e3o de diretrizes para a execu\u00e7\u00e3od as atividades realizadas por caminh\u00f5es limpa fossa no DF; e experi\u00eancia da Agems na elabora\u00e7\u00e3o de norma sobre atividades realizadas por caminh\u00f5es limpa fossa. No grupo Indicadores, ser\u00e3o mostradas as normatiza\u00e7\u00f5es infranacionais sobre as informa\u00e7\u00f5es e indicadores naormatizados pela ANA, com participa\u00e7\u00e3o das ag\u00eancias Adasa (DF), Arce (CE) e Arsae (MG).<\/p>\n<p style=\"text-align: justify;\">Ainda no Saneamento, o GT Tarifas e Contabilidade apresenta o Manual de Controle Patrimonial para servi\u00e7os de \u00e1gua e esgotos \u2013 experi\u00eancia da Arce; o GT \u00c1gua, Esgoto e Sa\u00fade apresenta os principais aspectos da NR 11 da ANA, que disp\u00f5e sobre as condi\u00e7\u00f5es gerais para presta\u00e7\u00e3o dos servi\u00e7os p\u00fablicos de saneamento; o GT Res\u00edduos S\u00f3lidos mostrar\u00e1 o tema Grandes Geradores de Res\u00edudos S\u00f3lidos, experi\u00eancias e aspectos regulat\u00f3rios; e o GT Drenagem apresentar\u00e1 a experi\u00eancia do munic\u00edpio de Santo Andr\u00e9 (SP) na cobran\u00e7a pelos servi\u00e7os p\u00fablicos de drenagem urbana e a experi\u00eancia do Distrito Federal na formula\u00e7\u00e3od e estudos e institui\u00e7\u00e3o da cobran\u00e7a pelo uso de recursos h\u00eddricos.<\/p>\n<p style=\"text-align: justify;\">A C\u00e2mara T\u00e9cnica de Energia ter\u00e1 palestra do professor Edvaldo Santana sobre O Setor El\u00e9trico Brasileiro: desafios e perspectivas; e do professor Reive Barros dos Santos, sobre O Setor El\u00e9trico Brasileiro: novas tecnologias e transi\u00e7\u00e3o energ\u00e9tica.<\/p>\n<p style=\"text-align: justify;\">J\u00e1 a de Assuntos Jur\u00eddicos e Institucionais ter\u00e1 como temas o Ressarcimento de empreendedores por antecipa\u00e7\u00e3o de investimentos; Regula\u00e7\u00e3o contratual e incompletude dos contratos; e Concess\u00e3o dos servi\u00e7os de \u00e1gua e esgoto do estado de Sergipe: modelagem jur\u00eddica e aspectos relevantes da estrutura\u00e7\u00e3o.<\/p>\n<p style=\"text-align: justify;\">Em Direito do Consumidor, Media\u00e7\u00e3o e Participa\u00e7\u00e3o Social, os participantes ter\u00e3o uma mesa de di\u00e1logo sobre como funciona um servi\u00e7o de media\u00e7\u00e3o, com os temas A C\u00e2mara de Meaia\u00e7\u00e3o e Concilia\u00e7\u00e3o da Administra\u00e7\u00e3o Federal; e A Casa de Media\u00e7\u00e3o da OAB\/RS; e uma palestra sobre Responsabilidade civil das concession\u00e1rias nas rela\u00e7\u00f5es de consumo.<\/p>\n<p style=\"text-align: justify;\">A C\u00e2mara de Petr\u00f3leo e G\u00e1s trar\u00e1 os temas: Apresenta\u00e7\u00e3o do programa Sergipe \u00c1guas Profundas, com executivos da Petrobras; e Apresenta\u00e7\u00e3o do livro Transporte Dutovi\u00e1rio de G\u00e1s Natural, com a autora Livia Amorim; Apresenta\u00e7\u00e3o do Plano Indicativo de Gasodutos; e Apresenta\u00e7\u00e3o do Hub Eneva.<\/p>\n<p style=\"text-align: justify;\">Nos debates da C\u00e2mara T\u00e9cnica de Transporte, Log\u00edstica e Seguran\u00e7a Vi\u00e1ria, ser\u00e3o apresentados os temas Inova\u00e7\u00f5es e Desafios na Gest\u00e3o de Centros de Controle Operacional; Seguran\u00e7a Vi\u00e1ria em Corredores Log\u00edsticos: estrat\u00e9gias para Redu\u00e7\u00e3o de Acidentes; e Desafios e Avan\u00e7os na Regula\u00e7\u00e3o do Transporte Rodovi\u00e1rio de Cargas: vale-ped\u00e1gio, pisos m\u00ednimos de frete e perspectivas para a moderniza\u00e7\u00e3o do setor.<\/p>\n<p style=\"text-align: justify;\">A C\u00e2mara de Sa\u00fade e Ouvidoria apresentar\u00e1 os Desafios e Pilares para Ouvidoria de Excel\u00eancia nas Ag\u00eancias Reguladoras.<\/p>\n<p style=\"text-align: justify;\"><strong>Ag\u00eancia Goiana de Regula\u00e7\u00e3o, Controle e Fiscaliza\u00e7\u00e3o de Servi\u00e7os P\u00fablicos (AGR) \u2013 Governo de Goi\u00e1s<\/strong><\/p>\n","protected":false},"excerpt":{"rendered":"<p>Foto: C\u00e2mara T\u00e9cnica de Goi\u00e2nia &#8211; 2024 Evento re\u00fane reguladores e especialistas de todo o pa\u00eds na primeira edi\u00e7\u00e3o deste ano, na capital sergipana, de 24 a 28 pr\u00f3ximo A Ag\u00eancia Goiana de Regula\u00e7\u00e3o (AGR) participa, na pr\u00f3xima semana, da primeira edi\u00e7\u00e3o das C\u00e2maras T\u00e9cnicas da Associa\u00e7\u00e3o Brasileira de Ag\u00eancias Reguladoras (Abar), que ser\u00e1 realizada [&hellip;]<\/p>\n","protected":false},"author":391,"featured_media":172840,"comment_status":"closed","ping_status":"open","sticky":false,"template":"","format":"standard","meta":{"footnotes":""},"categories":[47],"tags":[86],"class_list":["post-172591","post","type-post","status-publish","format-standard","has-post-thumbnail","hentry","category-noticias","tag-camaras-tecnicas-da-abar"],"rttpg_featured_image_url":{"full":["https:\/\/goias.gov.br\/agr\/wp-content\/uploads\/sites\/43\/2025\/03\/Galeria-de-fotos-do-primeiro-dia-das-Camaras-Tecnicas-da-ABAR-em-Goiania.jpg",1024,683,false],"landscape":["https:\/\/goias.gov.br\/agr\/wp-content\/uploads\/sites\/43\/2025\/03\/Galeria-de-fotos-do-primeiro-dia-das-Camaras-Tecnicas-da-ABAR-em-Goiania.jpg",1024,683,false],"portraits":["https:\/\/goias.gov.br\/agr\/wp-content\/uploads\/sites\/43\/2025\/03\/Galeria-de-fotos-do-primeiro-dia-das-Camaras-Tecnicas-da-ABAR-em-Goiania.jpg",1024,683,false],"thumbnail":["https:\/\/goias.gov.br\/agr\/wp-content\/uploads\/sites\/43\/2025\/03\/Galeria-de-fotos-do-primeiro-dia-das-Camaras-Tecnicas-da-ABAR-em-Goiania-150x150.jpg",150,150,true],"medium":["https:\/\/goias.gov.br\/agr\/wp-content\/uploads\/sites\/43\/2025\/03\/Galeria-de-fotos-do-primeiro-dia-das-Camaras-Tecnicas-da-ABAR-em-Goiania-300x200.jpg",300,200,true],"large":["https:\/\/goias.gov.br\/agr\/wp-content\/uploads\/sites\/43\/2025\/03\/Galeria-de-fotos-do-primeiro-dia-das-Camaras-Tecnicas-da-ABAR-em-Goiania.jpg",1024,683,false],"1536x1536":["https:\/\/goias.gov.br\/agr\/wp-content\/uploads\/sites\/43\/2025\/03\/Galeria-de-fotos-do-primeiro-dia-das-Camaras-Tecnicas-da-ABAR-em-Goiania.jpg",1024,683,false],"2048x2048":["https:\/\/goias.gov.br\/agr\/wp-content\/uploads\/sites\/43\/2025\/03\/Galeria-de-fotos-do-primeiro-dia-das-Camaras-Tecnicas-da-ABAR-em-Goiania.jpg",1024,683,false]},"rttpg_author":{"display_name":"joaorferreira@goias.gov.br","author_link":"https:\/\/goias.gov.br\/agr\/author\/joao-rferreiragoias-gov-br\/"},"rttpg_comment":0,"rttpg_category":"<a href=\"https:\/\/goias.gov.br\/agr\/categoria\/noticias\/\" rel=\"category tag\">Not\u00edcias<\/a>","rttpg_excerpt":"Foto: C\u00e2mara T\u00e9cnica de Goi\u00e2nia &#8211; 2024 Evento re\u00fane reguladores e especialistas de todo o pa\u00eds na primeira edi\u00e7\u00e3o deste ano, na capital sergipana, de 24 a 28 pr\u00f3ximo A Ag\u00eancia Goiana de Regula\u00e7\u00e3o (AGR) participa, na pr\u00f3xima semana, da primeira edi\u00e7\u00e3o das C\u00e2maras T\u00e9cnicas da Associa\u00e7\u00e3o Brasileira de Ag\u00eancias Reguladoras (Abar), que ser\u00e1 realizada&hellip;","_links":{"self":[{"href":"https:\/\/goias.gov.br\/agr\/wp-json\/wp\/v2\/posts\/172591","targetHints":{"allow":["GET"]}}],"collection":[{"href":"https:\/\/goias.gov.br\/agr\/wp-json\/wp\/v2\/posts"}],"about":[{"href":"https:\/\/goias.gov.br\/agr\/wp-json\/wp\/v2\/types\/post"}],"author":[{"embeddable":true,"href":"https:\/\/goias.gov.br\/agr\/wp-json\/wp\/v2\/users\/391"}],"replies":[{"embeddable":true,"href":"https:\/\/goias.gov.br\/agr\/wp-json\/wp\/v2\/comments?post=172591"}],"version-history":[{"count":2,"href":"https:\/\/goias.gov.br\/agr\/wp-json\/wp\/v2\/posts\/172591\/revisions"}],"predecessor-version":[{"id":172851,"href":"https:\/\/goias.gov.br\/agr\/wp-json\/wp\/v2\/posts\/172591\/revisions\/172851"}],"wp:featuredmedia":[{"embeddable":true,"href":"https:\/\/goias.gov.br\/agr\/wp-json\/wp\/v2\/media\/172840"}],"wp:attachment":[{"href":"https:\/\/goias.gov.br\/agr\/wp-json\/wp\/v2\/media?parent=172591"}],"wp:term":[{"taxonomy":"category","embeddable":true,"href":"https:\/\/goias.gov.br\/agr\/wp-json\/wp\/v2\/categories?post=172591"},{"taxonomy":"post_tag","embeddable":true,"href":"https:\/\/goias.gov.br\/agr\/wp-json\/wp\/v2\/tags?post=172591"}],"curies":[{"name":"wp","href":"https:\/\/api.w.org\/{rel}","templated":true}]}}