

{"id":166527,"date":"2025-03-06T10:40:02","date_gmt":"2025-03-06T13:40:02","guid":{"rendered":"https:\/\/goias.gov.br\/agr\/?p=166527"},"modified":"2025-03-06T10:40:02","modified_gmt":"2025-03-06T13:40:02","slug":"agr-lanca-nona-edicao-da-revista-agr-em-foco","status":"publish","type":"post","link":"https:\/\/goias.gov.br\/agr\/agr-lanca-nona-edicao-da-revista-agr-em-foco\/","title":{"rendered":"AGR lan\u00e7a nona edi\u00e7\u00e3o da Revista AGR em FOCO"},"content":{"rendered":"<p style=\"text-align: justify\"><img fetchpriority=\"high\" decoding=\"async\" class=\"size-full wp-image-166528 aligncenter\" src=\"https:\/\/goias.gov.br\/agr\/wp-content\/uploads\/sites\/43\/2025\/03\/WhatsApp-Image-2025-03-06-at-09.57.21.jpeg\" alt=\"\" width=\"1600\" height=\"900\" srcset=\"https:\/\/goias.gov.br\/agr\/wp-content\/uploads\/sites\/43\/2025\/03\/WhatsApp-Image-2025-03-06-at-09.57.21.jpeg 1600w, https:\/\/goias.gov.br\/agr\/wp-content\/uploads\/sites\/43\/2025\/03\/WhatsApp-Image-2025-03-06-at-09.57.21-300x169.jpeg 300w, https:\/\/goias.gov.br\/agr\/wp-content\/uploads\/sites\/43\/2025\/03\/WhatsApp-Image-2025-03-06-at-09.57.21-1024x576.jpeg 1024w, https:\/\/goias.gov.br\/agr\/wp-content\/uploads\/sites\/43\/2025\/03\/WhatsApp-Image-2025-03-06-at-09.57.21-768x432.jpeg 768w, https:\/\/goias.gov.br\/agr\/wp-content\/uploads\/sites\/43\/2025\/03\/WhatsApp-Image-2025-03-06-at-09.57.21-1536x864.jpeg 1536w\" sizes=\"(max-width: 1600px) 100vw, 1600px\" \/><\/p>\n<p style=\"text-align: center\"><em>Publica\u00e7\u00e3o traz n\u00fameros hist\u00f3ricos da ag\u00eancia alcan\u00e7ados no quarto trimestre de 2024, um marco na sua trajet\u00f3ria<\/em><\/p>\n<p style=\"text-align: justify\">A Ag\u00eancia Goiana de Regula\u00e7\u00e3o (AGR) divulgou, em fevereiro, a nona edi\u00e7\u00e3o da publica\u00e7\u00e3o trimestral AGR em FOCO, com destaque para o equil\u00edbrio financeiro alcan\u00e7ado pela ag\u00eancia na virada do ano. Em dezembro, a AGR registrou um \u00edndice de 175,45% de efetividade em autonomia financeira, com aumento da receita, da recupera\u00e7\u00e3o de cr\u00e9ditos e de investimentos em todas as \u00e1reas.<\/p>\n<p style=\"text-align: justify\">A revista destaca, tamb\u00e9m, o programa de incentivo \u00e0 regulariza\u00e7\u00e3o fiscal (Refis 2024), que contribuiu para esse resultado, negociando mais de R$ 10 milh\u00f5es em cr\u00e9ditos tribut\u00e1rios no m\u00eas de dezembro. A edi\u00e7\u00e3o traz, ainda, decis\u00f5es importantes do Conselho Regulador, como os processos de revis\u00e3o e reajuste de tarifas do transporte intermunicipal e metropolitano e de saneamento b\u00e1sico, atualiza\u00e7\u00f5es de normas para os terminais e a institui\u00e7\u00e3o da An\u00e1lise de Impacto Regulat\u00f3rio no \u00e2mbito da ag\u00eancia.<\/p>\n<p style=\"text-align: justify\">Ainda neste n\u00famero, a AGR em FOCO apresenta o balan\u00e7o das fiscaliza\u00e7\u00f5es do trimestre, das a\u00e7\u00f5es desenvolvidas pela ouvidoria na AGR M\u00f3vel em cidades do interior de outubro a dezembro, al\u00e9m de breve balan\u00e7o anual das diferentes \u00e1reas no evento InterA\u00e7\u00e3o, desta vez realizado no Centro Ol\u00edmpico de Goi\u00e2nia, na confraterniza\u00e7\u00e3o de fim de ano.<\/p>\n<p style=\"text-align: justify\">Ao completar 25 anos no dia 11 de novembro, a AGR comemorou avan\u00e7os importantes e recebeu homenagens dos colaboradores e tamb\u00e9m de institui\u00e7\u00f5es parceiras que enviaram felicita\u00e7\u00f5es enaltecendo o papel da ag\u00eancia na regula\u00e7\u00e3o dos servi\u00e7os p\u00fablicos no estado de Goi\u00e1s.<\/p>\n<p style=\"text-align: justify\">Outro destaque da edi\u00e7\u00e3o \u00e9 a hist\u00f3ria de vida do servidor Ralph Milhomem, maranhense de Barra do Corda que conquistou os p\u00f3dios por meio da nata\u00e7\u00e3o. E o entrevistado da vez \u00e9 o gerente de Bens Desestatizados, Tiago Lage Miotto, que fala sobre o trabalho e os desafios na sua unidade.<\/p>\n<p style=\"text-align: justify\">A revista \u00e9 enviada a todos os \u00f3rg\u00e3os p\u00fablicos dos tr\u00eas Poderes, aos munic\u00edpios, a institui\u00e7\u00f5es parceiras da ag\u00eancia e a ag\u00eancias reguladoras de todo o pa\u00eds, al\u00e9m de ser disponibilizada no site da AGR.<\/p>\n<p style=\"text-align: justify\">Acesse a publica\u00e7\u00e3o aqui: <a href=\"https:\/\/goias.gov.br\/agr\/wp-content\/uploads\/sites\/43\/2023\/02\/agr-em-foco-9-janeiro.pdf\">AGR em Foco n\u00ba 009<\/a><\/p>\n<p style=\"text-align: justify\"><strong>Ag\u00eancia Goiana de Regula\u00e7\u00e3o, Controle e Fiscaliza\u00e7\u00e3o dos Servi\u00e7os P\u00fablicos (AGR) \u2013 Governo de Goi\u00e1s<\/strong><\/p>\n","protected":false},"excerpt":{"rendered":"<p>Publica\u00e7\u00e3o traz n\u00fameros hist\u00f3ricos da ag\u00eancia alcan\u00e7ados no quarto trimestre de 2024, um marco na sua trajet\u00f3ria A Ag\u00eancia Goiana de Regula\u00e7\u00e3o (AGR) divulgou, em fevereiro, a nona edi\u00e7\u00e3o da publica\u00e7\u00e3o trimestral AGR em FOCO, com destaque para o equil\u00edbrio financeiro alcan\u00e7ado pela ag\u00eancia na virada do ano. Em dezembro, a AGR registrou um \u00edndice [&hellip;]<\/p>\n","protected":false},"author":304,"featured_media":166528,"comment_status":"closed","ping_status":"open","sticky":false,"template":"","format":"standard","meta":{"footnotes":""},"categories":[47],"tags":[117],"class_list":["post-166527","post","type-post","status-publish","format-standard","has-post-thumbnail","hentry","category-noticias","tag-agr-em-foco"],"rttpg_featured_image_url":{"full":["https:\/\/goias.gov.br\/agr\/wp-content\/uploads\/sites\/43\/2025\/03\/WhatsApp-Image-2025-03-06-at-09.57.21.jpeg",1600,900,false],"landscape":["https:\/\/goias.gov.br\/agr\/wp-content\/uploads\/sites\/43\/2025\/03\/WhatsApp-Image-2025-03-06-at-09.57.21.jpeg",1600,900,false],"portraits":["https:\/\/goias.gov.br\/agr\/wp-content\/uploads\/sites\/43\/2025\/03\/WhatsApp-Image-2025-03-06-at-09.57.21.jpeg",1600,900,false],"thumbnail":["https:\/\/goias.gov.br\/agr\/wp-content\/uploads\/sites\/43\/2025\/03\/WhatsApp-Image-2025-03-06-at-09.57.21-150x150.jpeg",150,150,true],"medium":["https:\/\/goias.gov.br\/agr\/wp-content\/uploads\/sites\/43\/2025\/03\/WhatsApp-Image-2025-03-06-at-09.57.21-300x169.jpeg",300,169,true],"large":["https:\/\/goias.gov.br\/agr\/wp-content\/uploads\/sites\/43\/2025\/03\/WhatsApp-Image-2025-03-06-at-09.57.21-1024x576.jpeg",1024,576,true],"1536x1536":["https:\/\/goias.gov.br\/agr\/wp-content\/uploads\/sites\/43\/2025\/03\/WhatsApp-Image-2025-03-06-at-09.57.21-1536x864.jpeg",1536,864,true],"2048x2048":["https:\/\/goias.gov.br\/agr\/wp-content\/uploads\/sites\/43\/2025\/03\/WhatsApp-Image-2025-03-06-at-09.57.21.jpeg",1600,900,false]},"rttpg_author":{"display_name":"daniloaraujo","author_link":"https:\/\/goias.gov.br\/agr\/author\/daniloaraujo\/"},"rttpg_comment":0,"rttpg_category":"<a href=\"https:\/\/goias.gov.br\/agr\/categoria\/noticias\/\" rel=\"category tag\">Not\u00edcias<\/a>","rttpg_excerpt":"Publica\u00e7\u00e3o traz n\u00fameros hist\u00f3ricos da ag\u00eancia alcan\u00e7ados no quarto trimestre de 2024, um marco na sua trajet\u00f3ria A Ag\u00eancia Goiana de Regula\u00e7\u00e3o (AGR) divulgou, em fevereiro, a nona edi\u00e7\u00e3o da publica\u00e7\u00e3o trimestral AGR em FOCO, com destaque para o equil\u00edbrio financeiro alcan\u00e7ado pela ag\u00eancia na virada do ano. Em dezembro, a AGR registrou um \u00edndice&hellip;","_links":{"self":[{"href":"https:\/\/goias.gov.br\/agr\/wp-json\/wp\/v2\/posts\/166527","targetHints":{"allow":["GET"]}}],"collection":[{"href":"https:\/\/goias.gov.br\/agr\/wp-json\/wp\/v2\/posts"}],"about":[{"href":"https:\/\/goias.gov.br\/agr\/wp-json\/wp\/v2\/types\/post"}],"author":[{"embeddable":true,"href":"https:\/\/goias.gov.br\/agr\/wp-json\/wp\/v2\/users\/304"}],"replies":[{"embeddable":true,"href":"https:\/\/goias.gov.br\/agr\/wp-json\/wp\/v2\/comments?post=166527"}],"version-history":[{"count":1,"href":"https:\/\/goias.gov.br\/agr\/wp-json\/wp\/v2\/posts\/166527\/revisions"}],"predecessor-version":[{"id":166529,"href":"https:\/\/goias.gov.br\/agr\/wp-json\/wp\/v2\/posts\/166527\/revisions\/166529"}],"wp:featuredmedia":[{"embeddable":true,"href":"https:\/\/goias.gov.br\/agr\/wp-json\/wp\/v2\/media\/166528"}],"wp:attachment":[{"href":"https:\/\/goias.gov.br\/agr\/wp-json\/wp\/v2\/media?parent=166527"}],"wp:term":[{"taxonomy":"category","embeddable":true,"href":"https:\/\/goias.gov.br\/agr\/wp-json\/wp\/v2\/categories?post=166527"},{"taxonomy":"post_tag","embeddable":true,"href":"https:\/\/goias.gov.br\/agr\/wp-json\/wp\/v2\/tags?post=166527"}],"curies":[{"name":"wp","href":"https:\/\/api.w.org\/{rel}","templated":true}]}}