

{"id":129665,"date":"2024-11-22T16:55:14","date_gmt":"2024-11-22T19:55:14","guid":{"rendered":"https:\/\/goias.gov.br\/agr\/?p=129665"},"modified":"2024-11-22T16:56:12","modified_gmt":"2024-11-22T19:56:12","slug":"agr-participa-de-eventos-da-abar-em-brasilia","status":"publish","type":"post","link":"https:\/\/goias.gov.br\/agr\/agr-participa-de-eventos-da-abar-em-brasilia\/","title":{"rendered":"AGR participa de eventos da Abar, em Bras\u00edlia"},"content":{"rendered":"<p style=\"text-align: justify;\"><img fetchpriority=\"high\" decoding=\"async\" class=\"alignnone size-full wp-image-129688\" src=\"https:\/\/goias.gov.br\/agr\/wp-content\/uploads\/sites\/43\/2024\/11\/Visao-aerea-do-Eixo-Monumentla-em-Brasilia.jpg\" alt=\"\" width=\"800\" height=\"400\" srcset=\"https:\/\/goias.gov.br\/agr\/wp-content\/uploads\/sites\/43\/2024\/11\/Visao-aerea-do-Eixo-Monumentla-em-Brasilia.jpg 800w, https:\/\/goias.gov.br\/agr\/wp-content\/uploads\/sites\/43\/2024\/11\/Visao-aerea-do-Eixo-Monumentla-em-Brasilia-300x150.jpg 300w, https:\/\/goias.gov.br\/agr\/wp-content\/uploads\/sites\/43\/2024\/11\/Visao-aerea-do-Eixo-Monumentla-em-Brasilia-768x384.jpg 768w\" sizes=\"(max-width: 800px) 100vw, 800px\" \/><\/p>\n<hr \/>\n<p style=\"text-align: center;\"><em>F\u00f3rum Ibero-americano de Regula\u00e7\u00e3o promove troca de experi\u00eancias entre pa\u00edses da Am\u00e9rica Latina e do Caribe em pr\u00e1ticas regulat\u00f3rias do saneamento b\u00e1sico. C\u00e2maras T\u00e9cnicas discutem os temas mais importantes das diferentes \u00e1reas reguladas<\/em><\/p>\n<p style=\"text-align: justify;\">A Associa\u00e7\u00e3o Brasileira de Ag\u00eancias Reguladoras (Abar) realiza, nos dias 25 e 26 de novembro, em Bras\u00edlia, a 16\u00aa edi\u00e7\u00e3o do F\u00f3rum Ibero-americano de Regula\u00e7\u00e3o, o Fiar 2024. O evento foi criado em 2002 para a troca de experi\u00eancias entre os respons\u00e1vgeis por regular o uso e a sustentabilidade dos recursos h\u00eddricos e do saneamento nas Am\u00e9ricas, de forma a dar mais efici\u00eancia a essas atividades e atrair novos investimentos para o setor. O presidente da Ag\u00eancia Goiana de Regula\u00e7\u00e3o (AGR), Wagner Oliveira Gomes, o diretor de Regula\u00e7\u00e3o e Fiscaliza\u00e7\u00e3o, Eduardo Henrique da Cunha, e o assessor especial da Presid\u00eancia da AGR participam do evento que reunir\u00e1 ag\u00eancias de 15 pa\u00edses.<\/p>\n<p style=\"text-align: justify;\">O f\u00f3rum ter\u00e1 abertura solene na segunda-feira (25\/11), \u00e0s 8h30, no Windsor Bras\u00edlia Hotel, e contar\u00e1 com a presen\u00e7a do presidente da Abar e diretor da Ag\u00eancia Reguladora de \u00c1guas, Energia e Saneamento B\u00e1sico do Distrito Federal (Adasa), Vin\u00edcius Benevides, que \u00e9 o anfitri\u00e3o do evento. Dentre os convidados est\u00e1 o governador Ibaneis Rocha, o presidente da Associa\u00e7\u00e3o de Entidades Reguladoras de Recursos H\u00eddricos e Saneamento B\u00e1sico das Am\u00e9ricas (Aderasa), Mauro Gutierrez; o ministro do Triubnal de Contas da Uni\u00e3o (TCU), Aroldo Cedraz; e o diretor presidente da Adasa, Raimundo Ribeiro.<\/p>\n<p style=\"text-align: justify;\">Como garantir \u00e1gua e esgotamento sanit\u00e1rio para todos, com modicidade tarif\u00e1ria, nos pr\u00f3ximos anos? A universaliza\u00e7\u00e3o desses servi\u00e7os \u00e9 uma exig\u00eancia do novo marco regulat\u00f3rio do saneamento, e o Brasil ter\u00e1 que universalizar a cobertura desses servi\u00e7os at\u00e9 2033, com a consolida\u00e7\u00e3o da entrada de investimentos privados no setor e diante da crescente onda de eventos clim\u00e1ticos extremos.<\/p>\n<p style=\"text-align: justify;\"><strong>C\u00e2maras T\u00e9cnicas<\/strong><br \/>\nAinda no dia 26, ter\u00e7a-feira, a AGR participa da C\u00e2mara T\u00e9cnica de Saneamento B\u00e1sico e Recursos H\u00eddricos (CTSan), no mesmo local. Os debates sobre \u00c1gua e Esgoto e tamb\u00e9m sobre Drenagem e Recursos H\u00eddricos ter\u00e3o a coordena\u00e7\u00e3o de Samuel Alves Barbi Costa, da Arsae. Silvio Cesar dos Santos Rosa, da Aresc, vai coordenar os trabalhos relativos a Res\u00edduos S\u00f3lidos. O diretor de Regula\u00e7\u00e3o e Fiscaliza\u00e7\u00e3o da AGR participa, tamb\u00e9m, da C\u00e2mara T\u00e9cnica de Transporte, na quarta-feira (27).<\/p>\n<p style=\"text-align: justify;\">Esta \u00e9 a \u00faltima edi\u00e7\u00e3o do ano das C\u00e2maras T\u00e9cnicas da Abar, que realizou as tr\u00eas primeiras edi\u00e7\u00f5es em Goi\u00e2nia (mar\u00e7o), Curitiba (junho) e Jo\u00e3o Pessoa (setembro). As C\u00e2maras T\u00e9cnicas de Bras\u00edlia ser\u00e3o realizadas de 26 a 29 de novembro na sede da Adasa, com exce\u00e7\u00e3o da CTSan, programada para o Windsor Bras\u00edlia Hotel.<\/p>\n<p style=\"text-align: justify;\"><strong>Ag\u00eancia Goiana de Regula\u00e7\u00e3o, Controle e Fiscaliza\u00e7\u00e3o de Servi\u00e7os P\u00fablicos (AGR) \u2013 Governo de Goi\u00e1s<\/strong><\/p>\n","protected":false},"excerpt":{"rendered":"<p>F\u00f3rum Ibero-americano de Regula\u00e7\u00e3o promove troca de experi\u00eancias entre pa\u00edses da Am\u00e9rica Latina e do Caribe em pr\u00e1ticas regulat\u00f3rias do saneamento b\u00e1sico. C\u00e2maras T\u00e9cnicas discutem os temas mais importantes das diferentes \u00e1reas reguladas A Associa\u00e7\u00e3o Brasileira de Ag\u00eancias Reguladoras (Abar) realiza, nos dias 25 e 26 de novembro, em Bras\u00edlia, a 16\u00aa edi\u00e7\u00e3o do F\u00f3rum [&hellip;]<\/p>\n","protected":false},"author":391,"featured_media":129688,"comment_status":"closed","ping_status":"open","sticky":false,"template":"","format":"standard","meta":{"footnotes":""},"categories":[47],"tags":[105],"class_list":["post-129665","post","type-post","status-publish","format-standard","has-post-thumbnail","hentry","category-noticias","tag-fiar-2024"],"rttpg_featured_image_url":{"full":["https:\/\/goias.gov.br\/agr\/wp-content\/uploads\/sites\/43\/2024\/11\/Visao-aerea-do-Eixo-Monumentla-em-Brasilia.jpg",800,400,false],"landscape":["https:\/\/goias.gov.br\/agr\/wp-content\/uploads\/sites\/43\/2024\/11\/Visao-aerea-do-Eixo-Monumentla-em-Brasilia.jpg",800,400,false],"portraits":["https:\/\/goias.gov.br\/agr\/wp-content\/uploads\/sites\/43\/2024\/11\/Visao-aerea-do-Eixo-Monumentla-em-Brasilia.jpg",800,400,false],"thumbnail":["https:\/\/goias.gov.br\/agr\/wp-content\/uploads\/sites\/43\/2024\/11\/Visao-aerea-do-Eixo-Monumentla-em-Brasilia-150x150.jpg",150,150,true],"medium":["https:\/\/goias.gov.br\/agr\/wp-content\/uploads\/sites\/43\/2024\/11\/Visao-aerea-do-Eixo-Monumentla-em-Brasilia-300x150.jpg",300,150,true],"large":["https:\/\/goias.gov.br\/agr\/wp-content\/uploads\/sites\/43\/2024\/11\/Visao-aerea-do-Eixo-Monumentla-em-Brasilia.jpg",800,400,false],"1536x1536":["https:\/\/goias.gov.br\/agr\/wp-content\/uploads\/sites\/43\/2024\/11\/Visao-aerea-do-Eixo-Monumentla-em-Brasilia.jpg",800,400,false],"2048x2048":["https:\/\/goias.gov.br\/agr\/wp-content\/uploads\/sites\/43\/2024\/11\/Visao-aerea-do-Eixo-Monumentla-em-Brasilia.jpg",800,400,false]},"rttpg_author":{"display_name":"joaorferreira@goias.gov.br","author_link":"https:\/\/goias.gov.br\/agr\/author\/joao-rferreiragoias-gov-br\/"},"rttpg_comment":0,"rttpg_category":"<a href=\"https:\/\/goias.gov.br\/agr\/categoria\/noticias\/\" rel=\"category tag\">Not\u00edcias<\/a>","rttpg_excerpt":"F\u00f3rum Ibero-americano de Regula\u00e7\u00e3o promove troca de experi\u00eancias entre pa\u00edses da Am\u00e9rica Latina e do Caribe em pr\u00e1ticas regulat\u00f3rias do saneamento b\u00e1sico. C\u00e2maras T\u00e9cnicas discutem os temas mais importantes das diferentes \u00e1reas reguladas A Associa\u00e7\u00e3o Brasileira de Ag\u00eancias Reguladoras (Abar) realiza, nos dias 25 e 26 de novembro, em Bras\u00edlia, a 16\u00aa edi\u00e7\u00e3o do F\u00f3rum&hellip;","_links":{"self":[{"href":"https:\/\/goias.gov.br\/agr\/wp-json\/wp\/v2\/posts\/129665","targetHints":{"allow":["GET"]}}],"collection":[{"href":"https:\/\/goias.gov.br\/agr\/wp-json\/wp\/v2\/posts"}],"about":[{"href":"https:\/\/goias.gov.br\/agr\/wp-json\/wp\/v2\/types\/post"}],"author":[{"embeddable":true,"href":"https:\/\/goias.gov.br\/agr\/wp-json\/wp\/v2\/users\/391"}],"replies":[{"embeddable":true,"href":"https:\/\/goias.gov.br\/agr\/wp-json\/wp\/v2\/comments?post=129665"}],"version-history":[{"count":2,"href":"https:\/\/goias.gov.br\/agr\/wp-json\/wp\/v2\/posts\/129665\/revisions"}],"predecessor-version":[{"id":129702,"href":"https:\/\/goias.gov.br\/agr\/wp-json\/wp\/v2\/posts\/129665\/revisions\/129702"}],"wp:featuredmedia":[{"embeddable":true,"href":"https:\/\/goias.gov.br\/agr\/wp-json\/wp\/v2\/media\/129688"}],"wp:attachment":[{"href":"https:\/\/goias.gov.br\/agr\/wp-json\/wp\/v2\/media?parent=129665"}],"wp:term":[{"taxonomy":"category","embeddable":true,"href":"https:\/\/goias.gov.br\/agr\/wp-json\/wp\/v2\/categories?post=129665"},{"taxonomy":"post_tag","embeddable":true,"href":"https:\/\/goias.gov.br\/agr\/wp-json\/wp\/v2\/tags?post=129665"}],"curies":[{"name":"wp","href":"https:\/\/api.w.org\/{rel}","templated":true}]}}