

{"id":125179,"date":"2024-11-08T14:24:37","date_gmt":"2024-11-08T17:24:37","guid":{"rendered":"https:\/\/goias.gov.br\/agr\/?p=125179"},"modified":"2024-11-08T14:26:34","modified_gmt":"2024-11-08T17:26:34","slug":"conselho-regulador-aprova-reajuste-tarifario-de-saneamento-para-ipameri","status":"publish","type":"post","link":"https:\/\/goias.gov.br\/agr\/conselho-regulador-aprova-reajuste-tarifario-de-saneamento-para-ipameri\/","title":{"rendered":"Conselho Regulador aprova reajuste tarif\u00e1rio de saneamento para Ipameri"},"content":{"rendered":"<p><img fetchpriority=\"high\" decoding=\"async\" class=\"alignnone size-full wp-image-125182\" src=\"https:\/\/goias.gov.br\/agr\/wp-content\/uploads\/sites\/43\/2024\/11\/0b22e449-1180-42db-a92c-c0e4c1f042a0.jpg\" alt=\"\" width=\"1600\" height=\"1066\" srcset=\"https:\/\/goias.gov.br\/agr\/wp-content\/uploads\/sites\/43\/2024\/11\/0b22e449-1180-42db-a92c-c0e4c1f042a0.jpg 1600w, https:\/\/goias.gov.br\/agr\/wp-content\/uploads\/sites\/43\/2024\/11\/0b22e449-1180-42db-a92c-c0e4c1f042a0-300x200.jpg 300w, https:\/\/goias.gov.br\/agr\/wp-content\/uploads\/sites\/43\/2024\/11\/0b22e449-1180-42db-a92c-c0e4c1f042a0-1024x682.jpg 1024w, https:\/\/goias.gov.br\/agr\/wp-content\/uploads\/sites\/43\/2024\/11\/0b22e449-1180-42db-a92c-c0e4c1f042a0-768x512.jpg 768w, https:\/\/goias.gov.br\/agr\/wp-content\/uploads\/sites\/43\/2024\/11\/0b22e449-1180-42db-a92c-c0e4c1f042a0-1536x1023.jpg 1536w\" sizes=\"(max-width: 1600px) 100vw, 1600px\" \/><\/p>\n<hr \/>\n<p style=\"text-align: center;\"><em>Durante sess\u00e3o extraordin\u00e1ria, colegiado aprovou tamb\u00e9m o programa Semear da Saneago para negocia\u00e7\u00e3o de d\u00e9bitos de usu\u00e1rios<\/em><\/p>\n<p style=\"text-align: justify;\">A Ag\u00eancia Goiana de Regula\u00e7\u00e3o (AGR), por meio do Conselho Regulador, aprovou, nesta sexta-feira (08\/11), o reajuste tarif\u00e1rio proposto pelo cons\u00f3rcio \u00c1guas de Ipameri, respons\u00e1vel pela presta\u00e7\u00e3o dos servi\u00e7os de abastecimento de \u00e1gua e esgotamento sanit\u00e1rio naquela cidade, mas com ajustes na f\u00f3rmula de c\u00e1lculo dos indicadores. Conforme Nota T\u00e9cnica da Diretoria de Regula\u00e7\u00e3o e Fiscaliza\u00e7\u00e3o 01\/2024, o \u00edndice de reajuste a ser aplicado sobre as tarifas ser\u00e1 de 5,19%. Ap\u00f3s a aprova\u00e7\u00e3o da tarifa pelo Conselho Regulador, a concession\u00e1ria ter\u00e1 30 dias para dar publicidade ao reajuste antes de sua efetiva aplica\u00e7\u00e3o.<\/p>\n<p style=\"text-align: justify;\">Conforme o voto da relatora do processo, conselheira Nat\u00e1lia Maria Brice\u00f1o Spadoni, os c\u00e1lculos feitos pela concession\u00e1ria foram com base no contrato original de presta\u00e7\u00e3o de servi\u00e7os, sem considerar o aditivo do contrato que \u00e9 mais recente. Os t\u00e9cnicos analisaram a proposta e encontraram duas inconformidades em rela\u00e7\u00e3o ao termo aditivo, que alterou a data base e definiu que, ap\u00f3s o primeiro reajuste realizado em 2023, os ajustes subsequentes deveriam considerar a varia\u00e7\u00e3o de custos dos 12 meses seguintes, isto \u00e9, o IPCA acumulado desse per\u00edodo. Outra incoer\u00eancia diz respeito ao per\u00edodo usado pela concession\u00e1ria para calcular o \u00edndice de reajuste.<\/p>\n<p style=\"text-align: justify;\">Dessa forma, a \u00e1rea t\u00e9cnica da AGR refez os c\u00e1lculos, utilizando o n\u00famero \u00edndice do IPCA de 2022 e o n\u00famero \u00edndice do IPCA de setembro de 2023, completando assim os 12 meses, conforme estabelecido no aditivo do contrato.<\/p>\n<p style=\"text-align: justify;\">Segundo o presidente do Conselho, Wagner Oliveira Gomes, a AGR julga o processo de reajuste da tarifa dos servi\u00e7os de \u00e1gua e esgotos da cidade de Ipameri, porque a ag\u00eancia estabeleceu, em 2021, um conv\u00eanio com o munic\u00edpio, ap\u00f3s ter sido indicada no contrato da Prefeitura com o cons\u00f3rcio \u00c1guas de Ipameri para ser o ente regulador do contrato. Dessa forma, a autarquia atende o munic\u00edpio tanto na fiscaliza\u00e7\u00e3o da presta\u00e7\u00e3o desses servi\u00e7os quanto na regula\u00e7\u00e3o, inclusive estabelecendo processos de revis\u00e3o e de reajustes tarif\u00e1rios.<\/p>\n<p style=\"text-align: justify;\"><strong>Programa Semear<\/strong><br \/>\nNa mesma sess\u00e3o extraordin\u00e1ria desta sexta-feira, os conselheiros apreciaram pedido da Saneamento de Goi\u00e1s S\/A para a realiza\u00e7\u00e3o da edi\u00e7\u00e3o de 2024 do programa Semear, que estabelece donci\u00e7\u00f5es diferenciadas para quita\u00e7\u00e3o ou negocia\u00e7\u00e3o de d\u00e9bitos junto \u00e0 companhia. O programa se estende at\u00e9 o dia 30 de novembro e vai permitir que usu\u00e1rios da categoria particular possam obter descontos escalonados e regressivo de 80% a 55% para parcelamentos e de 90% para pagamento \u00e0 vista dos d\u00e9bitos contra\u00eddos at\u00e9 maio de 2024.<\/p>\n<p style=\"text-align: justify;\">Os descontos s\u00e3o sobre os valores de multa, juros morat\u00f3rios e atualiza\u00e7\u00e3o monet\u00e1ria. Quem quiser pagar em at\u00e9 seis vezes, o desconto ser\u00e1 de 80%; de 7 a 12 meses, descontos de 75%; de 13 a 24 meses, o desconto \u00e9 de 70%; para pagamento de 25 a 36 vezes, descontos de 65%; de 37 a 48 vezes, de 60%; e para pagamento de 49 a 60 vezes, o desconto ser\u00e1 de 55%. Os interessados devem procurar uma unidade da Saneago ou agendar atendimento em uma das unidades do Vapt Vupt em todo o estado.<\/p>\n<p style=\"text-align: justify;\">Ao proferir seu voto, a conselheira Nat\u00e1lia Spadoni lembrou que esses descontos referem-se \u00e0 cobran\u00e7a de tarifas e n\u00e3o \u00e0 presta\u00e7\u00e3o dos servi\u00e7os em si, para negocia\u00e7\u00e3o de d\u00e9bitos a fim de restabelecer os servi\u00e7os aos usu\u00e1rios inadimplentes. Com a quita\u00e7\u00e3o ou negocia\u00e7\u00e3o, a concession\u00e1ria retoma a presta\u00e7\u00e3o do servi\u00e7o interrompido.<\/p>\n<p style=\"text-align: justify;\">Al\u00e9m desses processos, o Conselho Regulador analisou v\u00e1rios planos de racionamento propostos pela Saneago para munic\u00edpios que estavam sofrendo com a estiagem. Mas os conselheiros consideraram of\u00edcio da concession\u00e1ria informando a normaliza\u00e7\u00e3o do abastecimento nos munic\u00edpios e votaram pela perda do objeto dos referidos processos.<\/p>\n<p style=\"text-align: justify;\">O colegiado aprovou, tamb\u00e9m, um processo de aferi\u00e7\u00e3o de gratuidades concedidas pela empresa Via\u00e7\u00e3o Araguarina a idosos e a pessoas com defici\u00eancia no per\u00edodo de abril a junho deste ano.<\/p>\n<p style=\"text-align: justify;\">As sess\u00f5es do Conselho Regulador s\u00e3o abertas ao p\u00fablico, gravadas e disponibilizadas \u00e0 sociedade no canal da AGR no YouTube.<\/p>\n<p style=\"text-align: justify;\"><strong>Ag\u00eancia Goiana de Regula\u00e7\u00e3o, Controle e Fiscaliza\u00e7\u00e3o de Servi\u00e7os P\u00fablicos (AGR) \u2013 Governo de Goi\u00e1s<\/strong><\/p>\n","protected":false},"excerpt":{"rendered":"<p>Durante sess\u00e3o extraordin\u00e1ria, colegiado aprovou tamb\u00e9m o programa Semear da Saneago para negocia\u00e7\u00e3o de d\u00e9bitos de usu\u00e1rios A Ag\u00eancia Goiana de Regula\u00e7\u00e3o (AGR), por meio do Conselho Regulador, aprovou, nesta sexta-feira (08\/11), o reajuste tarif\u00e1rio proposto pelo cons\u00f3rcio \u00c1guas de Ipameri, respons\u00e1vel pela presta\u00e7\u00e3o dos servi\u00e7os de abastecimento de \u00e1gua e esgotamento sanit\u00e1rio naquela cidade, [&hellip;]<\/p>\n","protected":false},"author":391,"featured_media":125182,"comment_status":"closed","ping_status":"open","sticky":false,"template":"","format":"standard","meta":{"footnotes":""},"categories":[47],"tags":[87],"class_list":["post-125179","post","type-post","status-publish","format-standard","has-post-thumbnail","hentry","category-noticias","tag-conselho-regulador"],"rttpg_featured_image_url":{"full":["https:\/\/goias.gov.br\/agr\/wp-content\/uploads\/sites\/43\/2024\/11\/0b22e449-1180-42db-a92c-c0e4c1f042a0.jpg",1600,1066,false],"landscape":["https:\/\/goias.gov.br\/agr\/wp-content\/uploads\/sites\/43\/2024\/11\/0b22e449-1180-42db-a92c-c0e4c1f042a0.jpg",1600,1066,false],"portraits":["https:\/\/goias.gov.br\/agr\/wp-content\/uploads\/sites\/43\/2024\/11\/0b22e449-1180-42db-a92c-c0e4c1f042a0.jpg",1600,1066,false],"thumbnail":["https:\/\/goias.gov.br\/agr\/wp-content\/uploads\/sites\/43\/2024\/11\/0b22e449-1180-42db-a92c-c0e4c1f042a0-150x150.jpg",150,150,true],"medium":["https:\/\/goias.gov.br\/agr\/wp-content\/uploads\/sites\/43\/2024\/11\/0b22e449-1180-42db-a92c-c0e4c1f042a0-300x200.jpg",300,200,true],"large":["https:\/\/goias.gov.br\/agr\/wp-content\/uploads\/sites\/43\/2024\/11\/0b22e449-1180-42db-a92c-c0e4c1f042a0-1024x682.jpg",1024,682,true],"1536x1536":["https:\/\/goias.gov.br\/agr\/wp-content\/uploads\/sites\/43\/2024\/11\/0b22e449-1180-42db-a92c-c0e4c1f042a0-1536x1023.jpg",1536,1023,true],"2048x2048":["https:\/\/goias.gov.br\/agr\/wp-content\/uploads\/sites\/43\/2024\/11\/0b22e449-1180-42db-a92c-c0e4c1f042a0.jpg",1600,1066,false]},"rttpg_author":{"display_name":"joaorferreira@goias.gov.br","author_link":"https:\/\/goias.gov.br\/agr\/author\/joao-rferreiragoias-gov-br\/"},"rttpg_comment":0,"rttpg_category":"<a href=\"https:\/\/goias.gov.br\/agr\/categoria\/noticias\/\" rel=\"category tag\">Not\u00edcias<\/a>","rttpg_excerpt":"Durante sess\u00e3o extraordin\u00e1ria, colegiado aprovou tamb\u00e9m o programa Semear da Saneago para negocia\u00e7\u00e3o de d\u00e9bitos de usu\u00e1rios A Ag\u00eancia Goiana de Regula\u00e7\u00e3o (AGR), por meio do Conselho Regulador, aprovou, nesta sexta-feira (08\/11), o reajuste tarif\u00e1rio proposto pelo cons\u00f3rcio \u00c1guas de Ipameri, respons\u00e1vel pela presta\u00e7\u00e3o dos servi\u00e7os de abastecimento de \u00e1gua e esgotamento sanit\u00e1rio naquela cidade,&hellip;","_links":{"self":[{"href":"https:\/\/goias.gov.br\/agr\/wp-json\/wp\/v2\/posts\/125179","targetHints":{"allow":["GET"]}}],"collection":[{"href":"https:\/\/goias.gov.br\/agr\/wp-json\/wp\/v2\/posts"}],"about":[{"href":"https:\/\/goias.gov.br\/agr\/wp-json\/wp\/v2\/types\/post"}],"author":[{"embeddable":true,"href":"https:\/\/goias.gov.br\/agr\/wp-json\/wp\/v2\/users\/391"}],"replies":[{"embeddable":true,"href":"https:\/\/goias.gov.br\/agr\/wp-json\/wp\/v2\/comments?post=125179"}],"version-history":[{"count":2,"href":"https:\/\/goias.gov.br\/agr\/wp-json\/wp\/v2\/posts\/125179\/revisions"}],"predecessor-version":[{"id":125199,"href":"https:\/\/goias.gov.br\/agr\/wp-json\/wp\/v2\/posts\/125179\/revisions\/125199"}],"wp:featuredmedia":[{"embeddable":true,"href":"https:\/\/goias.gov.br\/agr\/wp-json\/wp\/v2\/media\/125182"}],"wp:attachment":[{"href":"https:\/\/goias.gov.br\/agr\/wp-json\/wp\/v2\/media?parent=125179"}],"wp:term":[{"taxonomy":"category","embeddable":true,"href":"https:\/\/goias.gov.br\/agr\/wp-json\/wp\/v2\/categories?post=125179"},{"taxonomy":"post_tag","embeddable":true,"href":"https:\/\/goias.gov.br\/agr\/wp-json\/wp\/v2\/tags?post=125179"}],"curies":[{"name":"wp","href":"https:\/\/api.w.org\/{rel}","templated":true}]}}