
{"id":9918,"date":"2022-05-17T09:52:38","date_gmt":"2022-05-17T12:52:38","guid":{"rendered":"https:\/\/siteshom.goias.gov.br\/agehab\/agenda-de-autoridades\/"},"modified":"2026-04-27T10:56:35","modified_gmt":"2026-04-27T13:56:35","slug":"agenda-de-autoridades","status":"publish","type":"post","link":"https:\/\/goias.gov.br\/agehab\/agenda-de-autoridades\/","title":{"rendered":"Agenda de Autoridades"},"content":{"rendered":"<p><strong>Presid\u00eancia<\/strong><br \/><a href=\"https:\/\/calendar.google.com\/calendar\/embed?src=o1osjkv27fb6c8jjn7ld9iqnog%40group.calendar.google.com&amp;ctz=America%2FSao_Paulo\">Juliano Ricardo Fuganti Mendes<\/a><\/p>\n<p><strong>Vice-Presid\u00eancia<\/strong><br \/><a href=\"https:\/\/calendar.google.com\/calendar\/embed?src=30893cd56807a4ab65c282de6d1e7de1019b8018e339528ebc9b7b8594b61844%40group.calendar.google.com&amp;ctz=America%2FSao_Paulo\">Lucas Magalh\u00e3es de Gouveia<\/a><\/p>\n<p><strong>Diretoria de Engenharia e Obras<\/strong><br \/><a href=\"https:\/\/calendar.google.com\/calendar\/embed?src=asd3dl8c7p4nbfc6eog1ru0tn4%40group.calendar.google.com&amp;ctz=America%2FSao_Paulo\">Sirlei Aparecida da Guia<\/a><\/p>\n<p><strong>Diretoria Administrativa<\/strong><br \/><a href=\"https:\/\/calendar.google.com\/calendar\/embed?src=bcvsrqhvjn4jlsdhq1obl66cmg%40group.calendar.google.com&amp;ctz=America%2FSao_Paulo\">Vin\u00edcius Ferreira Lima<\/a><\/p>\n<p><strong>Diretoria Financeira<\/strong><br \/><a href=\"https:\/\/calendar.google.com\/calendar\/embed?src=hc2ppsl76e84i4qf778se3b74c%40group.calendar.google.com&amp;ctz=America%2FSao_Paulo\" target=\"_blank\" rel=\"noopener\">Adailton Ferreira Trindade<\/a><\/p>\n<p><strong>Diretoria de Regulariza\u00e7\u00e3o Fundi\u00e1ria e Desenvolvimento Social\u00a0<\/strong><\/p>\n<p><a href=\"https:\/\/calendar.google.com\/calendar\/embed?src=se8hj4m4ucjg3qogp0iffg2c7c%40group.calendar.google.com&amp;ctz=America%2FSao_Paulo\">Ricardo Fernandes Barbosa<\/a><\/p>\n<p><b>Diretoria de Governan\u00e7a e <em>Compliance<\/em><\/b><br \/><a href=\"https:\/\/calendar.google.com\/calendar\/embed?src=kbq0ncib8dtl1it9k82c1s0npk%40group.calendar.google.com&amp;ctz=America%2FSao_Paulo\">Yuri\u00a0Ben-Hur da Rocha\u00a0Tejota<\/a><\/p>\n<p><strong>Secret\u00e1ria Executiva de Gest\u00e3o Estrat\u00e9gica\u00a0<\/strong><br \/><a href=\"https:\/\/calendar.google.com\/calendar\/embed?src=a1e8f2ab36fdea28506f820b749aa83fc0f840d779ab88a0be03bc858cab4406%40group.calendar.google.com&amp;ctz=America%2FSao_Paulo\" target=\"_blank\" rel=\"noopener\">Gilsa Eva de Souza<\/a><\/p>\n<p><strong>Secret\u00e1rio Executivo de Articula\u00e7\u00e3o Institucional\u00a0<\/strong><br \/>Cargo vago desde 17\/04\/2026<\/p>\n<p><strong>Superintend\u00eancia de An\u00e1lise de Custos e Precifica\u00e7\u00f5es\u00a0<\/strong><\/p>\n<p><a href=\"https:\/\/calendar.google.com\/calendar\/u\/0\/embed?src=6e806c9ad92da159cbfea8fd9ae6e25722c6eabedc26022baa3856d9c7c54002@group.calendar.google.com&amp;ctz=America\/Sao_Paulo\">\u00c9der Leandro Rocha<\/a><\/p>\n<p><strong>Superintend\u00eancia de Projetos e Or\u00e7amentos\u00a0\u00a0<\/strong><br \/>Cargo vago desde 18\/03\/2026<\/p>\n\n\n<p><\/p>\n","protected":false},"excerpt":{"rendered":"<p>Presid\u00eanciaJuliano Ricardo Fuganti Mendes Vice-Presid\u00eanciaLucas Magalh\u00e3es de Gouveia Diretoria de Engenharia e ObrasSirlei Aparecida da Guia Diretoria AdministrativaVin\u00edcius Ferreira Lima Diretoria FinanceiraAdailton Ferreira Trindade Diretoria de Regulariza\u00e7\u00e3o Fundi\u00e1ria e Desenvolvimento Social\u00a0 Ricardo Fernandes Barbosa Diretoria de Governan\u00e7a e ComplianceYuri\u00a0Ben-Hur da Rocha\u00a0Tejota Secret\u00e1ria Executiva de Gest\u00e3o Estrat\u00e9gica\u00a0Gilsa Eva de Souza Secret\u00e1rio Executivo de Articula\u00e7\u00e3o Institucional\u00a0Cargo vago [&hellip;]<\/p>\n","protected":false},"author":126,"featured_media":0,"comment_status":"closed","ping_status":"open","sticky":false,"template":"","format":"standard","meta":{"footnotes":""},"categories":[2],"tags":[],"class_list":["post-9918","post","type-post","status-publish","format-standard","hentry","category-institucional"],"rttpg_featured_image_url":null,"rttpg_author":{"display_name":"suzetemc","author_link":"https:\/\/goias.gov.br\/agehab\/author\/suzetemc\/"},"rttpg_comment":0,"rttpg_category":"<a href=\"https:\/\/goias.gov.br\/agehab\/category\/institucional\/\" rel=\"category tag\">Institucional<\/a>","rttpg_excerpt":"Presid\u00eanciaJuliano Ricardo Fuganti Mendes Vice-Presid\u00eanciaLucas Magalh\u00e3es de Gouveia Diretoria de Engenharia e ObrasSirlei Aparecida da Guia Diretoria AdministrativaVin\u00edcius Ferreira Lima Diretoria FinanceiraAdailton Ferreira Trindade Diretoria de Regulariza\u00e7\u00e3o Fundi\u00e1ria e Desenvolvimento Social\u00a0 Ricardo Fernandes Barbosa Diretoria de Governan\u00e7a e ComplianceYuri\u00a0Ben-Hur da Rocha\u00a0Tejota Secret\u00e1ria Executiva de Gest\u00e3o Estrat\u00e9gica\u00a0Gilsa Eva de Souza Secret\u00e1rio Executivo de Articula\u00e7\u00e3o Institucional\u00a0Cargo vago&hellip;","_links":{"self":[{"href":"https:\/\/goias.gov.br\/agehab\/wp-json\/wp\/v2\/posts\/9918","targetHints":{"allow":["GET"]}}],"collection":[{"href":"https:\/\/goias.gov.br\/agehab\/wp-json\/wp\/v2\/posts"}],"about":[{"href":"https:\/\/goias.gov.br\/agehab\/wp-json\/wp\/v2\/types\/post"}],"author":[{"embeddable":true,"href":"https:\/\/goias.gov.br\/agehab\/wp-json\/wp\/v2\/users\/126"}],"replies":[{"embeddable":true,"href":"https:\/\/goias.gov.br\/agehab\/wp-json\/wp\/v2\/comments?post=9918"}],"version-history":[{"count":2,"href":"https:\/\/goias.gov.br\/agehab\/wp-json\/wp\/v2\/posts\/9918\/revisions"}],"predecessor-version":[{"id":30822,"href":"https:\/\/goias.gov.br\/agehab\/wp-json\/wp\/v2\/posts\/9918\/revisions\/30822"}],"wp:attachment":[{"href":"https:\/\/goias.gov.br\/agehab\/wp-json\/wp\/v2\/media?parent=9918"}],"wp:term":[{"taxonomy":"category","embeddable":true,"href":"https:\/\/goias.gov.br\/agehab\/wp-json\/wp\/v2\/categories?post=9918"},{"taxonomy":"post_tag","embeddable":true,"href":"https:\/\/goias.gov.br\/agehab\/wp-json\/wp\/v2\/tags?post=9918"}],"curies":[{"name":"wp","href":"https:\/\/api.w.org\/{rel}","templated":true}]}}