
{"id":8973,"date":"2021-12-28T13:42:58","date_gmt":"2021-12-28T16:42:58","guid":{"rendered":"https:\/\/siteshom.goias.gov.br\/agehab\/nao-e-programa-de-vespera-de-eleicao-e-politica-definitiva-do-governo-para-o-povo-de-goias-diz-caiado-durante-entrega-de-3-mil-cartoes-do-programa-pra-ter-onde-morar-alug\/"},"modified":"2021-12-28T13:42:58","modified_gmt":"2021-12-28T16:42:58","slug":"nao-e-programa-de-vespera-de-eleicao-e-politica-definitiva-do-governo-para-o-povo-de-goias-diz-caiado-durante-entrega-de-3-mil-cartoes-do-programa-pra-ter-onde-morar-alug","status":"publish","type":"post","link":"https:\/\/goias.gov.br\/agehab\/nao-e-programa-de-vespera-de-eleicao-e-politica-definitiva-do-governo-para-o-povo-de-goias-diz-caiado-durante-entrega-de-3-mil-cartoes-do-programa-pra-ter-onde-morar-alug\/","title":{"rendered":"\u201cN\u00e3o \u00e9 programa de v\u00e9spera de elei\u00e7\u00e3o, \u00e9 pol\u00edtica definitiva do governo para o povo de Goi\u00e1s\u201d, diz Caiado durante entrega de 3 mil cart\u00f5es do programa Pra Ter Onde Morar \u2013 Aluguel Social"},"content":{"rendered":"<p><img fetchpriority=\"high\" decoding=\"async\" class=\" size-full wp-image-8972\" src=\"https:\/\/goias.gov.br\/agehab\/wp-content\/uploads\/sites\/18\/2021\/12\/23_Carto_Aluguel_Social_3-798.jpg\" alt=\"\" width=\"800\" height=\"500\" srcset=\"https:\/\/goias.gov.br\/agehab\/wp-content\/uploads\/sites\/18\/2021\/12\/23_Carto_Aluguel_Social_3-798.jpg 800w, https:\/\/goias.gov.br\/agehab\/wp-content\/uploads\/sites\/18\/2021\/12\/23_Carto_Aluguel_Social_3-798-300x188.jpg 300w, https:\/\/goias.gov.br\/agehab\/wp-content\/uploads\/sites\/18\/2021\/12\/23_Carto_Aluguel_Social_3-798-768x480.jpg 768w\" sizes=\"(max-width: 800px) 100vw, 800px\" \/><\/p>\n<p><em>Com iniciativa, ser&atilde;o destinados R$ 350 para loca&ccedil;&atilde;o de im&oacute;veis por 18 meses, prorrog&aacute;veis por mais 18, para moradores que se enquadrem nos crit&eacute;rios do d&eacute;ficit habitacional em Goi&aacute;s. Previs&atilde;o &eacute; de atender 30 mil fam&iacute;lias, simultaneamente, em todo Estado. Governador defende a&ccedil;&atilde;o humanit&aacute;ria e diz que &ldquo;n&atilde;o se governa com grandes obras e pr&eacute;dios, mas dando dignidade a 7,2 milh&otilde;es de goianos&rdquo;<\/em><\/p>\n<p>O governador Ronaldo Caiado distribuiu, na manh&atilde; desta ter&ccedil;a-feira (28\/12), em solenidade no Gin&aacute;sio Rio Vermelho, 3 mil cart&otilde;es do programa Pra Ter Onde Morar &ndash; Aluguel Social para os benefici&aacute;rios da capital e de Aparecida de Goi&acirc;nia que conclu&iacute;ram a entrega da documenta&ccedil;&atilde;o, tiveram os cadastros analisados e aprovados.&nbsp;<\/p>\n<p>&ldquo;&Eacute; uma manh&atilde; emocionante, algo que nos sensibiliza depois de todas as dificuldades que passamos. Como &eacute; gratificante governar olhando para pessoas que necessitam da m&atilde;o estendida do Estado&rdquo;, afirmou Caiado. &ldquo;Um governador tem que ser humanit&aacute;rio. N&atilde;o se governa com grandes obras e pr&eacute;dios, mas dando dignidade a 7,2 milh&otilde;es de goianos&rdquo;, destacou.&nbsp;<\/p>\n<p>Com a iniciativa, o Governo de Goi&aacute;s, por meio da Ag&ecirc;ncia Goiana de Habita&ccedil;&atilde;o (Agehab), destina o valor mensal de R$ 350 para loca&ccedil;&atilde;o de im&oacute;veis por 18 meses, prorrog&aacute;veis por mais 18, para fam&iacute;lias que se enquadrem nos crit&eacute;rios do d&eacute;ficit habitacional. Entre os crit&eacute;rios dos eleg&iacute;veis est&atilde;o situa&ccedil;&atilde;o financeira vulner&aacute;vel, ser inscrito no Cad&Uacute;nico no munic&iacute;pio, ser maior de 18 anos ou emancipado e residir no munic&iacute;pio por, no m&iacute;nimo, tr&ecirc;s anos. &ldquo;N&atilde;o &eacute; programa de v&eacute;spera de elei&ccedil;&atilde;o. &Eacute; uma pol&iacute;tica definitiva do governo para o povo de Goi&aacute;s&rdquo;, frisou Caiado.<\/p>\n<p>O sonho da casa pr&oacute;pria j&aacute; durava 20 anos para Jorlan de Almeida Pontes e Ad&eacute;lia Correia de Souza, mesmo tempo que t&ecirc;m de casados. &ldquo;Esse cart&atilde;o veio para ajudar e vai ser &oacute;timo. Com o dinheiro que a gente iria gastar para pagar o aluguel, vamos poder complementar o alimento&rdquo;, exemplificou o marido. Al&eacute;m deles, Adriely Pabline Gomes, Lidiane Pereira do Nascimento, Deborah Miranda Gon&ccedil;alves, Dormervir de Paula e Terezinha de Jesus Souza participaram da entrega simb&oacute;lica do cart&atilde;o. A previs&atilde;o &eacute; de atendimento de 30 mil fam&iacute;lias, simultaneamente, em todo o Estado at&eacute; o final de 2022.&nbsp;<\/p>\n<p>O governador tamb&eacute;m ressaltou a import&acirc;ncia de se trabalhar em parceria para &ecirc;xito de a&ccedil;&otilde;es como esta. &ldquo;Estamos aqui com o prefeito Rog&eacute;rio Cruz e a primeira-dama Thelma [Cruz], para mostrar que as a&ccedil;&otilde;es s&atilde;o no sentido de ter um governo cada vez mais humanit&aacute;rio, para que possamos chegar &agrave;s pessoas&rdquo;, salientou.&nbsp;<\/p>\n<p>&ldquo;Parabenizo Caiado por esse programa t&atilde;o importante, que traz dignidade ao ser humano&rdquo;, pontuou Rog&eacute;rio Cruz. &ldquo;Em uni&atilde;o com o Estado, temos trabalhado incansavelmente para levar aos mais necessitados e vulner&aacute;veis, devido ainda &agrave; pandemia, melhor qualidade de vida e condi&ccedil;&otilde;es de morar, comer e viver bem com suas fam&iacute;lias&rdquo;, acrescentou o prefeito.&nbsp;<\/p>\n<p>&ldquo;Estamos felizes, governador, enquanto representantes do presidente [da Agehab], Pedro Sales, de conseguir realizar esse sonho que nasceu de seu cora&ccedil;&atilde;o: fazer realidade para essas pessoas humildes, carentes e lutadoras, com a entrega deste cart&atilde;o que garante moradia e dignidade habitacional&rdquo;, destacou a vice-presidente da Agehab, Eliane Simonini. &ldquo;Nenhum governador na hist&oacute;ria fez esse programa. &Eacute; um governo com os maiores programas de transfer&ecirc;ncia de renda e essa &eacute; sua beleza, fazendo a diferen&ccedil;a na vida do povo de Goi&aacute;s&rdquo;, destacou o deputado estadual e l&iacute;der do governo na Assembleia Legislativa, Bruno Peixoto.<\/p>\n<p><strong>Atendimento<\/strong><br \/>\nPara atender a grande demanda pelo programa, a Agehab abriu pontos em seis unidades do Vapt Vupt da capital (Araguaia Shopping, Campinas, Mangal&ocirc; &ndash; Morada do Sol, Passeio das &Aacute;guas e Portal Shopping e Pra&ccedil;a da B&iacute;blia). Os documentos continuam sendo recebidos por tempo indeterminado nestes locais e, tamb&eacute;m, na sede da Agehab. Os interessados tamb&eacute;m podem anexar a documenta&ccedil;&atilde;o em formato PDF sem precisar sair de casa, diretamente pelo site www.agehab.go.gov.br. A lista de convoca&ccedil;&atilde;o para entrega do benef&iacute;cio &eacute; disponibilizada no mesmo site.&nbsp;<\/p>\n<p>Foram disponibilizados modelos de documentos no site da ag&ecirc;ncia, para facilitar a comprova&ccedil;&atilde;o das informa&ccedil;&otilde;es pelas fam&iacute;lias. Documentos como contrato de aluguel, declara&ccedil;&otilde;es de uni&atilde;o est&aacute;vel, de renda comprometida com aluguel e de renda conforme o Cad&Uacute;nico est&atilde;o &agrave; disposi&ccedil;&atilde;o das fam&iacute;lias no site da Agehab.&nbsp;<\/p>\n<p>Ainda estiveram presentes os secret&aacute;rios Henderson Rodrigues (Esporte e Lazer) e Joel Sant&#39;Anna Braga Filho (Ind&uacute;stria, Com&eacute;rcio e Servi&ccedil;os); deputado estadual Jeferson Rodrigues; diretores da Agehab Priscilla Tejota (Financeiro), Vinicius Ferreira Lima (Administrativo) e Lucas Gouveia (Governan&ccedil;a); prefeitos Kelton Pinheiro (Bonfin&oacute;polis e representante da Federa&ccedil;&atilde;o Goiana dos Munic&iacute;pios\/FGM) e Fernando Carneiro (Niquel&acirc;ndia); vereador por Goi&acirc;nia, Leandro Sena; secret&aacute;rios municipais Jos&eacute; Firmino (Governo\/interino) e Israel Braga (Executivo de Assuntos Sociais em Prioridades Estrat&eacute;gicas); presidente-comandante da Guarda Civil Metropolitana de Goi&acirc;nia, Wellington Paranhos; tenente-coronel Br&aacute;ulio de Souza Bessa (38 Batalh&atilde;o de Pol&iacute;cia Militar\/BPM); e assessores especiais da Governadoria, Rafael Rahif e Paulo Magalh&atilde;es.<\/p>\n<p>Fotos: Octac&iacute;lio Queiroz<\/p>\n<p><strong>Secretaria de Comunica&ccedil;&atilde;o &#8211; Governo de Goi&aacute;s<\/strong><\/p>\n","protected":false},"excerpt":{"rendered":"<p>Com iniciativa, ser&atilde;o destinados R$ 350 para loca&ccedil;&atilde;o de im&oacute;veis por 18 meses, prorrog&aacute;veis por mais 18, para moradores que se enquadrem nos crit&eacute;rios do d&eacute;ficit habitacional em Goi&aacute;s. Previs&atilde;o &eacute; de atender 30 mil fam&iacute;lias, simultaneamente, em todo Estado. Governador defende a&ccedil;&atilde;o humanit&aacute;ria e diz que &ldquo;n&atilde;o se governa com grandes obras e pr&eacute;dios, [&hellip;]<\/p>\n","protected":false},"author":125,"featured_media":8971,"comment_status":"closed","ping_status":"open","sticky":false,"template":"","format":"standard","meta":{"footnotes":""},"categories":[3],"tags":[101],"class_list":["post-8973","post","type-post","status-publish","format-standard","has-post-thumbnail","hentry","category-noticias","tag-despublicadas-periodo-eleitoral"],"rttpg_featured_image_url":{"full":["https:\/\/goias.gov.br\/agehab\/wp-content\/uploads\/sites\/18\/2021\/12\/28_Carto_Aluguel_Social_2-4b9.jpg",800,500,false],"landscape":["https:\/\/goias.gov.br\/agehab\/wp-content\/uploads\/sites\/18\/2021\/12\/28_Carto_Aluguel_Social_2-4b9.jpg",800,500,false],"portraits":["https:\/\/goias.gov.br\/agehab\/wp-content\/uploads\/sites\/18\/2021\/12\/28_Carto_Aluguel_Social_2-4b9.jpg",800,500,false],"thumbnail":["https:\/\/goias.gov.br\/agehab\/wp-content\/uploads\/sites\/18\/2021\/12\/28_Carto_Aluguel_Social_2-4b9-150x150.jpg",150,150,true],"medium":["https:\/\/goias.gov.br\/agehab\/wp-content\/uploads\/sites\/18\/2021\/12\/28_Carto_Aluguel_Social_2-4b9-300x188.jpg",300,188,true],"large":["https:\/\/goias.gov.br\/agehab\/wp-content\/uploads\/sites\/18\/2021\/12\/28_Carto_Aluguel_Social_2-4b9.jpg",800,500,false],"1536x1536":["https:\/\/goias.gov.br\/agehab\/wp-content\/uploads\/sites\/18\/2021\/12\/28_Carto_Aluguel_Social_2-4b9.jpg",800,500,false],"2048x2048":["https:\/\/goias.gov.br\/agehab\/wp-content\/uploads\/sites\/18\/2021\/12\/28_Carto_Aluguel_Social_2-4b9.jpg",800,500,false]},"rttpg_author":{"display_name":"lucianafurtado","author_link":"https:\/\/goias.gov.br\/agehab\/author\/luciana-furtadogoias-gov-br\/"},"rttpg_comment":0,"rttpg_category":"<a href=\"https:\/\/goias.gov.br\/agehab\/category\/institucional\/noticias\/\" rel=\"category tag\">Not\u00edcias<\/a>","rttpg_excerpt":"Com iniciativa, ser&atilde;o destinados R$ 350 para loca&ccedil;&atilde;o de im&oacute;veis por 18 meses, prorrog&aacute;veis por mais 18, para moradores que se enquadrem nos crit&eacute;rios do d&eacute;ficit habitacional em Goi&aacute;s. Previs&atilde;o &eacute; de atender 30 mil fam&iacute;lias, simultaneamente, em todo Estado. Governador defende a&ccedil;&atilde;o humanit&aacute;ria e diz que &ldquo;n&atilde;o se governa com grandes obras e pr&eacute;dios,&hellip;","_links":{"self":[{"href":"https:\/\/goias.gov.br\/agehab\/wp-json\/wp\/v2\/posts\/8973","targetHints":{"allow":["GET"]}}],"collection":[{"href":"https:\/\/goias.gov.br\/agehab\/wp-json\/wp\/v2\/posts"}],"about":[{"href":"https:\/\/goias.gov.br\/agehab\/wp-json\/wp\/v2\/types\/post"}],"author":[{"embeddable":true,"href":"https:\/\/goias.gov.br\/agehab\/wp-json\/wp\/v2\/users\/125"}],"replies":[{"embeddable":true,"href":"https:\/\/goias.gov.br\/agehab\/wp-json\/wp\/v2\/comments?post=8973"}],"version-history":[{"count":0,"href":"https:\/\/goias.gov.br\/agehab\/wp-json\/wp\/v2\/posts\/8973\/revisions"}],"wp:featuredmedia":[{"embeddable":true,"href":"https:\/\/goias.gov.br\/agehab\/wp-json\/wp\/v2\/media\/8971"}],"wp:attachment":[{"href":"https:\/\/goias.gov.br\/agehab\/wp-json\/wp\/v2\/media?parent=8973"}],"wp:term":[{"taxonomy":"category","embeddable":true,"href":"https:\/\/goias.gov.br\/agehab\/wp-json\/wp\/v2\/categories?post=8973"},{"taxonomy":"post_tag","embeddable":true,"href":"https:\/\/goias.gov.br\/agehab\/wp-json\/wp\/v2\/tags?post=8973"}],"curies":[{"name":"wp","href":"https:\/\/api.w.org\/{rel}","templated":true}]}}