{"id":3693,"date":"2015-02-13T11:02:31","date_gmt":"2015-02-13T13:02:31","guid":{"rendered":"https:\/\/siteshom.goias.gov.br\/agehab\/atas-de-registro-de-precos-2015\/"},"modified":"2015-02-13T11:02:31","modified_gmt":"2015-02-13T13:02:31","slug":"atas-de-registro-de-precos-2015","status":"publish","type":"post","link":"https:\/\/goias.gov.br\/agehab\/atas-de-registro-de-precos-2015\/","title":{"rendered":"Atas de Registro de Pre\u00e7os 2015"},"content":{"rendered":"<p align=\"center\"><strong><em>EXTRATO DA ATA DE REGISTRO DE PRE&Ccedil;OS N&ordm; 001\/2015<\/em><\/strong><\/p>\n<p align=\"center\"><strong><em>&nbsp;<\/em><\/strong><strong><em>PREG&Atilde;O PRESENCIAL PARA REGISTRO DE PRE&Ccedil;OS N&ordm; 017\/2014<\/em><\/strong><strong><em>&nbsp;<\/em><\/strong><\/p>\n<p align=\"center\"><strong><em>PROCESSO N&ordm; 002772\/2014<\/em><\/strong><\/p>\n<p>Aos 05 dias do m&ecirc;s de fevereiro do ano de 2015, a Ag&ecirc;ncia Goiana de Habita&ccedil;&atilde;o S\/A &ndash; AGEHAB, inscrita no CNPJ sob o n&ordm; 01.274.240\/0001-47, situada na Rua 18-A, n&ordm; 541, Setor Aeroporto, Goi&acirc;nia &ndash; Goi&aacute;s, neste ato representa por seu Presidente <strong>Luiz Ant&ocirc;nio Stival Milhomens<\/strong>, brasileiro, casado, contador, portador da Carteira de Identidade n&ordm; 3.358.373 2&ordf; Via SSP\/GO e CPF n&ordm; 839.954.471-04, residente e domiciliado na cidade de Nova Veneza &ndash; GO, por seu Diretor T&eacute;cnico <strong>Murilo Mendon&ccedil;a Barra <\/strong><strong>(Portaria n&deg; 0008\/2015)<\/strong><strong>,<\/strong> brasileiro, casado, portador da ID 1802256- SSPGO e do CPF n&ordm; 573.985.341-91, residente e domiciliado em Goi&acirc;nia &ndash; Goi&aacute;s e por seu Diretor Financeiro <strong>Murilo Mendon&ccedil;a Barra <\/strong><strong>(Portaria n&deg; 0009\/2015)<\/strong><strong>,<\/strong> brasileiro, casado, portador da ID 1802256- SSPGO e do CPF n&ordm; 573.985.341-91, residente e domiciliado em Goi&acirc;nia &ndash; Goi&aacute;s, e de outro lado as empresas relacionadas abaixo, resolvem instituir a Ata de Registro de Pre&ccedil;os (ARP), nos termos da Lei Federal n&ordm; 10.520\/02 e do Decreto Federal n&ordm; 7.892\/2013, Lei Estadual n&ordm; 17.928\/2012 e Decreto Estadual n&ordm; 7.468\/2011, pela Lei Complementar n&ordm; 123\/06, Lei Federal n&ordm; 8.666\/93 e as demais normas legais aplic&aacute;veis decorrente da licita&ccedil;&atilde;o na modalidade de Preg&atilde;o Presencial para Registro de Pre&ccedil;os n&ordm; 017\/2014, mediante as cl&aacute;usulas e condi&ccedil;&otilde;es a seguir delineadas:<\/p>\n<p><strong>FORNECEDORES DETENTORES DO REGISTRO:<\/strong><\/p>\n<table border=\"1\" cellpadding=\"0\" cellspacing=\"0\">\n<tbody>\n<tr>\n<td valign=\"top\" width=\"662\">\n<p><strong>FORNECEDOR: W&amp;F COMERCIO E SERVI&Ccedil;OS EIRELI &#8211; EPP, <\/strong>pessoa jur&iacute;dica de direito privado, inscrita no CNPJ sob o n&ordm; 10.499.738\/0001-07, com endere&ccedil;o na Av. Guaruj&aacute;, N&ordm; 740 Sala 01, Jardim Atl&acirc;ntico, Goi&acirc;nia &ndash; Goi&aacute;s, neste ato representada por <strong>Fernando de Souza Urzeda<\/strong>, brasileiro, casado, portador da CI n&ordm; 3250387 2&ordf; via SSP\/GO e do CPF\/MF n&ordm; 633.989.151-91, residente e domiciliado na cidade de Goi&acirc;nia &ndash; Goi&aacute;s.<\/p>\n<\/td>\n<\/tr>\n<tr>\n<td valign=\"top\" width=\"662\">\n<p><strong>FORNECEDOR: RCL COM&Eacute;RCIO DE MATERIAIS DE CONSTRU&Ccedil;&Atilde;O E SERVI&Ccedil;OS EIRELI &ndash; ME, <\/strong>pessoa jur&iacute;dica de direito privado, inscrita no CNPJ sob o n&ordm; 18.408.522\/0001-92, com endere&ccedil;o na Av. Cara&iacute;bas, Qd. 54, Lt. 17, Jardim Helv&eacute;cia, Aparecida de Goi&acirc;nia &#8211; GO, neste ato representada por <strong>Jefferson Vitor Cardoso<\/strong>, brasileiro, solteiro, portador da CI n&ordm; 4890344&nbsp; DGPC\/ GO e do CPF\/MF n&ordm; 012.814.301-02, residente e domiciliado na cidade de Goi&acirc;nia &ndash; Goi&aacute;s.<\/p>\n<\/td>\n<\/tr>\n<\/tbody>\n<\/table>\n<p><strong>CL&Aacute;USULA PRIMEIRA&nbsp; &#8211; DO OBJETO<\/strong><\/p>\n<p>1.1 A presente Ata tem por objeto o registro de pre&ccedil;os para eventual contrata&ccedil;&atilde;o de pessoa jur&iacute;dica visando o fornecimento de <strong>material de constru&ccedil;&atilde;o civil para a constru&ccedil;&atilde;o de 1.500 unidades habitacionais (UH), para atender &agrave; regi&atilde;o Centro Goiano e Noroeste Goiano, compostas pelos munic&iacute;pios de: An&aacute;polis, Barro Alto, Campo Limpo de Goi&aacute;s, Carmo do Rio Verde, Ceres, Damol&acirc;ndia, Goian&eacute;sia, Guarinos, Hidrolina, Ipiranga de Goi&aacute;s, Itapaci, Jaragu&aacute;, Jes&uacute;polis, Morro Agudo de Goi&aacute;s, Nova Am&eacute;rica, Nova Gl&oacute;ria, Ouro Verde de Goi&aacute;s, Petrolina de Goi&aacute;s, Pilar de Goi&aacute;s, Rialma, Rian&aacute;polis, Rubiataba, Santa Isabel, Santa Rita do Novo Destino, Santa Rosa de Goi&aacute;s, S&atilde;o Francisco de Goi&aacute;s, S&atilde;o Luiz do Norte, S&atilde;o Patr&iacute;cio, Taquaral de Goi&aacute;s, Uruana, Vila Prop&iacute;cio, Ara&ccedil;u, Araguapaz, Aruan&atilde;, Faina, Goi&aacute;s, Guara&iacute;ta, Heitora&iacute;, Itabera&iacute;, Itaguari, Itaguaru, Itapuranga, Tau&ccedil;u e Matrinch&atilde;,<em> <\/em><\/strong>de acordo com as especifica&ccedil;&otilde;es estabelecidas no Edital e seus anexos e Proposta Comercial do Fornecedor, identificado a seguir:<\/p>\n<table border=\"1\" cellpadding=\"0\" cellspacing=\"0\" style=\"width: 633px;\">\n<tbody>\n<tr>\n<td valign=\"top\" width=\"48\">\n<p align=\"center\"><strong>ITEM<\/strong><\/p>\n<\/td>\n<td valign=\"top\" width=\"137\">\n<p align=\"center\"><strong>DESCRI&Ccedil;&Atilde;O<\/strong><\/p>\n<\/td>\n<td valign=\"top\" width=\"165\">\n<p align=\"center\"><strong>FORNECEDOR<\/strong><\/p>\n<\/td>\n<td valign=\"top\" width=\"151\">\n<p align=\"center\"><strong>CNPJ<\/strong><\/p>\n<\/td>\n<td valign=\"top\" width=\"132\">\n<p align=\"center\"><strong>VALOR<\/strong><\/p>\n<\/td>\n<\/tr>\n<tr>\n<td valign=\"top\" width=\"48\">\n<p align=\"center\">01<\/p>\n<\/td>\n<td valign=\"top\" width=\"137\">\n<p align=\"center\">BLOCO DE VEDA&Ccedil;&Atilde;O CONCRETO &ndash; 14 X 19 X 39 CM<\/p>\n<\/td>\n<td valign=\"top\" width=\"165\">\n<p>RCL COM&Eacute;RCIO DE MATERIAIS DE CONSTRU&Ccedil;&Atilde;O E SERVI&Ccedil;OS EIRELI &#8211; ME<\/p>\n<\/td>\n<td valign=\"top\" width=\"151\">\n<p>18.408.522\/0001-92<\/p>\n<\/td>\n<td valign=\"top\" width=\"132\">\n<p align=\"center\">1.363.500,00<\/p>\n<\/td>\n<\/tr>\n<tr>\n<td valign=\"top\" width=\"48\">\n<p align=\"center\">04<\/p>\n<\/td>\n<td valign=\"top\" width=\"137\">\n<p align=\"center\">TELHA DE CER&Acirc;MICA TIPO PLAN<\/p>\n<\/td>\n<td valign=\"top\" width=\"165\">\n<p>W &amp; F COM&Eacute;RCIO E SERVI&Ccedil;OS EIRELI &#8211; EPP<\/p>\n<\/td>\n<td valign=\"top\" width=\"151\">\n<p>10.499.738\/0001-07<\/p>\n<\/td>\n<td valign=\"top\" width=\"132\">\n<p align=\"center\">2.411.475,00<\/p>\n<\/td>\n<\/tr>\n<tr>\n<td valign=\"top\" width=\"48\">\n<p align=\"center\">06<\/p>\n<\/td>\n<td valign=\"top\" width=\"137\">\n<p align=\"center\">CUMEEIRA P\/TELHA CER&Acirc;MICA &#8211; PLAN<\/p>\n<\/td>\n<td valign=\"top\" width=\"165\">\n<p>W &amp; F COM&Eacute;RCIO E SERVI&Ccedil;OS EIRELI &#8211; EPP<\/p>\n<\/td>\n<td valign=\"top\" width=\"151\">\n<p>10.499.738\/0001-07<\/p>\n<\/td>\n<td valign=\"top\" width=\"132\">\n<p align=\"center\">196.320,00<\/p>\n<\/td>\n<\/tr>\n<tr>\n<td valign=\"top\" width=\"48\">\n<p align=\"center\">07<\/p>\n<\/td>\n<td valign=\"top\" width=\"137\">\n<p align=\"center\">CUMEEIRA TELHA CER&Acirc;MICA &nbsp;&#8211; AMERICANA<\/p>\n<\/td>\n<td valign=\"top\" width=\"165\">\n<p>W &amp; F COM&Eacute;RCIO E SERVI&Ccedil;OS EIRELI &#8211; EPP<\/p>\n<\/td>\n<td valign=\"top\" width=\"151\">\n<p>10.499.738\/0001-07<\/p>\n<\/td>\n<td valign=\"top\" width=\"132\">\n<p align=\"center\">134.970,00<\/p>\n<\/td>\n<\/tr>\n<tr>\n<td valign=\"top\" width=\"48\">\n<p align=\"center\">09<\/p>\n<\/td>\n<td valign=\"top\" width=\"137\">\n<p align=\"center\">CONJUNTO DE VEDA&Ccedil;&Atilde;O P\/TELHA DE FIBROCIMENTO<\/p>\n<\/td>\n<td valign=\"top\" width=\"165\">\n<p>W &amp; F COM&Eacute;RCIO E SERVI&Ccedil;OS EIRELI &#8211; EPP<\/p>\n<\/td>\n<td valign=\"top\" width=\"151\">\n<p>10.499.738\/0001-07<\/p>\n<\/td>\n<td valign=\"top\" width=\"132\">\n<p align=\"center\">5.099,60<\/p>\n<\/td>\n<\/tr>\n<tr>\n<td valign=\"top\" width=\"48\">\n<p align=\"center\">11<\/p>\n<\/td>\n<td valign=\"top\" width=\"137\">\n<p align=\"center\">BLOCO CER&Acirc;MICO VEDA&Ccedil;&Atilde;O 8 FUROS &ndash; 9 X 19 X 29 CM<\/p>\n<\/td>\n<td valign=\"top\" width=\"165\">\n<p>W &amp; F COM&Eacute;RCIO E SERVI&Ccedil;OS EIRELI &#8211; EPP<\/p>\n<\/td>\n<td valign=\"top\" width=\"151\">\n<p>10.499.738\/0001-07<\/p>\n<\/td>\n<td valign=\"top\" width=\"132\">\n<p align=\"center\">3.241.875,00<\/p>\n<\/td>\n<\/tr>\n<tr>\n<td valign=\"top\" width=\"48\">\n<p align=\"center\">13<\/p>\n<\/td>\n<td valign=\"top\" width=\"137\">\n<p align=\"center\">AREIA FINA<\/p>\n<\/td>\n<td valign=\"top\" width=\"165\">\n<p>W &amp; F COM&Eacute;RCIO E SERVI&Ccedil;OS EIRELI &#8211; EPP<\/p>\n<\/td>\n<td valign=\"top\" width=\"151\">\n<p>10.499.738\/0001-07<\/p>\n<\/td>\n<td valign=\"top\" width=\"132\">\n<p align=\"center\">556.875,00<\/p>\n<\/td>\n<\/tr>\n<tr>\n<td valign=\"top\" width=\"48\">\n<p align=\"center\">14<\/p>\n<\/td>\n<td valign=\"top\" width=\"137\">\n<p align=\"center\">AREIA M&Eacute;DIA<\/p>\n<\/td>\n<td valign=\"top\" width=\"165\">\n<p>W &amp; F COM&Eacute;RCIO E SERVI&Ccedil;OS EIRELI &#8211; EPP<\/p>\n<\/td>\n<td valign=\"top\" width=\"151\">\n<p>10.499.738\/0001-07<\/p>\n<\/td>\n<td valign=\"top\" width=\"132\">\n<p align=\"center\">1.113.750,00<\/p>\n<\/td>\n<\/tr>\n<tr>\n<td valign=\"top\" width=\"48\">\n<p align=\"center\">15<\/p>\n<\/td>\n<td valign=\"top\" width=\"137\">\n<p align=\"center\">AREIA GROSSA<\/p>\n<\/td>\n<td valign=\"top\" width=\"165\">\n<p>W &amp; F COM&Eacute;RCIO E SERVI&Ccedil;OS EIRELI &#8211; EPP<\/p>\n<\/td>\n<td valign=\"top\" width=\"151\">\n<p>10.499.738\/0001-07<\/p>\n<\/td>\n<td valign=\"top\" width=\"132\">\n<p align=\"center\">852.078,00<\/p>\n<\/td>\n<\/tr>\n<\/tbody>\n<\/table>\n<p><strong>Goi&acirc;nia, 05 de fevereiro de 2015.<\/strong><\/p>\n<p><strong>&nbsp;&nbsp;<\/strong><\/p>\n<p align=\"center\"><strong>LUIZ ANTONIO STIVAL MILHOMENS<\/strong><\/p>\n<p align=\"center\"><strong>Presidente<\/strong><\/p>\n<p align=\"center\"><strong>&nbsp;&nbsp;<\/strong><\/p>\n<p align=\"center\"><strong>MURILO MENDON&Ccedil;A BARRA<\/strong><strong>&nbsp;&nbsp;&nbsp;&nbsp;&nbsp;&nbsp;&nbsp;&nbsp;&nbsp;&nbsp;&nbsp;&nbsp;&nbsp;&nbsp;&nbsp;&nbsp;&nbsp; <\/strong><\/p>\n<p align=\"center\"><strong>Diretor T&eacute;cnico <\/strong><\/p>\n<p align=\"center\"><strong>(Portaria 0008\/2015)<\/strong><\/p>\n<p align=\"center\"><strong>&nbsp;&nbsp;<\/strong><\/p>\n<p align=\"center\"><strong>MURILO MENDON&Ccedil;A BARRA<\/strong><\/p>\n<p align=\"center\"><strong>Diretor<\/strong><strong> <\/strong><strong>Financeiro<\/strong><\/p>\n<p align=\"center\"><strong>(Portaria n&deg; 0009\/2015)<\/strong><\/p>\n<p><strong>&nbsp;FORNECEDORES:&nbsp;<\/strong><\/p>\n<p align=\"center\"><strong>Fernando de Souza Urzeda<\/strong><\/p>\n<p align=\"center\"><strong>W&amp;F COMERCIO E SERVI&Ccedil;OS EIRELI &ndash; EPP<\/strong><\/p>\n<p align=\"center\"><strong>&nbsp;&nbsp;<\/strong><\/p>\n<p align=\"center\"><strong>Jefferson Vitor Cardoso<\/strong><\/p>\n<p align=\"center\"><strong>RCL COM&Eacute;RCIO DE MATERIAIS DE CONSTRU&Ccedil;&Atilde;O <\/strong><\/p>\n<p align=\"center\"><strong>E SERVI&Ccedil;OS EIRELI &ndash; ME<\/strong><\/p>\n<p align=\"center\"><a href=\"https:\/\/goias.gov.br\/agehab\/wp-content\/uploads\/sites\/18\/2015\/02\/ata-registro-de-precos-no.-001.15-0e3.pdf\">ATA DE REGISTRO DE PRE&Ccedil;OS N&ordm; 001\/2015<\/a> para Download<\/p>\n<hr \/>\n<p align=\"center\">TERMO DE RATIFICA&Ccedil;&Atilde;O E HOMOLOGA&Ccedil;&Atilde;O ARP N&ordm; 001\/2015 &#8211; SEGPLAN<\/p>\n<p class=\"pull-center\"><img fetchpriority=\"high\" decoding=\"async\" class=\" size-full wp-image-3691\" alt=\"\" data-image-widget-flowlayout=\"1\" height=\"563\" id=\"\" src=\"https:\/\/goias.gov.br\/agehab\/wp-content\/uploads\/sites\/18\/2015\/02\/arp2015-16f.png\" title=\"\" width=\"399\" srcset=\"https:\/\/goias.gov.br\/agehab\/wp-content\/uploads\/sites\/18\/2015\/02\/arp2015-16f.png 1656w, https:\/\/goias.gov.br\/agehab\/wp-content\/uploads\/sites\/18\/2015\/02\/arp2015-16f-212x300.png 212w, https:\/\/goias.gov.br\/agehab\/wp-content\/uploads\/sites\/18\/2015\/02\/arp2015-16f-725x1024.png 725w, https:\/\/goias.gov.br\/agehab\/wp-content\/uploads\/sites\/18\/2015\/02\/arp2015-16f-768x1084.png 768w, https:\/\/goias.gov.br\/agehab\/wp-content\/uploads\/sites\/18\/2015\/02\/arp2015-16f-1088x1536.png 1088w, https:\/\/goias.gov.br\/agehab\/wp-content\/uploads\/sites\/18\/2015\/02\/arp2015-16f-1451x2048.png 1451w\" sizes=\"(max-width: 399px) 100vw, 399px\" \/><\/p>\n","protected":false},"excerpt":{"rendered":"<p>EXTRATO DA ATA DE REGISTRO DE PRE&Ccedil;OS N&ordm; 001\/2015 &nbsp;PREG&Atilde;O PRESENCIAL PARA REGISTRO DE PRE&Ccedil;OS N&ordm; 017\/2014&nbsp; PROCESSO N&ordm; 002772\/2014 Aos 05 dias do m&ecirc;s de fevereiro do ano de 2015, a Ag&ecirc;ncia Goiana de Habita&ccedil;&atilde;o S\/A &ndash; AGEHAB, inscrita no CNPJ sob o n&ordm; 01.274.240\/0001-47, situada na Rua 18-A, n&ordm; 541, Setor Aeroporto, Goi&acirc;nia [&hellip;]<\/p>\n","protected":false},"author":7,"featured_media":3691,"comment_status":"closed","ping_status":"open","sticky":false,"template":"","format":"standard","meta":{"footnotes":""},"categories":[6],"tags":[],"class_list":["post-3693","post","type-post","status-publish","format-standard","has-post-thumbnail","hentry","category-licitacoes-e-contratacoes"],"rttpg_featured_image_url":{"full":["https:\/\/goias.gov.br\/agehab\/wp-content\/uploads\/sites\/18\/2015\/02\/arp2015-16f.png",1656,2338,false],"landscape":["https:\/\/goias.gov.br\/agehab\/wp-content\/uploads\/sites\/18\/2015\/02\/arp2015-16f.png",1656,2338,false],"portraits":["https:\/\/goias.gov.br\/agehab\/wp-content\/uploads\/sites\/18\/2015\/02\/arp2015-16f.png",1656,2338,false],"thumbnail":["https:\/\/goias.gov.br\/agehab\/wp-content\/uploads\/sites\/18\/2015\/02\/arp2015-16f-150x150.png",150,150,true],"medium":["https:\/\/goias.gov.br\/agehab\/wp-content\/uploads\/sites\/18\/2015\/02\/arp2015-16f-212x300.png",212,300,true],"large":["https:\/\/goias.gov.br\/agehab\/wp-content\/uploads\/sites\/18\/2015\/02\/arp2015-16f-725x1024.png",725,1024,true],"1536x1536":["https:\/\/goias.gov.br\/agehab\/wp-content\/uploads\/sites\/18\/2015\/02\/arp2015-16f-1088x1536.png",1088,1536,true],"2048x2048":["https:\/\/goias.gov.br\/agehab\/wp-content\/uploads\/sites\/18\/2015\/02\/arp2015-16f-1451x2048.png",1451,2048,true]},"rttpg_author":{"display_name":"gustavogoncalves","author_link":"https:\/\/goias.gov.br\/agehab\/author\/gustavogoncalves\/"},"rttpg_comment":0,"rttpg_category":"<a href=\"https:\/\/goias.gov.br\/agehab\/category\/licitacoes-e-contratacoes\/\" rel=\"category tag\">Licita\u00e7\u00f5es e Contrata\u00e7\u00f5es<\/a>","rttpg_excerpt":"EXTRATO DA ATA DE REGISTRO DE PRE&Ccedil;OS N&ordm; 001\/2015 &nbsp;PREG&Atilde;O PRESENCIAL PARA REGISTRO DE PRE&Ccedil;OS N&ordm; 017\/2014&nbsp; PROCESSO N&ordm; 002772\/2014 Aos 05 dias do m&ecirc;s de fevereiro do ano de 2015, a Ag&ecirc;ncia Goiana de Habita&ccedil;&atilde;o S\/A &ndash; AGEHAB, inscrita no CNPJ sob o n&ordm; 01.274.240\/0001-47, situada na Rua 18-A, n&ordm; 541, Setor Aeroporto, Goi&acirc;nia&hellip;","_links":{"self":[{"href":"https:\/\/goias.gov.br\/agehab\/wp-json\/wp\/v2\/posts\/3693","targetHints":{"allow":["GET"]}}],"collection":[{"href":"https:\/\/goias.gov.br\/agehab\/wp-json\/wp\/v2\/posts"}],"about":[{"href":"https:\/\/goias.gov.br\/agehab\/wp-json\/wp\/v2\/types\/post"}],"author":[{"embeddable":true,"href":"https:\/\/goias.gov.br\/agehab\/wp-json\/wp\/v2\/users\/7"}],"replies":[{"embeddable":true,"href":"https:\/\/goias.gov.br\/agehab\/wp-json\/wp\/v2\/comments?post=3693"}],"version-history":[{"count":0,"href":"https:\/\/goias.gov.br\/agehab\/wp-json\/wp\/v2\/posts\/3693\/revisions"}],"wp:featuredmedia":[{"embeddable":true,"href":"https:\/\/goias.gov.br\/agehab\/wp-json\/wp\/v2\/media\/3691"}],"wp:attachment":[{"href":"https:\/\/goias.gov.br\/agehab\/wp-json\/wp\/v2\/media?parent=3693"}],"wp:term":[{"taxonomy":"category","embeddable":true,"href":"https:\/\/goias.gov.br\/agehab\/wp-json\/wp\/v2\/categories?post=3693"},{"taxonomy":"post_tag","embeddable":true,"href":"https:\/\/goias.gov.br\/agehab\/wp-json\/wp\/v2\/tags?post=3693"}],"curies":[{"name":"wp","href":"https:\/\/api.w.org\/{rel}","templated":true}]}}