
{"id":30263,"date":"2026-03-25T10:29:17","date_gmt":"2026-03-25T13:29:17","guid":{"rendered":"https:\/\/goias.gov.br\/agehab\/?p=30263"},"modified":"2026-03-25T10:40:25","modified_gmt":"2026-03-25T13:40:25","slug":"agehab-capacita-nesta-quarta-feira-25-03-equipes-de-aparecida-de-goiania-para-execucao-do-programa-ape-a-custo-zero","status":"publish","type":"post","link":"https:\/\/goias.gov.br\/agehab\/agehab-capacita-nesta-quarta-feira-25-03-equipes-de-aparecida-de-goiania-para-execucao-do-programa-ape-a-custo-zero\/","title":{"rendered":"Agehab capacita equipes de Aparecida de Goi\u00e2nia para execu\u00e7\u00e3o do programa Ap\u00ea a Custo Zero"},"content":{"rendered":"\n<figure class=\"wp-block-image size-large\"><img fetchpriority=\"high\" decoding=\"async\" width=\"1024\" height=\"683\" src=\"https:\/\/goias.gov.br\/agehab\/wp-content\/uploads\/sites\/18\/2026\/03\/foto-Edgard-Soares_2550-1024x683.jpg\" alt=\"\" class=\"wp-image-30265\" srcset=\"https:\/\/goias.gov.br\/agehab\/wp-content\/uploads\/sites\/18\/2026\/03\/foto-Edgard-Soares_2550-1024x683.jpg 1024w, https:\/\/goias.gov.br\/agehab\/wp-content\/uploads\/sites\/18\/2026\/03\/foto-Edgard-Soares_2550-300x200.jpg 300w, https:\/\/goias.gov.br\/agehab\/wp-content\/uploads\/sites\/18\/2026\/03\/foto-Edgard-Soares_2550-768x512.jpg 768w, https:\/\/goias.gov.br\/agehab\/wp-content\/uploads\/sites\/18\/2026\/03\/foto-Edgard-Soares_2550-1536x1024.jpg 1536w, https:\/\/goias.gov.br\/agehab\/wp-content\/uploads\/sites\/18\/2026\/03\/foto-Edgard-Soares_2550-2048x1365.jpg 2048w\" sizes=\"(max-width: 1024px) 100vw, 1024px\" \/><\/figure>\n\n\n\n<p><em>\u201cCom o treinamento, a equipe da Prefeitura estar\u00e1 apta a inserir no sistema a documenta\u00e7\u00e3o das fam\u00edlias\u201d, destaca Alexandre Baldy<\/em><\/p>\n\n\n\n<p>O Governo de Goi\u00e1s realiza, por meio da Ag\u00eancia Goiana de Habita\u00e7\u00e3o (Agehab) e do Goi\u00e1s Social, nesta quarta-feira (25\/03), capacita\u00e7\u00e3o voltada \u00e0 modalidade Ap\u00ea a Custo Zero do Programa Pra Ter Onde Morar para a Prefeitura de Aparecida de Goi\u00e2nia. A modalidade amplia o acesso \u00e0 moradia digna por meio de condi\u00e7\u00f5es facilitadas para a popula\u00e7\u00e3o.<\/p>\n\n\n\n<p>O treinamento para a equipe da Prefeitura de Aparecida ser\u00e1 realizado \u00e0s 14h, na sala de treinamento do Edif\u00edcio Vera L\u00facia, no Setor Oeste, reunindo profissionais e equipes envolvidas na execu\u00e7\u00e3o do projeto.<\/p>\n\n\n\n<p>\u201cA a\u00e7\u00e3o tem como objetivo preparar os participantes para a inser\u00e7\u00e3o da documenta\u00e7\u00e3o das fam\u00edlias compat\u00edveis que realizaram inscri\u00e7\u00e3o em Aparecida de Goi\u00e2nia, promovendo alinhamento de informa\u00e7\u00f5es, esclarecimento de d\u00favidas e apresenta\u00e7\u00e3o de diretrizes operacionais\u201d, explica o presidente da Agehab, Alexandre Baldy.<\/p>\n\n\n\n<p>Durante o encontro, ser\u00e3o abordados temas como regras do edital, crit\u00e9rios de participa\u00e7\u00e3o, processo e estrat\u00e9gias de atendimento \u00e0 popula\u00e7\u00e3o, hierarquiza\u00e7\u00e3o e como inserir a documenta\u00e7\u00e3o das fam\u00edlias compat\u00edveis que realizaram inscri\u00e7\u00e3o por meio do Edital n\u00ba 002\/2025 \u2013 Prefeitura de Aparecida de Goi\u00e2nia.<\/p>\n\n\n\n<p>O Pra Ter Onde Morar \u00e9 refer\u00eancia em todo o Brasil, se destacando como uma importante pol\u00edtica de incentivo habitacional, contribuindo para a redu\u00e7\u00e3o do d\u00e9ficit de moradias e oferecendo novas oportunidades para fam\u00edlias que buscam conquistar a casa pr\u00f3pria.<\/p>\n\n\n\n<p>A capacita\u00e7\u00e3o integra o cronograma de a\u00e7\u00f5es do programa e refor\u00e7a o compromisso com a qualifica\u00e7\u00e3o das equipes respons\u00e1veis pela aplica\u00e7\u00e3o da modalidade em Aparecida de Goi\u00e2nia.<\/p>\n\n\n\n<p><em>Fotos: Edgard Soares e Octac\u00edlio Queiroz<\/em><\/p>\n\n\n\n<p><em>Legenda<\/em>: \u201cCapacita\u00e7\u00e3o prepara equipe da Prefeitura de Aparecida de Goi\u00e2nia para inser\u00e7\u00e3o da documenta\u00e7\u00e3o das fam\u00edlias compat\u00edveis que realizaram inscri\u00e7\u00e3o atrav\u00e9s do Edital n\u00ba 002\/2025 \u2013 Prefeitura de Aparecida de Goi\u00e2nia\u201d, afirma Baldy<\/p>\n\n\n\n<p><em><strong>Servi\u00e7o<\/strong><\/em><br><strong><em>Assunto<\/em>: <\/strong>Capacita\u00e7\u00e3o do Ap\u00ea a Custo Zero para Aparecida de Goi\u00e2nia<br><strong><em>Data<\/em>: <\/strong>Quarta-feira (25\/03)<br><strong><em>Hor\u00e1rio<\/em>: <\/strong>14h<br><strong><em>Local<\/em>:<\/strong> Edif\u00edcio Vera L\u00facia (Avenida Rep\u00fablica do L\u00edbano, Setor Oeste\/ 4\u00ba andar)<\/p>\n\n\n\n<p><em><strong>Ag\u00eancia Goiana de Habita\u00e7\u00e3o &#8211; Governo de Goi\u00e1s<\/strong><\/em><\/p>\n\n\n\n<p><\/p>\n","protected":false},"excerpt":{"rendered":"<p>\u201cCom o treinamento, a equipe da Prefeitura estar\u00e1 apta a inserir no sistema a documenta\u00e7\u00e3o das fam\u00edlias\u201d, destaca Alexandre Baldy O Governo de Goi\u00e1s realiza, por meio da Ag\u00eancia Goiana de Habita\u00e7\u00e3o (Agehab) e do Goi\u00e1s Social, nesta quarta-feira (25\/03), capacita\u00e7\u00e3o voltada \u00e0 modalidade Ap\u00ea a Custo Zero do Programa Pra Ter Onde Morar para [&hellip;]<\/p>\n","protected":false},"author":159,"featured_media":30267,"comment_status":"closed","ping_status":"open","sticky":false,"template":"","format":"standard","meta":{"footnotes":""},"categories":[3],"tags":[],"class_list":["post-30263","post","type-post","status-publish","format-standard","has-post-thumbnail","hentry","category-noticias"],"rttpg_featured_image_url":{"full":["https:\/\/goias.gov.br\/agehab\/wp-content\/uploads\/sites\/18\/2026\/03\/foto-Edgard-Soares_2550-2.jpg",5472,3648,false],"landscape":["https:\/\/goias.gov.br\/agehab\/wp-content\/uploads\/sites\/18\/2026\/03\/foto-Edgard-Soares_2550-2.jpg",5472,3648,false],"portraits":["https:\/\/goias.gov.br\/agehab\/wp-content\/uploads\/sites\/18\/2026\/03\/foto-Edgard-Soares_2550-2.jpg",5472,3648,false],"thumbnail":["https:\/\/goias.gov.br\/agehab\/wp-content\/uploads\/sites\/18\/2026\/03\/foto-Edgard-Soares_2550-2-150x150.jpg",150,150,true],"medium":["https:\/\/goias.gov.br\/agehab\/wp-content\/uploads\/sites\/18\/2026\/03\/foto-Edgard-Soares_2550-2-300x200.jpg",300,200,true],"large":["https:\/\/goias.gov.br\/agehab\/wp-content\/uploads\/sites\/18\/2026\/03\/foto-Edgard-Soares_2550-2-1024x683.jpg",1024,683,true],"1536x1536":["https:\/\/goias.gov.br\/agehab\/wp-content\/uploads\/sites\/18\/2026\/03\/foto-Edgard-Soares_2550-2-1536x1024.jpg",1536,1024,true],"2048x2048":["https:\/\/goias.gov.br\/agehab\/wp-content\/uploads\/sites\/18\/2026\/03\/foto-Edgard-Soares_2550-2-2048x1365.jpg",2048,1365,true]},"rttpg_author":{"display_name":"marciasouza","author_link":"https:\/\/goias.gov.br\/agehab\/author\/marciasouza\/"},"rttpg_comment":0,"rttpg_category":"<a href=\"https:\/\/goias.gov.br\/agehab\/category\/institucional\/noticias\/\" rel=\"category tag\">Not\u00edcias<\/a>","rttpg_excerpt":"\u201cCom o treinamento, a equipe da Prefeitura estar\u00e1 apta a inserir no sistema a documenta\u00e7\u00e3o das fam\u00edlias\u201d, destaca Alexandre Baldy O Governo de Goi\u00e1s realiza, por meio da Ag\u00eancia Goiana de Habita\u00e7\u00e3o (Agehab) e do Goi\u00e1s Social, nesta quarta-feira (25\/03), capacita\u00e7\u00e3o voltada \u00e0 modalidade Ap\u00ea a Custo Zero do Programa Pra Ter Onde Morar para&hellip;","_links":{"self":[{"href":"https:\/\/goias.gov.br\/agehab\/wp-json\/wp\/v2\/posts\/30263","targetHints":{"allow":["GET"]}}],"collection":[{"href":"https:\/\/goias.gov.br\/agehab\/wp-json\/wp\/v2\/posts"}],"about":[{"href":"https:\/\/goias.gov.br\/agehab\/wp-json\/wp\/v2\/types\/post"}],"author":[{"embeddable":true,"href":"https:\/\/goias.gov.br\/agehab\/wp-json\/wp\/v2\/users\/159"}],"replies":[{"embeddable":true,"href":"https:\/\/goias.gov.br\/agehab\/wp-json\/wp\/v2\/comments?post=30263"}],"version-history":[{"count":2,"href":"https:\/\/goias.gov.br\/agehab\/wp-json\/wp\/v2\/posts\/30263\/revisions"}],"predecessor-version":[{"id":30269,"href":"https:\/\/goias.gov.br\/agehab\/wp-json\/wp\/v2\/posts\/30263\/revisions\/30269"}],"wp:featuredmedia":[{"embeddable":true,"href":"https:\/\/goias.gov.br\/agehab\/wp-json\/wp\/v2\/media\/30267"}],"wp:attachment":[{"href":"https:\/\/goias.gov.br\/agehab\/wp-json\/wp\/v2\/media?parent=30263"}],"wp:term":[{"taxonomy":"category","embeddable":true,"href":"https:\/\/goias.gov.br\/agehab\/wp-json\/wp\/v2\/categories?post=30263"},{"taxonomy":"post_tag","embeddable":true,"href":"https:\/\/goias.gov.br\/agehab\/wp-json\/wp\/v2\/tags?post=30263"}],"curies":[{"name":"wp","href":"https:\/\/api.w.org\/{rel}","templated":true}]}}