
{"id":30148,"date":"2026-03-13T10:45:30","date_gmt":"2026-03-13T13:45:30","guid":{"rendered":"https:\/\/goias.gov.br\/agehab\/?p=30148"},"modified":"2026-03-13T15:05:39","modified_gmt":"2026-03-13T18:05:39","slug":"agehab-comeca-a-semana-com-entregas-do-aluguel-social-e-escrituras-em-rio-verde-e-morrinhos","status":"publish","type":"post","link":"https:\/\/goias.gov.br\/agehab\/agehab-comeca-a-semana-com-entregas-do-aluguel-social-e-escrituras-em-rio-verde-e-morrinhos\/","title":{"rendered":"Agehab come\u00e7a a semana com entrega de Aluguel Social em Morrinhos"},"content":{"rendered":"\n<figure class=\"wp-block-image size-large\"><img fetchpriority=\"high\" decoding=\"async\" width=\"1024\" height=\"683\" src=\"https:\/\/goias.gov.br\/agehab\/wp-content\/uploads\/sites\/18\/2026\/03\/55104474373_261dcdf3ed_o-1024x683.jpg\" alt=\"\" class=\"wp-image-30149\" srcset=\"https:\/\/goias.gov.br\/agehab\/wp-content\/uploads\/sites\/18\/2026\/03\/55104474373_261dcdf3ed_o-1024x683.jpg 1024w, https:\/\/goias.gov.br\/agehab\/wp-content\/uploads\/sites\/18\/2026\/03\/55104474373_261dcdf3ed_o-300x200.jpg 300w, https:\/\/goias.gov.br\/agehab\/wp-content\/uploads\/sites\/18\/2026\/03\/55104474373_261dcdf3ed_o-768x512.jpg 768w, https:\/\/goias.gov.br\/agehab\/wp-content\/uploads\/sites\/18\/2026\/03\/55104474373_261dcdf3ed_o-1536x1024.jpg 1536w, https:\/\/goias.gov.br\/agehab\/wp-content\/uploads\/sites\/18\/2026\/03\/55104474373_261dcdf3ed_o-2048x1365.jpg 2048w\" sizes=\"(max-width: 1024px) 100vw, 1024px\" \/><\/figure>\n\n\n\n<p><em>A\u00e7\u00f5es do programa Pra Ter Onde Morar contemplam 119 fam\u00edlias com aux\u00edlio para loca\u00e7\u00e3o de im\u00f3veis nesta segunda-feira<\/em> (16\/03)<\/p>\n\n\n\n<p>O Governo de Goi\u00e1s, por meio do Goi\u00e1s Social e da Ag\u00eancia Goiana de Habita\u00e7\u00e3o (Agehab), realiza nesta segunda-feira (16\/03) entrega de benef\u00edcios do programa Pra Ter Onde Morar &#8211; Aluguel Social em Morrinhos. Ser\u00e3o beneficiadas 119 fam\u00edlias com os cart\u00f5es que subsidiam a loca\u00e7\u00e3o de im\u00f3veis, \u00e0s 15h.<\/p>\n\n\n\n<p>De acordo com a coordenadora do Goi\u00e1s Social, primeira-dama Gracinha Caiado, o papel do Estado \u00e9 apoiar as pessoas que mais precisam com pol\u00edticas p\u00fablicas eficientes. \u201cAs despesas com o aluguel consomem grande parte da renda das fam\u00edlias. Com essa ajuda, elas podem abrir espa\u00e7o para realizar outros sonhos\u201d, declara Gracinha.<\/p>\n\n\n\n<p>O presidente da Agehab, Alexandre Baldy, frisa que o benef\u00edcio de R$ 350, pago por 18 meses, \u00e9 destinado \u00e0s fam\u00edlias em vulnerabilidade social, e deve ser utilizado exclusivamente para a despesa com o aluguel. \u201cO Aluguel Social \u00e9 uma pol\u00edtica habitacional de grande import\u00e2ncia porque reduz o impacto desse gasto no or\u00e7amento dom\u00e9stico. O valor deve ser repassado diretamente do locat\u00e1rio para o locador, via aplicativo banc\u00e1rio\u201d, observa Baldy.<\/p>\n\n\n\n<p>Sobre a regulariza\u00e7\u00e3o de im\u00f3veis, o presidente da Ag\u00eancia ressalta a import\u00e2ncia da gratuidade do documento. \u201cO processo de escritura\u00e7\u00e3o \u00e9 complexo e caro, envolvendo muitas etapas e custos legais. Mas a Agehab toma conta de tudo, o que nos permite entregar o documento sem custo nenhum \u00e0s fam\u00edlias propriet\u00e1rias\u201d, comemora Alexandre Baldy.<\/p>\n\n\n\n<p><em>Fotos: Edgard Soares e Octac\u00edlio Queiroz<\/em><\/p>\n\n\n\n<p><strong>SERVI\u00c7O<\/strong><\/p>\n\n\n\n<p><strong>Agenda: Entrega de 119 cart\u00f5es Aluguel Social em Morrinhos<\/strong><\/p>\n\n\n\n<p>Data: 16 de mar\u00e7o, segunda-feira<\/p>\n\n\n\n<p>Hor\u00e1rio: 15h<\/p>\n\n\n\n<p>Local: Col\u00e9gio Estadual da Pol\u00edcia Militar de Goi\u00e1s Xavier de Almeida<\/p>\n\n\n\n<p>Endere\u00e7o: Av. Professor Jos\u00e9 do Nascimento, Qd. 136, Lt. 16, s\/n. &#8211; Setor Oeste &#8211; Morrinhos &#8211; GO<\/p>\n\n\n\n<p><strong>Ag\u00eancia Goiana de Habita\u00e7\u00e3o \u2013 Governo de Goi\u00e1s<\/strong><\/p>\n","protected":false},"excerpt":{"rendered":"<p>A\u00e7\u00f5es do programa Pra Ter Onde Morar contemplam 119 fam\u00edlias com aux\u00edlio para loca\u00e7\u00e3o de im\u00f3veis nesta segunda-feira (16\/03) O Governo de Goi\u00e1s, por meio do Goi\u00e1s Social e da Ag\u00eancia Goiana de Habita\u00e7\u00e3o (Agehab), realiza nesta segunda-feira (16\/03) entrega de benef\u00edcios do programa Pra Ter Onde Morar &#8211; Aluguel Social em Morrinhos. Ser\u00e3o beneficiadas [&hellip;]<\/p>\n","protected":false},"author":159,"featured_media":30151,"comment_status":"closed","ping_status":"open","sticky":false,"template":"","format":"standard","meta":{"footnotes":""},"categories":[3],"tags":[],"class_list":["post-30148","post","type-post","status-publish","format-standard","has-post-thumbnail","hentry","category-noticias"],"rttpg_featured_image_url":{"full":["https:\/\/goias.gov.br\/agehab\/wp-content\/uploads\/sites\/18\/2026\/03\/55092274441_be353b3cb1_o-1.jpg",3936,2624,false],"landscape":["https:\/\/goias.gov.br\/agehab\/wp-content\/uploads\/sites\/18\/2026\/03\/55092274441_be353b3cb1_o-1.jpg",3936,2624,false],"portraits":["https:\/\/goias.gov.br\/agehab\/wp-content\/uploads\/sites\/18\/2026\/03\/55092274441_be353b3cb1_o-1.jpg",3936,2624,false],"thumbnail":["https:\/\/goias.gov.br\/agehab\/wp-content\/uploads\/sites\/18\/2026\/03\/55092274441_be353b3cb1_o-1-150x150.jpg",150,150,true],"medium":["https:\/\/goias.gov.br\/agehab\/wp-content\/uploads\/sites\/18\/2026\/03\/55092274441_be353b3cb1_o-1-300x200.jpg",300,200,true],"large":["https:\/\/goias.gov.br\/agehab\/wp-content\/uploads\/sites\/18\/2026\/03\/55092274441_be353b3cb1_o-1-1024x683.jpg",1024,683,true],"1536x1536":["https:\/\/goias.gov.br\/agehab\/wp-content\/uploads\/sites\/18\/2026\/03\/55092274441_be353b3cb1_o-1-1536x1024.jpg",1536,1024,true],"2048x2048":["https:\/\/goias.gov.br\/agehab\/wp-content\/uploads\/sites\/18\/2026\/03\/55092274441_be353b3cb1_o-1-2048x1365.jpg",2048,1365,true]},"rttpg_author":{"display_name":"marciasouza","author_link":"https:\/\/goias.gov.br\/agehab\/author\/marciasouza\/"},"rttpg_comment":0,"rttpg_category":"<a href=\"https:\/\/goias.gov.br\/agehab\/category\/institucional\/noticias\/\" rel=\"category tag\">Not\u00edcias<\/a>","rttpg_excerpt":"A\u00e7\u00f5es do programa Pra Ter Onde Morar contemplam 119 fam\u00edlias com aux\u00edlio para loca\u00e7\u00e3o de im\u00f3veis nesta segunda-feira (16\/03) O Governo de Goi\u00e1s, por meio do Goi\u00e1s Social e da Ag\u00eancia Goiana de Habita\u00e7\u00e3o (Agehab), realiza nesta segunda-feira (16\/03) entrega de benef\u00edcios do programa Pra Ter Onde Morar &#8211; Aluguel Social em Morrinhos. Ser\u00e3o beneficiadas&hellip;","_links":{"self":[{"href":"https:\/\/goias.gov.br\/agehab\/wp-json\/wp\/v2\/posts\/30148","targetHints":{"allow":["GET"]}}],"collection":[{"href":"https:\/\/goias.gov.br\/agehab\/wp-json\/wp\/v2\/posts"}],"about":[{"href":"https:\/\/goias.gov.br\/agehab\/wp-json\/wp\/v2\/types\/post"}],"author":[{"embeddable":true,"href":"https:\/\/goias.gov.br\/agehab\/wp-json\/wp\/v2\/users\/159"}],"replies":[{"embeddable":true,"href":"https:\/\/goias.gov.br\/agehab\/wp-json\/wp\/v2\/comments?post=30148"}],"version-history":[{"count":2,"href":"https:\/\/goias.gov.br\/agehab\/wp-json\/wp\/v2\/posts\/30148\/revisions"}],"predecessor-version":[{"id":30161,"href":"https:\/\/goias.gov.br\/agehab\/wp-json\/wp\/v2\/posts\/30148\/revisions\/30161"}],"wp:featuredmedia":[{"embeddable":true,"href":"https:\/\/goias.gov.br\/agehab\/wp-json\/wp\/v2\/media\/30151"}],"wp:attachment":[{"href":"https:\/\/goias.gov.br\/agehab\/wp-json\/wp\/v2\/media?parent=30148"}],"wp:term":[{"taxonomy":"category","embeddable":true,"href":"https:\/\/goias.gov.br\/agehab\/wp-json\/wp\/v2\/categories?post=30148"},{"taxonomy":"post_tag","embeddable":true,"href":"https:\/\/goias.gov.br\/agehab\/wp-json\/wp\/v2\/tags?post=30148"}],"curies":[{"name":"wp","href":"https:\/\/api.w.org\/{rel}","templated":true}]}}