
{"id":30065,"date":"2026-03-06T12:02:12","date_gmt":"2026-03-06T15:02:12","guid":{"rendered":"https:\/\/goias.gov.br\/agehab\/?p=30065"},"modified":"2026-03-06T12:02:12","modified_gmt":"2026-03-06T15:02:12","slug":"agehab-convoca-mulheres-vitimas-de-violencia-domestica-para-receber-aluguel-social","status":"publish","type":"post","link":"https:\/\/goias.gov.br\/agehab\/agehab-convoca-mulheres-vitimas-de-violencia-domestica-para-receber-aluguel-social\/","title":{"rendered":"Agehab convoca mulheres v\u00edtimas de viol\u00eancia dom\u00e9stica para receber Aluguel Social"},"content":{"rendered":"\n<figure class=\"wp-block-gallery has-nested-images columns-default is-cropped wp-block-gallery-1 is-layout-flex wp-block-gallery-is-layout-flex\">\n<figure class=\"wp-block-image size-large\"><img fetchpriority=\"high\" decoding=\"async\" width=\"1024\" height=\"683\" data-id=\"30066\" src=\"https:\/\/goias.gov.br\/agehab\/wp-content\/uploads\/sites\/18\/2026\/03\/54906046083_d22cd67e6b_o-2-1024x683.jpg\" alt=\"\" class=\"wp-image-30066\" srcset=\"https:\/\/goias.gov.br\/agehab\/wp-content\/uploads\/sites\/18\/2026\/03\/54906046083_d22cd67e6b_o-2-1024x683.jpg 1024w, https:\/\/goias.gov.br\/agehab\/wp-content\/uploads\/sites\/18\/2026\/03\/54906046083_d22cd67e6b_o-2-300x200.jpg 300w, https:\/\/goias.gov.br\/agehab\/wp-content\/uploads\/sites\/18\/2026\/03\/54906046083_d22cd67e6b_o-2-768x512.jpg 768w, https:\/\/goias.gov.br\/agehab\/wp-content\/uploads\/sites\/18\/2026\/03\/54906046083_d22cd67e6b_o-2-1536x1024.jpg 1536w, https:\/\/goias.gov.br\/agehab\/wp-content\/uploads\/sites\/18\/2026\/03\/54906046083_d22cd67e6b_o-2-2048x1365.jpg 2048w\" sizes=\"(max-width: 1024px) 100vw, 1024px\" \/><\/figure>\n<\/figure>\n\n\n\n<p><em>Lista com 60 benefici\u00e1rias habilitadas est\u00e1 dispon\u00edvel e prazo para formalizar ades\u00e3o ao programa e receber o cart\u00e3o \u00e9 de 10 dias<\/em><\/p>\n\n\n\n<p>O Governo de Goi\u00e1s, por meio do Goi\u00e1s Social, da Ag\u00eancia Goiana de Habita\u00e7\u00e3o (Agehab) e da Secretaria de Estado da Infraestrutura (Seinfra), publicou uma nova lista composta por 60 candidatas, residentes em 30 cidades goianas, habilitadas junto ao programa Para Ter Onde Morar \u2013 Aluguel Social, por meio de edital destinado exclusivamente a mulheres em situa\u00e7\u00e3o de viol\u00eancia dom\u00e9stica. A lista de benefici\u00e1rias est\u00e1 dispon\u00edvel no site goias.gov.br\/agehab.<\/p>\n\n\n\n<p>De acordo com a coordenadora do Goi\u00e1s Social e primeira-dama, Gracinha Caiado, a a\u00e7\u00e3o demonstra a sensibilidade do Governo de Goi\u00e1s ao facilitar o acesso do benef\u00edcio a mulheres nestas situa\u00e7\u00f5es. \u201cEm aten\u00e7\u00e3o a essas vulnerabilidades sociais, o governo dispensou essas mulheres da obriga\u00e7\u00e3o de estarem domiciliadas no munic\u00edpio ou possu\u00edrem v\u00ednculo com a cidade, conforme regras dos programas habitacionais goianos. A inten\u00e7\u00e3o \u00e9 garantir mobilidade e seguran\u00e7a para que elas possam optar por se distanciar fisicamente de seus agressores\u201d, destaca Gracinha.<\/p>\n\n\n\n<p>O presidente da Agehab, Alexandre Baldy, lembra que as benefici\u00e1rias devem preencher a declara\u00e7\u00e3o de aceita\u00e7\u00e3o do programa e anex\u00e1-la no site ou no aplicativo Aluguel Social. \u201cO modelo da declara\u00e7\u00e3o est\u00e1 dispon\u00edvel no site da Agehab e a candidata habilitada tem de realizar o procedimento para garantir o benef\u00edcio\u201d, explica Baldy. Ele argumenta ainda que, por se tratar de mulheres em situa\u00e7\u00e3o de viol\u00eancia, a seguran\u00e7a \u00e9 prioridade. \u201cAs benefici\u00e1rias recebem um atendimento personalizado e sigiloso\u201d, conclui.<\/p>\n\n\n\n<p>O tiular da Seinfra, Adib Elias, ressalta que a habita\u00e7\u00e3o \u00e9 um importante instrumento de combate \u00e0 viol\u00eancia dom\u00e9stica. \u201cEsta \u00e9 mais uma a\u00e7\u00e3o do Governo de Goi\u00e1s para prote\u00e7\u00e3o da mulher e de sua fam\u00edlia\u201d, explica o secret\u00e1rio. O Aluguel Social \u00e9 um benef\u00edcio de R$ 350 concedido por at\u00e9 18 meses e pode ser uma sa\u00edda para a v\u00edtima deixar a depend\u00eancia econ\u00f4mica do agressor.<\/p>\n\n\n\n<p>Fotos: Edgard Soares e Octac\u00edlio Queiroz<\/p>\n\n\n\n<p>Legenda: Agehab convoca 60 mulheres em situa\u00e7\u00e3o de viol\u00eancia dom\u00e9stica em programa de Aluguel Social<\/p>\n\n\n\n<p>Ag\u00eancia Goiana de Habita\u00e7\u00e3o e Secretaria de Estado da Infraestrutura \u2013 Governo de Goi\u00e1s<\/p>\n","protected":false},"excerpt":{"rendered":"<p>Lista com 60 benefici\u00e1rias habilitadas est\u00e1 dispon\u00edvel e prazo para formalizar ades\u00e3o ao programa e receber o cart\u00e3o \u00e9 de 10 dias O Governo de Goi\u00e1s, por meio do Goi\u00e1s Social, da Ag\u00eancia Goiana de Habita\u00e7\u00e3o (Agehab) e da Secretaria de Estado da Infraestrutura (Seinfra), publicou uma nova lista composta por 60 candidatas, residentes em [&hellip;]<\/p>\n","protected":false},"author":159,"featured_media":30066,"comment_status":"closed","ping_status":"open","sticky":false,"template":"","format":"standard","meta":{"footnotes":""},"categories":[3],"tags":[],"class_list":["post-30065","post","type-post","status-publish","format-standard","has-post-thumbnail","hentry","category-noticias"],"rttpg_featured_image_url":{"full":["https:\/\/goias.gov.br\/agehab\/wp-content\/uploads\/sites\/18\/2026\/03\/54906046083_d22cd67e6b_o-2.jpg",6000,4000,false],"landscape":["https:\/\/goias.gov.br\/agehab\/wp-content\/uploads\/sites\/18\/2026\/03\/54906046083_d22cd67e6b_o-2.jpg",6000,4000,false],"portraits":["https:\/\/goias.gov.br\/agehab\/wp-content\/uploads\/sites\/18\/2026\/03\/54906046083_d22cd67e6b_o-2.jpg",6000,4000,false],"thumbnail":["https:\/\/goias.gov.br\/agehab\/wp-content\/uploads\/sites\/18\/2026\/03\/54906046083_d22cd67e6b_o-2-150x150.jpg",150,150,true],"medium":["https:\/\/goias.gov.br\/agehab\/wp-content\/uploads\/sites\/18\/2026\/03\/54906046083_d22cd67e6b_o-2-300x200.jpg",300,200,true],"large":["https:\/\/goias.gov.br\/agehab\/wp-content\/uploads\/sites\/18\/2026\/03\/54906046083_d22cd67e6b_o-2-1024x683.jpg",1024,683,true],"1536x1536":["https:\/\/goias.gov.br\/agehab\/wp-content\/uploads\/sites\/18\/2026\/03\/54906046083_d22cd67e6b_o-2-1536x1024.jpg",1536,1024,true],"2048x2048":["https:\/\/goias.gov.br\/agehab\/wp-content\/uploads\/sites\/18\/2026\/03\/54906046083_d22cd67e6b_o-2-2048x1365.jpg",2048,1365,true]},"rttpg_author":{"display_name":"marciasouza","author_link":"https:\/\/goias.gov.br\/agehab\/author\/marciasouza\/"},"rttpg_comment":0,"rttpg_category":"<a href=\"https:\/\/goias.gov.br\/agehab\/category\/institucional\/noticias\/\" rel=\"category tag\">Not\u00edcias<\/a>","rttpg_excerpt":"Lista com 60 benefici\u00e1rias habilitadas est\u00e1 dispon\u00edvel e prazo para formalizar ades\u00e3o ao programa e receber o cart\u00e3o \u00e9 de 10 dias O Governo de Goi\u00e1s, por meio do Goi\u00e1s Social, da Ag\u00eancia Goiana de Habita\u00e7\u00e3o (Agehab) e da Secretaria de Estado da Infraestrutura (Seinfra), publicou uma nova lista composta por 60 candidatas, residentes em&hellip;","_links":{"self":[{"href":"https:\/\/goias.gov.br\/agehab\/wp-json\/wp\/v2\/posts\/30065","targetHints":{"allow":["GET"]}}],"collection":[{"href":"https:\/\/goias.gov.br\/agehab\/wp-json\/wp\/v2\/posts"}],"about":[{"href":"https:\/\/goias.gov.br\/agehab\/wp-json\/wp\/v2\/types\/post"}],"author":[{"embeddable":true,"href":"https:\/\/goias.gov.br\/agehab\/wp-json\/wp\/v2\/users\/159"}],"replies":[{"embeddable":true,"href":"https:\/\/goias.gov.br\/agehab\/wp-json\/wp\/v2\/comments?post=30065"}],"version-history":[{"count":1,"href":"https:\/\/goias.gov.br\/agehab\/wp-json\/wp\/v2\/posts\/30065\/revisions"}],"predecessor-version":[{"id":30067,"href":"https:\/\/goias.gov.br\/agehab\/wp-json\/wp\/v2\/posts\/30065\/revisions\/30067"}],"wp:featuredmedia":[{"embeddable":true,"href":"https:\/\/goias.gov.br\/agehab\/wp-json\/wp\/v2\/media\/30066"}],"wp:attachment":[{"href":"https:\/\/goias.gov.br\/agehab\/wp-json\/wp\/v2\/media?parent=30065"}],"wp:term":[{"taxonomy":"category","embeddable":true,"href":"https:\/\/goias.gov.br\/agehab\/wp-json\/wp\/v2\/categories?post=30065"},{"taxonomy":"post_tag","embeddable":true,"href":"https:\/\/goias.gov.br\/agehab\/wp-json\/wp\/v2\/tags?post=30065"}],"curies":[{"name":"wp","href":"https:\/\/api.w.org\/{rel}","templated":true}]}}