
{"id":29917,"date":"2026-02-26T17:11:18","date_gmt":"2026-02-26T20:11:18","guid":{"rendered":"https:\/\/goias.gov.br\/agehab\/?p=29917"},"modified":"2026-02-26T17:11:18","modified_gmt":"2026-02-26T20:11:18","slug":"agehab-e-premiada-com-ouro-em-monitoramento-de-projetos-pela-sgg","status":"publish","type":"post","link":"https:\/\/goias.gov.br\/agehab\/agehab-e-premiada-com-ouro-em-monitoramento-de-projetos-pela-sgg\/","title":{"rendered":"Agehab \u00e9 premiada com ouro em monitoramento de projetos pela SGG"},"content":{"rendered":"\n<figure class=\"wp-block-image size-large\"><img fetchpriority=\"high\" decoding=\"async\" width=\"1024\" height=\"683\" src=\"https:\/\/goias.gov.br\/agehab\/wp-content\/uploads\/sites\/18\/2026\/02\/WhatsApp-Image-2026-02-26-at-15.41.37-1024x683.jpeg\" alt=\"\" class=\"wp-image-29918\" srcset=\"https:\/\/goias.gov.br\/agehab\/wp-content\/uploads\/sites\/18\/2026\/02\/WhatsApp-Image-2026-02-26-at-15.41.37-1024x683.jpeg 1024w, https:\/\/goias.gov.br\/agehab\/wp-content\/uploads\/sites\/18\/2026\/02\/WhatsApp-Image-2026-02-26-at-15.41.37-300x200.jpeg 300w, https:\/\/goias.gov.br\/agehab\/wp-content\/uploads\/sites\/18\/2026\/02\/WhatsApp-Image-2026-02-26-at-15.41.37-768x512.jpeg 768w, https:\/\/goias.gov.br\/agehab\/wp-content\/uploads\/sites\/18\/2026\/02\/WhatsApp-Image-2026-02-26-at-15.41.37.jpeg 1280w\" sizes=\"(max-width: 1024px) 100vw, 1024px\" \/><\/figure>\n\n\n\n<p>A Ag\u00eancia Goiana de Habita\u00e7\u00e3o (Agehab) foi premiada nesta quinta-feira (26\/02) na 2\u00aa Edi\u00e7\u00e3o do Pr\u00eamio Governan\u00e7a e Monitoramento de Projetos: Excel\u00eancia em Gest\u00e3o P\u00fablica. A Ag\u00eancia foi agraciada com ouro em monitoramento de projetos. Receberam o pr\u00eamio a secret\u00e1ria Executiva de Gest\u00e3o Estrat\u00e9gica, Gilsa Eva de Souza, e o coordenador de monitoramento de desempenho da Agehab, Mikael Amaral. Prestigiou a solenidade de premia\u00e7\u00e3o, realizada no Audit\u00f3rio Mauro Borges, toda a equipe do N\u00facleo de Planejamento.<\/p>\n\n\n\n<p>Promovido pela Secretaria-Geral de Governo (SGG), o evento valoriza a\u00e7\u00f5es de excel\u00eancia na gest\u00e3o p\u00fablica, apresenta melhorias nas ferramentas de gest\u00e3o e planejamento estrat\u00e9gico e incentiva a troca de experi\u00eancias entre profissionais da \u00e1rea. Na ocasi\u00e3o, tamb\u00e9m foi lan\u00e7ado o GoMap 3.0. Para Gilsa Eva, planejar \u00e9 cuidar das pessoas com responsabilidade. \u201cA gest\u00e3o de projetos \u00e9 uma ferramenta com a\u00e7\u00e3o transformadora na vida das pessoas. Na habita\u00e7\u00e3o, \u00e9 poss\u00edvel mensurar o impacto do nosso trabalho na sociedade\u201d, revela Gilsa.<\/p>\n\n\n\n<p>O presidente da Agehab, Alexandre Baldy, destaca a import\u00e2ncia do reconhecimento. \u201cEsse pr\u00eamio refor\u00e7a o compromisso da Agehab com a excel\u00eancia na gest\u00e3o e demonstra que efici\u00eancia em planejamento e monitoramento resultam em pol\u00edticas p\u00fablicas eficazes, com benef\u00edcios concretos para a popula\u00e7\u00e3o\u201d, afirma.<\/p>\n\n\n\n<p><strong>Ag\u00eancia Goiana de Habita\u00e7\u00e3o (Agehab) \u2013 Governo de Goi\u00e1s<\/strong><\/p>\n","protected":false},"excerpt":{"rendered":"<p>A Ag\u00eancia Goiana de Habita\u00e7\u00e3o (Agehab) foi premiada nesta quinta-feira (26\/02) na 2\u00aa Edi\u00e7\u00e3o do Pr\u00eamio Governan\u00e7a e Monitoramento de Projetos: Excel\u00eancia em Gest\u00e3o P\u00fablica. A Ag\u00eancia foi agraciada com ouro em monitoramento de projetos. Receberam o pr\u00eamio a secret\u00e1ria Executiva de Gest\u00e3o Estrat\u00e9gica, Gilsa Eva de Souza, e o coordenador de monitoramento de desempenho [&hellip;]<\/p>\n","protected":false},"author":105,"featured_media":29918,"comment_status":"closed","ping_status":"open","sticky":false,"template":"","format":"standard","meta":{"footnotes":""},"categories":[3],"tags":[],"class_list":["post-29917","post","type-post","status-publish","format-standard","has-post-thumbnail","hentry","category-noticias"],"rttpg_featured_image_url":{"full":["https:\/\/goias.gov.br\/agehab\/wp-content\/uploads\/sites\/18\/2026\/02\/WhatsApp-Image-2026-02-26-at-15.41.37.jpeg",1280,854,false],"landscape":["https:\/\/goias.gov.br\/agehab\/wp-content\/uploads\/sites\/18\/2026\/02\/WhatsApp-Image-2026-02-26-at-15.41.37.jpeg",1280,854,false],"portraits":["https:\/\/goias.gov.br\/agehab\/wp-content\/uploads\/sites\/18\/2026\/02\/WhatsApp-Image-2026-02-26-at-15.41.37.jpeg",1280,854,false],"thumbnail":["https:\/\/goias.gov.br\/agehab\/wp-content\/uploads\/sites\/18\/2026\/02\/WhatsApp-Image-2026-02-26-at-15.41.37-150x150.jpeg",150,150,true],"medium":["https:\/\/goias.gov.br\/agehab\/wp-content\/uploads\/sites\/18\/2026\/02\/WhatsApp-Image-2026-02-26-at-15.41.37-300x200.jpeg",300,200,true],"large":["https:\/\/goias.gov.br\/agehab\/wp-content\/uploads\/sites\/18\/2026\/02\/WhatsApp-Image-2026-02-26-at-15.41.37-1024x683.jpeg",1024,683,true],"1536x1536":["https:\/\/goias.gov.br\/agehab\/wp-content\/uploads\/sites\/18\/2026\/02\/WhatsApp-Image-2026-02-26-at-15.41.37.jpeg",1280,854,false],"2048x2048":["https:\/\/goias.gov.br\/agehab\/wp-content\/uploads\/sites\/18\/2026\/02\/WhatsApp-Image-2026-02-26-at-15.41.37.jpeg",1280,854,false]},"rttpg_author":{"display_name":"liliancoelho","author_link":"https:\/\/goias.gov.br\/agehab\/author\/liliancoelho\/"},"rttpg_comment":0,"rttpg_category":"<a href=\"https:\/\/goias.gov.br\/agehab\/category\/institucional\/noticias\/\" rel=\"category tag\">Not\u00edcias<\/a>","rttpg_excerpt":"A Ag\u00eancia Goiana de Habita\u00e7\u00e3o (Agehab) foi premiada nesta quinta-feira (26\/02) na 2\u00aa Edi\u00e7\u00e3o do Pr\u00eamio Governan\u00e7a e Monitoramento de Projetos: Excel\u00eancia em Gest\u00e3o P\u00fablica. A Ag\u00eancia foi agraciada com ouro em monitoramento de projetos. Receberam o pr\u00eamio a secret\u00e1ria Executiva de Gest\u00e3o Estrat\u00e9gica, Gilsa Eva de Souza, e o coordenador de monitoramento de desempenho&hellip;","_links":{"self":[{"href":"https:\/\/goias.gov.br\/agehab\/wp-json\/wp\/v2\/posts\/29917","targetHints":{"allow":["GET"]}}],"collection":[{"href":"https:\/\/goias.gov.br\/agehab\/wp-json\/wp\/v2\/posts"}],"about":[{"href":"https:\/\/goias.gov.br\/agehab\/wp-json\/wp\/v2\/types\/post"}],"author":[{"embeddable":true,"href":"https:\/\/goias.gov.br\/agehab\/wp-json\/wp\/v2\/users\/105"}],"replies":[{"embeddable":true,"href":"https:\/\/goias.gov.br\/agehab\/wp-json\/wp\/v2\/comments?post=29917"}],"version-history":[{"count":1,"href":"https:\/\/goias.gov.br\/agehab\/wp-json\/wp\/v2\/posts\/29917\/revisions"}],"predecessor-version":[{"id":29919,"href":"https:\/\/goias.gov.br\/agehab\/wp-json\/wp\/v2\/posts\/29917\/revisions\/29919"}],"wp:featuredmedia":[{"embeddable":true,"href":"https:\/\/goias.gov.br\/agehab\/wp-json\/wp\/v2\/media\/29918"}],"wp:attachment":[{"href":"https:\/\/goias.gov.br\/agehab\/wp-json\/wp\/v2\/media?parent=29917"}],"wp:term":[{"taxonomy":"category","embeddable":true,"href":"https:\/\/goias.gov.br\/agehab\/wp-json\/wp\/v2\/categories?post=29917"},{"taxonomy":"post_tag","embeddable":true,"href":"https:\/\/goias.gov.br\/agehab\/wp-json\/wp\/v2\/tags?post=29917"}],"curies":[{"name":"wp","href":"https:\/\/api.w.org\/{rel}","templated":true}]}}