
{"id":28103,"date":"2025-11-17T09:00:00","date_gmt":"2025-11-17T12:00:00","guid":{"rendered":"https:\/\/goias.gov.br\/agehab\/?p=28103"},"modified":"2026-01-22T14:44:23","modified_gmt":"2026-01-22T17:44:23","slug":"chamamento-publico-no-002-2025","status":"publish","type":"post","link":"https:\/\/goias.gov.br\/agehab\/chamamento-publico-no-002-2025\/","title":{"rendered":"Chamamento P\u00fablico n\u00ba 002\/2025"},"content":{"rendered":"<p style=\"text-align: center\"><strong>CHAMAMENTO P\u00daBLICO PARA SELE\u00c7\u00c3O DE MUNIC\u00cdPIOS N\u00ba 002\/2025<\/strong><\/p>\n<p style=\"text-align: center\"><strong>PROCESSO N\u00ba 202500031007172<\/strong><\/p>\n<p><strong>\u00a0<\/strong><\/p>\n<p style=\"text-align: justify\"><strong>A AG\u00caNCIA GOIANA DE HABITA\u00c7\u00c3O S\/A \u2013 AGEHAB, <\/strong>por interm\u00e9dio de sua Comiss\u00e3o de Sele\u00e7\u00e3o, institu\u00edda pela Portaria n\u00ba 231\/2025, torna p\u00fablico que realizar\u00e1 o Chamamento P\u00fablico para Sele\u00e7\u00e3o de Munic\u00edpios n\u00ba 002\/2025 que visa a <strong>\u201c<\/strong><strong>SELE\u00c7\u00c3O DE MUNIC\u00cdPIOS DO ESTADO DE GOI\u00c1S INTERESSADOS EM PROMOVER A REGULARIZA\u00c7\u00c3O FUNDI\u00c1RIA URBANA, NA MODALIDADE DE INTERESSE SOCIAL (REURB-S), DE \u00c1REAS MUNICIPAIS, NOS TERMOS DA LEI FEDERAL N\u00ba 13.465\/2017, POR MEIO DO PROGRAMA <em>PRA TER ONDE MORAR \u2013 REGULARIZA\u00c7\u00c3O FUNDI\u00c1RIA\u201d<\/em>. <\/strong>A data de recebimento da documenta\u00e7\u00e3o ser\u00e1 a partir do dia <strong>26\/11\/2025<\/strong> atrav\u00e9s do endere\u00e7o <a href=\"mailto:credenciamento_01_2025@agehab.go.gov.br\">conecta.agehab.go.gov.br<\/a>. O Edital de Chamamento P\u00fablico para Sele\u00e7\u00e3o, os respectivos anexos, informa\u00e7\u00f5es e esclarecimentos necess\u00e1rios, estar\u00e3o dispon\u00edveis no sitio <a href=\"http:\/\/www.agehab.go.gov.br\">www.agehab.go.gov.br<\/a>. Maiores informa\u00e7\u00f5es das 08h00min \u00e0s 12h00min e das 14h00min \u00e0s 18h00min na Ger\u00eancia de Gest\u00e3o de Regulariza\u00e7\u00e3o Fundi\u00e1ria e Ger\u00eancia de Projetos Urban\u00edsticos de Regulariza\u00e7\u00e3o, localizadas na Rua 18-A n\u00ba 541, 3\u00ba andar, Setor Aeroporto, Goi\u00e2nia \u2013 Goi\u00e1s, telefone (62) 3096-5059.<\/p>\n<p style=\"text-align: right\">Goi\u00e2nia, 14 de novembro de 2025.<\/p>\n<p>\u00a0<\/p>\n<p style=\"text-align: center\">RICARDO BARBOSA FERNANDES<strong><br \/><\/strong><strong>Presidente da Comiss\u00e3o de Sele\u00e7\u00e3o<\/strong><\/p>\n<p>\u00a0<\/p>\n<p style=\"text-align: center\">ALEXANDRE BALDY DE SANT\u2019ANNA BRAGA<strong><br \/><\/strong><strong style=\"font-size: revert;color: initial\">Presidente da AGEHAB<\/strong><\/p>\n<p>\u00a0<\/p>\n<table style=\"width: 100%\">\n<tbody>\n<tr style=\"height: 23px\">\n<td style=\"height: 23px;background-color: #eeeeee;text-align: center;width: 12.9762%\" width=\"63\"><strong>DATA<\/strong><\/td>\n<td style=\"height: 23px;background-color: #eeeeee;text-align: center;width: 60.3571%\" width=\"442\"><strong>DESCRI\u00c7\u00c3O<\/strong><\/td>\n<td style=\"height: 23px;background-color: #eeeeee;text-align: center;width: 25.8333%\" width=\"187\"><strong>OBSERVA\u00c7\u00c3O \/ DOWNLOAD<\/strong><\/td>\n<\/tr>\n<tr>\n<td style=\"background-color: #ccffcc;text-align: center;width: 12.9762%\">22\/01\/2026<\/td>\n<td style=\"background-color: #ccffcc;width: 60.3571%\">COMUNICADO N\u00ba 001\/2026<\/td>\n<td style=\"background-color: #ccffcc;text-align: center;width: 25.8333%\"><a href=\"https:\/\/goias.gov.br\/agehab\/wp-content\/uploads\/sites\/18\/2025\/11\/SEI_85247342_Comunicado_1.pdf\">Clique aqui para baixar<\/a><\/td>\n<\/tr>\n<tr>\n<td style=\"text-align: center;width: 12.9762%;background-color: #ffffff\">03\/12\/2025<\/td>\n<td style=\"width: 60.3571%;background-color: #ffffff\">COMUNICADO N\u00ba 001\/2025<\/td>\n<td style=\"text-align: center;width: 25.8333%;background-color: #ffffff\"><a href=\"https:\/\/static.agehab.go.gov.br\/cpl\/chamamento.publico\/2025.002\/2025.002.p.012.pdf\" target=\"_blank\" rel=\"noopener\">Clique aqui para baixar<\/a><\/td>\n<\/tr>\n<tr>\n<td style=\"text-align: center;width: 12.9762%;background-color: #ffffff\">17\/11\/2025<\/td>\n<td style=\"width: 60.3571%;background-color: #ffffff\">EDITAL 002.2025<\/td>\n<td style=\"text-align: center;width: 25.8333%;background-color: #ffffff\"><a href=\"https:\/\/static.agehab.go.gov.br\/cpl\/chamamento.publico\/2025.002\/2025.002.p.011.pdf\" target=\"_blank\" rel=\"noopener\">Clique aqui para baixar<\/a><\/td>\n<\/tr>\n<tr>\n<td style=\"text-align: center;width: 12.9762%;background-color: #ffffff\">17\/11\/2025<\/td>\n<td style=\"width: 60.3571%;background-color: #ffffff\">PARECER JURIDICO<\/td>\n<td style=\"text-align: center;width: 25.8333%;background-color: #ffffff\"><a href=\"https:\/\/static.agehab.go.gov.br\/cpl\/chamamento.publico\/2025.002\/2025.002.p.010.pdf\" target=\"_blank\" rel=\"noopener\">Clique aqui para baixar<\/a><\/td>\n<\/tr>\n<tr>\n<td style=\"text-align: center;width: 12.9762%;background-color: #ffffff\">17\/11\/2025<\/td>\n<td style=\"width: 60.3571%;background-color: #ffffff\">ANEXO 07 &#8211; MINUTA PLANO DE TRABALHO REFERENCIAL<\/td>\n<td style=\"text-align: center;width: 25.8333%;background-color: #ffffff\"><a href=\"https:\/\/static.agehab.go.gov.br\/cpl\/chamamento.publico\/2025.002\/2025.002.p.009.pdf\" target=\"_blank\" rel=\"noopener\">Clique aqui para baixar<\/a><\/td>\n<\/tr>\n<tr>\n<td style=\"text-align: center;width: 12.9762%;background-color: #ffffff\">17\/11\/2025<\/td>\n<td style=\"width: 60.3571%;background-color: #ffffff\">ANEXO 06 &#8211; MINUTA TCRF REFERENCIAL<\/td>\n<td style=\"text-align: center;width: 25.8333%;background-color: #ffffff\"><a href=\"https:\/\/static.agehab.go.gov.br\/cpl\/chamamento.publico\/2025.002\/2025.002.p.008.pdf\" target=\"_blank\" rel=\"noopener\">Clique aqui para baixar<\/a><\/td>\n<\/tr>\n<tr>\n<td style=\"text-align: center;width: 12.9762%;background-color: #ffffff\">17\/11\/2025<\/td>\n<td style=\"width: 60.3571%;background-color: #ffffff\">ANEXO 05 &#8211; PORTARUA REURB-S<\/td>\n<td style=\"text-align: center;width: 25.8333%;background-color: #ffffff\"><a href=\"https:\/\/static.agehab.go.gov.br\/cpl\/chamamento.publico\/2025.002\/2025.002.p.007.docx\" target=\"_blank\" rel=\"noopener\">Clique aqui para baixar<\/a><\/td>\n<\/tr>\n<tr>\n<td style=\"text-align: center;width: 12.9762%;background-color: #ffffff\">17\/11\/2025<\/td>\n<td style=\"width: 60.3571%;background-color: #ffffff\">ANEXO 04 &#8211; DECLARA\u00c7AO DE EXISTENCIA DE EQUIPE PARA CADASTRAMENTO<\/td>\n<td style=\"text-align: center;width: 25.8333%;background-color: #ffffff\"><a href=\"https:\/\/static.agehab.go.gov.br\/cpl\/chamamento.publico\/2025.002\/2025.002.p.006.docx\" target=\"_blank\" rel=\"noopener\">Clique aqui para baixar<\/a><\/td>\n<\/tr>\n<tr>\n<td style=\"text-align: center;width: 12.9762%;background-color: #ffffff\">17\/11\/2025<\/td>\n<td style=\"width: 60.3571%;background-color: #ffffff\">ANEXO 03 &#8211; DECLARA\u00c7\u00c3O DE INFRAESTRUTURA ESSENCIAL<\/td>\n<td style=\"text-align: center;width: 25.8333%;background-color: #ffffff\"><a href=\"https:\/\/static.agehab.go.gov.br\/cpl\/chamamento.publico\/2025.002\/2025.002.p.005.docx\" target=\"_blank\" rel=\"noopener\">Clique aqui para baixar<\/a><\/td>\n<\/tr>\n<tr>\n<td style=\"text-align: center;width: 12.9762%;background-color: #ffffff\">17\/11\/2025<\/td>\n<td style=\"width: 60.3571%;background-color: #ffffff\">ANEXO 02 &#8211; FORMULARIO CADASTRAL<\/td>\n<td style=\"text-align: center;width: 25.8333%;background-color: #ffffff\"><a href=\"https:\/\/static.agehab.go.gov.br\/cpl\/chamamento.publico\/2025.002\/2025.002.p.004.docx\" target=\"_blank\" rel=\"noopener\">Clique aqui para baixar<\/a><\/td>\n<\/tr>\n<tr>\n<td style=\"text-align: center;width: 12.9762%;background-color: #ffffff\">17\/11\/2025<\/td>\n<td style=\"width: 60.3571%;background-color: #ffffff\">ANEXO 01 &#8211; MANIFESTA\u00c7\u00c3O DE INTERESSE<\/td>\n<td style=\"text-align: center;width: 25.8333%;background-color: #ffffff\"><a href=\"https:\/\/static.agehab.go.gov.br\/cpl\/chamamento.publico\/2025.002\/2025.002.p.003.docx\" target=\"_blank\" rel=\"noopener\">Clique aqui para baixar<\/a><\/td>\n<\/tr>\n<tr>\n<td style=\"text-align: center;width: 12.9762%;background-color: #ffffff\">17\/11\/2025<\/td>\n<td style=\"width: 60.3571%;background-color: #ffffff\">TERMO DE REFERENCIA<\/td>\n<td style=\"text-align: center;width: 25.8333%;background-color: #ffffff\"><a href=\"https:\/\/static.agehab.go.gov.br\/cpl\/chamamento.publico\/2025.002\/2025.002.p.002.pdf\" target=\"_blank\" rel=\"noopener\">Clique aqui para baixar<\/a><\/td>\n<\/tr>\n<tr>\n<td style=\"text-align: center;width: 12.9762%;background-color: #ffffff\">17\/11\/2025<\/td>\n<td style=\"width: 60.3571%;background-color: #ffffff\">ESTUDO TECNICO PRELIMINAR<\/td>\n<td style=\"text-align: center;width: 25.8333%;background-color: #ffffff\"><a href=\"https:\/\/static.agehab.go.gov.br\/cpl\/chamamento.publico\/2025.002\/2025.002.p.001.pdf\" target=\"_blank\" rel=\"noopener\">Clique aqui para baixar<\/a><\/td>\n<\/tr>\n<\/tbody>\n<\/table>\n\n\n<p><\/p>\n","protected":false},"excerpt":{"rendered":"<p>CHAMAMENTO P\u00daBLICO PARA SELE\u00c7\u00c3O DE MUNIC\u00cdPIOS N\u00ba 002\/2025 PROCESSO N\u00ba 202500031007172 \u00a0 A AG\u00caNCIA GOIANA DE HABITA\u00c7\u00c3O S\/A \u2013 AGEHAB, por interm\u00e9dio de sua Comiss\u00e3o de Sele\u00e7\u00e3o, institu\u00edda pela Portaria n\u00ba 231\/2025, torna p\u00fablico que realizar\u00e1 o Chamamento P\u00fablico para Sele\u00e7\u00e3o de Munic\u00edpios n\u00ba 002\/2025 que visa a \u201cSELE\u00c7\u00c3O DE MUNIC\u00cdPIOS DO ESTADO DE GOI\u00c1S [&hellip;]<\/p>\n","protected":false},"author":661,"featured_media":0,"comment_status":"closed","ping_status":"open","sticky":false,"template":"","format":"standard","meta":{"footnotes":""},"categories":[154],"tags":[],"class_list":["post-28103","post","type-post","status-publish","format-standard","hentry","category-chamamentos-publicos-2025"],"rttpg_featured_image_url":null,"rttpg_author":{"display_name":"adilsonjunior","author_link":"https:\/\/goias.gov.br\/agehab\/author\/adilsonjunior\/"},"rttpg_comment":0,"rttpg_category":"<a href=\"https:\/\/goias.gov.br\/agehab\/category\/chamamentos-publicos-2025\/\" rel=\"category tag\">Chamamentos P\u00fablicos 2025<\/a>","rttpg_excerpt":"CHAMAMENTO P\u00daBLICO PARA SELE\u00c7\u00c3O DE MUNIC\u00cdPIOS N\u00ba 002\/2025 PROCESSO N\u00ba 202500031007172 \u00a0 A AG\u00caNCIA GOIANA DE HABITA\u00c7\u00c3O S\/A \u2013 AGEHAB, por interm\u00e9dio de sua Comiss\u00e3o de Sele\u00e7\u00e3o, institu\u00edda pela Portaria n\u00ba 231\/2025, torna p\u00fablico que realizar\u00e1 o Chamamento P\u00fablico para Sele\u00e7\u00e3o de Munic\u00edpios n\u00ba 002\/2025 que visa a \u201cSELE\u00c7\u00c3O DE MUNIC\u00cdPIOS DO ESTADO DE GOI\u00c1S&hellip;","_links":{"self":[{"href":"https:\/\/goias.gov.br\/agehab\/wp-json\/wp\/v2\/posts\/28103","targetHints":{"allow":["GET"]}}],"collection":[{"href":"https:\/\/goias.gov.br\/agehab\/wp-json\/wp\/v2\/posts"}],"about":[{"href":"https:\/\/goias.gov.br\/agehab\/wp-json\/wp\/v2\/types\/post"}],"author":[{"embeddable":true,"href":"https:\/\/goias.gov.br\/agehab\/wp-json\/wp\/v2\/users\/661"}],"replies":[{"embeddable":true,"href":"https:\/\/goias.gov.br\/agehab\/wp-json\/wp\/v2\/comments?post=28103"}],"version-history":[{"count":2,"href":"https:\/\/goias.gov.br\/agehab\/wp-json\/wp\/v2\/posts\/28103\/revisions"}],"predecessor-version":[{"id":29348,"href":"https:\/\/goias.gov.br\/agehab\/wp-json\/wp\/v2\/posts\/28103\/revisions\/29348"}],"wp:attachment":[{"href":"https:\/\/goias.gov.br\/agehab\/wp-json\/wp\/v2\/media?parent=28103"}],"wp:term":[{"taxonomy":"category","embeddable":true,"href":"https:\/\/goias.gov.br\/agehab\/wp-json\/wp\/v2\/categories?post=28103"},{"taxonomy":"post_tag","embeddable":true,"href":"https:\/\/goias.gov.br\/agehab\/wp-json\/wp\/v2\/tags?post=28103"}],"curies":[{"name":"wp","href":"https:\/\/api.w.org\/{rel}","templated":true}]}}