
{"id":26093,"date":"2025-08-20T14:23:59","date_gmt":"2025-08-20T17:23:59","guid":{"rendered":"https:\/\/goias.gov.br\/agehab\/?p=26093"},"modified":"2025-08-20T14:24:00","modified_gmt":"2025-08-20T17:24:00","slug":"curriculo-eder-leandro-rocha","status":"publish","type":"post","link":"https:\/\/goias.gov.br\/agehab\/curriculo-eder-leandro-rocha\/","title":{"rendered":"Curr\u00edculo \u00c9der Leandro Rocha"},"content":{"rendered":"<table style=\"border-collapse: collapse;width: 100%\">\n<tbody>\n<tr>\n<td style=\"width: 50%\">Formado em Engenharia Civil pela universidade Federal de Goi\u00e1s em 2005, \u00c9der iniciou sua trajet\u00f3ria profissional atuando como Engenheiro de Produ\u00e7\u00e3o em obras civis, se destacando na execu\u00e7\u00e3o de escolas e postos de sa\u00fade.<\/p>\n<p>Ap\u00f3s algum tempo de experi\u00eancia como engenheiro, passou a atuar em obras de loteamentos e saneamento, em destaque para obras de adutoras e reservat\u00f3rios elevados de \u00e1gua quanto em obras de esgotamento sanit\u00e1rio, contemplando rede coletora e esta\u00e7\u00f5es de tratamento, onde chegou ao cargo de Gerente Regional das obras do Esp\u00edrito Santo.<\/p>\n<p>Retornando ao Estado de Goi\u00e1s, especializou-se em Gest\u00e3o de Projetos e atuou na execu\u00e7\u00e3o de edif\u00edcios nas cidades de Jata\u00ed, Santa Helena e Itumbiara.<\/p>\n<p>Com a experi\u00eancia adquirida em diversas \u00e1reas da engenharia, passou a atuar na Ag\u00eancia Goiana de Infraestrutura e Transportes (GOINFRA), com \u00eanfase na parte de or\u00e7amenta\u00e7\u00e3o e custos, fazendo parte da Assessoria da Diretoria de Obras Rodovi\u00e1rias, Assessoria da Diretoria de Projetos e tamb\u00e9m atuou como Gerente de Medi\u00e7\u00e3o da Ger\u00eancia de Obras Rodovi\u00e1rias da Ag\u00eancia.<\/p>\n<p>Atualmente atua na Superintend\u00eancia de Custos e Precifica\u00e7\u00e3o na Ag\u00eancia Goiana de Habita\u00e7\u00e3o (AGEHAB).<\/td>\n<td style=\"width: 50%\"><img fetchpriority=\"high\" decoding=\"async\" class=\"alignnone size-full wp-image-26095\" src=\"https:\/\/goias.gov.br\/agehab\/wp-content\/uploads\/sites\/18\/2025\/08\/eder.jpg\" alt=\"\" width=\"728\" height=\"1093\" srcset=\"https:\/\/goias.gov.br\/agehab\/wp-content\/uploads\/sites\/18\/2025\/08\/eder.jpg 728w, https:\/\/goias.gov.br\/agehab\/wp-content\/uploads\/sites\/18\/2025\/08\/eder-200x300.jpg 200w, https:\/\/goias.gov.br\/agehab\/wp-content\/uploads\/sites\/18\/2025\/08\/eder-682x1024.jpg 682w\" sizes=\"(max-width: 728px) 100vw, 728px\" \/><\/td>\n<\/tr>\n<\/tbody>\n<\/table>\n","protected":false},"excerpt":{"rendered":"<p>Formado em Engenharia Civil pela universidade Federal de Goi\u00e1s em 2005, \u00c9der iniciou sua trajet\u00f3ria profissional atuando como Engenheiro de Produ\u00e7\u00e3o em obras civis, se destacando na execu\u00e7\u00e3o de escolas e postos de sa\u00fade. Ap\u00f3s algum tempo de experi\u00eancia como engenheiro, passou a atuar em obras de loteamentos e saneamento, em destaque para obras de [&hellip;]<\/p>\n","protected":false},"author":254,"featured_media":0,"comment_status":"closed","ping_status":"open","sticky":false,"template":"","format":"standard","meta":{"footnotes":""},"categories":[],"tags":[],"class_list":["post-26093","post","type-post","status-publish","format-standard","hentry"],"rttpg_featured_image_url":null,"rttpg_author":{"display_name":"jaquelinegoncalves","author_link":"https:\/\/goias.gov.br\/agehab\/author\/jaquelinegoncalves\/"},"rttpg_comment":0,"rttpg_category":"Sem categoria","rttpg_excerpt":"Formado em Engenharia Civil pela universidade Federal de Goi\u00e1s em 2005, \u00c9der iniciou sua trajet\u00f3ria profissional atuando como Engenheiro de Produ\u00e7\u00e3o em obras civis, se destacando na execu\u00e7\u00e3o de escolas e postos de sa\u00fade. Ap\u00f3s algum tempo de experi\u00eancia como engenheiro, passou a atuar em obras de loteamentos e saneamento, em destaque para obras de&hellip;","_links":{"self":[{"href":"https:\/\/goias.gov.br\/agehab\/wp-json\/wp\/v2\/posts\/26093","targetHints":{"allow":["GET"]}}],"collection":[{"href":"https:\/\/goias.gov.br\/agehab\/wp-json\/wp\/v2\/posts"}],"about":[{"href":"https:\/\/goias.gov.br\/agehab\/wp-json\/wp\/v2\/types\/post"}],"author":[{"embeddable":true,"href":"https:\/\/goias.gov.br\/agehab\/wp-json\/wp\/v2\/users\/254"}],"replies":[{"embeddable":true,"href":"https:\/\/goias.gov.br\/agehab\/wp-json\/wp\/v2\/comments?post=26093"}],"version-history":[{"count":1,"href":"https:\/\/goias.gov.br\/agehab\/wp-json\/wp\/v2\/posts\/26093\/revisions"}],"predecessor-version":[{"id":26096,"href":"https:\/\/goias.gov.br\/agehab\/wp-json\/wp\/v2\/posts\/26093\/revisions\/26096"}],"wp:attachment":[{"href":"https:\/\/goias.gov.br\/agehab\/wp-json\/wp\/v2\/media?parent=26093"}],"wp:term":[{"taxonomy":"category","embeddable":true,"href":"https:\/\/goias.gov.br\/agehab\/wp-json\/wp\/v2\/categories?post=26093"},{"taxonomy":"post_tag","embeddable":true,"href":"https:\/\/goias.gov.br\/agehab\/wp-json\/wp\/v2\/tags?post=26093"}],"curies":[{"name":"wp","href":"https:\/\/api.w.org\/{rel}","templated":true}]}}