
{"id":23873,"date":"2025-05-22T11:18:13","date_gmt":"2025-05-22T14:18:13","guid":{"rendered":"https:\/\/goias.gov.br\/agehab\/?p=23873"},"modified":"2025-05-22T11:24:17","modified_gmt":"2025-05-22T14:24:17","slug":"curriculo-bruno-magalhaes-dabadia","status":"publish","type":"post","link":"https:\/\/goias.gov.br\/agehab\/curriculo-bruno-magalhaes-dabadia\/","title":{"rendered":"Curr\u00edculo Bruno Magalh\u00e3es D&#8217;Abadia"},"content":{"rendered":"<table style=\"border-collapse: collapse;width: 100%\">\n<tbody>\n<tr>\n<td style=\"width: 50%\">Executivo de Regula\u00e7\u00e3o e Rela\u00e7\u00f5es Institucionais, com experi\u00eancia no setor p\u00fablico e no setor privado, no funcionamento dos processos decis\u00f3rios administrativos, regulat\u00f3rios e legislativos. Atua\u00e7\u00e3o intensa em setores regulados da economia, como sa\u00fade suplementar, saneamento, energia, combust\u00edveis e infraestrutura em geral.<br \/>Graduado em Engenharia Mecatr\u00f4nica pela UnB e em Ci\u00eancias Cont\u00e1beis pela Uninter. Especialista em Engenharia de Petr\u00f3leo Engenharia de Produ\u00e7\u00e3o e MBA em An\u00e1lise de A\u00e7\u00f5es. Mestre em Economia pela UnB.<br \/>Carreira profissional passa pela Petrobras, como in\u00edcio da trajet\u00f3ria, onde permaneceu por pouco mais de dois anos, ap\u00f3s encerrar esse ciclo, retornou ao setor de automa\u00e7\u00e3o e tecnologia por um ano e meio.<br \/>Na sequ\u00eancia, foi aprovado e nomeado auditor do TCU, auditando e fiscalizando atos das \u00e1reas de Economia do Setor P\u00fablico, Infraestrutura P\u00fablica e Administra\u00e7\u00e3o P\u00fablica em Geral.\u00a0 Seguindo, conquistou vaga \u00fanica em concurso da C\u00e2mara dos Deputados, com provimento no cargo de Consultor Legislativo de Finan\u00e7as P\u00fablicas. Nesta posi\u00e7\u00e3o, se encarregou de mat\u00e9rias de relev\u00e2ncia nacional, tais como: Renegocia\u00e7\u00e3o das D\u00edvidas Estaduais, consignada na LC 156\/2016; Regime de Recupera\u00e7\u00e3o Fiscal dos Estados, formalizado na LC 159\/2017; e o Teto de Gastos da Uni\u00e3o, Novo Regime Fiscal, estabelecido pela EC 95\/2016.<br \/>Ent\u00e3o, ap\u00f3s convite do governo de Goi\u00e1s, passa a integrar a Secretaria da Administra\u00e7\u00e3o no in\u00edcio de 2019. Ainda em 2019, em agosto, assumiu a pasta. Al\u00e9m de gerir equipe de mais de 2500 pessoas e diversos l\u00edderes, a atua\u00e7\u00e3o esteve focada na moderniza\u00e7\u00e3o e transforma\u00e7\u00e3o da gest\u00e3o p\u00fablica, tornando-a mais eficiente, orientada por dados e por suportes tecnol\u00f3gicos, e com intenso alinhamento por meio de capacita\u00e7\u00e3o e gest\u00e3o por desempenho. Durante o exerc\u00edcio da posi\u00e7\u00e3o de secret\u00e1rio ainda foi presidente do CONSAD, liderando a articula\u00e7\u00e3o de todos os Estados com os Poderes e \u00d3rg\u00e3os da Uni\u00e3o.<br \/>No in\u00edcio de 2023 foi convidado pelo ent\u00e3o CEO da Sabesp para integrar seu time, com a miss\u00e3o de estruturar uma Diretoria de Regula\u00e7\u00e3o. Nesta posi\u00e7\u00e3o teve como encargos empreender a devida cultura regulat\u00f3ria nos processos de gest\u00e3o da empresa, liderar o relacionamento com todos stakeholders p\u00fablicos: Titulares do Poder Concedente, Poderes Legislativos Federal, Estadual e Municipais, \u00f3rg\u00e3os de controle e Ag\u00eancias Reguladoras. Por fim, liderou internamente a constru\u00e7\u00e3o do modelo regulat\u00f3rio e do novo contrato de concess\u00e3o que vigoram ap\u00f3s a desestatiza\u00e7\u00e3o da Sabesp.<br \/>Por fim, em 2025, aceitou o desafio de assumir a presid\u00eancia e conduzir o Ipasgo Sa\u00fade, este que \u00e9 o maior plano de autogest\u00e3o do Brasil e um dos maiores planos em geral do pa\u00eds, com objetivo de modernizar as pr\u00e1ticas de sa\u00fade suplementar, tornar o instituto aderente \u00e0s normas da ANS e entregar melhores servi\u00e7os aos benefici\u00e1rios por meio de mais e melhores parcerias com profissionais e institui\u00e7\u00f5es de sa\u00fade.<\/td>\n<td style=\"width: 50%\"><img fetchpriority=\"high\" decoding=\"async\" class=\"wp-image-23881 size-large aligncenter\" src=\"https:\/\/goias.gov.br\/agehab\/wp-content\/uploads\/sites\/18\/2025\/05\/Bruno-3-683x1024.jpg\" alt=\"\" width=\"683\" height=\"1024\" srcset=\"https:\/\/goias.gov.br\/agehab\/wp-content\/uploads\/sites\/18\/2025\/05\/Bruno-3-683x1024.jpg 683w, https:\/\/goias.gov.br\/agehab\/wp-content\/uploads\/sites\/18\/2025\/05\/Bruno-3-200x300.jpg 200w, https:\/\/goias.gov.br\/agehab\/wp-content\/uploads\/sites\/18\/2025\/05\/Bruno-3.jpg 687w\" sizes=\"(max-width: 683px) 100vw, 683px\" \/><\/td>\n<\/tr>\n<\/tbody>\n<\/table>\n","protected":false},"excerpt":{"rendered":"<p>Executivo de Regula\u00e7\u00e3o e Rela\u00e7\u00f5es Institucionais, com experi\u00eancia no setor p\u00fablico e no setor privado, no funcionamento dos processos decis\u00f3rios administrativos, regulat\u00f3rios e legislativos. Atua\u00e7\u00e3o intensa em setores regulados da economia, como sa\u00fade suplementar, saneamento, energia, combust\u00edveis e infraestrutura em geral.Graduado em Engenharia Mecatr\u00f4nica pela UnB e em Ci\u00eancias Cont\u00e1beis pela Uninter. Especialista em Engenharia [&hellip;]<\/p>\n","protected":false},"author":254,"featured_media":0,"comment_status":"closed","ping_status":"open","sticky":false,"template":"","format":"standard","meta":{"footnotes":""},"categories":[],"tags":[],"class_list":["post-23873","post","type-post","status-publish","format-standard","hentry"],"rttpg_featured_image_url":null,"rttpg_author":{"display_name":"jaquelinegoncalves","author_link":"https:\/\/goias.gov.br\/agehab\/author\/jaquelinegoncalves\/"},"rttpg_comment":0,"rttpg_category":"Sem categoria","rttpg_excerpt":"Executivo de Regula\u00e7\u00e3o e Rela\u00e7\u00f5es Institucionais, com experi\u00eancia no setor p\u00fablico e no setor privado, no funcionamento dos processos decis\u00f3rios administrativos, regulat\u00f3rios e legislativos. Atua\u00e7\u00e3o intensa em setores regulados da economia, como sa\u00fade suplementar, saneamento, energia, combust\u00edveis e infraestrutura em geral.Graduado em Engenharia Mecatr\u00f4nica pela UnB e em Ci\u00eancias Cont\u00e1beis pela Uninter. Especialista em Engenharia&hellip;","_links":{"self":[{"href":"https:\/\/goias.gov.br\/agehab\/wp-json\/wp\/v2\/posts\/23873","targetHints":{"allow":["GET"]}}],"collection":[{"href":"https:\/\/goias.gov.br\/agehab\/wp-json\/wp\/v2\/posts"}],"about":[{"href":"https:\/\/goias.gov.br\/agehab\/wp-json\/wp\/v2\/types\/post"}],"author":[{"embeddable":true,"href":"https:\/\/goias.gov.br\/agehab\/wp-json\/wp\/v2\/users\/254"}],"replies":[{"embeddable":true,"href":"https:\/\/goias.gov.br\/agehab\/wp-json\/wp\/v2\/comments?post=23873"}],"version-history":[{"count":1,"href":"https:\/\/goias.gov.br\/agehab\/wp-json\/wp\/v2\/posts\/23873\/revisions"}],"predecessor-version":[{"id":23883,"href":"https:\/\/goias.gov.br\/agehab\/wp-json\/wp\/v2\/posts\/23873\/revisions\/23883"}],"wp:attachment":[{"href":"https:\/\/goias.gov.br\/agehab\/wp-json\/wp\/v2\/media?parent=23873"}],"wp:term":[{"taxonomy":"category","embeddable":true,"href":"https:\/\/goias.gov.br\/agehab\/wp-json\/wp\/v2\/categories?post=23873"},{"taxonomy":"post_tag","embeddable":true,"href":"https:\/\/goias.gov.br\/agehab\/wp-json\/wp\/v2\/tags?post=23873"}],"curies":[{"name":"wp","href":"https:\/\/api.w.org\/{rel}","templated":true}]}}