
{"id":23865,"date":"2025-05-22T11:01:33","date_gmt":"2025-05-22T14:01:33","guid":{"rendered":"https:\/\/goias.gov.br\/agehab\/?p=23865"},"modified":"2025-05-22T11:44:32","modified_gmt":"2025-05-22T14:44:32","slug":"curriculo-kelyany-dayse-nunes-de-lima-ribeiro","status":"publish","type":"post","link":"https:\/\/goias.gov.br\/agehab\/curriculo-kelyany-dayse-nunes-de-lima-ribeiro\/","title":{"rendered":"Curr\u00edculo Kelyany Dayse Nunes de Lima Ribeiro"},"content":{"rendered":"\n<div class=\"wp-block-columns is-layout-flex wp-container-core-columns-is-layout-9d6595d7 wp-block-columns-is-layout-flex\">\n<div class=\"wp-block-column is-layout-flow wp-block-column-is-layout-flow\" style=\"flex-basis:100%\"><\/div>\n<\/div>\n\n\n<table style=\"border-collapse: collapse;width: 100%\">\n<tbody>\n<tr>\n<td style=\"width: 50%\">Especialista em Gest\u00e3o da Comunica\u00e7\u00e3o nas Organiza\u00e7\u00f5es, com s\u00f3lida experi\u00eancia nos Poderes Executivo e Legislativo, atuando em comunica\u00e7\u00e3o estrat\u00e9gica, assessoria de imprensa, produ\u00e7\u00e3o de conte\u00fado para m\u00eddias digitais, gest\u00e3o de imagem e preven\u00e7\u00e3o e gerenciamento de crises. Destaca-se pela habilidade no relacionamento e atendimento \u00e0 imprensa, sempre aliando vis\u00e3o estrat\u00e9gica \u00e0 execu\u00e7\u00e3o eficiente. Como servidora p\u00fablica efetiva do Minist\u00e9rio das Cidades, exerceu o cargo de coordenadora de comunica\u00e7\u00e3o, liderando a\u00e7\u00f5es para fortalecer a imagem institucional e assegurar uma comunica\u00e7\u00e3o assertiva e transparente. Atuou na assessoria direta do Ministro das Cidades, desenvolvendo e executando estrat\u00e9gias de comunica\u00e7\u00e3o de alta relev\u00e2ncia para o \u00f3rg\u00e3o. Atualmente cedida para a C\u00e2mara dos Deputados, atua como assessora de comunica\u00e7\u00e3o, contribuindo com sua expertise para potencializar a comunica\u00e7\u00e3o institucional e apoiar o mandato de deputado federal, promovendo um di\u00e1logo efetivo com a sociedade. Al\u00e9m da atua\u00e7\u00e3o pr\u00e1tica, possui experi\u00eancia acad\u00eamica como docente na \u00e1rea de comunica\u00e7\u00e3o, compartilhando conhecimentos e formando novos profissionais com uma vis\u00e3o cr\u00edtica e estrat\u00e9gica do setor.<\/td>\n<td style=\"width: 50%\"><img fetchpriority=\"high\" decoding=\"async\" class=\"aligncenter wp-image-23893\" src=\"https:\/\/goias.gov.br\/agehab\/wp-content\/uploads\/sites\/18\/2025\/05\/WhatsApp-Image-2025-05-22-at-11.34.51-181x300.jpeg\" alt=\"\" width=\"238\" height=\"395\" srcset=\"https:\/\/goias.gov.br\/agehab\/wp-content\/uploads\/sites\/18\/2025\/05\/WhatsApp-Image-2025-05-22-at-11.34.51-181x300.jpeg 181w, https:\/\/goias.gov.br\/agehab\/wp-content\/uploads\/sites\/18\/2025\/05\/WhatsApp-Image-2025-05-22-at-11.34.51-617x1024.jpeg 617w, https:\/\/goias.gov.br\/agehab\/wp-content\/uploads\/sites\/18\/2025\/05\/WhatsApp-Image-2025-05-22-at-11.34.51-768x1275.jpeg 768w, https:\/\/goias.gov.br\/agehab\/wp-content\/uploads\/sites\/18\/2025\/05\/WhatsApp-Image-2025-05-22-at-11.34.51.jpeg 771w\" sizes=\"(max-width: 238px) 100vw, 238px\" \/><\/td>\n<\/tr>\n<\/tbody>\n<\/table>\n\n\n<p><\/p>\n","protected":false},"excerpt":{"rendered":"<p>Especialista em Gest\u00e3o da Comunica\u00e7\u00e3o nas Organiza\u00e7\u00f5es, com s\u00f3lida experi\u00eancia nos Poderes Executivo e Legislativo, atuando em comunica\u00e7\u00e3o estrat\u00e9gica, assessoria de imprensa, produ\u00e7\u00e3o de conte\u00fado para m\u00eddias digitais, gest\u00e3o de imagem e preven\u00e7\u00e3o e gerenciamento de crises. Destaca-se pela habilidade no relacionamento e atendimento \u00e0 imprensa, sempre aliando vis\u00e3o estrat\u00e9gica \u00e0 execu\u00e7\u00e3o eficiente. Como servidora [&hellip;]<\/p>\n","protected":false},"author":254,"featured_media":0,"comment_status":"closed","ping_status":"open","sticky":false,"template":"","format":"standard","meta":{"footnotes":""},"categories":[],"tags":[],"class_list":["post-23865","post","type-post","status-publish","format-standard","hentry"],"rttpg_featured_image_url":null,"rttpg_author":{"display_name":"jaquelinegoncalves","author_link":"https:\/\/goias.gov.br\/agehab\/author\/jaquelinegoncalves\/"},"rttpg_comment":0,"rttpg_category":"Sem categoria","rttpg_excerpt":"Especialista em Gest\u00e3o da Comunica\u00e7\u00e3o nas Organiza\u00e7\u00f5es, com s\u00f3lida experi\u00eancia nos Poderes Executivo e Legislativo, atuando em comunica\u00e7\u00e3o estrat\u00e9gica, assessoria de imprensa, produ\u00e7\u00e3o de conte\u00fado para m\u00eddias digitais, gest\u00e3o de imagem e preven\u00e7\u00e3o e gerenciamento de crises. Destaca-se pela habilidade no relacionamento e atendimento \u00e0 imprensa, sempre aliando vis\u00e3o estrat\u00e9gica \u00e0 execu\u00e7\u00e3o eficiente. Como servidora&hellip;","_links":{"self":[{"href":"https:\/\/goias.gov.br\/agehab\/wp-json\/wp\/v2\/posts\/23865","targetHints":{"allow":["GET"]}}],"collection":[{"href":"https:\/\/goias.gov.br\/agehab\/wp-json\/wp\/v2\/posts"}],"about":[{"href":"https:\/\/goias.gov.br\/agehab\/wp-json\/wp\/v2\/types\/post"}],"author":[{"embeddable":true,"href":"https:\/\/goias.gov.br\/agehab\/wp-json\/wp\/v2\/users\/254"}],"replies":[{"embeddable":true,"href":"https:\/\/goias.gov.br\/agehab\/wp-json\/wp\/v2\/comments?post=23865"}],"version-history":[{"count":2,"href":"https:\/\/goias.gov.br\/agehab\/wp-json\/wp\/v2\/posts\/23865\/revisions"}],"predecessor-version":[{"id":23895,"href":"https:\/\/goias.gov.br\/agehab\/wp-json\/wp\/v2\/posts\/23865\/revisions\/23895"}],"wp:attachment":[{"href":"https:\/\/goias.gov.br\/agehab\/wp-json\/wp\/v2\/media?parent=23865"}],"wp:term":[{"taxonomy":"category","embeddable":true,"href":"https:\/\/goias.gov.br\/agehab\/wp-json\/wp\/v2\/categories?post=23865"},{"taxonomy":"post_tag","embeddable":true,"href":"https:\/\/goias.gov.br\/agehab\/wp-json\/wp\/v2\/tags?post=23865"}],"curies":[{"name":"wp","href":"https:\/\/api.w.org\/{rel}","templated":true}]}}