
{"id":22725,"date":"2025-03-25T15:56:34","date_gmt":"2025-03-25T18:56:34","guid":{"rendered":"https:\/\/goias.gov.br\/agehab\/?p=22725"},"modified":"2025-03-25T16:02:49","modified_gmt":"2025-03-25T19:02:49","slug":"extrato-de-notificacao-5","status":"publish","type":"post","link":"https:\/\/goias.gov.br\/agehab\/extrato-de-notificacao-5\/","title":{"rendered":"EXTRATO DE NOTIFICA\u00c7\u00c3O DE PROPRIET\u00c1RIOS, CONFINANTES E TERCEIROS INTERESSADOS"},"content":{"rendered":"<p class=\"Texto_Justificado_Esp15\" style=\"text-align: justify\"><strong>PROCESSO:<\/strong> 202300031004350<\/p>\n<p class=\"Texto_Justificado_Esp15\" style=\"text-align: justify\"><strong>ASSUNTO:<\/strong>\u00a0Regulariza\u00e7\u00e3o fundi\u00e1ria de interesse social dos im\u00f3veis situados na Quadra X-2, lotes 01, 02, 03 e 04, Vila Conc\u00f3rdia, no munic\u00edpio de Goi\u00e2nia-GO.<\/p>\n<p class=\"Texto_Justificado_Esp15\" style=\"text-align: justify\"><strong>INTERESSADOS:<\/strong>\u00a0Ag\u00eancia Goiana de Habita\u00e7\u00e3o S\/A.<\/p>\n<p class=\"Texto_Justificado_Esp15\" style=\"text-align: justify\">A Ag\u00eancia Goiana de Habita\u00e7\u00e3o S\/A, integrante da Administra\u00e7\u00e3o Indireta do Estado de Goi\u00e1s, CNPJ n\u00ba 01.274.240\/001-47, representada por seu Presidente, com sede na Rua 18-A, 541, Setor Aeroporto, Goi\u00e2nia &#8211; Goi\u00e1s, CEP 74.070-060, legitimada a promover todos os atos necess\u00e1rios \u00e0 regulariza\u00e7\u00e3o fundi\u00e1ria (art. 14, I, \u00a7 1\u00ba, c\/c art. 31, \u00a7 1\u00ba, da Lei federal n\u00ba 13.465\/2017), vem\u00a0<strong>NOTIFICAR<\/strong>\u00a0todos os propriet\u00e1rios,\u00a0confinantes e\u00a0terceiros interessados\u00a0para, querendo, apresentar impugna\u00e7\u00e3o, no prazo de 30 (trinta) dias, contados da data de publica\u00e7\u00e3o do presente edital, referente aos im\u00f3veis situados na Quadra X-02,\u00a0lotes 01, 02, 03 e 04, do bairro Vila Conc\u00f3rdia, no Munic\u00edpio de Goi\u00e2nia-GO. A aus\u00eancia de impugna\u00e7\u00e3o ser\u00e1 interpretada como concord\u00e2ncia com a regulariza\u00e7\u00e3o fundi\u00e1ria (art. 31, \u00a7 6\u00ba, Lei federal n\u00ba 13.465\/2017).\u00a0<\/p>\n<p class=\"Texto_Justificado_Esp15\" style=\"text-align: justify\">A \u00e1rea est\u00e1 inserida nos limites do bairro Vila Conc\u00f3rdia, com \u00e1rea total de\u00a0<b>1.461,08 m\u00b2<\/b>, definida com base no levantamento planialtim\u00e9trico e cadastral, realizado pela Ger\u00eancia de Geoprocessamento e Topografia desta companhia, no m\u00eas agosto de 2024, tendo como respons\u00e1vel t\u00e9cnico, o Tecn\u00f3logo em Agrimensura, Alexandre Alves Barbosa, CREA 1016435339\/D-GO, ART n\u00ba 1020240224913, com a seguinte descri\u00e7\u00e3o:<\/p>\n<p class=\"Texto_Justificado_Esp15\" style=\"text-align: justify\">Inicia-se a descri\u00e7\u00e3o deste per\u00edmetro no v\u00e9rtice\u00a0<b>V-01<\/b>, de coordenadas\u00a0<b>N:8.157.208,834 m<\/b>\u00a0e\u00a0<b>E:693.243,842 m<\/b>, situado na esquina da<b>\u00a0<\/b>AVENIDA AN\u00c1POLIS com a RUA EUGENIO ARMANDO GODOI; deste, segue confrontando com a AVENIDA AN\u00c1POLIS, com azimute de 99\u00b011\u201939\u2019\u2019 e dist\u00e2ncia de 11,08 m, at\u00e9 o v\u00e9rtice,\u00a0<b>V-02\u00a0<\/b>de coordenadas\u00a0<b>N:8.157.207,064 m<\/b>\u00a0e\u00a0<b>E:693.254,776 m<\/b>; deste, segue com azimute de 99\u00b030\u201948\u201d e dist\u00e2ncia de 33,21 m, at\u00e9 o v\u00e9rtice\u00a0<b>V-03\u00a0<\/b>de coordenadas\u00a0<b>N:8.157.201,575 m<\/b>\u00a0e\u00a0<b>E:693.287,530 m;\u00a0<\/b>deste, segue confrontando com a RUA QUINTINO VARGAS, com azimute de 180\u00b053\u201917\u201d e dist\u00e2ncia de 5,38 m, at\u00e9 o v\u00e9rtice\u00a0<b>V-04\u00a0<\/b>de coordenadas\u00a0<b>N:8.157.196,196 m<\/b>\u00a0e\u00a0<b>E:693.287,447 m;\u00a0<\/b>deste, segue com azimute de 92\u00b028\u201916\u201d e dist\u00e2ncia de 3,98 m, at\u00e9 o v\u00e9rtice\u00a0<b>V-05\u00a0<\/b>de coordenadas\u00a0<b>N:8.157.196,024 m<\/b>\u00a0e\u00a0<b>E:693.291,426 m;\u00a0<\/b>deste, segue com azimute de 182\u00b018\u201925\u201d e dist\u00e2ncia de 21,68 m, at\u00e9 o v\u00e9rtice\u00a0<b>V-06\u00a0<\/b>de coordenadas\u00a0<b>N:8.157.174,360 m<\/b>\u00a0e\u00a0<b>E:693.290,553 m;\u00a0<\/b>deste, segue confrontando com a lateral esquerda do LOTE 05, com azimute de 273\u00b004\u201956\u201d e dist\u00e2ncia de 13,13 m, at\u00e9 o v\u00e9rtice\u00a0<b>V-07\u00a0<\/b>de coordenadas\u00a0<b>N:8.157.175,065 m<\/b>\u00a0e\u00a0<b>E:693.277,442 m;\u00a0<\/b>deste, segue com azimute de 272\u00b041\u201939\u201d e dist\u00e2ncia de 11,98 m, at\u00e9 o v\u00e9rtice\u00a0<b>V-08\u00a0<\/b>de coordenadas\u00a0<b>N:8.157.175,628 m<\/b>\u00a0e\u00a0<b>E:693.265,478 m;\u00a0<\/b>deste, segue confrontando com o a lateral direita do LOTE 18, com azimute de 272\u00b008\u201916\u201d e dist\u00e2ncia de 12,01 m, at\u00e9 o v\u00e9rtice\u00a0<b>V-09\u00a0<\/b>de coordenadas\u00a0<b>N:8.157.176,076 m<\/b>\u00a0e\u00a0<b>E:693.253,476 m;\u00a0<\/b>deste, segue com azimute de 272\u00b023\u201950\u201d e dist\u00e2ncia de 13,15 m, at\u00e9 o v\u00e9rtice\u00a0<b>V-10\u00a0<\/b>de coordenadas\u00a0<b>N:8.157.176,626 m<\/b>\u00a0e\u00a0<b>E:693.240,338 m;\u00a0<\/b>deste, segue confrontando com a RUA EUGENIO ARMANDO GODOI, com azimute de 02\u00b015\u201930\u201d e dist\u00e2ncia de 30,10 m, at\u00e9 o v\u00e9rtice\u00a0<b>V-11\u00a0<\/b>de coordenadas\u00a0<b>N:8.157.206,701 m<\/b>\u00a0e\u00a0<b>E:693.241,524 m;\u00a0<\/b>deste, segue com azimute de 47\u00b022\u201938\u201d e dist\u00e2ncia de 3,15 m, at\u00e9 o v\u00e9rtice,\u00a0<b>V-01<\/b>, ponto inicial da descri\u00e7\u00e3o desse per\u00edmetro.<\/p>\n<p class=\"Texto_Justificado_Esp15\" style=\"text-align: justify\">Todas as coordenadas aqui descritas est\u00e3o georreferenciadas ao Sistema Geod\u00e9sico Brasileiro e encontram-se representadas no Sistema UTM, referenciadas ao Meridiano Central 51 WGr, fuso 22S, tendo como datum o SIRGAS-2000. Todos os azimutes e dist\u00e2ncias, \u00e1rea e per\u00edmetro foram calculados no plano de proje\u00e7\u00e3o UTM.<\/p>\n<p class=\"Tabela_Texto_Centralizado\" style=\"text-align: center\">ALEXANDRE BALDY DE SANT\u2019ANNA BRAGA<\/p>\n<p class=\"Tabela_Texto_Centralizado\" style=\"text-align: center\"><strong>Presidente da Ag\u00eancia Goiana de Habita\u00e7\u00e3o S\/A<\/strong><\/p>\n\n\n<p><\/p>\n","protected":false},"excerpt":{"rendered":"<p>PROCESSO: 202300031004350 ASSUNTO:\u00a0Regulariza\u00e7\u00e3o fundi\u00e1ria de interesse social dos im\u00f3veis situados na Quadra X-2, lotes 01, 02, 03 e 04, Vila Conc\u00f3rdia, no munic\u00edpio de Goi\u00e2nia-GO. INTERESSADOS:\u00a0Ag\u00eancia Goiana de Habita\u00e7\u00e3o S\/A. A Ag\u00eancia Goiana de Habita\u00e7\u00e3o S\/A, integrante da Administra\u00e7\u00e3o Indireta do Estado de Goi\u00e1s, CNPJ n\u00ba 01.274.240\/001-47, representada por seu Presidente, com sede na Rua [&hellip;]<\/p>\n","protected":false},"author":688,"featured_media":0,"comment_status":"closed","ping_status":"open","sticky":false,"template":"","format":"standard","meta":{"footnotes":""},"categories":[],"tags":[],"class_list":["post-22725","post","type-post","status-publish","format-standard","hentry"],"rttpg_featured_image_url":null,"rttpg_author":{"display_name":"richardsonmoraes","author_link":"https:\/\/goias.gov.br\/agehab\/author\/richardsonmoraes\/"},"rttpg_comment":0,"rttpg_category":"Sem categoria","rttpg_excerpt":"PROCESSO: 202300031004350 ASSUNTO:\u00a0Regulariza\u00e7\u00e3o fundi\u00e1ria de interesse social dos im\u00f3veis situados na Quadra X-2, lotes 01, 02, 03 e 04, Vila Conc\u00f3rdia, no munic\u00edpio de Goi\u00e2nia-GO. INTERESSADOS:\u00a0Ag\u00eancia Goiana de Habita\u00e7\u00e3o S\/A. A Ag\u00eancia Goiana de Habita\u00e7\u00e3o S\/A, integrante da Administra\u00e7\u00e3o Indireta do Estado de Goi\u00e1s, CNPJ n\u00ba 01.274.240\/001-47, representada por seu Presidente, com sede na Rua&hellip;","_links":{"self":[{"href":"https:\/\/goias.gov.br\/agehab\/wp-json\/wp\/v2\/posts\/22725","targetHints":{"allow":["GET"]}}],"collection":[{"href":"https:\/\/goias.gov.br\/agehab\/wp-json\/wp\/v2\/posts"}],"about":[{"href":"https:\/\/goias.gov.br\/agehab\/wp-json\/wp\/v2\/types\/post"}],"author":[{"embeddable":true,"href":"https:\/\/goias.gov.br\/agehab\/wp-json\/wp\/v2\/users\/688"}],"replies":[{"embeddable":true,"href":"https:\/\/goias.gov.br\/agehab\/wp-json\/wp\/v2\/comments?post=22725"}],"version-history":[{"count":3,"href":"https:\/\/goias.gov.br\/agehab\/wp-json\/wp\/v2\/posts\/22725\/revisions"}],"predecessor-version":[{"id":22734,"href":"https:\/\/goias.gov.br\/agehab\/wp-json\/wp\/v2\/posts\/22725\/revisions\/22734"}],"wp:attachment":[{"href":"https:\/\/goias.gov.br\/agehab\/wp-json\/wp\/v2\/media?parent=22725"}],"wp:term":[{"taxonomy":"category","embeddable":true,"href":"https:\/\/goias.gov.br\/agehab\/wp-json\/wp\/v2\/categories?post=22725"},{"taxonomy":"post_tag","embeddable":true,"href":"https:\/\/goias.gov.br\/agehab\/wp-json\/wp\/v2\/tags?post=22725"}],"curies":[{"name":"wp","href":"https:\/\/api.w.org\/{rel}","templated":true}]}}