
{"id":19244,"date":"2024-08-02T09:59:44","date_gmt":"2024-08-02T12:59:44","guid":{"rendered":"https:\/\/goias.gov.br\/agehab\/?p=19244"},"modified":"2024-08-02T10:09:16","modified_gmt":"2024-08-02T13:09:16","slug":"19244-2","status":"publish","type":"post","link":"https:\/\/goias.gov.br\/agehab\/19244-2\/","title":{"rendered":"Ass\u00e9dio Moral e Preconceito s\u00e3o temas de evento interno da Agehab"},"content":{"rendered":"\n<p><em>Voltada ao p\u00fablico interno, Roda de Conversa ser\u00e1 realizada nesta ter\u00e7a-feira (06\/08), a partir das 9h na Sala de Treinamento da empresa<\/em><\/p>\n\n\n\n<p>A Ag\u00eancia Goiana de Habita\u00e7\u00e3o (AGEHAB) realiza, nesta ter\u00e7a-feira (06\/08), a partir das 9h na Sala de Treinamento da empresa, uma Roda de Conversa sobre os temas &#8220;Ass\u00e9dio Moral e Preconceito&#8221;.<\/p>\n\n\n\n<p>Voltado ao p\u00fablico interno, o evento tem como objetivo compartilhar conhecimento e experi\u00eancias sobre o tema. Para isto, foram convidadas para palestrar a delegada Ana Elisa Gomes, titular da Delegacia Estadual de Combate \u00e0 Viol\u00eancia Contra a Mulher em Goi\u00e1s (Deam), e a advogada Thais In\u00e1cia.<\/p>\n\n\n\n<p>Para o presidente da Agehab, Alexandre Baldy, \u00e9 importante que os trabalhadores sejam conscientizados sobre os seus direitos. Pertinente discutir as situa\u00e7\u00f5es poss\u00edveis e n\u00e3o poss\u00edveis no ambiente de trabalho\u201d, diz.<\/p>\n","protected":false},"excerpt":{"rendered":"<p>Voltada ao p\u00fablico interno, Roda de Conversa ser\u00e1 realizada nesta ter\u00e7a-feira (06\/08), a partir das 9h na Sala de Treinamento da empresa A Ag\u00eancia Goiana de Habita\u00e7\u00e3o (AGEHAB) realiza, nesta ter\u00e7a-feira (06\/08), a partir das 9h na Sala de Treinamento da empresa, uma Roda de Conversa sobre os temas &#8220;Ass\u00e9dio Moral e Preconceito&#8221;. Voltado ao [&hellip;]<\/p>\n","protected":false},"author":159,"featured_media":19245,"comment_status":"closed","ping_status":"open","sticky":false,"template":"","format":"standard","meta":{"footnotes":""},"categories":[3],"tags":[],"class_list":["post-19244","post","type-post","status-publish","format-standard","has-post-thumbnail","hentry","category-noticias"],"rttpg_featured_image_url":{"full":["https:\/\/goias.gov.br\/agehab\/wp-content\/uploads\/sites\/18\/2024\/08\/WhatsApp-Image-2024-08-02-at-09.57.02.jpeg",1600,1200,false],"landscape":["https:\/\/goias.gov.br\/agehab\/wp-content\/uploads\/sites\/18\/2024\/08\/WhatsApp-Image-2024-08-02-at-09.57.02.jpeg",1600,1200,false],"portraits":["https:\/\/goias.gov.br\/agehab\/wp-content\/uploads\/sites\/18\/2024\/08\/WhatsApp-Image-2024-08-02-at-09.57.02.jpeg",1600,1200,false],"thumbnail":["https:\/\/goias.gov.br\/agehab\/wp-content\/uploads\/sites\/18\/2024\/08\/WhatsApp-Image-2024-08-02-at-09.57.02-150x150.jpeg",150,150,true],"medium":["https:\/\/goias.gov.br\/agehab\/wp-content\/uploads\/sites\/18\/2024\/08\/WhatsApp-Image-2024-08-02-at-09.57.02-300x225.jpeg",300,225,true],"large":["https:\/\/goias.gov.br\/agehab\/wp-content\/uploads\/sites\/18\/2024\/08\/WhatsApp-Image-2024-08-02-at-09.57.02-1024x768.jpeg",1024,768,true],"1536x1536":["https:\/\/goias.gov.br\/agehab\/wp-content\/uploads\/sites\/18\/2024\/08\/WhatsApp-Image-2024-08-02-at-09.57.02-1536x1152.jpeg",1536,1152,true],"2048x2048":["https:\/\/goias.gov.br\/agehab\/wp-content\/uploads\/sites\/18\/2024\/08\/WhatsApp-Image-2024-08-02-at-09.57.02.jpeg",1600,1200,false]},"rttpg_author":{"display_name":"marciasouza","author_link":"https:\/\/goias.gov.br\/agehab\/author\/marciasouza\/"},"rttpg_comment":0,"rttpg_category":"<a href=\"https:\/\/goias.gov.br\/agehab\/category\/institucional\/noticias\/\" rel=\"category tag\">Not\u00edcias<\/a>","rttpg_excerpt":"Voltada ao p\u00fablico interno, Roda de Conversa ser\u00e1 realizada nesta ter\u00e7a-feira (06\/08), a partir das 9h na Sala de Treinamento da empresa A Ag\u00eancia Goiana de Habita\u00e7\u00e3o (AGEHAB) realiza, nesta ter\u00e7a-feira (06\/08), a partir das 9h na Sala de Treinamento da empresa, uma Roda de Conversa sobre os temas &#8220;Ass\u00e9dio Moral e Preconceito&#8221;. Voltado ao&hellip;","_links":{"self":[{"href":"https:\/\/goias.gov.br\/agehab\/wp-json\/wp\/v2\/posts\/19244","targetHints":{"allow":["GET"]}}],"collection":[{"href":"https:\/\/goias.gov.br\/agehab\/wp-json\/wp\/v2\/posts"}],"about":[{"href":"https:\/\/goias.gov.br\/agehab\/wp-json\/wp\/v2\/types\/post"}],"author":[{"embeddable":true,"href":"https:\/\/goias.gov.br\/agehab\/wp-json\/wp\/v2\/users\/159"}],"replies":[{"embeddable":true,"href":"https:\/\/goias.gov.br\/agehab\/wp-json\/wp\/v2\/comments?post=19244"}],"version-history":[{"count":2,"href":"https:\/\/goias.gov.br\/agehab\/wp-json\/wp\/v2\/posts\/19244\/revisions"}],"predecessor-version":[{"id":19252,"href":"https:\/\/goias.gov.br\/agehab\/wp-json\/wp\/v2\/posts\/19244\/revisions\/19252"}],"wp:featuredmedia":[{"embeddable":true,"href":"https:\/\/goias.gov.br\/agehab\/wp-json\/wp\/v2\/media\/19245"}],"wp:attachment":[{"href":"https:\/\/goias.gov.br\/agehab\/wp-json\/wp\/v2\/media?parent=19244"}],"wp:term":[{"taxonomy":"category","embeddable":true,"href":"https:\/\/goias.gov.br\/agehab\/wp-json\/wp\/v2\/categories?post=19244"},{"taxonomy":"post_tag","embeddable":true,"href":"https:\/\/goias.gov.br\/agehab\/wp-json\/wp\/v2\/tags?post=19244"}],"curies":[{"name":"wp","href":"https:\/\/api.w.org\/{rel}","templated":true}]}}