
{"id":17863,"date":"2024-05-20T16:20:35","date_gmt":"2024-05-20T19:20:35","guid":{"rendered":"https:\/\/goias.gov.br\/agehab\/?p=17863"},"modified":"2024-05-20T16:20:35","modified_gmt":"2024-05-20T19:20:35","slug":"curriculo-ana-carita-paes-leme","status":"publish","type":"post","link":"https:\/\/goias.gov.br\/agehab\/curriculo-ana-carita-paes-leme\/","title":{"rendered":"Curr\u00edculo Ana C\u00e1rita Paes Leme"},"content":{"rendered":"<table style=\"border-collapse: collapse;width: 100%\">\n<tbody>\n<tr>\n<td style=\"width: 50%\">\n<h2>Ana C\u00e1rita Paes Leme<\/h2>\n<p>Advogada h\u00e1 20 anos, graduada em Direito pela Universidade Cat\u00f3lica de Goi\u00e1s; (2004)<\/p>\n<p>P\u00f3s-graduada em Direito Processual Civil (2005) Direito do Trabalho e Processo do Trabalho (2006); Direito P\u00fablico (2008) e Licita\u00e7\u00e3o e Contratos, de acordo com a nova Lei de Licita\u00e7\u00f5es. (2024)<\/p>\n<p>Especializada em Processo Disciplinar (2015), Introdu\u00e7\u00e3o \u00e0 atividade de Intelig\u00eancia P\u00fablica (2017) e Atividade de Intelig\u00eancia em Seguran\u00e7a P\u00fablica (2017);<\/p>\n<p>Membro da Comiss\u00e3o dos Direitos das Pessoas com Defici\u00eancia da OAB GO desde 2023;<\/p>\n<p>Professora de Direito Constitucional e Administrativo (2011 a 2019);<\/p>\n<p>Assessora de Controle Interno da Agehab desde 2022.<\/td>\n<td style=\"width: 50%\"><img fetchpriority=\"high\" decoding=\"async\" class=\"aligncenter size-full wp-image-17864\" src=\"https:\/\/goias.gov.br\/agehab\/wp-content\/uploads\/sites\/18\/2024\/05\/ANA-CARITA.jpeg\" alt=\"\" width=\"1066\" height=\"1599\" \/><\/td>\n<\/tr>\n<\/tbody>\n<\/table>\n","protected":false},"excerpt":{"rendered":"<p>Ana C\u00e1rita Paes Leme Advogada h\u00e1 20 anos, graduada em Direito pela Universidade Cat\u00f3lica de Goi\u00e1s; (2004) P\u00f3s-graduada em Direito Processual Civil (2005) Direito do Trabalho e Processo do Trabalho (2006); Direito P\u00fablico (2008) e Licita\u00e7\u00e3o e Contratos, de acordo com a nova Lei de Licita\u00e7\u00f5es. (2024) Especializada em Processo Disciplinar (2015), Introdu\u00e7\u00e3o \u00e0 atividade [&hellip;]<\/p>\n","protected":false},"author":254,"featured_media":0,"comment_status":"closed","ping_status":"open","sticky":false,"template":"","format":"standard","meta":{"footnotes":""},"categories":[],"tags":[],"class_list":["post-17863","post","type-post","status-publish","format-standard","hentry"],"rttpg_featured_image_url":null,"rttpg_author":{"display_name":"jaquelinegoncalves","author_link":"https:\/\/goias.gov.br\/agehab\/author\/jaquelinegoncalves\/"},"rttpg_comment":0,"rttpg_category":"Sem categoria","rttpg_excerpt":"Ana C\u00e1rita Paes Leme Advogada h\u00e1 20 anos, graduada em Direito pela Universidade Cat\u00f3lica de Goi\u00e1s; (2004) P\u00f3s-graduada em Direito Processual Civil (2005) Direito do Trabalho e Processo do Trabalho (2006); Direito P\u00fablico (2008) e Licita\u00e7\u00e3o e Contratos, de acordo com a nova Lei de Licita\u00e7\u00f5es. (2024) Especializada em Processo Disciplinar (2015), Introdu\u00e7\u00e3o \u00e0 atividade&hellip;","_links":{"self":[{"href":"https:\/\/goias.gov.br\/agehab\/wp-json\/wp\/v2\/posts\/17863","targetHints":{"allow":["GET"]}}],"collection":[{"href":"https:\/\/goias.gov.br\/agehab\/wp-json\/wp\/v2\/posts"}],"about":[{"href":"https:\/\/goias.gov.br\/agehab\/wp-json\/wp\/v2\/types\/post"}],"author":[{"embeddable":true,"href":"https:\/\/goias.gov.br\/agehab\/wp-json\/wp\/v2\/users\/254"}],"replies":[{"embeddable":true,"href":"https:\/\/goias.gov.br\/agehab\/wp-json\/wp\/v2\/comments?post=17863"}],"version-history":[{"count":1,"href":"https:\/\/goias.gov.br\/agehab\/wp-json\/wp\/v2\/posts\/17863\/revisions"}],"predecessor-version":[{"id":17883,"href":"https:\/\/goias.gov.br\/agehab\/wp-json\/wp\/v2\/posts\/17863\/revisions\/17883"}],"wp:attachment":[{"href":"https:\/\/goias.gov.br\/agehab\/wp-json\/wp\/v2\/media?parent=17863"}],"wp:term":[{"taxonomy":"category","embeddable":true,"href":"https:\/\/goias.gov.br\/agehab\/wp-json\/wp\/v2\/categories?post=17863"},{"taxonomy":"post_tag","embeddable":true,"href":"https:\/\/goias.gov.br\/agehab\/wp-json\/wp\/v2\/tags?post=17863"}],"curies":[{"name":"wp","href":"https:\/\/api.w.org\/{rel}","templated":true}]}}