
{"id":17735,"date":"2024-05-18T16:16:28","date_gmt":"2024-05-18T19:16:28","guid":{"rendered":"https:\/\/goias.gov.br\/agehab\/?p=17735"},"modified":"2024-05-18T16:16:28","modified_gmt":"2024-05-18T19:16:28","slug":"nota-de-esclarecimento","status":"publish","type":"post","link":"https:\/\/goias.gov.br\/agehab\/nota-de-esclarecimento\/","title":{"rendered":"Nota de Esclarecimento"},"content":{"rendered":"\n<p>A Ag\u00eancia Goiana de Habita\u00e7\u00e3o (AGEHAB) esclarece que o Sorteio de Fam\u00edlias do Programa Pra Ter Onde Morar &#8211; Casas a Custo -, ocorrido em Acre\u00fana (GO), em 10\/05\/2024, \u00e9 apenas a segunda fase de oito previstas para Sele\u00e7\u00e3o das Fam\u00edlias, conforme Edital 12\/2024. A Ag\u00eancia refor\u00e7a que, ap\u00f3s este passo, inicia juntamente com a Prefeitura Municipal o processo de verifica\u00e7\u00e3o social e de an\u00e1lise da documenta\u00e7\u00e3o dos sorteados, sendo que os que n\u00e3o comprovarem as informa\u00e7\u00f5es prestadas na inscri\u00e7\u00e3o ser\u00e3o desclassificados e o cadastro reserva convocado.<\/p>\n\n\n\n<p>Portanto, n\u00e3o \u00e9 necess\u00e1ria nenhuma amea\u00e7a ou intimida\u00e7\u00e3o a qualquer pessoa, tal qual ocorrido, segundo informa\u00e7\u00f5es de ve\u00edculos de comunica\u00e7\u00e3o do munic\u00edpio. A AGEHAB ressalta, ainda, que o controle social da execu\u00e7\u00e3o das pol\u00edticas p\u00fablicas \u00e9 sempre salutar, todavia, este precisa ser prestado com responsabilidade, sobretudo pela imprensa.<\/p>\n\n\n\n<p><em><strong>Assessoria de Comunica\u00e7\u00e3o &#8211; Ag\u00eancia Goiana de Habita\u00e7\u00e3o &#8211; AGEHAB<\/strong><\/em><\/p>\n","protected":false},"excerpt":{"rendered":"<p>A Ag\u00eancia Goiana de Habita\u00e7\u00e3o (AGEHAB) esclarece que o Sorteio de Fam\u00edlias do Programa Pra Ter Onde Morar &#8211; Casas a Custo -, ocorrido em Acre\u00fana (GO), em 10\/05\/2024, \u00e9 apenas a segunda fase de oito previstas para Sele\u00e7\u00e3o das Fam\u00edlias, conforme Edital 12\/2024. A Ag\u00eancia refor\u00e7a que, ap\u00f3s este passo, inicia juntamente com a [&hellip;]<\/p>\n","protected":false},"author":159,"featured_media":17346,"comment_status":"closed","ping_status":"open","sticky":false,"template":"","format":"standard","meta":{"footnotes":""},"categories":[3],"tags":[],"class_list":["post-17735","post","type-post","status-publish","format-standard","has-post-thumbnail","hentry","category-noticias"],"rttpg_featured_image_url":{"full":["https:\/\/goias.gov.br\/agehab\/wp-content\/uploads\/sites\/18\/2024\/05\/Nota-de-esclarecimento.png",1080,670,false],"landscape":["https:\/\/goias.gov.br\/agehab\/wp-content\/uploads\/sites\/18\/2024\/05\/Nota-de-esclarecimento.png",1080,670,false],"portraits":["https:\/\/goias.gov.br\/agehab\/wp-content\/uploads\/sites\/18\/2024\/05\/Nota-de-esclarecimento.png",1080,670,false],"thumbnail":["https:\/\/goias.gov.br\/agehab\/wp-content\/uploads\/sites\/18\/2024\/05\/Nota-de-esclarecimento.png",150,93,false],"medium":["https:\/\/goias.gov.br\/agehab\/wp-content\/uploads\/sites\/18\/2024\/05\/Nota-de-esclarecimento.png",300,186,false],"large":["https:\/\/goias.gov.br\/agehab\/wp-content\/uploads\/sites\/18\/2024\/05\/Nota-de-esclarecimento.png",1024,635,false],"1536x1536":["https:\/\/goias.gov.br\/agehab\/wp-content\/uploads\/sites\/18\/2024\/05\/Nota-de-esclarecimento.png",1080,670,false],"2048x2048":["https:\/\/goias.gov.br\/agehab\/wp-content\/uploads\/sites\/18\/2024\/05\/Nota-de-esclarecimento.png",1080,670,false]},"rttpg_author":{"display_name":"marciasouza","author_link":"https:\/\/goias.gov.br\/agehab\/author\/marciasouza\/"},"rttpg_comment":0,"rttpg_category":"<a href=\"https:\/\/goias.gov.br\/agehab\/category\/institucional\/noticias\/\" rel=\"category tag\">Not\u00edcias<\/a>","rttpg_excerpt":"A Ag\u00eancia Goiana de Habita\u00e7\u00e3o (AGEHAB) esclarece que o Sorteio de Fam\u00edlias do Programa Pra Ter Onde Morar &#8211; Casas a Custo -, ocorrido em Acre\u00fana (GO), em 10\/05\/2024, \u00e9 apenas a segunda fase de oito previstas para Sele\u00e7\u00e3o das Fam\u00edlias, conforme Edital 12\/2024. A Ag\u00eancia refor\u00e7a que, ap\u00f3s este passo, inicia juntamente com a&hellip;","_links":{"self":[{"href":"https:\/\/goias.gov.br\/agehab\/wp-json\/wp\/v2\/posts\/17735","targetHints":{"allow":["GET"]}}],"collection":[{"href":"https:\/\/goias.gov.br\/agehab\/wp-json\/wp\/v2\/posts"}],"about":[{"href":"https:\/\/goias.gov.br\/agehab\/wp-json\/wp\/v2\/types\/post"}],"author":[{"embeddable":true,"href":"https:\/\/goias.gov.br\/agehab\/wp-json\/wp\/v2\/users\/159"}],"replies":[{"embeddable":true,"href":"https:\/\/goias.gov.br\/agehab\/wp-json\/wp\/v2\/comments?post=17735"}],"version-history":[{"count":2,"href":"https:\/\/goias.gov.br\/agehab\/wp-json\/wp\/v2\/posts\/17735\/revisions"}],"predecessor-version":[{"id":17737,"href":"https:\/\/goias.gov.br\/agehab\/wp-json\/wp\/v2\/posts\/17735\/revisions\/17737"}],"wp:featuredmedia":[{"embeddable":true,"href":"https:\/\/goias.gov.br\/agehab\/wp-json\/wp\/v2\/media\/17346"}],"wp:attachment":[{"href":"https:\/\/goias.gov.br\/agehab\/wp-json\/wp\/v2\/media?parent=17735"}],"wp:term":[{"taxonomy":"category","embeddable":true,"href":"https:\/\/goias.gov.br\/agehab\/wp-json\/wp\/v2\/categories?post=17735"},{"taxonomy":"post_tag","embeddable":true,"href":"https:\/\/goias.gov.br\/agehab\/wp-json\/wp\/v2\/tags?post=17735"}],"curies":[{"name":"wp","href":"https:\/\/api.w.org\/{rel}","templated":true}]}}