

{"id":9847,"date":"2019-06-24T08:52:04","date_gmt":"2019-06-24T11:52:04","guid":{"rendered":"http:\/\/localhost\/multisites\/sead\/2019\/06\/24\/gabinete-particular-do-governador-2\/"},"modified":"2026-04-13T07:44:12","modified_gmt":"2026-04-13T10:44:12","slug":"gabinete-particular-do-governador","status":"publish","type":"post","link":"https:\/\/goias.gov.br\/administracao\/gabinete-particular-do-governador\/","title":{"rendered":"GABINETE PARTICULAR DO GOVERNADOR"},"content":{"rendered":"<div class=\"body\">\n<table style=\"margin: 0px;padding: 0px;width: 94.9483%;color: #000000;text-transform: none;text-indent: 0px;letter-spacing: normal;font-family: open_sansregular, 'Open Sans', Arial, Helvetica, sans-serif;font-size: 14px;font-style: normal;font-weight: 400;vertical-align: baseline;border-collapse: collapse;max-width: 100%;border-spacing: 0px;background-color: #ffffff;height: 107px\" border=\"1\" cellspacing=\"1\" cellpadding=\"1\">\n<tbody style=\"margin: 0px;padding: 0px;vertical-align: baseline\">\n<tr style=\"margin: 0px;padding: 0px;vertical-align: baseline\">\n<td style=\"margin: 0px;padding: 5px 10px;text-align: right;vertical-align: top;width: 793px;height: 18px\" colspan=\"8\"><a style=\"margin: 0px;padding: 0px;color: #0088cc;text-decoration: none;vertical-align: baseline\" href=\"https:\/\/goias.gov.br\/administracao\/fale-conosco\/\"><span style=\"margin: 0px;padding: 0px;color: #0000ff;vertical-align: baseline\">Fale Conosco<\/span><\/a><\/td>\n<\/tr>\n<tr style=\"height: 89px\">\n<td style=\"background-color: #ff9900;width: 39px;height: 89px\" align=\"center\" valign=\"middle\"><strong><a title=\"P\u00e1gina inicial do SIGA - Sistema de Gest\u00e3o Administrativa.\" href=\"https:\/\/goias.gov.br\/administracao\/siga-eng\/\">SIGA<\/a><\/strong><\/td>\n<td style=\"width: 109px;background-color: #bbe8ff;height: 89px\" align=\"center\" valign=\"middle\"><a title=\"Integrada por \u00f3rg\u00e3os de assessoramento e aux\u00edlio direto ao Chefe do Poder Executivo.\" href=\"https:\/\/goias.gov.br\/administracao\/siga-governadoria\/\">Governadoria<\/a><\/td>\n<td style=\"width: 109px;background-color: #bbe8ff;height: 89px\" align=\"center\" valign=\"middle\"><a title=\"Exerce compet\u00eancias constitucionais, legais e regulamentares de aux\u00edlio ao Governador.\" href=\"https:\/\/goias.gov.br\/administracao\/vg-1\/\">Vice-Governadoria<\/a><\/td>\n<td style=\"width: 95px;background-color: #bbe8ff;height: 89px\" align=\"center\" valign=\"middle\"><a title=\"\u00d3rg\u00e3os de primeiro escal\u00e3o, respons\u00e1veis pela supervis\u00e3o e articula\u00e7\u00e3o das atividades das respectivas \u00e1reas de atua\u00e7\u00e3o, cabendo-lhes especificamente exercerem dentro do seu espa\u00e7o institucional, pol\u00edtico e administrativo, a formula\u00e7\u00e3o das pol\u00edticas e diretrizes, a coordena\u00e7\u00e3o de sua execu\u00e7\u00e3o e a supervis\u00e3o geral das entidades jurisdicionadas.\" href=\"https:\/\/goias.gov.br\/administracao\/siga-secretarias\/\">Secretarias<\/a><\/td>\n<td style=\"width: 163px;background-color: #bbe8ff;height: 89px\" align=\"center\" valign=\"middle\"><a title=\"Entidades com personalidade jur\u00eddica de direito p\u00fablico, patrim\u00f4nio e receita pr\u00f3prios e capacidade de auto-administra\u00e7\u00e3o sob controle estatal, para executar atividades e servi\u00e7os do Poder P\u00fablico que, para melhor desempenho, requeiram gest\u00e3o administrativa e financeira descentralizada.\" href=\"https:\/\/goias.gov.br\/administracao\/siga-agencias\/\">Ag\u00eancias\/Autarquias<\/a><\/td>\n<td style=\"width: 89px;background-color: #bbe8ff;height: 89px\" align=\"center\" valign=\"middle\"><a title=\"Entidade com personalidade jur\u00eddica de direito p\u00fablico, patrim\u00f4nio e receita pr\u00f3prios e capacidade de auto-administra\u00e7\u00e3o, sob controle estatal, para desenvolver atividades assistenciais, culturais, educacionais, de estudos e pesquisas, ou de apoio \u00e0s referidas atividades\" href=\"https:\/\/goias.gov.br\/administracao\/fundacao-de-amparo-a-pesquisa-do-estado-de-goias-fapeg-dados-gerais\/\">Funda\u00e7\u00e3o<\/a><\/td>\n<td style=\"width: 97px;background-color: #bbe8ff;height: 89px\" align=\"center\" valign=\"middle\"><a href=\"https:\/\/goias.gov.br\/administracao\/siga-sociedades\/\">Sociedades de Economia Mista<\/a><\/td>\n<td style=\"width: 92px;background-color: #bbe8ff;height: 89px\" align=\"center\" valign=\"middle\"><a title=\"\u00d3rg\u00e3os colegiados, que atuam e decidem pela manifesta\u00e7\u00e3o conjunta e majorit\u00e1ria da vontade de seus membros compostos por representantes do Poder P\u00fablico e da sociedade civil. S\u00e3o de natureza normativa, deliberativa, consultiva ou fiscalizadora.\" href=\"https:\/\/goias.gov.br\/administracao\/siga-conselhos\/\">Conselhos Estaduais<\/a><\/td>\n<\/tr>\n<\/tbody>\n<\/table>\n<\/div>\n<p><strong>GABINETE PARTICULAR DO GOVERNADOR :<\/strong><\/p>\n<p><u><a id=\"\" title=\"\" href=\"https:\/\/goias.gov.br\/administracao\/wp-content\/uploads\/sites\/27\/2019\/06\/GOVERNADORIA-2.pdf\">Organograma<\/a><\/u><\/p>\n<h3><span style=\"color: #008000\">Governador<\/span><\/h3>\n<p><strong>Daniel Elias Carvalho Vilela<br \/>\n<\/strong>Rua 82, n\u00ba 400 Ed. Pal\u00e1cio Pedro Ludovico Teixeira, 4\u00ba andar<br \/>\nSetor Central \u2013 Goi\u00e2nia\/GO \u2013 CEP: 74.015-908<br \/>\nE-mail: <a href=\"mailto:gabinete.vicegovernadoria@goias.gov.br\">gabinete.vicegovernadoria@goias.gov.br<\/a><br \/>\nTelefone: (62) 3201-5424<br \/>\nSite: <a href=\"https:\/\/goias.gov.br\/vicegovernadoria\/\">Vice-Governadoria<\/a><\/p>\n<h3><span style=\"color: #008000\">Vice-governador<\/span><\/h3>\n<h3><span style=\"color: #0000ff\">Dados Gerais<\/span><\/h3>\n<p><strong>Chefe de Gabinete Particular do Governador:\u00a0<\/strong>Alex\u00a0Godinho\u00a0Martins<\/p>\n<p>Rua 82, n\u00ba 400 Ed. Pal\u00e1cio Pedro Ludovico Teixeira, 10\u00ba Andar, Ala Oeste<br \/>\nSetor Central \u2013 Goi\u00e2nia\/GO \u2013 CEP: 74.015-908<br \/>\nTelefone: (62) 3270-8906<br \/>\nHor\u00e1rio de Funcionamento: de segunda a sexta-feira, das 8h \u00e0s 12h e das 14h \u00e0s 18h.<\/p>\n<ul>\n<li><strong>Para Agendamentos: <\/strong><a href=\"mailto:gabinete.governador@goias.br\">gabinete.governador@goias.br<\/a><\/li>\n<li><strong>Para Convites: <\/strong><a href=\"mailto:relacoespublicas@governadoria.go.gov.br\">relacoespublicas@governadoria.go.gov.br<\/a><\/li>\n<li><strong>Para Documenta\u00e7\u00e3o: <\/strong><a href=\"mailto:sec.geral@governadoria.go.gov.br\">sec.geral@governadoria.go.gov.br<\/a><\/li>\n<\/ul>\n<h3><span style=\"color: #0000ff\">Compet\u00eancias<\/span><\/h3>\n<p><strong>Fonte:\u00a0<\/strong><a href=\"https:\/\/legisla.casacivil.go.gov.br\/pesquisa_legislacao\/106749\/lei-21792\" target=\"_blank\" rel=\"noopener\">Lei n\u00ba 21,792 de 16 de Fevereiro de 2023.<\/a><\/p>\n<p>Art. 13. Ao Gabinete Particular do Governador compete:<\/p>\n<p>I \u2013 a elabora\u00e7\u00e3o da agenda institucional do Governador do Estado e a sua coordena\u00e7\u00e3o;<\/p>\n<p>II \u2013 o exerc\u00edcio das atividades de secretariado particular do Governador do Estado;<\/p>\n<p>III \u2013 a organiza\u00e7\u00e3o do acervo documental privado do Governador do Estado.<\/p>\n<p align=\"right\"><em>Lei n\u00ba 20.491, de 25 de junho de 2019.<\/em><\/p>\n<p align=\"right\"><em>______________________________________________________________<\/em><\/p>\n<h3><span style=\"color: #0000ff\">Legisla\u00e7\u00e3o<\/span><\/h3>\n<p><u><b>&#8211; 2019-2020<\/b><\/u><\/p>\n<p><u><a href=\"https:\/\/goias.gov.br\/administracao\/wp-content\/uploads\/sites\/27\/files\/GGC\/Decreto9751.pdf\" target=\"_blank\" rel=\"noopener\">&#8211; Decreto b\u00ba 9.751, de 30 de novembro de 2020<\/a><\/u>\u00a0&#8211; Disp\u00f5e sobre as medidas de gest\u00e3o de pessoas do Poder Executivo do Estado de Goi\u00e1s durante a situa\u00e7\u00e3o de emerg\u00eancia em sa\u00fade p\u00fablica.<\/p>\n<p><u><a href=\"https:\/\/legisla.casacivil.go.gov.br\/pesquisa_legislacao\/103481\/lei-20880\" target=\"_blank\" rel=\"noopener\">&#8211; Lei n\u00ba 20.880, de 15 de Outubro de 2020<\/a><\/u>\u00a0&#8211; Institui a Pol\u00edtica Estadual Emergencial de Enfrentamento \u00e0 COVID-19, no \u00e2mbito dos territ\u00f3rios ind\u00edgenas e quilombolas.<\/p>\n<p>&#8211; <u><a href=\"https:\/\/goias.gov.br\/administracao\/wp-content\/uploads\/sites\/27\/2019\/06\/Resolucao0012020Governadoria-d01.pdf\" target=\"_blank\" rel=\"noopener\">Resolu\u00e7\u00e3o 001\/2020, de 04 de Setembro de 2020<\/a><\/u> &#8211; Disp\u00f5e sobre o funcionamento e atividades do Conselho de Governo do Estado de Goi\u00e1s, criado pela Lei n\u00ba 20.491, de 25 de julho de 2019.<\/p>\n<p><u><a href=\"https:\/\/legisla.casacivil.go.gov.br\/pesquisa_legislacao\/103300\/lei-20820\" target=\"_blank\" rel=\"noopener\">&#8211; Lei n\u00ba 20.820, de 04 de agosto de 2020<\/a><\/u>\u00a0&#8211; Altera a Lei n\u00ba 20.491, de 25 de junho de 2019, que estabelece a organiza\u00e7\u00e3o administrativa do Poder Executivo e d\u00e1 outras provid\u00eancias.<\/p>\n<p><u><a href=\"https:\/\/legisla.casacivil.go.gov.br\/pesquisa_legislacao\/103420\/decreto-9711\" target=\"_blank\" rel=\"noopener\">&#8211; Decreto n\u00ba 9.711, de 10 de setembro de 2020<\/a><\/u>\u00a0&#8211; Prorroga os prazos de que tratam os Decretos n\u00ba 9.634, de 13 de mar\u00e7o de 2020, e n\u00ba 9.653, de 19 de abril de 2020.<\/p>\n<p><u><a href=\"https:\/\/legisla.casacivil.go.gov.br\/pesquisa_legislacao\/103353\/lei-20846\" target=\"_blank\" rel=\"noopener\">&#8211; Lei N\u00ba 20.846, de 02 de setembro de 2020<\/a><\/u>\u00a0&#8211; Institui a Pol\u00edtica Estadual de Atendimento ao Cidad\u00e3o e cria o Programa SIMPLIFICA GOI\u00c1S.<\/p>\n<p><u><a href=\"https:\/\/legisla.casacivil.go.gov.br\/pesquisa_legislacao\/103300\/lei-20820\" target=\"_blank\" rel=\"noopener\">&#8211; Lei n\u00ba 20.820, de 04 de agosto de 2020<\/a><\/u>\u00a0&#8211; Altera a Lei n\u00ba 20.491, de 25 de junho de 2019, que estabelece a organiza\u00e7\u00e3o administrativa do Poder Executivo e d\u00e1 outras provid\u00eancias.<\/p>\n<p><u><a href=\"https:\/\/legisla.casacivil.go.gov.br\/pesquisa_legislacao\/103296\/decreto-9700\" target=\"_blank\" rel=\"noopener\">&#8211; Decreto n\u00ba 9.700, de 27 de julho de 2020<\/a><\/u>\u00a0&#8211; Altera o sistema de revezamento implementado no art. 2\u00ba do Decreto n\u00ba 9.653, de 19 de abril de 2020, com a reda\u00e7\u00e3o dada pelo Decreto n\u00ba 9.685, de 29 de junho de 2020.<\/p>\n<p><u><a href=\"https:\/\/legisla.casacivil.go.gov.br\/pesquisa_legislacao\/103251\/decreto-9685\" target=\"_blank\" rel=\"noopener\">&#8211; Decreto n\u00ba 9.685, de 29 de junho de 2020<\/a><\/u>\u00a0&#8211; Altera o Decreto n\u00ba 9.653, de 19 de abril de 2020.<\/p>\n<p><u><a href=\"https:\/\/goias.gov.br\/administracao\/wp-content\/uploads\/sites\/27\/files\/GEMOG\/Decreto9670.pdf\" target=\"_blank\" rel=\"noopener\">&#8211; Decreto\u00a0N\u00ba\u00a09.670, de\u00a002 de\u00a0junho\u00a0de\u00a02020<\/a><\/u>\u00a0-Declara situa\u00e7\u00e3o de risco de emerg\u00eancia h\u00eddrica nas Bacias Hidrogr\u00e1ficas do Alto Rio Meia Ponte e do Ribeir\u00e3o Pianc\u00f3 e define a\u00e7\u00f5es para garantir o uso priorit\u00e1rio da \u00e1gua.<\/p>\n<p><u><a href=\"https:\/\/legisla.casacivil.go.gov.br\/pesquisa_legislacao\/103178\" target=\"_blank\" rel=\"noopener\">&#8211; Decreto N\u00ba 9.668, de 28 de maio de 2020<\/a><\/u>\u00a0&#8211; Institui o Portal Goi\u00e1s Digital, determina aos \u00f3rg\u00e3os da Administra\u00e7\u00e3o P\u00fablica estadual a atualiza\u00e7\u00e3o urgente das suas Cartas de Servi\u00e7os, no contexto da pandemia do novo coronav\u00edrus (COVID-19) e d\u00e1 outras provid\u00eancias.<\/p>\n<p><u><a href=\"http:\/\/www.gabinetecivil.go.gov.br\/pagina_decretos.php?id=21054\" target=\"_blank\" rel=\"noopener\">&#8211; Decreto N\u00ba 9.628, de 10 de Mar\u00e7o de 2020<\/a><\/u>, &#8211; Disp\u00f5e sobre o procedimento para loca\u00e7\u00e3o de im\u00f3vel pelos \u00f3rg\u00e3os da administra\u00e7\u00e3o p\u00fablica direta e pelas entidades aut\u00e1rquicas e fundacionais do Poder Executivo do Estado de Goi\u00e1s.<\/p>\n<p><u><a href=\"http:\/\/www.gabinetecivil.go.gov.br\/pagina_leis.php?id=24004\" target=\"_blank\" rel=\"noopener\">&#8211; Lei N\u00ba 20.756, de 28 de janeiro de 2020,<\/a><\/u>\u00a0&#8211; Disp\u00f5e sobre o regime jur\u00eddico dos servidores p\u00fablicos civis do Estado de Goi\u00e1s, das autarquias e funda\u00e7\u00f5es p\u00fablicas estaduais, e d\u00e1 outras provid\u00eancias.<\/p>\n<p><u><a href=\"https:\/\/goias.gov.br\/administracao\/wp-content\/uploads\/sites\/27\/files\/Decreto9572.pdf\" target=\"_blank\" rel=\"noopener\">&#8211; Decreto n\u00ba 9.572, de 05 de dezembro de 2019,<\/a><\/u>&#8211; Disp\u00f5e sobre o Sistema de Correi\u00e7\u00e3o do Poder Executivo do Estado de Goi\u00e1s &#8211; SISCOR\/GO.<\/p>\n<p><u><a href=\"https:\/\/goias.gov.br\/administracao\/wp-content\/uploads\/sites\/27\/files\/Decreto9573.pdf\" target=\"_blank\" rel=\"noopener\">&#8211; Decreto n\u00ba 9.573, de 05 de dezembro de 2019,<\/a><\/u>&#8211; Regulamenta, no \u00e2mbito do Poder Executivo estadual, a Lei n\u00ba 18.672, de 13 de novembro de 2014, que disp\u00f5e sobre a responsabiliza\u00e7\u00e3o administrativa e civil de pessoas jur\u00eddicas pela pr\u00e1tica de atos contra a administra\u00e7\u00e3o p\u00fablica do Estado de Goi\u00e1s, e d\u00e1 outras provid\u00eancias.<\/p>\n<p><u><a href=\"https:\/\/goias.gov.br\/administracao\/wp-content\/uploads\/sites\/27\/files\/Decreto9574.pdf\" target=\"_blank\" rel=\"noopener\">&#8211; Decreto n\u00ba 9.574, de 05 de dezembro de 2019,<\/a><\/u><a title=\"\" href=\"https:\/\/goias.gov.br\/administracao\/wp-content\/uploads\/sites\/27\/files\/Decreto9574.pdf\" target=\"\" rel=\"noopener\">\u00a0<\/a>&#8211; Disp\u00f5e sobre a Carta de Servi\u00e7os ao Cidad\u00e3o e d\u00e1 outras provid\u00eancias.<\/p>\n<p><u><a href=\"https:\/\/goias.gov.br\/administracao\/wp-content\/uploads\/sites\/27\/files\/Decreto9566.pdf\" target=\"_blank\" rel=\"noopener\">&#8211; Decreto n\u00ba 9.566, de 25 de novembro de 2019,<\/a><\/u>\u00a0&#8211; Regulamenta a gest\u00e3o das Fun\u00e7\u00f5es Comissionadas no \u00e2mbito do Poder Executivo estadual.<br \/>\n.<br \/>\n<a href=\"http:\/\/www.gabinetecivil.go.gov.br\/pagina_leis.php?id=23592\" target=\"_blank\" rel=\"noopener\">Lei n\u00ba 20.491, de 25 de junho de 2019<\/a>\u00a0&#8211; Estabelece a organiza\u00e7\u00e3o administrativa do Poder Executivo e d\u00e1 outras provid\u00eancias.<\/p>\n<p><a href=\"https:\/\/goias.gov.br\/administracao\/wp-content\/uploads\/sites\/27\/files\/GEMOG\/DecretoNo9434.pdf\" target=\"_blank\" rel=\"noopener\"><u>&#8211; Decreto No 9.434, de 25 de Abril de 2019<\/u><\/a> &#8211; Estabelece diretrizes para a elabora\u00e7\u00e3o do Plano Plurianual 2020-2023 e cria grupo de trabalho que especifica.<\/p>\n<p><strong><a>Voltar<\/a><\/strong><\/p>\n<p style=\"margin: 0px 0px 10px;padding: 0px;line-height: 1.75em;vertical-align: baseline\">\n","protected":false},"excerpt":{"rendered":"<p>Fale Conosco SIGA Governadoria Vice-Governadoria Secretarias Ag\u00eancias\/Autarquias Funda\u00e7\u00e3o Sociedades de Economia Mista Conselhos Estaduais GABINETE PARTICULAR DO GOVERNADOR : Organograma Governador Daniel Elias Carvalho Vilela Rua 82, n\u00ba 400 Ed. Pal\u00e1cio Pedro Ludovico Teixeira, 4\u00ba andar Setor Central \u2013 Goi\u00e2nia\/GO \u2013 CEP: 74.015-908 E-mail: gabinete.vicegovernadoria@goias.gov.br Telefone: (62) 3201-5424 Site: Vice-Governadoria Vice-governador Dados Gerais Chefe de [&hellip;]<\/p>\n","protected":false},"author":54,"featured_media":0,"comment_status":"closed","ping_status":"open","sticky":false,"template":"","format":"standard","meta":{"footnotes":""},"categories":[2],"tags":[],"class_list":["post-9847","post","type-post","status-publish","format-standard","hentry","category-institucional"],"rttpg_featured_image_url":null,"rttpg_author":{"display_name":"hosanagodoy","author_link":"https:\/\/goias.gov.br\/administracao\/author\/hosanagodoy\/"},"rttpg_comment":0,"rttpg_category":"<a href=\"https:\/\/goias.gov.br\/administracao\/categoria\/institucional\/\" rel=\"category tag\">Institucional<\/a>","rttpg_excerpt":"Fale Conosco SIGA Governadoria Vice-Governadoria Secretarias Ag\u00eancias\/Autarquias Funda\u00e7\u00e3o Sociedades de Economia Mista Conselhos Estaduais GABINETE PARTICULAR DO GOVERNADOR : Organograma Governador Daniel Elias Carvalho Vilela Rua 82, n\u00ba 400 Ed. Pal\u00e1cio Pedro Ludovico Teixeira, 4\u00ba andar Setor Central \u2013 Goi\u00e2nia\/GO \u2013 CEP: 74.015-908 E-mail: gabinete.vicegovernadoria@goias.gov.br Telefone: (62) 3201-5424 Site: Vice-Governadoria Vice-governador Dados Gerais Chefe de&hellip;","_links":{"self":[{"href":"https:\/\/goias.gov.br\/administracao\/wp-json\/wp\/v2\/posts\/9847","targetHints":{"allow":["GET"]}}],"collection":[{"href":"https:\/\/goias.gov.br\/administracao\/wp-json\/wp\/v2\/posts"}],"about":[{"href":"https:\/\/goias.gov.br\/administracao\/wp-json\/wp\/v2\/types\/post"}],"author":[{"embeddable":true,"href":"https:\/\/goias.gov.br\/administracao\/wp-json\/wp\/v2\/users\/54"}],"replies":[{"embeddable":true,"href":"https:\/\/goias.gov.br\/administracao\/wp-json\/wp\/v2\/comments?post=9847"}],"version-history":[{"count":2,"href":"https:\/\/goias.gov.br\/administracao\/wp-json\/wp\/v2\/posts\/9847\/revisions"}],"predecessor-version":[{"id":226483,"href":"https:\/\/goias.gov.br\/administracao\/wp-json\/wp\/v2\/posts\/9847\/revisions\/226483"}],"wp:attachment":[{"href":"https:\/\/goias.gov.br\/administracao\/wp-json\/wp\/v2\/media?parent=9847"}],"wp:term":[{"taxonomy":"category","embeddable":true,"href":"https:\/\/goias.gov.br\/administracao\/wp-json\/wp\/v2\/categories?post=9847"},{"taxonomy":"post_tag","embeddable":true,"href":"https:\/\/goias.gov.br\/administracao\/wp-json\/wp\/v2\/tags?post=9847"}],"curies":[{"name":"wp","href":"https:\/\/api.w.org\/{rel}","templated":true}]}}