

{"id":9828,"date":"2020-08-12T09:52:20","date_gmt":"2020-08-12T12:52:20","guid":{"rendered":"http:\/\/localhost\/multisites\/sead\/2020\/08\/12\/em-artigo-superintendente-vania-de-carvalho-marcal-explica-as-transformacoes-no-servico-publico-apos-a-reforma-administrativa\/"},"modified":"2023-10-18T15:35:36","modified_gmt":"2023-10-18T18:35:36","slug":"em-artigo-superintendente-vania-de-carvalho-marcal-explica-as-transformacoes-no-servico-publico-apos-a-reforma-administrativa","status":"publish","type":"post","link":"https:\/\/goias.gov.br\/administracao\/em-artigo-superintendente-vania-de-carvalho-marcal-explica-as-transformacoes-no-servico-publico-apos-a-reforma-administrativa\/","title":{"rendered":"Em artigo, superintendente V\u00e2nia de Carvalho Mar\u00e7al explica as transforma\u00e7\u00f5es no servi\u00e7o p\u00fablico ap\u00f3s a Reforma Administrativa"},"content":{"rendered":"<p><img fetchpriority=\"high\" decoding=\"async\" class=\" size-full wp-image-9827\" src=\"https:\/\/goias.gov.br\/administracao\/wp-content\/uploads\/sites\/27\/2020\/08\/12-08-44d.png\" alt=\"\" width=\"750\" height=\"2120\" srcset=\"https:\/\/goias.gov.br\/administracao\/wp-content\/uploads\/sites\/27\/2020\/08\/12-08-44d.png 750w, https:\/\/goias.gov.br\/administracao\/wp-content\/uploads\/sites\/27\/2020\/08\/12-08-44d-106x300.png 106w, https:\/\/goias.gov.br\/administracao\/wp-content\/uploads\/sites\/27\/2020\/08\/12-08-44d-362x1024.png 362w, https:\/\/goias.gov.br\/administracao\/wp-content\/uploads\/sites\/27\/2020\/08\/12-08-44d-543x1536.png 543w, https:\/\/goias.gov.br\/administracao\/wp-content\/uploads\/sites\/27\/2020\/08\/12-08-44d-725x2048.png 725w\" sizes=\"(max-width: 750px) 100vw, 750px\" \/><\/p>\n<p style=\"text-align: justify;\">A superintendente Central de Transforma&ccedil;&atilde;o da Gest&atilde;o P&uacute;blica, V&acirc;nia de Carvalho Mar&ccedil;al Bareicha, em artigo publicado no Blog do Centro de Lideran&ccedil;a P&uacute;blica (CLP), explica como a atual gest&atilde;o do governador Ronaldo Caiado vem ampliando a Reforma Administrativa para implementar novas pol&iacute;ticas p&uacute;blicas, desenvolver uma gest&atilde;o mais colaborativa e modernizar os servi&ccedil;os prestados aos goianos.<\/p>\n<p style=\"text-align: justify;\">Esse &eacute; o primeiro artigo de uma s&eacute;rie de tr&ecirc;s que ser&atilde;o veiculados no Blog CLP durante as pr&oacute;ximas semanas. Todos visando mostrar as transforma&ccedil;&otilde;es&nbsp;provocadas pela Reforma Administrativa para a popula&ccedil;&atilde;o do Estado de Goi&aacute;s.<br \/>\n.<br \/>\n<strong>Leia o <a href=\"https:\/\/www.clp.org.br\/jornada-de-transformacao-dos-servicos-publicos-arranjos-institucionais-mlg2\/\">artigo<\/a> na &iacute;ntegra:<\/strong><\/p>\n<h3 style=\"text-align: justify;\"><strong>Jornada de Transforma&ccedil;&atilde;o dos Servi&ccedil;os P&uacute;blicos em Goi&aacute;s: Reforma Administrativa<\/strong><\/h3>\n<p style=\"text-align: justify;\">Ao longo desse percurso, foram sugeridas um conjunto de t&eacute;cnicas e boas pr&aacute;ticas de gest&atilde;o a serem implantadas pelos &oacute;rg&atilde;os e entidades estaduais, em etapas definidas, com objetivo de incrementar a sua maturidade de gest&atilde;o e da sua presta&ccedil;&atilde;o dos servi&ccedil;os p&uacute;blicos, atrav&eacute;s da inova&ccedil;&atilde;o e digitaliza&ccedil;&atilde;o dos processos institucionais e de atendimento do cidad&atilde;o.<br \/>\nO Estado de Goi&aacute;s entende que toda e qualquer transforma&ccedil;&atilde;o &eacute; feita por pessoas. No caso, pelos servidores p&uacute;blicos. Assim, a Jornada de Transforma&ccedil;&atilde;o dos Servi&ccedil;os P&uacute;blicos pretende:<br \/>\n&bull;&nbsp;&nbsp; &nbsp;Promover a governan&ccedil;a p&uacute;blica com foco na raz&atilde;o de existir do servi&ccedil;o p&uacute;blico e suas estruturas;<br \/>\n&bull;&nbsp;&nbsp; &nbsp;Promover uma gest&atilde;o coordenada e simplificada dos processos de trabalho e dos servi&ccedil;os para entregar mais valor ao cidad&atilde;o;<br \/>\n&bull;&nbsp;&nbsp; &nbsp;Promover uma mudan&ccedil;a cultural na maneira de operar os processos institucionais e de atendimento ao cidad&atilde;o;<br \/>\n&bull;&nbsp;&nbsp; &nbsp;Evoluir a maturidade de gest&atilde;o e da presta&ccedil;&atilde;o dos servi&ccedil;os dos &oacute;rg&atilde;os\/ entidades estaduais;<br \/>\n&bull;&nbsp;&nbsp; &nbsp;Reduzir gastos &agrave; medida em que otimiza e integra ferramentas, processos e pessoas;<br \/>\n&bull;&nbsp;&nbsp; &nbsp;Utilizar a tecnologia para dar escala e garantir acessibilidade aos servi&ccedil;os p&uacute;blicos;<br \/>\n&bull;&nbsp;&nbsp; &nbsp;Executar experi&ecirc;ncias de transforma&ccedil;&atilde;o de gest&atilde;o que impactem diretamente o cidad&atilde;o;<br \/>\n&bull;&nbsp;&nbsp; &nbsp;Inovar legisla&ccedil;&otilde;es obsoletas e sobrepostas, de forma a facilitar o entendimento e a execu&ccedil;&atilde;o;<br \/>\n&bull;&nbsp;&nbsp; &nbsp;Melhorar a intera&ccedil;&atilde;o do Estado com o cidad&atilde;o;<br \/>\n&bull;&nbsp;&nbsp; &nbsp;Resgatar a confian&ccedil;a do cidad&atilde;o no servi&ccedil;o p&uacute;blico.<br \/>\n&nbsp;<br \/>\n<strong>Reforma administrativa prev&ecirc; melhores servi&ccedil;os p&uacute;blicos<\/strong><br \/>\n&nbsp;<br \/>\nOs arranjos institucionais criados na administra&ccedil;&atilde;o p&uacute;blica impactam diretamente na formula&ccedil;&atilde;o e implementa&ccedil;&atilde;o de pol&iacute;ticas p&uacute;blicas. Aprofundar o entendimento sobre como a administra&ccedil;&atilde;o p&uacute;blica est&aacute; se organizando para apoiar seus programas, a&ccedil;&otilde;es e projetos &eacute; um tema que merece destaque.<br \/>\n&Eacute; uma tem&aacute;tica complexa e estritamente relacionada ao conceito de intersetorialidade. Ela ocupa lugar de &ecirc;nfase na agenda das pol&iacute;ticas, em raz&atilde;o da complexidade que cerca a quest&atilde;o. Consequ&ecirc;ncia do agravamento das incapacidade de gest&atilde;o e da baixa efetividade na entrega de valor ao cidad&atilde;o, o que culmina com a restri&ccedil;&atilde;o &agrave; garantia dos seus direitos.<br \/>\n&nbsp;<br \/>\n<strong>Os arranjos institucionais no Estado de Goi&aacute;s<\/strong><br \/>\n&nbsp;<br \/>\nNeste contexto, o Governo de Goi&aacute;s instituiu um novo arranjo institucional para a Administra&ccedil;&atilde;o P&uacute;blica em junho de 2019, atrav&eacute;s da Lei Estadual da Organiza&ccedil;&atilde;o Administrativa n&ordm; 20.491. Para coordenar este trabalho, foi criado um grupo de trabalho de servidores efetivos da Secretaria de Estado da Administra&ccedil;&atilde;o, Secretaria de Estado da Casa Civil e da Procuradoria do Estado de Goi&aacute;s (GT Reforma Administrativa).<\/p>\n<p style=\"text-align: justify;\">Ele foi respons&aacute;vel por realizar um estudo t&eacute;cnico aprofundado a fim de identificar ajustes que permitissem a proposi&ccedil;&atilde;o de uma estrutura mais enxuta administrativamente e financeiramente, com um custo menor para o Estado e &agrave; luz da diretriz governamental, o Plano de Governo Ronaldo Caiado. Orientados a esse pensamento, o trabalho trouxe diversas inova&ccedil;&otilde;es e permitiu o enxugamento de 20% de custos com a m&aacute;quina p&uacute;blica.<br \/>\n&Eacute; importante destacar que o GT Reforma Administrativa coordenou diversas discuss&otilde;es com foco em criar estruturas organizacionais orientadas aos processos de neg&oacute;cio. Isto &eacute;, observando o valor que cada ente p&uacute;blico entrega &agrave; sociedade.<br \/>\n&nbsp;<br \/>\n<strong>Gest&atilde;o integrada e colaborativa<\/strong><br \/>\n&nbsp;<br \/>\nEm termos de gest&atilde;o, os ganhos foram enormes. Criou a padroniza&ccedil;&atilde;o de nomenclaturas e de atribui&ccedil;&otilde;es das unidades b&aacute;sicas e complementares, exclus&atilde;o de estruturas com sobreposi&ccedil;&atilde;o de atribui&ccedil;&otilde;es e com redund&acirc;ncias de compet&ecirc;ncias, evitando assim futuras duplicidades de atua&ccedil;&atilde;o e desperd&iacute;cios de esfor&ccedil;os, e recursos p&uacute;blicos na implementa&ccedil;&atilde;o de pol&iacute;ticas p&uacute;blicas que entregam valor ao cidad&atilde;o.<br \/>\nHouve tamb&eacute;m a oportunidade de fortalecer as estruturas das &aacute;reas centrais de neg&oacute;cio para torn&aacute;-las aptas a exercerem seu papel principal, o de serem indutoras das pol&iacute;ticas p&uacute;blicas de gest&atilde;o no Estado. Vale destacar que o objetivo principal desse pensamento foi o de promover uma gest&atilde;o integrada no Estado por meio da cria&ccedil;&atilde;o de um ambiente colaborativo e em formato de rede de transforma&ccedil;&atilde;o.<\/p>\n<p style=\"text-align: justify;\"><em><strong>V&acirc;nia de Carvalho Mar&ccedil;al Bareicha &#8211; Superintendente Central de Transforma&ccedil;&atilde;o da Gest&atilde;o P&uacute;blica<\/strong><\/em><\/p>\n","protected":false},"excerpt":{"rendered":"<p>A superintendente Central de Transforma&ccedil;&atilde;o da Gest&atilde;o P&uacute;blica, V&acirc;nia de Carvalho Mar&ccedil;al Bareicha, em artigo publicado no Blog do Centro de Lideran&ccedil;a P&uacute;blica (CLP), explica como a atual gest&atilde;o do governador Ronaldo Caiado vem ampliando a Reforma Administrativa para implementar novas pol&iacute;ticas p&uacute;blicas, desenvolver uma gest&atilde;o mais colaborativa e modernizar os servi&ccedil;os prestados aos goianos. [&hellip;]<\/p>\n","protected":false},"author":58,"featured_media":9826,"comment_status":"closed","ping_status":"open","sticky":false,"template":"","format":"standard","meta":{"footnotes":""},"categories":[121],"tags":[],"class_list":["post-9828","post","type-post","status-publish","format-standard","has-post-thumbnail","hentry","category-noticias-novas"],"rttpg_featured_image_url":{"full":["https:\/\/goias.gov.br\/administracao\/wp-content\/uploads\/sites\/27\/2020\/08\/12-08Vania-567.jpeg",750,459,false],"landscape":["https:\/\/goias.gov.br\/administracao\/wp-content\/uploads\/sites\/27\/2020\/08\/12-08Vania-567.jpeg",750,459,false],"portraits":["https:\/\/goias.gov.br\/administracao\/wp-content\/uploads\/sites\/27\/2020\/08\/12-08Vania-567.jpeg",750,459,false],"thumbnail":["https:\/\/goias.gov.br\/administracao\/wp-content\/uploads\/sites\/27\/2020\/08\/12-08Vania-567-150x150.jpeg",150,150,true],"medium":["https:\/\/goias.gov.br\/administracao\/wp-content\/uploads\/sites\/27\/2020\/08\/12-08Vania-567-300x184.jpeg",300,184,true],"large":["https:\/\/goias.gov.br\/administracao\/wp-content\/uploads\/sites\/27\/2020\/08\/12-08Vania-567.jpeg",750,459,false],"1536x1536":["https:\/\/goias.gov.br\/administracao\/wp-content\/uploads\/sites\/27\/2020\/08\/12-08Vania-567.jpeg",750,459,false],"2048x2048":["https:\/\/goias.gov.br\/administracao\/wp-content\/uploads\/sites\/27\/2020\/08\/12-08Vania-567.jpeg",750,459,false]},"rttpg_author":{"display_name":"gabrielza","author_link":"https:\/\/goias.gov.br\/administracao\/author\/gabrielza\/"},"rttpg_comment":0,"rttpg_category":"<a href=\"https:\/\/goias.gov.br\/administracao\/categoria\/noticias-novas\/\" rel=\"category tag\">Not\u00edcias<\/a>","rttpg_excerpt":"A superintendente Central de Transforma&ccedil;&atilde;o da Gest&atilde;o P&uacute;blica, V&acirc;nia de Carvalho Mar&ccedil;al Bareicha, em artigo publicado no Blog do Centro de Lideran&ccedil;a P&uacute;blica (CLP), explica como a atual gest&atilde;o do governador Ronaldo Caiado vem ampliando a Reforma Administrativa para implementar novas pol&iacute;ticas p&uacute;blicas, desenvolver uma gest&atilde;o mais colaborativa e modernizar os servi&ccedil;os prestados aos goianos.&hellip;","_links":{"self":[{"href":"https:\/\/goias.gov.br\/administracao\/wp-json\/wp\/v2\/posts\/9828","targetHints":{"allow":["GET"]}}],"collection":[{"href":"https:\/\/goias.gov.br\/administracao\/wp-json\/wp\/v2\/posts"}],"about":[{"href":"https:\/\/goias.gov.br\/administracao\/wp-json\/wp\/v2\/types\/post"}],"author":[{"embeddable":true,"href":"https:\/\/goias.gov.br\/administracao\/wp-json\/wp\/v2\/users\/58"}],"replies":[{"embeddable":true,"href":"https:\/\/goias.gov.br\/administracao\/wp-json\/wp\/v2\/comments?post=9828"}],"version-history":[{"count":1,"href":"https:\/\/goias.gov.br\/administracao\/wp-json\/wp\/v2\/posts\/9828\/revisions"}],"predecessor-version":[{"id":15789,"href":"https:\/\/goias.gov.br\/administracao\/wp-json\/wp\/v2\/posts\/9828\/revisions\/15789"}],"wp:featuredmedia":[{"embeddable":true,"href":"https:\/\/goias.gov.br\/administracao\/wp-json\/wp\/v2\/media\/9826"}],"wp:attachment":[{"href":"https:\/\/goias.gov.br\/administracao\/wp-json\/wp\/v2\/media?parent=9828"}],"wp:term":[{"taxonomy":"category","embeddable":true,"href":"https:\/\/goias.gov.br\/administracao\/wp-json\/wp\/v2\/categories?post=9828"},{"taxonomy":"post_tag","embeddable":true,"href":"https:\/\/goias.gov.br\/administracao\/wp-json\/wp\/v2\/tags?post=9828"}],"curies":[{"name":"wp","href":"https:\/\/api.w.org\/{rel}","templated":true}]}}