

{"id":9815,"date":"2011-07-27T05:07:53","date_gmt":"2011-07-27T08:07:53","guid":{"rendered":"http:\/\/localhost\/multisites\/sead\/2011\/07\/27\/fundo-estadual-do-trabalho\/"},"modified":"2023-10-18T16:30:16","modified_gmt":"2023-10-18T19:30:16","slug":"fundo-estadual-do-trabalho","status":"publish","type":"post","link":"https:\/\/goias.gov.br\/administracao\/fundo-estadual-do-trabalho\/","title":{"rendered":"Fundo Estadual do Trabalho \u0096 FET"},"content":{"rendered":"<table border=\"1\" cellpadding=\"1\" cellspacing=\"1\" style=\"width: 100%;\">\n<tbody>\n<tr>\n<td align=\"right\" colspan=\"8\"><strong><a href=\"contatosiga\/ver\"><span style=\"color: rgb(0, 0, 255);\">Fale Conosco<\/span><\/a><\/strong><\/td>\n<\/tr>\n<tr>\n<td align=\"center\" style=\"background-color: rgb(255, 153, 0);\" valign=\"center\"><strong><a href=\"https:\/\/goias.gov.br\/administracao\/siga-eng\/\" title=\"P\u00e1gina inicial do SIGA - Sistema de Gest\u00e3o Administrativa.\">SIGA<\/a><\/strong><\/td>\n<td align=\"center\" style=\"width: 14%; background-color: rgb(187, 232, 255);\" valign=\"center\"><a href=\"https:\/\/goias.gov.br\/administracao\/siga-governadoria\/\" title=\"Integrada por \u00f3rg\u00e3os de assessoramento e aux\u00edlio direto ao Chefe do Poder Executivo.\"><strong>Governadoria<\/strong><\/a><\/td>\n<td align=\"center\" style=\"width: 14%; background-color: rgb(187, 232, 255);\" valign=\"center\"><a href=\"https:\/\/goias.gov.br\/administracao\/vg-1\/\" title=\"Exerce compet\u00eancias constitucionais, legais e regulamentares de aux\u00edlio ao Governador.\"><strong>Vice-Governadoria<\/strong><\/a><\/td>\n<td align=\"center\" style=\"width: 14%; background-color: rgb(187, 232, 255);\" valign=\"center\"><a href=\"https:\/\/goias.gov.br\/administracao\/siga-secretarias\/\" title=\"\u00d3rg\u00e3os de primeiro escal\u00e3o, respons\u00e1veis pela supervis\u00e3o e articula\u00e7\u00e3o das atividades das respectivas \u00e1reas de atua\u00e7\u00e3o, cabendo-lhes especificamente exercerem dentro do seu espa\u00e7o institucional, pol\u00edtico e administrativo, a formula\u00e7\u00e3o das pol\u00edticas e diretrizes, a coordena\u00e7\u00e3o de sua execu\u00e7\u00e3o e a supervis\u00e3o geral das entidades jurisdicionadas.\"><strong>Secretarias<\/strong><\/a><\/td>\n<td align=\"center\" style=\"width: 14%; background-color: rgb(187, 232, 255);\" valign=\"center\"><a href=\"https:\/\/goias.gov.br\/administracao\/siga-agencias\/\" title=\"Entidades com personalidade jur\u00eddica de direito p\u00fablico, patrim\u00f4nio e receita pr\u00f3prios e capacidade de auto-administra\u00e7\u00e3o sob controle estatal, para executar atividades e servi\u00e7os do Poder P\u00fablico que, para melhor desempenho, requeiram gest\u00e3o administrativa e financeira descentralizada.\"><strong>Ag&ecirc;ncias\/Autarquias<\/strong><\/a><\/td>\n<td align=\"center\" style=\"width: 14%; background-color: rgb(187, 232, 255);\" valign=\"center\"><a href=\"?option=com_content&amp;view=article&amp;id=20126\" title=\"Entidade com personalidade jur\u00eddica de direito p\u00fablico, patrim\u00f4nio e receita pr\u00f3prios e capacidade de auto-administra\u00e7\u00e3o, sob controle estatal, para desenvolver atividades assistenciais, culturais, educacionais, de estudos e pesquisas, ou de apoio \u00e0s referidas atividades.\"><strong>Funda&ccedil;&atilde;o<\/strong><\/a><\/td>\n<td align=\"center\" style=\"width: 14%; background-color: rgb(187, 232, 255);\" valign=\"center\"><a href=\"https:\/\/goias.gov.br\/administracao\/siga-sociedades\/\" title=\"Entidades institu\u00eddas sob a forma de sociedade por a\u00e7\u00f5es, tendo em sua denomina\u00e7\u00e3o \u2018Companhia\u2019 ou \u2018S.A.\u2019 (sociedade an\u00f4nima), com o objetivo de realizar atividade econ\u00f4mica ou servi\u00e7o de interesse coletivo.\"><strong>Sociedades de Economia Mista<\/strong><\/a><\/td>\n<td align=\"center\" style=\"width: 14%; background-color: rgb(187, 232, 255);\" valign=\"center\"><a href=\"https:\/\/goias.gov.br\/administracao\/siga-conselhos\/\" title=\"\u00d3rg\u00e3os colegiados, que atuam e decidem pela manifesta\u00e7\u00e3o conjunta e majorit\u00e1ria da vontade de seus membros compostos por representantes do Poder P\u00fablico e da sociedade civil. S\u00e3o de natureza normativa, deliberativa, consultiva ou fiscalizadora.\"><strong>Conselhos Estaduais<\/strong><\/a><\/td>\n<\/tr>\n<\/tbody>\n<\/table>\n<p>&nbsp;<\/p>\n<p><strong>Secretaria de Estado da Retomada<\/strong><\/p>\n<p><a href=\"http:\/\/www.segplan.go.gov.br\/?option=com_content&amp;view=article&amp;id=21344\"><span style=\"color: rgb(0, 0, 255);\"><\/span><\/a><u><a href=\"https:\/\/goias.gov.br\/administracao\/ser\/\">Dados Gerai<\/a>s<\/u>&nbsp;| <u>Regulamento&nbsp;<\/u>|&nbsp;<a href=\"https:\/\/www.retomada.go.gov.br\/acesso-a-informacao\/2-institucional\/444-legisla%C3%A7%C3%A3o-aplic%C3%A1vel-retomada.html\" target=\"_blank\" rel=\"noopener\"><u>Legisla&ccedil;&atilde;o&nbsp;Aplic&aacute;vel <\/u><\/a>&nbsp;| <span style=\"color: rgb(0, 0, 255);\"><u><a href=\"https:\/\/www.administracao.go.gov.br\/?option=com_content&amp;view=article&amp;id=21920\">Fundos<\/a><\/u>&nbsp;<\/span>|&nbsp;<u><a href=\"https:\/\/goias.gov.br\/administracao\/wp-content\/uploads\/sites\/27\/files\/GMO\/RETOMADA25072023.pdf\" target=\"_blank\" title=\"\" rel=\"noopener\">Organograma<\/a><\/u><\/p>\n<p><strong>Fundo Estadual do Trabalho &ndash; FET<\/strong><\/p>\n<p><strong>CNPJ:&nbsp;&nbsp;3<\/strong>5.771.001\/0001-14<\/p>\n<p>&nbsp;<\/p>\n<p><strong>Finalidade:&nbsp;&nbsp;<\/strong><\/p>\n<p>I &ndash; financiamento do SINE, organiza&ccedil;&atilde;o, implementa&ccedil;&atilde;o, manuten&ccedil;&atilde;o, moderniza&ccedil;&atilde;o e gest&atilde;o da rede de atendimento no Estado de Goi&aacute;s;<\/p>\n<p>II &ndash; financiamento total ou parcial de programas, projetos, a&ccedil;&otilde;es e atividades previstos no Plano Estadual de A&ccedil;&otilde;es e Servi&ccedil;os, pactuado no &acirc;mbito do SINE;<\/p>\n<p>III &ndash; fomento ao trabalho, emprego e &agrave; renda, por meio das a&ccedil;&otilde;es previstas nos arts. 8&ordm; e 9&ordm; da Lei n&ordm; 13.667\/2018, sem preju&iacute;zo de outras que lhe sejam atribu&iacute;das pelo CODEFAT, que sejam:<\/p>\n<p>a) habilitar o trabalhador &agrave; percep&ccedil;&atilde;o de seguro-desemprego;<\/p>\n<p>b) intermediar o aproveitamento da m&atilde;o-de-obra;<\/p>\n<p>c) cadastrar os trabalhadores desempregados em sistema informatizado acess&iacute;vel ao conjunto das unidades do SINE;<\/p>\n<p>d) prestar apoio &agrave; certifica&ccedil;&atilde;o profissional;<\/p>\n<p>e) promover orienta&ccedil;&atilde;o e qualifica&ccedil;&atilde;o profissional;<\/p>\n<p>f) prestar assist&ecirc;ncia a trabalhadores resgatados de situa&ccedil;&atilde;o an&aacute;loga &agrave; de escravo;<\/p>\n<p>g) fomentar o empreendedorismo, o cr&eacute;dito para a gera&ccedil;&atilde;o de trabalho, emprego e renda, o microcr&eacute;dito produtivo orientado e o assessoramento t&eacute;cnico ao trabalho aut&ocirc;nomo, autogestion&aacute;rio ou associado;<\/p>\n<p>IV &#8211; pagamento das despesas de custeio com o funcionamento do Conselho Estadual do Trabalho, Emprego e Renda, relacionadas aos objetivos do Fundo;<br \/>\n<a href=\"https:\/\/legisla.casacivil.go.gov.br\/pesquisa_legislacao\/103300\/lei-20820\" target=\"_blank\" rel=\"noopener\">&#8211; Reda&ccedil;&atilde;o dada pela Lei n&ordm; 20.820, de 04-08-2020, Art. 8&ordm;.<\/a><\/p>\n<p><s>IV &ndash; pagamento das despesas de custeio com o funcionamento do Conselho Estadual de Trabalho e Cooperativismo e da Economia Solid&aacute;ria, relacionadas aos objetivos do Fundo;<\/s><\/p>\n<p>V &ndash; pagamento pela presta&ccedil;&atilde;o de servi&ccedil;os &agrave;s entidades conveniadas, p&uacute;blicas ou privadas, para execu&ccedil;&atilde;o de programas e projetos espec&iacute;ficos na &aacute;rea do trabalho;<\/p>\n<p>VI &#8211; pagamento das despesas com funcionamento do respectivo Conselho Estadual do Trabalho, Emprego e Renda, envolvendo custeio e pagamento das despesas conexas aos objetivos do Fundo, exceto as de pessoal;<br \/>\n<a href=\"https:\/\/legisla.casacivil.go.gov.br\/pesquisa_legislacao\/103300\/lei-20820\" target=\"_blank\" rel=\"noopener\">&#8211; Reda&ccedil;&atilde;o dada pela Lei n&ordm; 20.820, de 04-08-2020, Art. 8&ordm;.<\/a><\/p>\n<p><s>VI &ndash; pagamento das despesas com funcionamento do respectivo Conselho Estadual de Trabalho e Cooperativismo e da Economia Solid&aacute;ria, envolvendo custeio e pagamento das despesas conexas aos objetivos do Fundo, exceto as de pessoal;<\/s><\/p>\n<p>VII &ndash; aquisi&ccedil;&atilde;o de material permanente e de consumo, bem como de outros insumos e servi&ccedil;os necess&aacute;rios ao desenvolvimento dos programas e projetos;<\/p>\n<p>VIII &ndash; reforma, amplia&ccedil;&atilde;o, aquisi&ccedil;&atilde;o ou loca&ccedil;&atilde;o de im&oacute;veis para presta&ccedil;&atilde;o de servi&ccedil;os de atendimento ao trabalhador;<\/p>\n<p>IX &ndash; desenvolvimento e aperfei&ccedil;oamento dos instrumentos de gest&atilde;o, planejamento, administra&ccedil;&atilde;o e controle de a&ccedil;&otilde;es e servi&ccedil;os no &acirc;mbito da Pol&iacute;tica Estadual de Trabalho, Emprego e Renda;<\/p>\n<p>X &ndash; custeio, manuten&ccedil;&atilde;o e pagamento das despesas conexas aos objetivos do Fundo, no desenvolvimento de a&ccedil;&otilde;es, servi&ccedil;os e programas afetos ao SINE;<\/p>\n<p>XI &ndash; financiamento de a&ccedil;&otilde;es, programas e projetos previstos nos Planos Municipais de A&ccedil;&otilde;es e Servi&ccedil;os da &aacute;rea de trabalho.<\/p>\n<p><strong>&nbsp;<\/strong><\/p>\n<p>&sect; 1&ordm; Os recursos previstos neste artigo ser&atilde;o depositados em conta especial de titularidade do FET e movimentados com a fiscaliza&ccedil;&atilde;o do Conselho Estadual do Trabalho, Emprego e Renda, nos termos do art. 17 da Lei federal n&ordm; 13.667, de 17 de maio de 2018, respeitado o disposto na&nbsp;&nbsp;<a href=\"https:\/\/legisla.casacivil.go.gov.br\/pesquisa_legislacao\/101108\/lei-complementar-121\" target=\"_blank\" rel=\"noopener\">Lei Complementar estadual n&ordm; 121&nbsp;<\/a>, de 21 de dezembro de 2015, que institui o Sistema de Conta &Uacute;nica do Tesouro Estadual.<br \/>\n<a href=\"https:\/\/legisla.casacivil.go.gov.br\/pesquisa_legislacao\/103300\/lei-20820\" target=\"_blank\" rel=\"noopener\">&#8211; Reda&ccedil;&atilde;o dada pela Lei n&ordm; 20.820, de 04-08-2020, Art. 8&ordm;.<\/a><\/p>\n<p><s>&sect; 1&ordm; Os recursos previstos neste artigo ser&atilde;o depositados em conta especial de titularidade do FET e movimentados com a fiscaliza&ccedil;&atilde;o do respectivo Conselho Estadual de Trabalho e Cooperativismo e da Economia Solid&aacute;ria, nos termos do art. 17 da Lei federal n&ordm; 13.667, de 17 de maio de 2018, respeitado o disposto na Lei Complementar estadual n&ordm; 121, de 21 de dezembro de 2015, que institui o Sistema de Conta &Uacute;nica do Tesouro Estadual.<\/s><\/p>\n<p>&sect; 2&ordm; A comprova&ccedil;&atilde;o da exist&ecirc;ncia de recursos pr&oacute;prios destinados &agrave; &aacute;rea do trabalho em Goi&aacute;s, a que faz refer&ecirc;ncia o &sect; 2&ordm; do art. 12 da Lei federal n&ordm; 13.667, de 17 de maio de 2018, ser&aacute; feita por meio dos recursos previstos no inciso II deste artigo, alocados pelo Governo do Estado em or&ccedil;amento setorial do FET.<\/p>\n<p><s>&sect; 3&ordm; As receitas ordin&aacute;rias classificadas como Fonte 100 ser&atilde;o registradas contabilmente no Tesouro Estadual.<\/s><br \/>\n<a href=\"https:\/\/legisla.casacivil.go.gov.br\/pesquisa_legislacao\/103658\/lei-20937\" target=\"_blank\" rel=\"noopener\">Revogado pela Lei n&ordm; 20.937, de 28-12-2020<\/a>, art. 28, XII.<\/p>\n<p>&sect; 4&ordm; O saldo financeiro apurado ao final do exerc&iacute;cio e n&atilde;o comprometido com o pagamento de restos a pagar e com as despesas liquidadas e n&atilde;o pagas no exerc&iacute;cio corrente, relativamente ao Fundo de que trata esta Lei, ser&aacute; revertido ao Tesouro Estadual.<br \/>\n<a href=\"https:\/\/legisla.casacivil.go.gov.br\/pesquisa_legislacao\/103658\/lei-20937\" target=\"_blank\" rel=\"noopener\">Reda&ccedil;&atilde;o dada pela Lei n&ordm; 20.937, de 28-12-2020<\/a><\/p>\n<p><s>&sect; 4&ordm; O saldo financeiro do FET, apurado atrav&eacute;s do balan&ccedil;o anual geral, ser&aacute; transferido automaticamente &agrave; conta do mesmo para utiliza&ccedil;&atilde;o no exerc&iacute;cio seguinte.<\/s><\/p>\n<p>&sect; 5&ordm; A contabilidade do fundo deve ser realizada com identifica&ccedil;&atilde;o individualizada dos recursos na escritura&ccedil;&atilde;o das contas p&uacute;blicas.<\/p>\n<p>\n<strong>Ordenador de despesas:<\/strong><\/p>\n<p>Definido pelo &nbsp;Decreto N&ordm; 9.696, de 15 de julho de 2020<\/p>\n<p>&nbsp;<\/p>\n<p align=\"center\"><font face=\"Arial\" size=\"2\">CAP&Iacute;TULO II<\/font><\/p>\n<p align=\"center\"><font face=\"Arial\" size=\"2\">DAS RECEITAS<\/font><\/p>\n<p align=\"justify\"><font face=\"Arial\" size=\"2\">Art. 2&ordm;&nbsp; Os recursos do FET se constituem pelas receitas previstas no art. 2&ordm; da Lei estadual n&ordm;&nbsp;<a href=\"https:\/\/legisla.casacivil.go.gov.br\/pesquisa_legislacao\/100692\/lei-20490\" target=\"_blank\" rel=\"noopener\">20.490<\/a>, de 2019.<\/font><\/p>\n<p align=\"justify\"><font face=\"Arial\" size=\"2\">Art. 3&ordm;&nbsp; As receitas provenientes de repasses da Uni&atilde;o, por sua administra&ccedil;&atilde;o direta ou indireta, ser&atilde;o depositadas em contas espec&iacute;ficas, com a identifica&ccedil;&atilde;o das pol&iacute;ticas, dos programas e dos planos a elas vinculados, respeitadas as regulamenta&ccedil;&otilde;es pertinentes.<\/font><\/p>\n<p><font face=\"Arial\" size=\"2\">&nbsp;<\/font><\/p>\n<p align=\"center\"><font face=\"Arial\" size=\"2\">CAP&Iacute;TULO III<\/font><\/p>\n<p align=\"center\"><font face=\"Arial\" size=\"2\">DAS DESPESAS<\/font><\/p>\n<p align=\"justify\"><font face=\"Arial\" size=\"2\">Art. 4&ordm; &nbsp;Os recursos do FET ser&atilde;o destinados exclusivamente ao financiamento de a&ccedil;&otilde;es e servi&ccedil;os integrados de atendimento e apoio t&eacute;cnico &agrave; pol&iacute;tica estadual de trabalho, emprego e renda, mediante Orienta&ccedil;&atilde;o e Intermedia&ccedil;&atilde;o de M&atilde;o-de-Obra &ndash; IMO, Habilita&ccedil;&atilde;o ao Seguro Desemprego &ndash; HSD, Pesquisa de Emprego e Desemprego &ndash; PED e de Qualifica&ccedil;&atilde;o Social e Profissional &ndash; QSP, na rede de atendimento do Sistema P&uacute;blico de Emprego, Trabalho e Renda, no &acirc;mbito do Sistema Nacional de Emprego &ndash; SINE, e a respectiva despesa dever&aacute; atender ao disposto nos arts. 1&ordm;, 2&ordm; e 4&ordm; da Lei Estadual n&ordm;&nbsp;<a href=\"https:\/\/legisla.casacivil.go.gov.br\/pesquisa_legislacao\/100692\/lei-20490\" target=\"_blank\" rel=\"noopener\">20.490<\/a>, de 14 de junho de 2019.<\/font><\/p>\n<p><font face=\"Arial\" size=\"2\">&nbsp;<\/font><\/p>\n<p align=\"center\"><font face=\"Arial\" size=\"2\">CAP&Iacute;TULO IV<\/font><\/p>\n<p align=\"center\"><font face=\"Arial\" size=\"2\">DAS TRANSFER&Ecirc;NCIAS FUNDO A FUNDO<\/font><\/p>\n<p align=\"justify\"><font face=\"Arial\" size=\"2\">Art. 5&ordm;&nbsp; Para o custeio e o investimento necess&aacute;rios &agrave;s a&ccedil;&otilde;es do Sistema P&uacute;blico de Emprego, Trabalho e Renda nos munic&iacute;pios, os recursos do FET poder&atilde;o ser transferidos autom&aacute;tica e diretamente aos fundos municipais, conforme crit&eacute;rios aprovados pelo Conselho Estadual de Trabalho e pelo Conselho Deliberativo do Fundo de Amparo ao Trabalhador &ndash; CODEFAT.<\/font><\/p>\n<p align=\"justify\"><font face=\"Arial\" size=\"2\">&sect; 1&ordm;&nbsp; As transfer&ecirc;ncias previstas no caput deste artigo est&atilde;o condicionadas &agrave; comprova&ccedil;&atilde;o, por parte dos munic&iacute;pios, da institui&ccedil;&atilde;o e do funcionamento do:<\/font><\/p>\n<p align=\"justify\"><font face=\"Arial\" size=\"2\">I &ndash; Conselho Municipal de Trabalho, Emprego e Renda, de composi&ccedil;&atilde;o tripartite e parit&aacute;ria entre governo, trabalhadores e empregadores;<\/font><\/p>\n<p align=\"justify\"><font face=\"Arial\" size=\"2\">II &ndash; Fundo Municipal de Trabalho, sob a orienta&ccedil;&atilde;o e o controle dos respectivos conselhos municipais de Trabalho, Emprego e Renda; e<\/font><\/p>\n<p align=\"justify\"><font face=\"Arial\" size=\"2\">III &ndash; Plano de A&ccedil;&otilde;es e Servi&ccedil;os do SINE.<\/font><\/p>\n<p align=\"justify\"><font face=\"Arial\" size=\"2\">&sect; 2&ordm;&nbsp; Constitui, ainda, condi&ccedil;&atilde;o para a transfer&ecirc;ncia de recursos aos Fundos Municipais do Trabalho, a comprova&ccedil;&atilde;o or&ccedil;ament&aacute;ria de recursos pr&oacute;prios destinados &agrave; &aacute;rea do trabalho e alocados aos respectivos fundos, adicionados aos recebidos de transfer&ecirc;ncia de outras esferas que aderirem ao SINE.<\/font><\/p>\n<p align=\"justify\"><font face=\"Arial\" size=\"2\">&sect; 3&ordm;&nbsp; Os recursos transferidos do FET para os fundos municipais ser&atilde;o disponibilizados por meio de crit&eacute;rios, valores e par&acirc;metros estabelecidos em pol&iacute;ticas, programas e planos institu&iacute;dos pela Lei Or&ccedil;ament&aacute;ria Anual &ndash; LOA, respeitados o tempo de dura&ccedil;&atilde;o e a periodicidade dos repasses financeiros.<\/font><\/p>\n<p align=\"justify\"><font face=\"Arial\" size=\"2\">&sect; 4&ordm;&nbsp; Quando for o caso, os recursos do FET ser&atilde;o transferidos direta e automaticamente aos fundos municipais, de acordo com a programa&ccedil;&atilde;o e o cronograma financeiros fixados em portaria do Secret&aacute;rio de Estado da Economia, independentemente de celebra&ccedil;&atilde;o de conv&ecirc;nio ou instrumento cong&ecirc;nere.<\/font><\/p>\n<p align=\"justify\"><font face=\"Arial\" size=\"2\">&sect; 5&ordm;&nbsp; A transfer&ecirc;ncia fundo a fundo ser&aacute; operacionalizada por meio de cr&eacute;ditos banc&aacute;rios em conta corrente aberta em institui&ccedil;&atilde;o oficial e espec&iacute;fica do fundo financeiro do munic&iacute;pio benefici&aacute;rio.<\/font><\/p>\n<p align=\"justify\"><font face=\"Arial\" size=\"2\">&sect; 6&ordm;&nbsp; A conta corrente de que trata o &sect; 5&ordm; dever&aacute; ser aberta com um n&uacute;mero espec&iacute;fico para cada modalidade de financiamento e, em sua denomina&ccedil;&atilde;o, dever&aacute; constar a sigla &ldquo;FET&rdquo;.<\/font><\/p>\n<p align=\"justify\"><font face=\"Arial\" size=\"2\">Art. 6&ordm; &nbsp;Os recursos do FET poder&atilde;o ser repassados aos fundos municipais por meio de transfer&ecirc;ncias volunt&aacute;rias, observada a legisla&ccedil;&atilde;o pertinente e adotados quaisquer dos crit&eacute;rios formais previstos no art. 71, inciso VI, da Constitui&ccedil;&atilde;o Federal.<\/font><\/p>\n<p><a href=\"https:\/\/goias.gov.br\/administracao\/ser\/\">&#8211; Secretaria de Estado da Retomada &#8211; SER<\/a><\/p>\n<p>&nbsp;<\/p>\n<p><strong>Legisla&ccedil;&atilde;o:<\/strong><\/p>\n<p><a href=\"https:\/\/legisla.casacivil.go.gov.br\/api\/v2\/pesquisa\/legislacoes\/103300\/pdf\" target=\"_blank\" rel=\"noopener\">&#8211; Lei n&ordm; 20.820, de 04 de agosto de 202<\/a>0 &#8211; Altera a Lei n&ordm; 20.491, de 25 de junho de 2019, que estabelece a organiza&ccedil;&atilde;o administrativa do Poder Executivo e d&aacute; outras provid&ecirc;ncias.<\/p>\n<p><u><a href=\"https:\/\/legisla.casacivil.go.gov.br\/pesquisa_legislacao\/103279\/decreto-9696\" target=\"_blank\" rel=\"noopener\">&#8211; Decreto n&ordm; 9.696, de 15 de juho de 202l0<\/a><\/u> &#8211; Regulamenta a Lei estadual n&ordm; 20.490, de 14 de junho de 2019, que institui o Fundo Estadual do Trabalho &ndash; FET e d&aacute; outras provid&ecirc;ncias.<\/p>\n<p><u><a href=\"https:\/\/legisla.casacivil.go.gov.br\/pesquisa_legislacao\/100692\/lei-20490\" target=\"_blank\" rel=\"noopener\">&#8211; Lei n&ordm; 20.490, de 14 de junho de 2019<\/a><\/u> &#8211; Institui o Fundo Estadual do Trabalho (FET) e d&aacute; outras provid&ecirc;ncias.<\/p>\n<p><a href=\"https:\/\/legisla.casacivil.go.gov.br\/pesquisa_legislacao\/100692\/lei-20490\" target=\"_blank\" rel=\"noopener\"><u>&#8211; Lei n&ordm; 20.190, de 14 de Junho de 2019 <\/u><\/a>&#8211; Institui o Fundo Estadual do Trabalho (FET) e d&aacute; outras provid&ecirc;ncias.<\/p>\n<p><a>Voltar<\/a><\/p>\n<p><strong><strong>&nbsp;<\/strong><\/strong><\/p>\n","protected":false},"excerpt":{"rendered":"<p>Fale Conosco SIGA Governadoria Vice-Governadoria Secretarias Ag&ecirc;ncias\/Autarquias Funda&ccedil;&atilde;o Sociedades de Economia Mista Conselhos Estaduais &nbsp; Secretaria de Estado da Retomada Dados Gerais&nbsp;| Regulamento&nbsp;|&nbsp;Legisla&ccedil;&atilde;o&nbsp;Aplic&aacute;vel &nbsp;| Fundos&nbsp;|&nbsp;Organograma Fundo Estadual do Trabalho &ndash; FET CNPJ:&nbsp;&nbsp;35.771.001\/0001-14 &nbsp; Finalidade:&nbsp;&nbsp; I &ndash; financiamento do SINE, organiza&ccedil;&atilde;o, implementa&ccedil;&atilde;o, manuten&ccedil;&atilde;o, moderniza&ccedil;&atilde;o e gest&atilde;o da rede de atendimento no Estado de Goi&aacute;s; II &ndash; [&hellip;]<\/p>\n","protected":false},"author":54,"featured_media":31,"comment_status":"closed","ping_status":"open","sticky":false,"template":"","format":"standard","meta":{"footnotes":""},"categories":[117],"tags":[],"class_list":["post-9815","post","type-post","status-publish","format-standard","has-post-thumbnail","hentry","category-orgaos-do-poder-executivo"],"rttpg_featured_image_url":{"full":["https:\/\/goias.gov.br\/administracao\/wp-content\/uploads\/sites\/27\/2011\/07\/logo_padrao-a16.jpg",200,110,false],"landscape":["https:\/\/goias.gov.br\/administracao\/wp-content\/uploads\/sites\/27\/2011\/07\/logo_padrao-a16.jpg",200,110,false],"portraits":["https:\/\/goias.gov.br\/administracao\/wp-content\/uploads\/sites\/27\/2011\/07\/logo_padrao-a16.jpg",200,110,false],"thumbnail":["https:\/\/goias.gov.br\/administracao\/wp-content\/uploads\/sites\/27\/2011\/07\/logo_padrao-a16-150x110.jpg",150,110,true],"medium":["https:\/\/goias.gov.br\/administracao\/wp-content\/uploads\/sites\/27\/2011\/07\/logo_padrao-a16.jpg",200,110,false],"large":["https:\/\/goias.gov.br\/administracao\/wp-content\/uploads\/sites\/27\/2011\/07\/logo_padrao-a16.jpg",200,110,false],"1536x1536":["https:\/\/goias.gov.br\/administracao\/wp-content\/uploads\/sites\/27\/2011\/07\/logo_padrao-a16.jpg",200,110,false],"2048x2048":["https:\/\/goias.gov.br\/administracao\/wp-content\/uploads\/sites\/27\/2011\/07\/logo_padrao-a16.jpg",200,110,false]},"rttpg_author":{"display_name":"hosanagodoy","author_link":"https:\/\/goias.gov.br\/administracao\/author\/hosanagodoy\/"},"rttpg_comment":0,"rttpg_category":"<a href=\"https:\/\/goias.gov.br\/administracao\/categoria\/orgaos-do-poder-executivo\/\" rel=\"category tag\">\u00d3rg\u00e3os do Poder Executivo<\/a>","rttpg_excerpt":"Fale Conosco SIGA Governadoria Vice-Governadoria Secretarias Ag&ecirc;ncias\/Autarquias Funda&ccedil;&atilde;o Sociedades de Economia Mista Conselhos Estaduais &nbsp; Secretaria de Estado da Retomada Dados Gerais&nbsp;| Regulamento&nbsp;|&nbsp;Legisla&ccedil;&atilde;o&nbsp;Aplic&aacute;vel &nbsp;| Fundos&nbsp;|&nbsp;Organograma Fundo Estadual do Trabalho &ndash; FET CNPJ:&nbsp;&nbsp;35.771.001\/0001-14 &nbsp; Finalidade:&nbsp;&nbsp; I &ndash; financiamento do SINE, organiza&ccedil;&atilde;o, implementa&ccedil;&atilde;o, manuten&ccedil;&atilde;o, moderniza&ccedil;&atilde;o e gest&atilde;o da rede de atendimento no Estado de Goi&aacute;s; II &ndash;&hellip;","_links":{"self":[{"href":"https:\/\/goias.gov.br\/administracao\/wp-json\/wp\/v2\/posts\/9815","targetHints":{"allow":["GET"]}}],"collection":[{"href":"https:\/\/goias.gov.br\/administracao\/wp-json\/wp\/v2\/posts"}],"about":[{"href":"https:\/\/goias.gov.br\/administracao\/wp-json\/wp\/v2\/types\/post"}],"author":[{"embeddable":true,"href":"https:\/\/goias.gov.br\/administracao\/wp-json\/wp\/v2\/users\/54"}],"replies":[{"embeddable":true,"href":"https:\/\/goias.gov.br\/administracao\/wp-json\/wp\/v2\/comments?post=9815"}],"version-history":[{"count":1,"href":"https:\/\/goias.gov.br\/administracao\/wp-json\/wp\/v2\/posts\/9815\/revisions"}],"predecessor-version":[{"id":14419,"href":"https:\/\/goias.gov.br\/administracao\/wp-json\/wp\/v2\/posts\/9815\/revisions\/14419"}],"wp:featuredmedia":[{"embeddable":true,"href":"https:\/\/goias.gov.br\/administracao\/wp-json\/wp\/v2\/media\/31"}],"wp:attachment":[{"href":"https:\/\/goias.gov.br\/administracao\/wp-json\/wp\/v2\/media?parent=9815"}],"wp:term":[{"taxonomy":"category","embeddable":true,"href":"https:\/\/goias.gov.br\/administracao\/wp-json\/wp\/v2\/categories?post=9815"},{"taxonomy":"post_tag","embeddable":true,"href":"https:\/\/goias.gov.br\/administracao\/wp-json\/wp\/v2\/tags?post=9815"}],"curies":[{"name":"wp","href":"https:\/\/api.w.org\/{rel}","templated":true}]}}