

{"id":9623,"date":"2020-05-13T15:17:08","date_gmt":"2020-05-13T18:17:08","guid":{"rendered":"http:\/\/localhost\/multisites\/sead\/2020\/05\/13\/escola-lives-recebe-especialista-para-debater-a-importancia-da-comunicacao-eficaz-na-atualidade\/"},"modified":"2023-10-18T15:35:59","modified_gmt":"2023-10-18T18:35:59","slug":"escola-lives-recebe-especialista-para-debater-a-importancia-da-comunicacao-eficaz-na-atualidade","status":"publish","type":"post","link":"https:\/\/goias.gov.br\/administracao\/escola-lives-recebe-especialista-para-debater-a-importancia-da-comunicacao-eficaz-na-atualidade\/","title":{"rendered":"Escola Lives recebe especialista para debater a import\u00e2ncia da comunica\u00e7\u00e3o eficaz na atualidade"},"content":{"rendered":"<p style=\"margin: 0cm 0cm 8pt; text-align: justify;\"><span style=\"line-height: 107%; font-family: &quot;Arial&quot;,&quot;sans-serif&quot;; font-size: 12pt;\">Nesta sexta-feira (15), o projeto Escola Lives, transmitido online e ao vivo pelo Instagram da Escola de Governo (@escoladegovernogo), receber&aacute;, a partir das 14 horas, o mestre em Administra&ccedil;&atilde;o, Psicologia e Gest&atilde;o empresarial e professor da UEG, Paulo Henrique Miranda. <\/span><\/p>\n<p style=\"margin: 0cm 0cm 8pt; text-align: justify;\"><span style=\"line-height: 107%; font-family: &quot;Arial&quot;,&quot;sans-serif&quot;; font-size: 12pt;\">&nbsp;<\/span><\/p>\n<p style=\"margin: 0cm 0cm 8pt; text-align: justify;\"><span style=\"line-height: 107%; font-family: &quot;Arial&quot;,&quot;sans-serif&quot;; font-size: 12pt;\">Em pauta, Paulo far&aacute; uma interlocu&ccedil;&atilde;o com os participantes sobre a import&acirc;ncia da comunica&ccedil;&atilde;o tempos remotos.<\/span><\/p>\n<p style=\"margin: 0cm 0cm 8pt; text-align: justify;\"><span style=\"line-height: 107%; font-family: &quot;Arial&quot;,&quot;sans-serif&quot;; font-size: 12pt;\">&nbsp;<\/span><\/p>\n<p style=\"margin: 0cm 0cm 8pt; text-align: justify;\"><span style=\"line-height: 107%; font-family: &quot;Arial&quot;,&quot;sans-serif&quot;; font-size: 12pt;\">A live ser&aacute; mediada pela gerente de Desenvolvimento Profissional da Escola de Governo, Larissa Neves. A proposta &eacute; promover um debate p&uacute;blico sobre a import&acirc;ncia da comunica&ccedil;&atilde;o eficaz em tempos de incertezas, apresentando dicas para adquirir seguran&ccedil;a com a comunica&ccedil;&atilde;o e de como aperfei&ccedil;oar m&eacute;todos em um momento no qual h&aacute; muita informa&ccedil;&atilde;o e pouca certezas.<\/span><\/p>\n<p style=\"margin: 0cm 0cm 8pt; text-align: justify;\"><span style=\"line-height: 107%; font-family: &quot;Arial&quot;,&quot;sans-serif&quot;; font-size: 12pt;\">&nbsp;<\/span><\/p>\n<p style=\"margin: 0cm 0cm 8pt; text-align: justify;\"><span style=\"line-height: 107%; font-family: &quot;Arial&quot;,&quot;sans-serif&quot;; font-size: 12pt;\">As transmiss&otilde;es t&ecirc;m a dura&ccedil;&atilde;o aproximada de 1 hora, com 30 minutos para exposi&ccedil;&atilde;o do tema e outros 30 minutos para media&ccedil;&atilde;o e perguntas. <\/span><\/p>\n<p style=\"margin: 0cm 0cm 8pt; text-align: justify;\"><span style=\"line-height: 107%; font-family: &quot;Arial&quot;,&quot;sans-serif&quot;; font-size: 12pt;\">&nbsp;<\/span><\/p>\n<p style=\"margin: 0cm 0cm 8pt; text-align: justify;\"><strong><span style=\"line-height: 107%; font-family: &quot;Arial&quot;,&quot;sans-serif&quot;; font-size: 12pt;\">Servi&ccedil;o<\/span><\/strong><\/p>\n<p style=\"margin: 0cm 0cm 8pt; text-align: justify;\"><span style=\"line-height: 107%; font-family: &quot;Arial&quot;,&quot;sans-serif&quot;; font-size: 12pt;\">Projeto Escola Lives<\/span><\/p>\n<p style=\"margin: 0cm 0cm 8pt; text-align: justify;\"><span style=\"line-height: 107%; font-family: &quot;Arial&quot;,&quot;sans-serif&quot;; font-size: 12pt;\">Data: 15\/05<\/span><\/p>\n<p style=\"margin: 0cm 0cm 8pt; text-align: justify;\"><span style=\"line-height: 107%; font-family: &quot;Arial&quot;,&quot;sans-serif&quot;; font-size: 12pt;\">Hora: 14 horas<\/span><\/p>\n<p style=\"margin: 0cm 0cm 8pt; text-align: justify;\"><span style=\"line-height: 107%; font-family: &quot;Arial&quot;,&quot;sans-serif&quot;; font-size: 12pt;\">Local: @escoladegovernogo<\/span><\/p>\n","protected":false},"excerpt":{"rendered":"<p>Nesta sexta-feira (15), o projeto Escola Lives, transmitido online e ao vivo pelo Instagram da Escola de Governo (@escoladegovernogo), receber&aacute;, a partir das 14 horas, o mestre em Administra&ccedil;&atilde;o, Psicologia e Gest&atilde;o empresarial e professor da UEG, Paulo Henrique Miranda. &nbsp; Em pauta, Paulo far&aacute; uma interlocu&ccedil;&atilde;o com os participantes sobre a import&acirc;ncia da comunica&ccedil;&atilde;o [&hellip;]<\/p>\n","protected":false},"author":58,"featured_media":9622,"comment_status":"closed","ping_status":"open","sticky":false,"template":"","format":"standard","meta":{"footnotes":""},"categories":[121],"tags":[],"class_list":["post-9623","post","type-post","status-publish","format-standard","has-post-thumbnail","hentry","category-noticias-novas"],"rttpg_featured_image_url":{"full":["https:\/\/goias.gov.br\/administracao\/wp-content\/uploads\/sites\/27\/2020\/05\/13-05_live_comunicao-00e.jpg",1280,1278,false],"landscape":["https:\/\/goias.gov.br\/administracao\/wp-content\/uploads\/sites\/27\/2020\/05\/13-05_live_comunicao-00e.jpg",1280,1278,false],"portraits":["https:\/\/goias.gov.br\/administracao\/wp-content\/uploads\/sites\/27\/2020\/05\/13-05_live_comunicao-00e.jpg",1280,1278,false],"thumbnail":["https:\/\/goias.gov.br\/administracao\/wp-content\/uploads\/sites\/27\/2020\/05\/13-05_live_comunicao-00e-150x150.jpg",150,150,true],"medium":["https:\/\/goias.gov.br\/administracao\/wp-content\/uploads\/sites\/27\/2020\/05\/13-05_live_comunicao-00e-300x300.jpg",300,300,true],"large":["https:\/\/goias.gov.br\/administracao\/wp-content\/uploads\/sites\/27\/2020\/05\/13-05_live_comunicao-00e-1024x1022.jpg",1024,1022,true],"1536x1536":["https:\/\/goias.gov.br\/administracao\/wp-content\/uploads\/sites\/27\/2020\/05\/13-05_live_comunicao-00e.jpg",1280,1278,false],"2048x2048":["https:\/\/goias.gov.br\/administracao\/wp-content\/uploads\/sites\/27\/2020\/05\/13-05_live_comunicao-00e.jpg",1280,1278,false]},"rttpg_author":{"display_name":"gabrielza","author_link":"https:\/\/goias.gov.br\/administracao\/author\/gabrielza\/"},"rttpg_comment":0,"rttpg_category":"<a href=\"https:\/\/goias.gov.br\/administracao\/categoria\/noticias-novas\/\" rel=\"category tag\">Not\u00edcias<\/a>","rttpg_excerpt":"Nesta sexta-feira (15), o projeto Escola Lives, transmitido online e ao vivo pelo Instagram da Escola de Governo (@escoladegovernogo), receber&aacute;, a partir das 14 horas, o mestre em Administra&ccedil;&atilde;o, Psicologia e Gest&atilde;o empresarial e professor da UEG, Paulo Henrique Miranda. &nbsp; Em pauta, Paulo far&aacute; uma interlocu&ccedil;&atilde;o com os participantes sobre a import&acirc;ncia da comunica&ccedil;&atilde;o&hellip;","_links":{"self":[{"href":"https:\/\/goias.gov.br\/administracao\/wp-json\/wp\/v2\/posts\/9623","targetHints":{"allow":["GET"]}}],"collection":[{"href":"https:\/\/goias.gov.br\/administracao\/wp-json\/wp\/v2\/posts"}],"about":[{"href":"https:\/\/goias.gov.br\/administracao\/wp-json\/wp\/v2\/types\/post"}],"author":[{"embeddable":true,"href":"https:\/\/goias.gov.br\/administracao\/wp-json\/wp\/v2\/users\/58"}],"replies":[{"embeddable":true,"href":"https:\/\/goias.gov.br\/administracao\/wp-json\/wp\/v2\/comments?post=9623"}],"version-history":[{"count":1,"href":"https:\/\/goias.gov.br\/administracao\/wp-json\/wp\/v2\/posts\/9623\/revisions"}],"predecessor-version":[{"id":15868,"href":"https:\/\/goias.gov.br\/administracao\/wp-json\/wp\/v2\/posts\/9623\/revisions\/15868"}],"wp:featuredmedia":[{"embeddable":true,"href":"https:\/\/goias.gov.br\/administracao\/wp-json\/wp\/v2\/media\/9622"}],"wp:attachment":[{"href":"https:\/\/goias.gov.br\/administracao\/wp-json\/wp\/v2\/media?parent=9623"}],"wp:term":[{"taxonomy":"category","embeddable":true,"href":"https:\/\/goias.gov.br\/administracao\/wp-json\/wp\/v2\/categories?post=9623"},{"taxonomy":"post_tag","embeddable":true,"href":"https:\/\/goias.gov.br\/administracao\/wp-json\/wp\/v2\/tags?post=9623"}],"curies":[{"name":"wp","href":"https:\/\/api.w.org\/{rel}","templated":true}]}}