

{"id":4701,"date":"2019-03-11T14:15:40","date_gmt":"2019-03-11T17:15:40","guid":{"rendered":"http:\/\/localhost\/multisites\/sead\/2019\/03\/11\/ueg-legislacao-2019-a-2020\/"},"modified":"2023-10-18T16:23:31","modified_gmt":"2023-10-18T19:23:31","slug":"ueg-legislacao-2019-a-2020","status":"publish","type":"post","link":"https:\/\/goias.gov.br\/administracao\/ueg-legislacao-2019-a-2020\/","title":{"rendered":"UEG &#8211; Legisla\u00e7\u00e3o 2019 a 2020"},"content":{"rendered":"<div class=\"body\" style=\"box-sizing: inherit; color: rgb(0, 0, 0); font-family: &quot;Open Sans&quot;; font-size: 14px; font-style: normal; font-variant-ligatures: normal; font-variant-caps: normal; font-weight: 400; letter-spacing: normal; orphans: 2; text-align: start; text-indent: 0px; text-transform: none; white-space: normal; widows: 2; word-spacing: 0px; -webkit-text-stroke-width: 0px; background-color: rgb(255, 255, 255); text-decoration-style: initial; text-decoration-color: initial;\">\n<table border=\"1\" cellpadding=\"1\" cellspacing=\"1\" style=\"box-sizing: inherit; border-collapse: collapse; border-spacing: 0px; width: 910px; border: 1px solid rgb(234, 234, 234); max-width: 100%; background-color: transparent;\">\n<tbody style=\"box-sizing: inherit;\">\n<tr style=\"box-sizing: inherit; vertical-align: middle; height: 15px;\">\n<td colspan=\"8\" style=\"box-sizing: inherit; vertical-align: middle; padding: 0.5rem; border: 1px solid rgb(234, 234, 234); height: 15px; text-align: right;\">&nbsp;<\/td>\n<\/tr>\n<tr style=\"box-sizing: inherit; vertical-align: middle; height: 15.8167px;\">\n<td style=\"box-sizing: inherit; vertical-align: middle; padding: 0.5rem; border: 1px solid rgb(234, 234, 234); background-color: rgb(255, 153, 0); height: 15.8167px; text-align: center;\" valign=\"middle\"><strong style=\"box-sizing: inherit; font-weight: bold; color: rgb(26, 26, 26);\"><a href=\"http:\/\/www.segplan.go.gov.br\/component\/content\/article.html?id=18157&amp;Itemid=101\" style=\"box-sizing: inherit; background: transparent; text-decoration: none; color: rgb(37, 86, 194);\" title=\"P\u00e1gina inicial do SIGA - Sistema de Gest\u00e3o Administrativa.\">SIGA<\/a><\/strong><\/td>\n<td style=\"box-sizing: inherit; vertical-align: middle; padding: 0.5rem; border: 1px solid rgb(234, 234, 234); background-color: rgb(187, 232, 255); height: 15.8167px; text-align: center; width: 121px;\" valign=\"middle\"><a href=\"http:\/\/www.segplan.go.gov.br\/component\/content\/article.html?id=19536&amp;Itemid=101\" style=\"box-sizing: inherit; background: transparent; text-decoration: none; color: rgb(37, 86, 194);\" title=\"Integrada por \u00f3rg\u00e3os de assessoramento e aux\u00edlio direto ao Chefe do Poder Executivo.\">Governadoria<\/a><\/td>\n<td style=\"box-sizing: inherit; vertical-align: middle; padding: 0.5rem; border: 1px solid rgb(234, 234, 234); background-color: rgb(187, 232, 255); height: 15.8167px; text-align: center; width: 121px;\" valign=\"middle\"><a href=\"http:\/\/www.segplan.go.gov.br\/component\/content\/article.html?id=19825&amp;Itemid=101\" style=\"box-sizing: inherit; background: transparent; text-decoration: none; color: rgb(37, 86, 194);\" title=\"Exerce compet\u00eancias constitucionais, legais e regulamentares de aux\u00edlio ao Governador.\">Vice-Governadoria<\/a><\/td>\n<td style=\"box-sizing: inherit; vertical-align: middle; padding: 0.5rem; border: 1px solid rgb(234, 234, 234); background-color: rgb(187, 232, 255); height: 15.8167px; text-align: center; width: 117px;\" valign=\"middle\"><a href=\"http:\/\/www.segplan.go.gov.br\/component\/content\/article.html?id=19651&amp;Itemid=101\" style=\"box-sizing: inherit; background: transparent; text-decoration: none; color: rgb(37, 86, 194);\" title=\"\u00d3rg\u00e3os de primeiro escal\u00e3o, respons\u00e1veis pela supervis\u00e3o e articula\u00e7\u00e3o das atividades das respectivas \u00e1reas de atua\u00e7\u00e3o, cabendo-lhes especificamente exercerem dentro do seu espa\u00e7o institucional, pol\u00edtico e administrativo, a formula\u00e7\u00e3o das pol\u00edticas e diretrizes, a coordena\u00e7\u00e3o de sua execu\u00e7\u00e3o e a supervis\u00e3o geral das entidades jurisdicionadas.\">Secretarias<\/a><\/td>\n<td style=\"box-sizing: inherit; vertical-align: middle; padding: 0.5rem; border: 1px solid rgb(234, 234, 234); background-color: rgb(187, 232, 255); height: 15.8167px; text-align: center; width: 151px;\" valign=\"middle\"><a href=\"http:\/\/www.segplan.go.gov.br\/component\/content\/article.html?id=19650&amp;Itemid=101\" style=\"box-sizing: inherit; background: transparent; text-decoration: none; color: rgb(37, 86, 194);\" title=\"Entidades com personalidade jur\u00eddica de direito p\u00fablico, patrim\u00f4nio e receita pr\u00f3prios e capacidade de auto-administra\u00e7\u00e3o sob controle estatal, para executar atividades e servi\u00e7os do Poder P\u00fablico que, para melhor desempenho, requeiram gest\u00e3o administrativa e financeira descentralizada.\">Ag&ecirc;ncias\/Autarquias<\/a><\/td>\n<td style=\"box-sizing: inherit; vertical-align: middle; padding: 0.5rem; border: 1px solid rgb(234, 234, 234); background-color: rgb(187, 232, 255); height: 15.8167px; text-align: center; width: 115px;\" valign=\"middle\"><a href=\"http:\/\/www.segplan.go.gov.br\/component\/content\/article.html?id=18259&amp;Itemid=101\" style=\"box-sizing: inherit; background: transparent; text-decoration: none; color: rgb(37, 86, 194);\" title=\"Entidade com personalidade jur\u00eddica de direito p\u00fablico, patrim\u00f4nio e receita pr\u00f3prios e capacidade de auto-administra\u00e7\u00e3o, sob controle estatal, para desenvolver atividades assistenciais, culturais, educacionais, de estudos e pesquisas, ou de apoio \u00e0s referidas atividades\">Funda&ccedil;&atilde;o<\/a><\/td>\n<td style=\"box-sizing: inherit; vertical-align: middle; padding: 0.5rem; border: 1px solid rgb(234, 234, 234); background-color: rgb(187, 232, 255); height: 15.8167px; text-align: center; width: 118px;\" valign=\"middle\"><a href=\"http:\/\/www.segplan.go.gov.br\/component\/content\/article.html?id=19781&amp;Itemid=101\" style=\"box-sizing: inherit; background: transparent; text-decoration: none; color: rgb(37, 86, 194);\" title=\"Entidades institu\u00eddas sob a forma de sociedade por a\u00e7\u00f5es, tendo em sua denomina\u00e7\u00e3o \u2018Companhia\u2019 ou \u2018S.A.\u2019 (sociedade an\u00f4nima), com o objetivo de realizar atividade econ\u00f4mica ou servi\u00e7o de interesse coletivo.\">Sociedades de Economia Mista<\/a><\/td>\n<td style=\"box-sizing: inherit; vertical-align: middle; padding: 0.5rem; border: 1px solid rgb(234, 234, 234); background-color: rgb(187, 232, 255); height: 15.8167px; text-align: center; width: 116px;\" valign=\"middle\"><a href=\"http:\/\/www.segplan.go.gov.br\/component\/content\/article.html?id=18820&amp;Itemid=101\" style=\"box-sizing: inherit; background: transparent; text-decoration: none; color: rgb(37, 86, 194);\" title=\"\u00d3rg\u00e3os colegiados, que atuam e decidem pela manifesta\u00e7\u00e3o conjunta e majorit\u00e1ria da vontade de seus membros compostos por representantes do Poder P\u00fablico e da sociedade civil. S\u00e3o de natureza normativa, deliberativa, consultiva ou fiscalizadora.\">Conselhos Estaduais<\/a><\/td>\n<\/tr>\n<\/tbody>\n<\/table>\n<p style=\"box-sizing: inherit; margin: 1.5rem 0px;\">&nbsp;<\/p>\n<p style=\"box-sizing: inherit; margin: 1.5rem 0px;\"><a href=\"http:\/\/www.segplan.go.gov.br\/?option=com_content&amp;view=article&amp;id=18670\" style=\"box-sizing: inherit; background: transparent; text-decoration: none; color: rgb(37, 86, 194);\"><span style=\"box-sizing: inherit; color: rgb(0, 0, 255);\">Dados Gerais<\/span><\/a><span>&nbsp;<\/span>|<span>&nbsp;<\/span><a href=\"http:\/\/www.segplan.go.gov.br\/?option=com_content&amp;view=article&amp;id=18230\" style=\"box-sizing: inherit; background: transparent; text-decoration: none; color: rgb(37, 86, 194);\"><span style=\"box-sizing: inherit; color: rgb(0, 0, 255);\">Compet&ecirc;ncias<\/span><\/a><span>&nbsp;<\/span>|<span>&nbsp;<\/span><a href=\"http:\/\/www.segplan.go.gov.br\/?option=com_content&amp;view=article&amp;id=18229\" style=\"box-sizing: inherit; background: transparent; text-decoration: none; color: rgb(37, 86, 194);\"><span style=\"box-sizing: inherit; color: rgb(0, 0, 255);\">Legisla&ccedil;&atilde;o<\/span><\/a><span>&nbsp;<\/span>|<span>&nbsp;<\/span><a href=\"http:\/\/www.sgc.goias.gov.br\/upload\/arquivos\/2017-11\/ueg.pdf\" rel=\"noopener noreferrer\" style=\"box-sizing: inherit; background: transparent; text-decoration: none; color: rgb(37, 86, 194);\" target=\"_blank\"><span style=\"box-sizing: inherit; color: rgb(0, 0, 255);\"><\/span><\/a><a href=\"http:\/\/www.segplan.go.gov.br\/files\/UEG.pdf\" id=\"\" rel=\"noopener noreferrer\" style=\"box-sizing: inherit; background: rgb(255, 255, 255); text-decoration: none; color: rgb(37, 86, 194); font-family: &quot;Open Sans&quot;; font-size: 14px; font-style: normal; font-variant-ligatures: normal; font-variant-caps: normal; font-weight: 400; letter-spacing: normal; orphans: 2; text-align: start; text-indent: 0px; text-transform: none; white-space: normal; widows: 2; word-spacing: 0px; -webkit-text-stroke-width: 0px;\" target=\"_blank\" title=\"\"><span style=\"box-sizing: inherit; color: rgb(0, 0, 255);\">Organograma<\/span><\/a><a href=\"http:\/\/www.sgc.goias.gov.br\/upload\/arquivos\/2017-11\/ueg.pdf\" rel=\"noopener noreferrer\" style=\"box-sizing: inherit; background: transparent; text-decoration: none; color: rgb(37, 86, 194);\" target=\"_blank\"><span style=\"box-sizing: inherit; color: rgb(0, 0, 255);\"><\/span><\/a><\/p>\n<p style=\"box-sizing: inherit; margin: 1.5rem 0px;\">&nbsp;<\/p>\n<p style=\"box-sizing: inherit; margin: 1.5rem 0px;\"><strong style=\"box-sizing: inherit; font-weight: bold; color: rgb(26, 26, 26);\">Legisla&ccedil;&atilde;o:<\/strong><\/p>\n<p style=\"box-sizing: inherit; margin: 1.5rem 0px;\"><u><a href=\"https:\/\/goias.gov.br\/administracao\/wp-content\/uploads\/sites\/27\/2019\/02\/Decreton9649-56a.pdf\" target=\"_blank\" rel=\"noopener\">&#8211; Decreto n&ordm; 9.649, de 13 de abril de 2020<\/a><\/u> &#8211; Institui o Plano de Contingenciamento de Gastos para o Enfrentamento da Pandemia de COVID-19, no &acirc;mbito do Poder Executivo do Estado de Goi&aacute;s.<\/p>\n<p style=\"box-sizing: inherit; margin: 1.5rem 0px;\"><u><a href=\"https:\/\/legisla.casacivil.go.gov.br\/pesquisa_legislacao\/103079\" target=\"_blank\" rel=\"noopener\">&#8211; Decreto N&ordm; 9.644, de 26 de mar&ccedil;o de 2020<\/a><\/u>. &#8211; Altera o Decreto n&ordm; 9.633, de 13 de mar&ccedil;o de 2020.<\/p>\n<p style=\"box-sizing: inherit; margin: 1.5rem 0px;\"><a href=\"https:\/\/goias.gov.br\/escoladegoverno\/wp-content\/uploads\/sites\/27\/files\/SCTG\/DecretoN9634-1.pdf\" target=\"_blank\" rel=\"noopener\"><u>&#8211; Decreto N&ordm; 9.634, de 13 de Mar&ccedil;o de 2020<\/u>,<\/a> &#8211; Estabelece os procedimentos preventivos de emerg&ecirc;ncia a serem adotados pelo Poder Executivo do Estado de Goi&aacute;s e seus servidores, em raz&atilde;o de pandemia do novo coronav&iacute;rus (COVID-19).<\/p>\n<p style=\"box-sizing: inherit; margin: 1.5rem 0px;\"><u><a href=\"http:\/\/www.gabinetecivil.go.gov.br\/pagina_decretos.php?id=21050\" target=\"_blank\" rel=\"noopener\">&#8211; Decreto No 9.625, de 03 de Mar&ccedil;o de 2020,<\/a><\/u> &#8211; Disp&otilde;e sobre os procedimentos a serem observados pela administra&ccedil;&atilde;o p&uacute;blica direta e indireta do Poder Executivo, para fins de celebra&ccedil;&atilde;o de atos complementares de coopera&ccedil;&atilde;o t&eacute;cnica, recebida de organismos internacionais e da aprova&ccedil;&atilde;o e<br \/>\ngest&atilde;o de projetos vinculados aos referidos instrumentos.<\/p>\n<p style=\"box-sizing: inherit; margin: 1.5rem 0px;\"><a href=\"https:\/\/goias.gov.br\/administracao\/wp-content\/uploads\/sites\/27\/2019\/02\/PORTARIA044-056.pdf\" title=\"\">&#8211; Portaria n&ordm; 044\/2019-GSF <\/a>RESOLVE: Art. 1&ordm; Instituir o Comit&ecirc; Gestor, vinculado &agrave; Secretaria de Estado da Fazenda, respons&aacute;vel pelo acompanhamento e avalia&ccedil;&atilde;o das medidas de conten&ccedil;&atilde;o de gastos com pessoal e outras despesas correntes, no &acirc;mbito da administra&ccedil;&atilde;o direta, aut&aacute;rquica e fundacional do Poder Executivo e empresas estatais dependentes, previstas no Decreto n&ordm; 9.376, de 02 de janeiro de 2019.<\/p>\n<\/div>\n","protected":false},"excerpt":{"rendered":"<p>&nbsp; SIGA Governadoria Vice-Governadoria Secretarias Ag&ecirc;ncias\/Autarquias Funda&ccedil;&atilde;o Sociedades de Economia Mista Conselhos Estaduais &nbsp; Dados Gerais&nbsp;|&nbsp;Compet&ecirc;ncias&nbsp;|&nbsp;Legisla&ccedil;&atilde;o&nbsp;|&nbsp;Organograma &nbsp; Legisla&ccedil;&atilde;o: &#8211; Decreto n&ordm; 9.649, de 13 de abril de 2020 &#8211; Institui o Plano de Contingenciamento de Gastos para o Enfrentamento da Pandemia de COVID-19, no &acirc;mbito do Poder Executivo do Estado de Goi&aacute;s. &#8211; Decreto N&ordm; [&hellip;]<\/p>\n","protected":false},"author":44,"featured_media":0,"comment_status":"closed","ping_status":"open","sticky":false,"template":"","format":"standard","meta":{"footnotes":""},"categories":[124],"tags":[],"class_list":["post-4701","post","type-post","status-publish","format-standard","hentry","category-siga"],"rttpg_featured_image_url":null,"rttpg_author":{"display_name":"mikaelsantos","author_link":"https:\/\/goias.gov.br\/administracao\/author\/mikaelsantos\/"},"rttpg_comment":0,"rttpg_category":"<a href=\"https:\/\/goias.gov.br\/administracao\/categoria\/siga\/\" rel=\"category tag\">SIGA<\/a>","rttpg_excerpt":"&nbsp; SIGA Governadoria Vice-Governadoria Secretarias Ag&ecirc;ncias\/Autarquias Funda&ccedil;&atilde;o Sociedades de Economia Mista Conselhos Estaduais &nbsp; Dados Gerais&nbsp;|&nbsp;Compet&ecirc;ncias&nbsp;|&nbsp;Legisla&ccedil;&atilde;o&nbsp;|&nbsp;Organograma &nbsp; Legisla&ccedil;&atilde;o: &#8211; Decreto n&ordm; 9.649, de 13 de abril de 2020 &#8211; Institui o Plano de Contingenciamento de Gastos para o Enfrentamento da Pandemia de COVID-19, no &acirc;mbito do Poder Executivo do Estado de Goi&aacute;s. &#8211; Decreto N&ordm;&hellip;","_links":{"self":[{"href":"https:\/\/goias.gov.br\/administracao\/wp-json\/wp\/v2\/posts\/4701","targetHints":{"allow":["GET"]}}],"collection":[{"href":"https:\/\/goias.gov.br\/administracao\/wp-json\/wp\/v2\/posts"}],"about":[{"href":"https:\/\/goias.gov.br\/administracao\/wp-json\/wp\/v2\/types\/post"}],"author":[{"embeddable":true,"href":"https:\/\/goias.gov.br\/administracao\/wp-json\/wp\/v2\/users\/44"}],"replies":[{"embeddable":true,"href":"https:\/\/goias.gov.br\/administracao\/wp-json\/wp\/v2\/comments?post=4701"}],"version-history":[{"count":1,"href":"https:\/\/goias.gov.br\/administracao\/wp-json\/wp\/v2\/posts\/4701\/revisions"}],"predecessor-version":[{"id":16289,"href":"https:\/\/goias.gov.br\/administracao\/wp-json\/wp\/v2\/posts\/4701\/revisions\/16289"}],"wp:attachment":[{"href":"https:\/\/goias.gov.br\/administracao\/wp-json\/wp\/v2\/media?parent=4701"}],"wp:term":[{"taxonomy":"category","embeddable":true,"href":"https:\/\/goias.gov.br\/administracao\/wp-json\/wp\/v2\/categories?post=4701"},{"taxonomy":"post_tag","embeddable":true,"href":"https:\/\/goias.gov.br\/administracao\/wp-json\/wp\/v2\/tags?post=4701"}],"curies":[{"name":"wp","href":"https:\/\/api.w.org\/{rel}","templated":true}]}}