

{"id":4696,"date":"2019-03-11T10:44:42","date_gmt":"2019-03-11T13:44:42","guid":{"rendered":"http:\/\/localhost\/multisites\/sead\/2019\/03\/11\/goinfra-legislacao-2019-a-2020\/"},"modified":"2023-10-18T16:23:32","modified_gmt":"2023-10-18T19:23:32","slug":"goinfra-legislacao-2019-a-2020","status":"publish","type":"post","link":"https:\/\/goias.gov.br\/administracao\/goinfra-legislacao-2019-a-2020\/","title":{"rendered":"GOINFRA &#8211; Legisla\u00e7\u00e3o 2019 a 2020"},"content":{"rendered":"<div class=\"body\" style=\"color: rgb(0, 0, 0); text-transform: none; text-indent: 0px; letter-spacing: normal; font-family: &quot;Open Sans&quot;; font-size: 14px; font-style: normal; font-weight: 400; word-spacing: 0px; white-space: normal; box-sizing: inherit; orphans: 2; widows: 2; background-color: rgb(255, 255, 255); font-variant-ligatures: normal; font-variant-caps: normal; -webkit-text-stroke-width: 0px; text-decoration-style: initial; text-decoration-color: initial;\">\n<table border=\"1\" cellpadding=\"1\" cellspacing=\"1\" style=\"border: 1px solid rgb(234, 234, 234); border-image: none; width: 910px; border-collapse: collapse; max-width: 100%; box-sizing: inherit; border-spacing: 0px; background-color: transparent;\">\n<tbody style=\"box-sizing: inherit;\">\n<tr style=\"vertical-align: middle; box-sizing: inherit;\">\n<td align=\"right\" colspan=\"8\" style=\"padding: 0.5rem; border: 1px solid rgb(234, 234, 234); border-image: none; vertical-align: middle; box-sizing: inherit;\">&nbsp;<\/td>\n<\/tr>\n<tr style=\"vertical-align: middle; box-sizing: inherit;\">\n<td align=\"center\" style=\"padding: 0.5rem; border: 1px solid rgb(234, 234, 234); border-image: none; vertical-align: middle; box-sizing: inherit; background-color: rgb(255, 153, 0);\" valign=\"center\"><strong><a href=\"https:\/\/www.administracao.go.gov.br\/?option=com_content&amp;view=article&amp;id=18157\" title=\"P\u00e1gina inicial do SIGA - Sistema de Gest\u00e3o Administrativa.\">SIGA<\/a><\/strong><\/td>\n<td align=\"center\" style=\"padding: 0.5rem; border: 1px solid rgb(234, 234, 234); border-image: none; width: 121px; vertical-align: middle; box-sizing: inherit; background-color: rgb(187, 232, 255);\" valign=\"center\"><a href=\"https:\/\/www.administracao.go.gov.br\/?option=com_content&amp;view=article&amp;id=19536\" title=\"Integrada por \u00f3rg\u00e3os de assessoramento e aux\u00edlio direto ao Chefe do Poder Executivo.\">Governadoria<\/a><\/td>\n<td align=\"center\" style=\"padding: 0.5rem; border: 1px solid rgb(234, 234, 234); border-image: none; width: 121px; vertical-align: middle; box-sizing: inherit; background-color: rgb(187, 232, 255);\" valign=\"center\"><a href=\"https:\/\/www.administracao.go.gov.br\/?option=com_content&amp;view=article&amp;id=19825\" title=\"Exerce compet\u00eancias constitucionais, legais e regulamentares de aux\u00edlio ao Governador.\">Vice-Governadoria<\/a><\/td>\n<td align=\"center\" style=\"padding: 0.5rem; border: 1px solid rgb(234, 234, 234); border-image: none; width: 117px; vertical-align: middle; box-sizing: inherit; background-color: rgb(187, 232, 255);\" valign=\"center\"><a href=\"https:\/\/www.administracao.go.gov.br\/?option=com_content&amp;view=article&amp;id=19651\" title=\"\u00d3rg\u00e3os de primeiro escal\u00e3o, respons\u00e1veis pela supervis\u00e3o e articula\u00e7\u00e3o das atividades das respectivas \u00e1reas de atua\u00e7\u00e3o, cabendo-lhes especificamente exercerem dentro do seu espa\u00e7o institucional, pol\u00edtico e administrativo, a formula\u00e7\u00e3o das pol\u00edticas e diretrizes, a coordena\u00e7\u00e3o de sua execu\u00e7\u00e3o e a supervis\u00e3o geral das entidades jurisdicionadas.\">Secretarias<\/a><\/td>\n<td align=\"center\" style=\"padding: 0.5rem; border: 1px solid rgb(234, 234, 234); border-image: none; width: 151px; vertical-align: middle; box-sizing: inherit; background-color: rgb(187, 232, 255);\" valign=\"center\"><a href=\"https:\/\/www.administracao.go.gov.br\/?option=com_content&amp;view=article&amp;id=19650\" title=\"Entidades com personalidade jur\u00eddica de direito p\u00fablico, patrim\u00f4nio e receita pr\u00f3prios e capacidade de auto-administra\u00e7\u00e3o sob controle estatal, para executar atividades e servi\u00e7os do Poder P\u00fablico que, para melhor desempenho, requeiram gest\u00e3o administrativa e financeira descentralizada.\">Ag&ecirc;ncias\/Autarquias<\/a><\/td>\n<td align=\"center\" style=\"padding: 0.5rem; border: 1px solid rgb(234, 234, 234); border-image: none; width: 115px; vertical-align: middle; box-sizing: inherit; background-color: rgb(187, 232, 255);\" valign=\"center\"><a href=\"https:\/\/www.administracao.go.gov.br\/?option=com_content&amp;view=article&amp;id=18259\" title=\"Entidade com personalidade jur\u00eddica de direito p\u00fablico, patrim\u00f4nio e receita pr\u00f3prios e capacidade de auto-administra\u00e7\u00e3o, sob controle estatal, para desenvolver atividades assistenciais, culturais, educacionais, de estudos e pesquisas, ou de apoio \u00e0s referidas atividades.\">Funda&ccedil;&atilde;o<\/a><\/td>\n<td align=\"center\" style=\"padding: 0.5rem; border: 1px solid rgb(234, 234, 234); border-image: none; width: 118px; vertical-align: middle; box-sizing: inherit; background-color: rgb(187, 232, 255);\" valign=\"center\"><a href=\"https:\/\/goias.gov.br\/administracao\/siga-sociedades\/\" title=\"Entidades institu\u00eddas sob a forma de sociedade por a\u00e7\u00f5es, tendo em sua denomina\u00e7\u00e3o \u2018Companhia\u2019 ou \u2018S.A.\u2019 (sociedade an\u00f4nima), com o objetivo de realizar atividade econ\u00f4mica ou servi\u00e7o de interesse coletivo.\">Sociedades de Economia Mista<\/a><\/td>\n<td align=\"center\" style=\"padding: 0.5rem; border: 1px solid rgb(234, 234, 234); border-image: none; width: 116px; vertical-align: middle; box-sizing: inherit; background-color: rgb(187, 232, 255);\" valign=\"center\"><a href=\"https:\/\/goias.gov.br\/administracao\/siga-conselhos\/\" title=\"\u00d3rg\u00e3os colegiados, que atuam e decidem pela manifesta\u00e7\u00e3o conjunta e majorit\u00e1ria da vontade de seus membros compostos por representantes do Poder P\u00fablico e da sociedade civil. S\u00e3o de natureza normativa, deliberativa, consultiva ou fiscalizadora.\">Conselhos Estaduais<\/a><\/td>\n<\/tr>\n<\/tbody>\n<\/table>\n<p style=\"margin: 1.5rem 0px; box-sizing: inherit;\">&nbsp;<\/p>\n<p style=\"margin: 1.5rem 0px; box-sizing: inherit;\"><strong style=\"color: rgb(26, 26, 26); font-weight: bold; box-sizing: inherit;\">Ag&ecirc;ncia Goiana de Infraestrutura e Transportes &#8211; GOINFRA<\/strong><\/p>\n<p style=\"margin: 1.5rem 0px; box-sizing: inherit;\"><a href=\"https:\/\/goias.gov.br\/administracao\/agencia-goiana-de-transportes-e-obras-agetop-dados-gerais\/\">Dados Gerais<\/a> | <a href=\"https:\/\/goias.gov.br\/administracao\/agetop-2\/\">Regulamento<\/a>&nbsp;| <a href=\"https:\/\/goias.gov.br\/administracao\/agetop-4\/\">Legisla&ccedil;&atilde;o<\/a> | <a href=\"https:\/\/goias.gov.br\/administracao\/2011\/08\/31\/fu\/\">Fundos<\/a> | <a href=\"https:\/\/goias.gov.br\/administracao\/wp-content\/uploads\/sites\/27\/2019\/03\/GOINFRA-56f.pdf\" id=\"\" target=\"_blank\" title=\"\" rel=\"noopener\">Organograma<\/a><\/p>\n<p style=\"margin: 1.5rem 0px; box-sizing: inherit;\"><strong style=\"color: rgb(26, 26, 26); font-weight: bold; box-sizing: inherit;\"><strong style=\"color: rgb(26, 26, 26); font-weight: bold; box-sizing: inherit;\"><strong style=\"color: rgb(26, 26, 26); font-weight: bold; box-sizing: inherit;\"><strong style=\"color: rgb(26, 26, 26); font-weight: bold; box-sizing: inherit;\">LEGISLA&Ccedil;&Atilde;O:<\/strong><\/strong><\/strong><\/strong><\/p>\n<p style=\"margin: 1.5rem 0px; box-sizing: inherit;\"><u><a href=\"https:\/\/goias.gov.br\/administracao\/wp-content\/uploads\/sites\/27\/2019\/03\/Portaria4412020Goinfra-b78.pdf\" target=\"_blank\" rel=\"noopener\">&#8211; Portaria 441\/2020<\/a><\/u> &#8211; GOINFRA &#8211; O Presidente da AG&Ecirc;NCIA GOIANA DE INFRAESTRUTURA<br \/>\nE TRANSPORTES &#8211; GOINFRA, no uso de suas atribui&ccedil;&otilde;es legais, Considerando a Portaria n&deg; 230\/2020 da SEAD, de 28 de julho de 2020 e o Plano de A&ccedil;&atilde;o anexo &agrave; Portaria (000016747690), RESOLVE:<\/p>\n<p style=\"margin: 1.5rem 0px; box-sizing: inherit;\"><u><a href=\"https:\/\/goias.gov.br\/administracao\/wp-content\/uploads\/sites\/27\/2019\/03\/Portaria3722020-2ba.pdf\" target=\"_blank\" rel=\"noopener\">&#8211; Portaria 372\/2020<\/a><\/u> &#8211; GOINFRA &#8211; O Presidente da AG&Ecirc;NCIA GOIANA DE INFRAESTRUTURA E TRANSPORTES &#8211; GOINFRA, no uso de suas atribui&ccedil;&otilde;es legais,&#8230; Resolve:<br \/>\n&nbsp;<\/p>\n<p style=\"margin: 1.5rem 0px; box-sizing: inherit;\"><u><a href=\"https:\/\/legisla.casacivil.go.gov.br\/pesquisa_legislacao\/103300\/lei-20820\" target=\"_blank\" rel=\"noopener\">&#8211; Lei n&ordm; 20.820, de 04 de agosto de 2020<\/a><\/u> &#8211; Altera a Lei n&ordm; 20.491, de 25 de junho de 2019, que estabelece a organiza&ccedil;&atilde;o administrativa do Poder Executivo e d&aacute; outras provid&ecirc;ncias.<\/p>\n<p style=\"margin: 1.5rem 0px; box-sizing: inherit;\"><u><a href=\"https:\/\/legisla.casacivil.go.gov.br\/pesquisa_legislacao\/103285\/decreto-9697#:~:text=DECRETO%20N%C2%BA%209.697%2C%20DE%2016,o%20%C2%A7%201%C2%BA%20do%20art.\" target=\"_blank\" rel=\"noopener\">&#8211; Decreto N&ordm; 9.697, de 16 de Julho de 2020,<\/a><\/u>&nbsp;&#8211; Regulamenta a Lei Complementar n&ordm; 33, de 1&ordm; de agosto de 2001, que disp&otilde;e sobre a elabora&ccedil;&atilde;o, a reda&ccedil;&atilde;o, a altera&ccedil;&atilde;o e a consolida&ccedil;&atilde;o das leis, conforme determina o &sect; 1&ordm; do art. 18 da Constitui&ccedil;&atilde;o Estadual, e estabelece normas para o encaminhamento e a consolida&ccedil;&atilde;o dos atos normativos que menciona.&nbsp;<\/p>\n<p style=\"margin: 1.5rem 0px; box-sizing: inherit;\"><u><a href=\"https:\/\/legisla.casacivil.go.gov.br\/pesquisa_legislacao\/103178\" target=\"_blank\" rel=\"noopener\">&#8211; Decreto N&ordm; 9.668, de 28 de maio de 2020<\/a><\/u>&nbsp;&#8211; Institui o Portal Goi&aacute;s Digital, determina aos &oacute;rg&atilde;os da Administra&ccedil;&atilde;o P&uacute;blica estadual a atualiza&ccedil;&atilde;o urgente das suas Cartas de Servi&ccedil;os, no contexto da pandemia do novo coronav&iacute;rus (COVID-19) e d&aacute; outras provid&ecirc;ncias.<\/p>\n<p style=\"margin: 1.5rem 0px; box-sizing: inherit;\"><u><a href=\"https:\/\/goias.gov.br\/administracao\/wp-content\/uploads\/sites\/27\/2019\/02\/Decreton9649-56a.pdf\" target=\"_blank\" rel=\"noopener\">&#8211; Decreto n&ordm; 9.649, de 13 de abril de 2020<\/a><\/u> &#8211; Institui o Plano de Contingenciamento de Gastos para o Enfrentamento da Pandemia de COVID-19, no &acirc;mbito do Poder Executivo do Estado de Goi&aacute;s.<\/p>\n<p style=\"margin: 1.5rem 0px; box-sizing: inherit;\"><u><a href=\"https:\/\/legisla.casacivil.go.gov.br\/pesquisa_legislacao\/103079\" target=\"_blank\" rel=\"noopener\">&#8211; Decreto N&ordm; 9.644, de 26 de mar&ccedil;o de 2020<\/a><\/u>. &#8211; Altera o Decreto n&ordm; 9.633, de 13 de mar&ccedil;o de 2020.<\/p>\n<p style=\"margin: 1.5rem 0px; box-sizing: inherit;\"><u>&#8211;<a href=\"https:\/\/goias.gov.br\/administracao\/wp-content\/uploads\/sites\/27\/2019\/03\/Portaria1542020GOPINFRA-957.pdf\" target=\"_blank\" rel=\"noopener\">&nbsp;Portaria 154\/2020 &#8211; GOINFRA<\/a><\/u> &#8211; O PRESIDENTE DA AG&Ecirc;NCIA GOIANA DE INFRAESTRUTURA E TRANSPORTES &#8211; GOINFRA -, no uso das atribui&ccedil;&otilde;es que lhe s&atilde;o conferidas pelo art. 56, caput, e incisos I, II e III da lei estadual n&ordm; 20.491, de 25 de junho de 2019, CONSIDERANDO a Portaria n.141\/2020 &#8211; GOINFRA (000012097171), de 17 de mar&ccedil;o de 2020; CONSIDERANDO a Portaria n. 099\/2020 &#8211; SEAD, de 19 de mar&ccedil;o de 2020; RESOLVE:<\/p>\n<p style=\"margin: 1.5rem 0px; box-sizing: inherit;\"><u><a href=\"https:\/\/goias.gov.br\/administracao\/wp-content\/uploads\/sites\/27\/2019\/03\/PortariaN1412020GOINFRA-994.pdf\" target=\"_blank\" rel=\"noopener\">&#8211; Portaria 141\/2020 &#8211; GOINFRA<\/a><\/u> &#8211; O PRESIDENTE DA AG&Ecirc;NCIA GOIANA DE INFRAESTRUTURA E TRANSPORTES &#8211; GOINFRA -, no uso das atribui&ccedil;&otilde;es que lhe s&atilde;o conferidas pelo art. 56, caput, e incisos I, II e III da lei estadual n&ordm; 20.491, de 25 de junho de 2019&#8230; Resolve:<\/p>\n<p style=\"margin: 1.5rem 0px; box-sizing: inherit;\"><a href=\"https:\/\/goias.gov.br\/escoladegoverno\/wp-content\/uploads\/sites\/27\/files\/SCTG\/DecretoN9634-1.pdf\" target=\"_blank\" rel=\"noopener\"><u>&#8211; Decreto N&ordm; 9.634, de 13 de Mar&ccedil;o de 2020<\/u>,<\/a> &#8211; Estabelece os procedimentos preventivos de emerg&ecirc;ncia a serem adotados pelo Poder Executivo do Estado de Goi&aacute;s e seus servidores, em raz&atilde;o de pandemia do novo coronav&iacute;rus (COVID-19).<\/p>\n<p style=\"margin: 1.5rem 0px; box-sizing: inherit;\"><u><a href=\"http:\/\/www.gabinetecivil.go.gov.br\/pagina_decretos.php?id=21054\" target=\"_blank\" rel=\"noopener\">&#8211; Decreto N&ordm; 9.628, de 10 de Mar&ccedil;o de 2020<\/a><\/u>, &#8211; Disp&otilde;e sobre o procedimento para loca&ccedil;&atilde;o de im&oacute;vel pelos &oacute;rg&atilde;os da administra&ccedil;&atilde;o p&uacute;blica direta e pelas entidades aut&aacute;rquicas e fundacionais do Poder Executivo do Estado de Goi&aacute;s.<\/p>\n<p style=\"margin: 1.5rem 0px; box-sizing: inherit;\"><u><a href=\"http:\/\/www.gabinetecivil.go.gov.br\/pagina_decretos.php?id=21050\" target=\"_blank\" rel=\"noopener\">&#8211; Decreto No 9.625, de 03 de Mar&ccedil;o de 2020,<\/a><\/u> &#8211; Disp&otilde;e sobre os procedimentos a serem observados pela administra&ccedil;&atilde;o p&uacute;blica direta e indireta do Poder Executivo, para fins de celebra&ccedil;&atilde;o de atos complementares de coopera&ccedil;&atilde;o t&eacute;cnica, recebida de organismos internacionais e da aprova&ccedil;&atilde;o e<br \/>\ngest&atilde;o de projetos vinculados aos referidos instrumentos.<\/p>\n<p style=\"margin: 1.5rem 0px; box-sizing: inherit;\"><u><a href=\"http:\/\/www.gabinetecivil.go.gov.br\/pagina_decretos.php?id=20916\" target=\"_blank\" rel=\"noopener\">&#8211; Decreto N&ordm; 9.606, de 07 de fevereiro de 2020<\/a><\/u>. &#8211; Altera o Decreto no 9.462, de 11 de julho de 2019, que, essencialmente, institui o Programa MOVE Goi&aacute;s no &acirc;mbito da administra&ccedil;&atilde;o direta, aut&aacute;rquica e fundacional do Poder Executivo.<\/p>\n<p style=\"margin: 1.5rem 0px; box-sizing: inherit;\"><u><a href=\"http:\/\/www.gabinetecivil.go.gov.br\/pagina_leis.php?id=24004\" target=\"_blank\" rel=\"noopener\">&#8211; Lei N&ordm; 20.756, de 28 de janeiro de 2020,<\/a><\/u>&nbsp;&#8211; Disp&otilde;e sobre o regime jur&iacute;dico dos servidores p&uacute;blicos civis do Estado de Goi&aacute;s, das autarquias e funda&ccedil;&otilde;es p&uacute;blicas estaduais, e d&aacute; outras provid&ecirc;ncias.<\/p>\n<p style=\"margin: 1.5rem 0px; box-sizing: inherit;\"><u><a href=\"https:\/\/goias.gov.br\/administracao\/wp-content\/uploads\/sites\/27\/files\/DecretoN9601.pdf\" target=\"_blank\" rel=\"noopener\">&#8211; Decreto N&ordm; 9.601, DE 24 de janeiro de &nbsp;2020<\/a><\/u>. &#8211; Altera o Decreto n&ordm; 9.462, de 11 de julho de 2019, que institui o Programa MOVE Goi&aacute;s no &acirc;mbito da administra&ccedil;&atilde;o direta, aut&aacute;rquica e fundacional do Poder Executivo e d&aacute; outras provid&ecirc;ncias.<\/p>\n<p style=\"margin: 1.5rem 0px; box-sizing: inherit;\"><u><a href=\"https:\/\/goias.gov.br\/administracao\/wp-content\/uploads\/sites\/27\/files\/Portaria476SEAD.pdf\" target=\"_blank\" rel=\"noopener\">&#8211; Portaria n&deg; 476\/2019<\/a><\/u>&nbsp;&#8211; O SECRET&Aacute;RIO DE ESTADO DA ADMINISTRA&Ccedil;&Atilde;O, no uso de suas atribui&ccedil;&otilde;es legais, tendo em vista o que disp&otilde;e a Lei Estadual n&ordm; 20.491, de 25 de junho de 2019, e, ainda, o Decreto n&ordm; 9.566, de 25 de novembro de 2019, especialmente no &sect;3&ordm; de seu art. 6&ordm;; RESOLVE:<\/p>\n<p style=\"margin: 1.5rem 0px; box-sizing: inherit;\"><u><a href=\"https:\/\/goias.gov.br\/administracao\/wp-content\/uploads\/sites\/27\/2019\/03\/Portaria425Goinfra-f1f.pdf\" target=\"_blank\" rel=\"noopener\">&#8211; Portaria 425\/2019 &#8211; GOINFRA<\/a><\/u> &#8211;&nbsp; O Presidente da AG&Ecirc;NCIA GOIANA DE INFRAESTRUTURA E TRANSPORTES no uso de suas atribui&ccedil;&otilde;es legais, RESOLVE:<\/p>\n<p style=\"margin: 1.5rem 0px; box-sizing: inherit;\"><u><a href=\"https:\/\/goias.gov.br\/administracao\/wp-content\/uploads\/sites\/27\/2014\/07\/Decreto9574-d73.pdf\" target=\"_blank\" rel=\"noopener\">&#8211; Decreto n&ordm; 9.574, de 05 de dezembro de 2019,<\/a><\/u><a href=\"https:\/\/goias.gov.br\/administracao\/wp-content\/uploads\/sites\/27\/2014\/07\/Decreto9574-d73.pdf\" target=\"\" title=\"\" rel=\"noopener\"> <\/a>&#8211; Disp&otilde;e sobre a Carta de Servi&ccedil;os ao Cidad&atilde;o e d&aacute; outras provid&ecirc;ncias.<\/p>\n<p style=\"margin: 1.5rem 0px; box-sizing: inherit;\"><u><a href=\"https:\/\/goias.gov.br\/escoladegoverno\/wp-content\/uploads\/sites\/27\/files\/GEMOG\/Decreto9541.pdf\" target=\"_blank\" rel=\"noopener\">&#8211; Decreto N&ordm; 9.541, de 23 de outubro de 2019,<\/a><\/u> &#8211; Disp&otilde;e sobre a gest&atilde;o dos ve&iacute;culos utilizados pela administra&ccedil;&atilde;o direta, aut&aacute;rquica e fundacional do Poder Executivo e d&aacute; outras provid&ecirc;ncias.<\/p>\n<p style=\"margin: 1.5rem 0px; box-sizing: inherit;\"><a href=\"https:\/\/goias.gov.br\/escoladegoverno\/wp-content\/uploads\/sites\/27\/files\/GEMOG\/SeadparaGoinfra.pdf\" target=\"\" title=\"\" rel=\"noopener\"><u>&#8211; Decreto n&ordm; 9.513 de 11 de Setembro de 2019,<\/u><\/a><u> <\/u>&#8211; Altera unidade administrativa que especifica.<\/p>\n<p style=\"margin: 1.5rem 0px; box-sizing: inherit;\"><u><a href=\"http:\/\/www.gabinetecivil.go.gov.br\/pagina_decretos.php?id=20339\" target=\"_blank\" rel=\"noopener\">&#8211; Decreto N&deg; 9.462, de 11 de Julho de 2019<\/a><\/u>&nbsp;&#8211; Institui o Programa MOVE Goi&aacute;s no &acirc;mbito da administra&ccedil;&atilde;o direta, aut&aacute;rquica e fundacional do Poder Executivo e d&aacute; outras provid&ecirc;ncias.<\/p>\n<p style=\"margin: 1.5rem 0px; box-sizing: inherit;\">&#8211; <a href=\"http:\/\/www.gabinetecivil.go.gov.br\/pagina_leis.php?id=23592\" target=\"_blank\" rel=\"noopener\"><u>Lei n&ordm; 20.491, de 25 de junho de 2019<\/u><\/a> &#8211; Estabelece a organiza&ccedil;&atilde;o administrativa do Poder Executivo e d&aacute; outras provid&ecirc;ncias.<\/p>\n<p style=\"margin: 1.5rem 0px; box-sizing: inherit;\"><a href=\"https:\/\/goias.gov.br\/escoladegoverno\/wp-content\/uploads\/sites\/27\/files\/GEMOG\/DecretoNo9434.pdf\" target=\"_blank\" rel=\"noopener\"><u>&#8211; Decreto No 9.434, de 25 de Abril de 2019<\/u><\/a> &#8211; Estabelece diretrizes para a elabora&ccedil;&atilde;o do Plano Plurianual 2020-2023 e cria grupo de trabalho que especifica.<\/p>\n<p style=\"margin: 1.5rem 0px; box-sizing: inherit;\"><u><a href=\"https:\/\/goias.gov.br\/escoladegoverno\/wp-content\/uploads\/sites\/27\/files\/GEMOG\/PORTARIANo93.pdf\" target=\"_blank\" rel=\"noopener\">&#8211; Portaria N&ordm; 93,&nbsp;de 02&nbsp;de Abril&nbsp;de 2019<\/a><\/u> &#8211; Disp&otilde;e sobre a Pol&iacute;tica de Gest&atilde;o de Riscos da Ag&ecirc;ncia Goiana de Infraestrutura e Transportes &#8211; GOINFRA e d&aacute; outras provid&ecirc;ncias. O Presidente da Ag&ecirc;ncia Goiana de Infraestrutura e Transportes &#8211; GOINFRA, no uso de suas atribui&ccedil;&otilde;es que lhe confere o inciso III do art. 8&ordm; da Lei n&ordm; 17.257\/2011&#8230;<\/p>\n<p style=\"margin: 1.5rem 0px; text-align: justify; box-sizing: inherit;\"><a href=\"http:\/\/www.segplan.go.gov.br\/files\/DIARIOSUPLEMENTO14-03.pdf\" target=\"_blank\" rel=\"noopener\"><u>&#8211; PORTARIA 041\/2019 &ndash; CGE &#8211;<\/u>&nbsp;<\/a>Resolve: Art. 1&ordm; Instituir Grupo de Trabalho para realizar as atividades de consultoria, orienta&ccedil;&atilde;o e apoio necess&aacute;rias a implanta&ccedil;&atilde;o nos &oacute;rg&atilde;os e entidades do Poder Executivo da Gest&atilde;o de Riscos, eixo IV do Programa Compliance P&uacute;blico &#8211; PCP institu&iacute;do pelo Decreto n&ordm; 9.406, de 18 de fevereiro de 2019.<\/p>\n<p style=\"margin: 1.5rem 0px; text-align: justify; box-sizing: inherit;\"><u>&#8211;<strong>&nbsp;<\/strong><a href=\"http:\/\/www.gabinetecivil.go.gov.br\/pagina_decretos.php?id=19663\" target=\"_blank\" rel=\"noopener\">Decreto n&deg;&nbsp;9.412, de&nbsp;11 de mar&ccedil;o de&nbsp;2019<\/a> <\/u>&#8211;&nbsp; Art. 1&deg;&nbsp;Fica institu&iacute;do Grupo de Trabalho para, no &acirc;mbito do Poder Executivo, realizar os estudos necess&aacute;rios &agrave;s medidas de conten&ccedil;&atilde;o de gastos com pessoal do Estado de Goi&aacute;s.<\/p>\n<p style=\"margin: 1.5rem 0px; text-align: justify; box-sizing: inherit;\"><u><strong style=\"color: rgb(26, 26, 26); font-weight: bold; box-sizing: inherit;\"><strong style=\"color: rgb(26, 26, 26); font-weight: bold; box-sizing: inherit;\"><strong style=\"color: rgb(26, 26, 26); font-weight: bold; box-sizing: inherit;\"><strong style=\"color: rgb(26, 26, 26); font-weight: bold; box-sizing: inherit;\">&#8211;<\/strong><\/strong><\/strong><\/strong><strong style=\"color: rgb(26, 26, 26); font-weight: bold; box-sizing: inherit;\"><strong style=\"color: rgb(26, 26, 26); font-weight: bold; box-sizing: inherit;\"><strong style=\"color: rgb(26, 26, 26); font-weight: bold; box-sizing: inherit;\"><strong style=\"color: rgb(26, 26, 26); font-weight: bold; box-sizing: inherit;\">&nbsp;<\/strong><\/strong><\/strong><\/strong><\/u><a href=\"http:\/\/www.gabinetecivil.go.gov.br\/pagina_leis.php?id=23179\" target=\"_blank\" rel=\"noopener\"><u>Lei n&ordm; 20.420, de 21 de fevereiro de 2019<\/u> <\/a>&#8211; Altera a Lei n&ordm; 15.047, de 29 de dezembro de 2004, que institui o Programa Transporte Cidad&atilde;o, destinado a oferecer subs&iacute;dio financeiro aos usu&aacute;rios da linha 001 &#8211; Eixo Anhanguera, da Rede Metropolitana de Transporte Coletivo, a Lei n&ordm; 14.653, de 08 de janeiro de 2004, que institui a Junta Administrativa de Recursos de Infra&ccedil;&otilde;es &#8211; JARI, e revoga a legisla&ccedil;&atilde;o que especifica.<\/p>\n<p style=\"margin: 1.5rem 0px; text-align: justify; box-sizing: inherit;\"><u>&#8211;&nbsp;<a href=\"http:\/\/www.gabinetecivil.go.gov.br\/pagina_decretos.php?id=19656\" target=\"_blank\" rel=\"noopener\">Decreto n&ordm; 9.407, de 18 de fevereiro de 2019<\/a><\/u> &#8211; Altera o Decreto n&ordm; 9.376, de 2 de janeiro de 2019.<\/p>\n<p style=\"text-align: justify;\"><u>&#8211;&nbsp;<a href=\"http:\/\/www.gabinetecivil.go.gov.br\/pagina_decretos.php?id=19655\" target=\"_blank\" rel=\"noopener\">Decreto n&deg; 9.406, de 18 de fevereiro de 2019<\/a> <\/u>&#8211; Institui o Programa de Compliance P&uacute;blico no Poder Executivo do Estado de Goi&aacute;s e d&aacute; outras provid&ecirc;ncias.<\/p>\n<p style=\"text-align: justify;\"><u>&#8211;&nbsp;<a href=\"http:\/\/www.gabinetecivil.go.gov.br\/pagina_decretos.php?id=19650\" target=\"_blank\" rel=\"noopener\">Decreto n&ordm; 9.402, de 07 de fevereiro de 2019<\/a><\/u> &#8211; Disp&otilde;e sobre as regras de governan&ccedil;a e o tratamento diferenciado para as empresas estatais de menor porte, nos termos da Lei federal n&ordm; 13.303, de 30 de junho de 2016.<\/p>\n<p style=\"text-align: justify;\">&nbsp;<\/p>\n<p style=\"text-align: justify;\"><u>&#8211;&nbsp;<a href=\"http:\/\/www.gabinetecivil.go.gov.br\/pagina_decretos.php?id=19649\" target=\"_blank\" rel=\"noopener\">Decreto n&ordm; 9.401, de 07 de fevereiro de 2019<\/a><\/u> &#8211; Disp&otilde;e sobre a desnecessidade de novo provimento para os cargos em&nbsp;comiss&atilde;o&nbsp;nos casos que especifica.<\/p>\n<p style=\"text-align: justify;\"><u>&#8211;&nbsp;<a href=\"http:\/\/www.gabinetecivil.go.gov.br\/pagina_leis.php?id=23173\" target=\"_blank\" rel=\"noopener\">Lei n&ordm; 20.417, de 06 de fevereiro de 2019<\/a><\/u> &#8211; Altera a Lei estadual n&ordm; 17.257, de 25 de janeiro de 2011, e d&aacute; outras provid&ecirc;ncias.<\/p>\n<p style=\"text-align: justify;\">&#8211;<u><a href=\"http:\/\/www.gabinetecivil.go.gov.br\/pagina_decretos.php?id=19643\" target=\"_blank\" rel=\"noopener\">&nbsp;Decreto n&deg; 9.400, de 05 de fevereiro de 2019<\/a><\/u> &#8211; Acresce dispositivo ao Decreto n&ordm; 9.376, de 02 de janeiro de 2019, que estabelece medidas de conten&ccedil;&atilde;o de gastos com pessoal e outras despesas correntes, no &acirc;mbito da administra&ccedil;&atilde;o direta, aut&aacute;rquica e fundacional do Poder Executivo e empresas estatais dependentes.<\/p>\n<p style=\"text-align: justify;\"><u>&#8211;<a href=\"http:\/\/www.gabinetecivil.go.gov.br\/pagina_decretos.php?id=19642\" target=\"_blank\" rel=\"noopener\">&nbsp;Decreto n&ordm; 9.399, de 05 de fevereiro de 2019<\/a><\/u> &#8211; Disp&otilde;e sobre a fiscaliza&ccedil;&atilde;o a ser realizada em contratos, termos de colabora&ccedil;&atilde;o ou fomento, acordos de coopera&ccedil;&atilde;o, termos de parceria, contratos de repasse, contratos de gest&atilde;o, conv&ecirc;nios e quaisquer outros ajustes similares.<\/p>\n<p style=\"margin: 1.5rem 0px; text-align: justify; box-sizing: inherit;\"><u><a href=\"https:\/\/goias.gov.br\/administracao\/wp-content\/uploads\/sites\/27\/2019\/02\/PORTARIA044-056.pdf\" title=\"\">&#8211; Portaria n&ordm; 044\/2019-GSF &#8211;&nbsp;<\/a><\/u>RESOLVE: Art. 1&ordm; Instituir o Comit&ecirc; Gestor, vinculado &agrave; Secretaria de Estado da Fazenda, respons&aacute;vel pelo acompanhamento e avalia&ccedil;&atilde;o das medidas de conten&ccedil;&atilde;o de gastos com pessoal e outras despesas correntes, no &acirc;mbito da administra&ccedil;&atilde;o direta, aut&aacute;rquica e fundacional do Poder Executivo e empresas estatais dependentes, previstas no Decreto n&ordm; 9.376, de 02 de janeiro de 2019.<\/p>\n<p style=\"margin: 1.5rem 0px; text-align: justify; color: rgb(0, 0, 0); text-transform: none; text-indent: 0px; letter-spacing: normal; font-family: &quot;Open Sans&quot;; font-size: 14px; font-style: normal; font-weight: 400; word-spacing: 0px; white-space: normal; box-sizing: inherit; orphans: 2; widows: 2; background-color: rgb(255, 255, 255);\"><u><a href=\"http:\/\/www.segplan.go.gov.br\/files\/decretocalamidade-publica.pdf\" style=\"background: none; color: rgb(37, 86, 194); text-decoration: none; box-sizing: inherit;\" target=\"_blank\" rel=\"noopener\">&#8211; Decreto Legislativo n&ordm; 483, de 24 de janeiro de 2019<\/a><\/u><span>&nbsp;<\/span>&#8211; Reconhece o estado de calamidade p&uacute;blica de ordem financeira no Estado de Goi&aacute;s, nos termos do Decreto n&ordm; 9.392, de 21 de janeiro de 2019.<\/p>\n<p style=\"margin: 1.5rem 0px; text-align: justify; color: rgb(0, 0, 0); text-transform: none; text-indent: 0px; letter-spacing: normal; font-family: &quot;Open Sans&quot;; font-size: 14px; font-style: normal; font-weight: 400; word-spacing: 0px; white-space: normal; box-sizing: inherit; orphans: 2; widows: 2; background-color: rgb(255, 255, 255);\"><u><a href=\"http:\/\/www.gabinetecivil.go.gov.br\/pagina_decretos.php?id=19636\" style=\"background: none; color: rgb(37, 86, 194); text-decoration: none; box-sizing: inherit;\" target=\"_blank\" rel=\"noopener\">&#8211; Decreto n&ordm; 9.392, de 21 de janeiro de&nbsp; 2019<\/a><\/u><span>&nbsp;<\/span>&#8211; Disp&otilde;e sobre a decreta&ccedil;&atilde;o de situa&ccedil;&atilde;o de calamidade financeira no Estado de Goi&aacute;s.<\/p>\n<p style=\"margin: 1.5rem 0px; text-align: justify; color: rgb(0, 0, 0); text-transform: none; text-indent: 0px; letter-spacing: normal; font-family: &quot;Open Sans&quot;; font-size: 14px; font-style: normal; font-weight: 400; word-spacing: 0px; white-space: normal; box-sizing: inherit; orphans: 2; widows: 2; background-color: rgb(255, 255, 255);\"><u><a href=\"http:\/\/www.gabinetecivil.go.gov.br\/pagina_decretos.php?id=19633\" style=\"background: none; color: rgb(37, 86, 194); text-decoration: none; box-sizing: inherit;\" target=\"_blank\" rel=\"noopener\">&#8211; Decreto n&ordm; 9.389, de 14 de janeiro de 2019<\/a><\/u><span>&nbsp;<\/span>&#8211; Cria o Grupo de Trabalho para o fim que especifica. Fica institu&iacute;do Grupo de Trabalho para, no &acirc;mbito do Poder Executivo, realizar os estudos necess&aacute;rios &agrave; realiza&ccedil;&atilde;o da reforma administrativa do Estado de Goi&aacute;s<\/p>\n<p style=\"margin: 1.5rem 0px; text-align: justify; color: rgb(0, 0, 0); text-transform: none; text-indent: 0px; letter-spacing: normal; font-family: &quot;Open Sans&quot;; font-size: 14px; font-style: normal; font-weight: 400; word-spacing: 0px; white-space: normal; box-sizing: inherit; orphans: 2; widows: 2; background-color: rgb(255, 255, 255);\"><u><a href=\"http:\/\/www.gabinetecivil.go.gov.br\/pagina_decretos.php?id=19628\" style=\"background: none; color: rgb(37, 86, 194); text-decoration: none; box-sizing: inherit;\" target=\"_blank\" rel=\"noopener\"><strong style=\"color: rgb(26, 26, 26); font-weight: bold; box-sizing: inherit;\">&#8211;<span>&nbsp;<\/span><\/strong>Decreto n&ordm; 9.384, de 09 de janeiro de 2019<\/a><span>&nbsp;<\/span><\/u>&#8211; Introduz altera&ccedil;&otilde;es no Decreto n&ordm; 9.376, de 02 de janeiro de 2019, que estabelece medidas de conten&ccedil;&atilde;o de gastos com pessoal e outras despesas correntes, no &acirc;mbito da administra&ccedil;&atilde;o direta, aut&aacute;rquica e fundacional do Poder Executivo, e empresas estatais dependentes.<\/p>\n<p style=\"text-align: justify;\"><u><a href=\"http:\/\/www.gabinetecivil.go.gov.br\/pagina_decretos.php?id=19627\" target=\"_blank\" rel=\"noopener\"><strong>&#8211;&nbsp;<\/strong>Decreto n&ordm; 9.381, de 08 de janeiro&nbsp; de 2019<\/a>&nbsp;<\/u>&#8211; Introduz altera&ccedil;&atilde;o no inciso I do art. 8&ordm; do Decreto n&ordm; 9.376, de 02 de janeiro de 2019, que estabelece medidas de conten&ccedil;&atilde;o de gastos com pessoal e outras despesas correntes, no &acirc;mbito da administra&ccedil;&atilde;o direta, aut&aacute;rquica e fundacional do Poder Executivo e empresas estatais dependentes.<\/p>\n<p style=\"text-align: justify;\"><u>&#8211; <a href=\"http:\/\/www.gabinetecivil.go.gov.br\/pagina_decretos.php?id=19614\" target=\"_blank\" rel=\"noopener\">Decreto n&ordm; 9.376, de 02 de janeiro de 2019<\/a><\/u>&nbsp; &#8211; Estabelece medidas de conten&ccedil;&atilde;o de gastos com pessoal e outras despesas correntes, no &acirc;mbito da administra&ccedil;&atilde;o direta, aut&aacute;rquica e fundacional do Poder Executivo e empresas estatais dependentes.<\/p>\n<\/div>\n","protected":false},"excerpt":{"rendered":"<p>&nbsp; SIGA Governadoria Vice-Governadoria Secretarias Ag&ecirc;ncias\/Autarquias Funda&ccedil;&atilde;o Sociedades de Economia Mista Conselhos Estaduais &nbsp; Ag&ecirc;ncia Goiana de Infraestrutura e Transportes &#8211; GOINFRA Dados Gerais | Regulamento&nbsp;| Legisla&ccedil;&atilde;o | Fundos | Organograma LEGISLA&Ccedil;&Atilde;O: &#8211; Portaria 441\/2020 &#8211; GOINFRA &#8211; O Presidente da AG&Ecirc;NCIA GOIANA DE INFRAESTRUTURA E TRANSPORTES &#8211; GOINFRA, no uso de suas atribui&ccedil;&otilde;es legais, [&hellip;]<\/p>\n","protected":false},"author":44,"featured_media":0,"comment_status":"closed","ping_status":"open","sticky":false,"template":"","format":"standard","meta":{"footnotes":""},"categories":[124],"tags":[],"class_list":["post-4696","post","type-post","status-publish","format-standard","hentry","category-siga"],"rttpg_featured_image_url":null,"rttpg_author":{"display_name":"mikaelsantos","author_link":"https:\/\/goias.gov.br\/administracao\/author\/mikaelsantos\/"},"rttpg_comment":0,"rttpg_category":"<a href=\"https:\/\/goias.gov.br\/administracao\/categoria\/siga\/\" rel=\"category tag\">SIGA<\/a>","rttpg_excerpt":"&nbsp; SIGA Governadoria Vice-Governadoria Secretarias Ag&ecirc;ncias\/Autarquias Funda&ccedil;&atilde;o Sociedades de Economia Mista Conselhos Estaduais &nbsp; Ag&ecirc;ncia Goiana de Infraestrutura e Transportes &#8211; GOINFRA Dados Gerais | Regulamento&nbsp;| Legisla&ccedil;&atilde;o | Fundos | Organograma LEGISLA&Ccedil;&Atilde;O: &#8211; Portaria 441\/2020 &#8211; GOINFRA &#8211; O Presidente da AG&Ecirc;NCIA GOIANA DE INFRAESTRUTURA E TRANSPORTES &#8211; GOINFRA, no uso de suas atribui&ccedil;&otilde;es legais,&hellip;","_links":{"self":[{"href":"https:\/\/goias.gov.br\/administracao\/wp-json\/wp\/v2\/posts\/4696","targetHints":{"allow":["GET"]}}],"collection":[{"href":"https:\/\/goias.gov.br\/administracao\/wp-json\/wp\/v2\/posts"}],"about":[{"href":"https:\/\/goias.gov.br\/administracao\/wp-json\/wp\/v2\/types\/post"}],"author":[{"embeddable":true,"href":"https:\/\/goias.gov.br\/administracao\/wp-json\/wp\/v2\/users\/44"}],"replies":[{"embeddable":true,"href":"https:\/\/goias.gov.br\/administracao\/wp-json\/wp\/v2\/comments?post=4696"}],"version-history":[{"count":1,"href":"https:\/\/goias.gov.br\/administracao\/wp-json\/wp\/v2\/posts\/4696\/revisions"}],"predecessor-version":[{"id":14402,"href":"https:\/\/goias.gov.br\/administracao\/wp-json\/wp\/v2\/posts\/4696\/revisions\/14402"}],"wp:attachment":[{"href":"https:\/\/goias.gov.br\/administracao\/wp-json\/wp\/v2\/media?parent=4696"}],"wp:term":[{"taxonomy":"category","embeddable":true,"href":"https:\/\/goias.gov.br\/administracao\/wp-json\/wp\/v2\/categories?post=4696"},{"taxonomy":"post_tag","embeddable":true,"href":"https:\/\/goias.gov.br\/administracao\/wp-json\/wp\/v2\/tags?post=4696"}],"curies":[{"name":"wp","href":"https:\/\/api.w.org\/{rel}","templated":true}]}}