

{"id":4649,"date":"2019-03-08T12:04:49","date_gmt":"2019-03-08T15:04:49","guid":{"rendered":"http:\/\/localhost\/multisites\/sead\/2019\/03\/08\/semad-legislacao-2019-a-2020\/"},"modified":"2023-10-18T16:23:32","modified_gmt":"2023-10-18T19:23:32","slug":"semad-legislacao-2019-a-2020","status":"publish","type":"post","link":"https:\/\/goias.gov.br\/administracao\/semad-legislacao-2019-a-2020\/","title":{"rendered":"SEMAD &#8211; Legisla\u00e7\u00e3o 2019 a 2020"},"content":{"rendered":"<table border=\"1\" cellpadding=\"1\" cellspacing=\"1\" style=\"border: 1px solid rgb(234, 234, 234); border-image: none; width: 910px; color: rgb(0, 0, 0); text-transform: none; text-indent: 0px; letter-spacing: normal; font-family: &quot;Open Sans&quot;; font-size: 14px; font-style: normal; font-weight: 400; word-spacing: 0px; white-space: normal; border-collapse: collapse; max-width: 100%; box-sizing: inherit; border-spacing: 0px; orphans: 2; widows: 2; background-color: rgb(255, 255, 255); font-variant-ligatures: normal; font-variant-caps: normal; -webkit-text-stroke-width: 0px; text-decoration-style: initial; text-decoration-color: initial;\">\n<tbody style=\"box-sizing: inherit;\">\n<tr style=\"vertical-align: middle; box-sizing: inherit;\">\n<td align=\"right\" colspan=\"8\" style=\"padding: 0.5rem; border: 1px solid rgb(234, 234, 234); border-image: none; vertical-align: middle; box-sizing: inherit;\">&nbsp;<\/td>\n<\/tr>\n<tr style=\"vertical-align: middle; box-sizing: inherit;\">\n<td align=\"center\" style=\"padding: 0.5rem; border: 1px solid rgb(234, 234, 234); border-image: none; vertical-align: middle; box-sizing: inherit; background-color: rgb(255, 153, 0);\" valign=\"center\"><strong><a href=\"https:\/\/www.administracao.go.gov.br\/?option=com_content&amp;view=article&amp;id=18157\" title=\"P\u00e1gina inicial do SIGA - Sistema de Gest\u00e3o Administrativa.\">SIGA<\/a><\/strong><\/td>\n<td align=\"center\" style=\"padding: 0.5rem; border: 1px solid rgb(234, 234, 234); border-image: none; width: 121px; vertical-align: middle; box-sizing: inherit; background-color: rgb(187, 232, 255);\" valign=\"center\"><a href=\"https:\/\/www.administracao.go.gov.br\/?option=com_content&amp;view=article&amp;id=19536\" title=\"Integrada por \u00f3rg\u00e3os de assessoramento e aux\u00edlio direto ao Chefe do Poder Executivo.\">Governadoria<\/a><\/td>\n<td align=\"center\" style=\"padding: 0.5rem; border: 1px solid rgb(234, 234, 234); border-image: none; width: 121px; vertical-align: middle; box-sizing: inherit; background-color: rgb(187, 232, 255);\" valign=\"center\"><a href=\"https:\/\/www.administracao.go.gov.br\/?option=com_content&amp;view=article&amp;id=19825\" title=\"Exerce compet\u00eancias constitucionais, legais e regulamentares de aux\u00edlio ao Governador.\">Vice-Governadoria<\/a><\/td>\n<td align=\"center\" style=\"padding: 0.5rem; border: 1px solid rgb(234, 234, 234); border-image: none; width: 117px; vertical-align: middle; box-sizing: inherit; background-color: rgb(187, 232, 255);\" valign=\"center\"><a href=\"https:\/\/www.administracao.go.gov.br\/?option=com_content&amp;view=article&amp;id=19651\" title=\"\u00d3rg\u00e3os de primeiro escal\u00e3o, respons\u00e1veis pela supervis\u00e3o e articula\u00e7\u00e3o das atividades das respectivas \u00e1reas de atua\u00e7\u00e3o, cabendo-lhes especificamente exercerem dentro do seu espa\u00e7o institucional, pol\u00edtico e administrativo, a formula\u00e7\u00e3o das pol\u00edticas e diretrizes, a coordena\u00e7\u00e3o de sua execu\u00e7\u00e3o e a supervis\u00e3o geral das entidades jurisdicionadas.\">Secretarias<\/a><\/td>\n<td align=\"center\" style=\"padding: 0.5rem; border: 1px solid rgb(234, 234, 234); border-image: none; width: 151px; vertical-align: middle; box-sizing: inherit; background-color: rgb(187, 232, 255);\" valign=\"center\"><a href=\"https:\/\/www.administracao.go.gov.br\/?option=com_content&amp;view=article&amp;id=19650\" title=\"Entidades com personalidade jur\u00eddica de direito p\u00fablico, patrim\u00f4nio e receita pr\u00f3prios e capacidade de auto-administra\u00e7\u00e3o sob controle estatal, para executar atividades e servi\u00e7os do Poder P\u00fablico que, para melhor desempenho, requeiram gest\u00e3o administrativa e financeira descentralizada.\">Ag&ecirc;ncias\/Autarquias<\/a><\/td>\n<td align=\"center\" style=\"padding: 0.5rem; border: 1px solid rgb(234, 234, 234); border-image: none; width: 115px; vertical-align: middle; box-sizing: inherit; background-color: rgb(187, 232, 255);\" valign=\"center\"><a href=\"https:\/\/www.administracao.go.gov.br\/component\/content\/article.html?id=21948&amp;Itemid=101\" title=\"Entidade com personalidade jur\u00eddica de direito p\u00fablico, patrim\u00f4nio e receita pr\u00f3prios e capacidade de auto-administra\u00e7\u00e3o, sob controle estatal, para desenvolver atividades assistenciais, culturais, educacionais, de estudos e pesquisas, ou de apoio \u00e0s referidas atividades.\">Funda&ccedil;&atilde;o<\/a><\/td>\n<td align=\"center\" style=\"padding: 0.5rem; border: 1px solid rgb(234, 234, 234); border-image: none; width: 118px; vertical-align: middle; box-sizing: inherit; background-color: rgb(187, 232, 255);\" valign=\"center\"><a href=\"https:\/\/goias.gov.br\/administracao\/siga-sociedades\/\" title=\"Entidades institu\u00eddas sob a forma de sociedade por a\u00e7\u00f5es, tendo em sua denomina\u00e7\u00e3o \u2018Companhia\u2019 ou \u2018S.A.\u2019 (sociedade an\u00f4nima), com o objetivo de realizar atividade econ\u00f4mica ou servi\u00e7o de interesse coletivo.\">Sociedades de Economia Mista<\/a><\/td>\n<td align=\"center\" style=\"padding: 0.5rem; border: 1px solid rgb(234, 234, 234); border-image: none; width: 116px; vertical-align: middle; box-sizing: inherit; background-color: rgb(187, 232, 255);\" valign=\"center\"><a href=\"https:\/\/goias.gov.br\/administracao\/siga-conselhos\/\" title=\"\u00d3rg\u00e3os colegiados, que atuam e decidem pela manifesta\u00e7\u00e3o conjunta e majorit\u00e1ria da vontade de seus membros compostos por representantes do Poder P\u00fablico e da sociedade civil. S\u00e3o de natureza normativa, deliberativa, consultiva ou fiscalizadora.\">Conselhos Estaduais<\/a><\/td>\n<\/tr>\n<\/tbody>\n<\/table>\n<p style=\"margin: 1.5rem 0px; color: rgb(0, 0, 0); text-transform: none; text-indent: 0px; letter-spacing: normal; font-family: &quot;Open Sans&quot;; font-size: 14px; font-style: normal; font-weight: 400; word-spacing: 0px; white-space: normal; box-sizing: inherit; orphans: 2; widows: 2; background-color: rgb(255, 255, 255); font-variant-ligatures: normal; font-variant-caps: normal; -webkit-text-stroke-width: 0px; text-decoration-style: initial; text-decoration-color: initial;\"><strong style=\"color: rgb(26, 26, 26); font-weight: bold; box-sizing: inherit;\">Secretaria de Estado de&nbsp; Meio Ambiente e Desenvolvimento Sustent&aacute;vel &#8211; SEMAD<\/strong><\/p>\n<p style=\"margin: 1.5rem 0px; color: rgb(0, 0, 0); text-transform: none; text-indent: 0px; letter-spacing: normal; font-family: &quot;Open Sans&quot;; font-size: 14px; font-style: normal; font-weight: 400; word-spacing: 0px; white-space: normal; box-sizing: inherit; orphans: 2; widows: 2; background-color: rgb(255, 255, 255); font-variant-ligatures: normal; font-variant-caps: normal; -webkit-text-stroke-width: 0px; text-decoration-style: initial; text-decoration-color: initial;\"><a href=\"http:\/\/www.segplan.go.gov.br\/?option=com_content&amp;view=article&amp;id=18282\" style=\"color: rgb(37, 86, 194); text-decoration: none; box-sizing: inherit;\"><span style=\"color: rgb(0, 0, 255); box-sizing: inherit;\"><\/span><\/a><a href=\"https:\/\/goias.gov.br\/administracao\/wp-content\/uploads\/sites\/27\/2011\/07\/SEMAD06-09-da5.pdf\" rel=\"noopener noreferrer\" target=\"_blank\"><span style=\"color: rgb(0, 0, 255);\"><\/span><\/a><a href=\"https:\/\/goias.gov.br\/administracao\/secretaria-secretaria-de-estado-de-meio-ambiente-de-meio-ambiente-recursos-hidricos-infraestrutura-cidades-e-assuntos-metropolitanos-dados-gerais\/\">Dados Gerais<\/a>&nbsp;|<a href=\"https:\/\/www.administracao.go.gov.br\/?option=com_content&amp;view=article&amp;id=18281\">&nbsp;<u>R<\/u><u>egulamento<\/u><\/a> |&nbsp;<u><a href=\"https:\/\/www.administracao.go.gov.br\/?option=com_content&amp;view=article&amp;id=18280\">Legisla&ccedil;&atilde;o<\/a>&nbsp;<\/u>|&nbsp;<a href=\"https:\/\/www.administracao.go.gov.br\/?option=com_content&amp;view=article&amp;id=19534\">Fundos<\/a>&nbsp;|&nbsp;<a href=\"https:\/\/goias.gov.br\/administracao\/wp-content\/uploads\/sites\/27\/files\/GGC\/SEMAD27-08.pdf\" rel=\"noopener noreferrer\" target=\"_blank\"><u>Organograma<\/u><\/a><\/p>\n<p style=\"margin: 1.5rem 0px; color: rgb(0, 0, 0); text-transform: none; text-indent: 0px; letter-spacing: normal; font-family: &quot;Open Sans&quot;; font-size: 14px; font-style: normal; font-weight: 400; word-spacing: 0px; white-space: normal; box-sizing: inherit; orphans: 2; widows: 2; background-color: rgb(255, 255, 255); font-variant-ligatures: normal; font-variant-caps: normal; -webkit-text-stroke-width: 0px; text-decoration-style: initial; text-decoration-color: initial;\"><u><strong>Legisla&ccedil;&atilde;o:<\/strong><\/u><\/p>\n<p style=\"margin: 1.5rem 0px; color: rgb(0, 0, 0); text-transform: none; text-indent: 0px; letter-spacing: normal; font-family: &quot;Open Sans&quot;; font-size: 14px; font-style: normal; font-weight: 400; word-spacing: 0px; white-space: normal; box-sizing: inherit; orphans: 2; widows: 2; background-color: rgb(255, 255, 255); font-variant-ligatures: normal; font-variant-caps: normal; -webkit-text-stroke-width: 0px; text-decoration-style: initial; text-decoration-color: initial;\"><u><a href=\"https:\/\/legisla.casacivil.go.gov.br\/pesquisa_legislacao\/103686\/lei-20942\" target=\"_blank\" rel=\"noopener\">&#8211; Lei&nbsp;n&ordm; 20.942, de&nbsp;29 de&nbsp;Dezembro&nbsp;de&nbsp;2020 <\/a><\/u>&#8211; Institui a Taxa de Controle sobre as Atividades de Pesquisa, Lavra, Explora&ccedil;&atilde;o e Aproveitamento de Recursos Minerais &mdash; TRM e o Cadastro Estadual de Controle, Acompanhamento e Fiscaliza&ccedil;&atilde;o das Atividades de Pesquisa, Lavra, Explora&ccedil;&atilde;o e Aproveitamento de Recursos Minerais &mdash; CERM no Estado de Goi&aacute;s, e d&aacute; outras provid&ecirc;ncias.<\/p>\n<p style=\"margin: 1.5rem 0px; color: rgb(0, 0, 0); text-transform: none; text-indent: 0px; letter-spacing: normal; font-family: &quot;Open Sans&quot;; font-size: 14px; font-style: normal; font-weight: 400; word-spacing: 0px; white-space: normal; box-sizing: inherit; orphans: 2; widows: 2; background-color: rgb(255, 255, 255); font-variant-ligatures: normal; font-variant-caps: normal; -webkit-text-stroke-width: 0px; text-decoration-style: initial; text-decoration-color: initial;\">&#8211;&nbsp;<u><a href=\"https:\/\/goias.gov.br\/administracao\/wp-content\/uploads\/sites\/27\/2019\/03\/Portaria1492020SEMAD-a46.pdf\" target=\"_blank\" rel=\"noopener\">Portaria 149\/2020 &#8211; SEMAD<\/a><\/u> &#8211;&nbsp;Estabelece a realiza&ccedil;&atilde;o das reuni&otilde;es de Conselhos Consultivos e outros eventos participativos das Unidades de Conserva&ccedil;&atilde;o do Estado de Goi&aacute;s, em ambiente virtual, considerando os efeitos provocados pela pandemia do novo Coronav&iacute;rus (COVID-19).<\/p>\n<p style=\"margin: 1.5rem 0px; color: rgb(0, 0, 0); text-transform: none; text-indent: 0px; letter-spacing: normal; font-family: &quot;Open Sans&quot;; font-size: 14px; font-style: normal; font-weight: 400; word-spacing: 0px; white-space: normal; box-sizing: inherit; orphans: 2; widows: 2; background-color: rgb(255, 255, 255); font-variant-ligatures: normal; font-variant-caps: normal; -webkit-text-stroke-width: 0px; text-decoration-style: initial; text-decoration-color: initial;\"><u><a href=\"https:\/\/legisla.casacivil.go.gov.br\/pesquisa_legislacao\/103481\/lei-20880\" target=\"_blank\" rel=\"noopener\">&#8211; Lei n&ordm; 20.880, de 15 de Outubro de 2020<\/a><\/u>&nbsp;&#8211; Institui a Pol&iacute;tica Estadual Emergencial de Enfrentamento &agrave; COVID-19, no &acirc;mbito dos territ&oacute;rios ind&iacute;genas e quilombolas.<\/p>\n<p style=\"margin: 1.5rem 0px; color: rgb(0, 0, 0); text-transform: none; text-indent: 0px; letter-spacing: normal; font-family: &quot;Open Sans&quot;; font-size: 14px; font-style: normal; font-weight: 400; word-spacing: 0px; white-space: normal; box-sizing: inherit; orphans: 2; widows: 2; background-color: rgb(255, 255, 255); font-variant-ligatures: normal; font-variant-caps: normal; -webkit-text-stroke-width: 0px; text-decoration-style: initial; text-decoration-color: initial;\"><u><a href=\"https:\/\/legisla.casacivil.go.gov.br\/pesquisa_legislacao\/103356\/decreto-9710\" target=\"_blank\" rel=\"noopener\">&#8211; Decreto n&ordm; 9.710, de 03 de setembro de 2020<\/a><\/u> &#8211; Regulamenta, no &acirc;mbito do Poder Executivo Estadual, a Lei Estadual n&ordm; 20.694, de 26 de dezembro de 2019, que disp&otilde;e sobre as normas gerais para o Licenciamento Ambiental no Estado de Goi&aacute;s e d&aacute; outras provid&ecirc;ncias.<\/p>\n<p style=\"margin: 1.5rem 0px; color: rgb(0, 0, 0); text-transform: none; text-indent: 0px; letter-spacing: normal; font-family: &quot;Open Sans&quot;; font-size: 14px; font-style: normal; font-weight: 400; word-spacing: 0px; white-space: normal; box-sizing: inherit; orphans: 2; widows: 2; background-color: rgb(255, 255, 255); font-variant-ligatures: normal; font-variant-caps: normal; -webkit-text-stroke-width: 0px; text-decoration-style: initial; text-decoration-color: initial;\"><u><a href=\"https:\/\/legisla.casacivil.go.gov.br\/pesquisa_legislacao\/103300\/lei-20820\" target=\"_blank\" rel=\"noopener\">&#8211; Lei n&ordm; 20.820, de 04 de agosto de 2020<\/a><\/u> &#8211; Altera a Lei n&ordm; 20.491, de 25 de junho de 2019, que estabelece a organiza&ccedil;&atilde;o administrativa do Poder Executivo e d&aacute; outras provid&ecirc;ncias.<\/p>\n<p style=\"margin: 1.5rem 0px; color: rgb(0, 0, 0); text-transform: none; text-indent: 0px; letter-spacing: normal; font-family: &quot;Open Sans&quot;; font-size: 14px; font-style: normal; font-weight: 400; word-spacing: 0px; white-space: normal; box-sizing: inherit; orphans: 2; widows: 2; background-color: rgb(255, 255, 255); font-variant-ligatures: normal; font-variant-caps: normal; -webkit-text-stroke-width: 0px; text-decoration-style: initial; text-decoration-color: initial;\"><u><a href=\"https:\/\/legisla.casacivil.go.gov.br\/pesquisa_legislacao\/103194\" target=\"_blank\" rel=\"noopener\">&#8211; Decreto N&ordm; 9.671, de 02 de Junho de 2020<\/a><\/u>. &#8211; Altera o art. 5&ordm; do Decreto n&ordm; 9.035, de 1&ordm; de setembro de 2017, que, essencialmente, disp&otilde;e sobre o Conselho Consultivo da &Aacute;rea de Prote&ccedil;&atilde;o Ambiental de Pouso Alto &#8211; APA de Pouso Alto.<\/p>\n<p style=\"margin: 1.5rem 0px; color: rgb(0, 0, 0); text-transform: none; text-indent: 0px; letter-spacing: normal; font-family: &quot;Open Sans&quot;; font-size: 14px; font-style: normal; font-weight: 400; word-spacing: 0px; white-space: normal; box-sizing: inherit; orphans: 2; widows: 2; background-color: rgb(255, 255, 255); font-variant-ligatures: normal; font-variant-caps: normal; -webkit-text-stroke-width: 0px; text-decoration-style: initial; text-decoration-color: initial;\"><u><a href=\"https:\/\/goias.gov.br\/administracao\/wp-content\/uploads\/sites\/27\/2014\/07\/Decreto9670-eea.pdf\" target=\"_blank\" rel=\"noopener\">&#8211; Decreto&nbsp;N&ordm;&nbsp;9.670, de&nbsp;02 de&nbsp;junho&nbsp;de&nbsp;2020<\/a><\/u> -Declara situa&ccedil;&atilde;o de risco de emerg&ecirc;ncia h&iacute;drica nas Bacias Hidrogr&aacute;ficas do Alto Rio Meia Ponte e do Ribeir&atilde;o Pianc&oacute; e define a&ccedil;&otilde;es para garantir o uso priorit&aacute;rio da &aacute;gua.<\/p>\n<p style=\"margin: 1.5rem 0px; color: rgb(0, 0, 0); text-transform: none; text-indent: 0px; letter-spacing: normal; font-family: &quot;Open Sans&quot;; font-size: 14px; font-style: normal; font-weight: 400; word-spacing: 0px; white-space: normal; box-sizing: inherit; orphans: 2; widows: 2; background-color: rgb(255, 255, 255); font-variant-ligatures: normal; font-variant-caps: normal; -webkit-text-stroke-width: 0px; text-decoration-style: initial; text-decoration-color: initial;\"><u><a href=\"https:\/\/legisla.casacivil.go.gov.br\/pesquisa_legislacao\/103178\" target=\"_blank\" rel=\"noopener\">&#8211; Decreto N&ordm; 9.668, de 28 de maio de 2020<\/a><\/u>&nbsp;&#8211; Institui o Portal Goi&aacute;s Digital, determina aos &oacute;rg&atilde;os da Administra&ccedil;&atilde;o P&uacute;blica estadual a atualiza&ccedil;&atilde;o urgente das suas Cartas de Servi&ccedil;os, no contexto da pandemia do novo coronav&iacute;rus (COVID-19) e d&aacute; outras provid&ecirc;ncias.<\/p>\n<p style=\"margin: 1.5rem 0px; color: rgb(0, 0, 0); text-transform: none; text-indent: 0px; letter-spacing: normal; font-family: &quot;Open Sans&quot;; font-size: 14px; font-style: normal; font-weight: 400; word-spacing: 0px; white-space: normal; box-sizing: inherit; orphans: 2; widows: 2; background-color: rgb(255, 255, 255); font-variant-ligatures: normal; font-variant-caps: normal; -webkit-text-stroke-width: 0px; text-decoration-style: initial; text-decoration-color: initial;\"><u><a href=\"https:\/\/legisla.casacivil.go.gov.br\/pesquisa_legislacao\/103159\" target=\"_blank\" rel=\"noopener\">&#8211; Lei N&ordm; 20.773 de 08 de maio de 2020<\/a><\/u>, &#8211; Institui o Regime Extraordin&aacute;rio de Licenciamento Ambiental &#8211; REL como medida de enfrentamento da situa&ccedil;&atilde;o extrema de &acirc;mbito econ&ocirc;mico no Estado de Goi&aacute;s, provocada em raz&atilde;o da decreta&ccedil;&atilde;o de estado de calamidade p&uacute;blica, decorrente da infec&ccedil;&atilde;o humana pelo Novo Coronav&iacute;rus (COVID-19).<\/p>\n<p style=\"margin: 1.5rem 0px; color: rgb(0, 0, 0); text-transform: none; text-indent: 0px; letter-spacing: normal; font-family: &quot;Open Sans&quot;; font-size: 14px; font-style: normal; font-weight: 400; word-spacing: 0px; white-space: normal; box-sizing: inherit; orphans: 2; widows: 2; background-color: rgb(255, 255, 255); font-variant-ligatures: normal; font-variant-caps: normal; -webkit-text-stroke-width: 0px; text-decoration-style: initial; text-decoration-color: initial;\"><u><a href=\"https:\/\/goias.gov.br\/administracao\/wp-content\/uploads\/sites\/27\/2019\/02\/Decreton9649-56a.pdf\" target=\"_blank\" rel=\"noopener\">&#8211; Decreto n&ordm; 9.649, de 13 de abril de 2020<\/a><\/u> &#8211; Institui o Plano de Contingenciamento de Gastos para o Enfrentamento da Pandemia de COVID-19, no &acirc;mbito do Poder Executivo do Estado de Goi&aacute;s.<\/p>\n<p style=\"margin: 1.5rem 0px; color: rgb(0, 0, 0); text-transform: none; text-indent: 0px; letter-spacing: normal; font-family: &quot;Open Sans&quot;; font-size: 14px; font-style: normal; font-weight: 400; word-spacing: 0px; white-space: normal; box-sizing: inherit; orphans: 2; widows: 2; background-color: rgb(255, 255, 255); font-variant-ligatures: normal; font-variant-caps: normal; -webkit-text-stroke-width: 0px; text-decoration-style: initial; text-decoration-color: initial;\"><u><a href=\"https:\/\/legisla.casacivil.go.gov.br\/pesquisa_legislacao\/103079\" target=\"_blank\" rel=\"noopener\">&#8211; Decreto N&ordm; 9.644, de 26 de mar&ccedil;o de 2020<\/a><\/u>. &#8211; Altera o Decreto n&ordm; 9.633, de 13 de mar&ccedil;o de 2020.<\/p>\n<p style=\"margin: 1.5rem 0px; color: rgb(0, 0, 0); text-transform: none; text-indent: 0px; letter-spacing: normal; font-family: &quot;Open Sans&quot;; font-size: 14px; font-style: normal; font-weight: 400; word-spacing: 0px; white-space: normal; box-sizing: inherit; orphans: 2; widows: 2; background-color: rgb(255, 255, 255); font-variant-ligatures: normal; font-variant-caps: normal; -webkit-text-stroke-width: 0px; text-decoration-style: initial; text-decoration-color: initial;\"><u><a href=\"https:\/\/goias.gov.br\/administracao\/wp-content\/uploads\/sites\/27\/2019\/03\/PORTARIAN422020SEMAD-8bc.pdf\" target=\"_blank\" rel=\"noopener\">&#8211; PORTARIA N&ordm; 42\/2020-SEMAD<\/a><\/u> &#8211; A SECRET&Aacute;RIA DE ESTADO DE MEIO AMBIENTE E DESENVOLVIMENTO SUSTENT&Aacute;VEL, no uso de suas atribui&ccedil;&otilde;es definidas pela Lei Estadual n.&ordm; 20.491, de 25 de junho de 2019, com base no processo SEI n.&ordm; 202000017002391 autuado para trazer esclarecimentos aos servidores e ao p&uacute;blico em geral quanto &agrave;s rotinas e procedimentos a serem adotados em virtude da pandemia de Coronav&iacute;rus (COVID-19) que acomete o Estado de Goi&aacute;s&#8230; Resolve:<\/p>\n<p style=\"margin: 1.5rem 0px; color: rgb(0, 0, 0); text-transform: none; text-indent: 0px; letter-spacing: normal; font-family: &quot;Open Sans&quot;; font-size: 14px; font-style: normal; font-weight: 400; word-spacing: 0px; white-space: normal; box-sizing: inherit; orphans: 2; widows: 2; background-color: rgb(255, 255, 255); font-variant-ligatures: normal; font-variant-caps: normal; -webkit-text-stroke-width: 0px; text-decoration-style: initial; text-decoration-color: initial;\"><u><a href=\"http:\/\/www.gabinetecivil.go.gov.br\/pagina_decretos.php?id=21054\" target=\"_blank\" rel=\"noopener\">&#8211; Decreto N&ordm; 9.628, de 10 de Mar&ccedil;o de 2020<\/a><\/u>, &#8211; Disp&otilde;e sobre o procedimento para loca&ccedil;&atilde;o de im&oacute;vel pelos &oacute;rg&atilde;os da administra&ccedil;&atilde;o p&uacute;blica direta e pelas entidades aut&aacute;rquicas e fundacionais do Poder Executivo do Estado de Goi&aacute;s.<\/p>\n<p style=\"margin: 1.5rem 0px; color: rgb(0, 0, 0); text-transform: none; text-indent: 0px; letter-spacing: normal; font-family: &quot;Open Sans&quot;; font-size: 14px; font-style: normal; font-weight: 400; word-spacing: 0px; white-space: normal; box-sizing: inherit; orphans: 2; widows: 2; background-color: rgb(255, 255, 255); font-variant-ligatures: normal; font-variant-caps: normal; -webkit-text-stroke-width: 0px; text-decoration-style: initial; text-decoration-color: initial;\"><u><a href=\"http:\/\/www.gabinetecivil.go.gov.br\/pagina_decretos.php?id=21050\" target=\"_blank\" rel=\"noopener\">&#8211; Decreto No 9.625, de 03 de Mar&ccedil;o de 2020,<\/a><\/u> &#8211; Disp&otilde;e sobre os procedimentos a serem observados pela administra&ccedil;&atilde;o p&uacute;blica direta e indireta do Poder Executivo, para fins de celebra&ccedil;&atilde;o de atos complementares de coopera&ccedil;&atilde;o t&eacute;cnica, recebida de organismos internacionais e da aprova&ccedil;&atilde;o e<br \/>\ngest&atilde;o de projetos vinculados aos referidos instrumentos.<\/p>\n<p style=\"margin: 1.5rem 0px; color: rgb(0, 0, 0); text-transform: none; text-indent: 0px; letter-spacing: normal; font-family: &quot;Open Sans&quot;; font-size: 14px; font-style: normal; font-weight: 400; word-spacing: 0px; white-space: normal; box-sizing: inherit; orphans: 2; widows: 2; background-color: rgb(255, 255, 255); font-variant-ligatures: normal; font-variant-caps: normal; -webkit-text-stroke-width: 0px; text-decoration-style: initial; text-decoration-color: initial;\"><u><a href=\"http:\/\/www.gabinetecivil.go.gov.br\/pagina_decretos.php?id=20916\" target=\"_blank\" rel=\"noopener\">&#8211; Decreto N&ordm; 9.606, de 07 de fevereiro de 2020<\/a><\/u>. &#8211; Altera o Decreto no 9.462, de 11 de julho de 2019, que, essencialmente, institui o Programa MOVE Goi&aacute;s no &acirc;mbito da administra&ccedil;&atilde;o direta, aut&aacute;rquica e fundacional do Poder Executivo.<\/p>\n<p style=\"margin: 1.5rem 0px; color: rgb(0, 0, 0); text-transform: none; text-indent: 0px; letter-spacing: normal; font-family: &quot;Open Sans&quot;; font-size: 14px; font-style: normal; font-weight: 400; word-spacing: 0px; white-space: normal; box-sizing: inherit; orphans: 2; widows: 2; background-color: rgb(255, 255, 255); font-variant-ligatures: normal; font-variant-caps: normal; -webkit-text-stroke-width: 0px; text-decoration-style: initial; text-decoration-color: initial;\"><u><a href=\"http:\/\/www.gabinetecivil.go.gov.br\/pagina_leis.php?id=24004\" target=\"_blank\" rel=\"noopener\">&#8211; Lei N&ordm; 20.756, de 28 de janeiro de 2020,<\/a><\/u> &#8211; Disp&otilde;e sobre o regime jur&iacute;dico dos servidores p&uacute;blicos civis do Estado de Goi&aacute;s, das autarquias e funda&ccedil;&otilde;es p&uacute;blicas estaduais, e d&aacute; outras provid&ecirc;ncias.<\/p>\n<p style=\"margin: 1.5rem 0px; color: rgb(0, 0, 0); text-transform: none; text-indent: 0px; letter-spacing: normal; font-family: &quot;Open Sans&quot;; font-size: 14px; font-style: normal; font-weight: 400; word-spacing: 0px; white-space: normal; box-sizing: inherit; orphans: 2; widows: 2; background-color: rgb(255, 255, 255); font-variant-ligatures: normal; font-variant-caps: normal; -webkit-text-stroke-width: 0px; text-decoration-style: initial; text-decoration-color: initial;\"><u><a href=\"https:\/\/goias.gov.br\/administracao\/wp-content\/uploads\/sites\/27\/2019\/02\/DecretoN9601-32f.pdf\" target=\"_blank\" rel=\"noopener\">&#8211; Decreto N&ordm; 9.601, DE 24 de janeiro de &nbsp;2020<\/a><\/u>. &#8211; Altera o Decreto n&ordm; 9.462, de 11 de julho de 2019, que institui o Programa MOVE Goi&aacute;s no &acirc;mbito da administra&ccedil;&atilde;o direta, aut&aacute;rquica e fundacional do Poder Executivo e d&aacute; outras provid&ecirc;ncias.<\/p>\n<p style=\"margin: 1.5rem 0px; color: rgb(0, 0, 0); text-transform: none; text-indent: 0px; letter-spacing: normal; font-family: &quot;Open Sans&quot;; font-size: 14px; font-style: normal; font-weight: 400; word-spacing: 0px; white-space: normal; box-sizing: inherit; orphans: 2; widows: 2; background-color: rgb(255, 255, 255); font-variant-ligatures: normal; font-variant-caps: normal; -webkit-text-stroke-width: 0px; text-decoration-style: initial; text-decoration-color: initial;\"><u><a href=\"https:\/\/goias.gov.br\/administracao\/wp-content\/uploads\/sites\/27\/2019\/03\/Portaria52020-a81.pdf\" target=\"_blank\" rel=\"noopener\">&#8211; Portaria 5\/2020 &#8211; SEMAD<\/a><\/u> &#8211; Cria a Reserva Particular do Patrim&ocirc;nio Natural C&oacute;rrego Capoeir&atilde;o<\/p>\n<p style=\"margin: 1.5rem 0px; color: rgb(0, 0, 0); text-transform: none; text-indent: 0px; letter-spacing: normal; font-family: &quot;Open Sans&quot;; font-size: 14px; font-style: normal; font-weight: 400; word-spacing: 0px; white-space: normal; box-sizing: inherit; orphans: 2; widows: 2; background-color: rgb(255, 255, 255); font-variant-ligatures: normal; font-variant-caps: normal; -webkit-text-stroke-width: 0px; text-decoration-style: initial; text-decoration-color: initial;\"><u><a href=\"https:\/\/goias.gov.br\/administracao\/wp-content\/uploads\/sites\/27\/2019\/02\/Portaria476SEAD-5d6.pdf\" target=\"_blank\" rel=\"noopener\">&#8211; Portaria n&deg; 476\/2019<\/a><\/u> &#8211; O SECRET&Aacute;RIO DE ESTADO DA ADMINISTRA&Ccedil;&Atilde;O, no uso de suas atribui&ccedil;&otilde;es legais, tendo em vista o que disp&otilde;e a Lei Estadual n&ordm; 20.491, de 25 de junho de 2019, e, ainda, o Decreto n&ordm; 9.566, de 25 de novembro de 2019, especialmente no &sect;3&ordm; de seu art. 6&ordm;; RESOLVE:<\/p>\n<p style=\"margin: 1.5rem 0px; color: rgb(0, 0, 0); text-transform: none; text-indent: 0px; letter-spacing: normal; font-family: &quot;Open Sans&quot;; font-size: 14px; font-style: normal; font-weight: 400; word-spacing: 0px; white-space: normal; box-sizing: inherit; orphans: 2; widows: 2; background-color: rgb(255, 255, 255); font-variant-ligatures: normal; font-variant-caps: normal; -webkit-text-stroke-width: 0px; text-decoration-style: initial; text-decoration-color: initial;\"><u><a href=\"https:\/\/goias.gov.br\/administracao\/wp-content\/uploads\/sites\/27\/2014\/07\/Decreto9574-d73.pdf\" target=\"_blank\" rel=\"noopener\">&#8211; Decreto n&ordm; 9.574, de 05 de dezembro de 2019,<\/a><\/u><a href=\"https:\/\/goias.gov.br\/administracao\/wp-content\/uploads\/sites\/27\/2014\/07\/Decreto9574-d73.pdf\" target=\"\" title=\"\" rel=\"noopener\"> <\/a>&#8211; Disp&otilde;e sobre a Carta de Servi&ccedil;os ao Cidad&atilde;o e d&aacute; outras provid&ecirc;ncias.<\/p>\n<p style=\"margin: 1.5rem 0px; color: rgb(0, 0, 0); text-transform: none; text-indent: 0px; letter-spacing: normal; font-family: &quot;Open Sans&quot;; font-size: 14px; font-style: normal; font-weight: 400; word-spacing: 0px; white-space: normal; box-sizing: inherit; orphans: 2; widows: 2; background-color: rgb(255, 255, 255); font-variant-ligatures: normal; font-variant-caps: normal; -webkit-text-stroke-width: 0px; text-decoration-style: initial; text-decoration-color: initial;\"><u><a href=\"http:\/\/www.gabinetecivil.go.gov.br\/pagina_decretos.php?id=20339\" target=\"_blank\" rel=\"noopener\">&#8211; Decreto N&deg; 9.462, de 11 de Julho de 2019<\/a><\/u>&nbsp;&#8211; Institui o Programa MOVE Goi&aacute;s no &acirc;mbito da administra&ccedil;&atilde;o direta, aut&aacute;rquica e fundacional do Poder Executivo e d&aacute; outras provid&ecirc;ncias.<\/p>\n<p style=\"margin: 1.5rem 0px; color: rgb(0, 0, 0); text-transform: none; text-indent: 0px; letter-spacing: normal; font-family: &quot;Open Sans&quot;; font-size: 14px; font-style: normal; font-weight: 400; word-spacing: 0px; white-space: normal; box-sizing: inherit; orphans: 2; widows: 2; background-color: rgb(255, 255, 255); font-variant-ligatures: normal; font-variant-caps: normal; -webkit-text-stroke-width: 0px; text-decoration-style: initial; text-decoration-color: initial;\"><a href=\"http:\/\/www.gabinetecivil.go.gov.br\/pagina_leis.php?id=23804\" target=\"_blank\" rel=\"noopener\">&#8211; Lei n&ordm; 20.641, de 02 de dezembro de 2019<\/a> &#8211; <span style=\"color: rgb(0, 0, 0); font-family: Arial; font-size: small; font-style: normal; font-variant-ligatures: normal; font-variant-caps: normal; font-weight: 400; letter-spacing: normal; orphans: 2; text-align: justify; text-indent: 0px; text-transform: none; white-space: normal; widows: 2; word-spacing: 0px; -webkit-text-stroke-width: 0px; background-color: rgb(255, 255, 255); text-decoration-style: initial; text-decoration-color: initial; display: inline !important; float: none;\">Introduz altera&ccedil;&otilde;es na<span>&nbsp;<\/span><\/span><a href=\"http:\/\/www.gabinetecivil.goias.gov.br\/leis_ordinarias\/1967\/lei_6680.htm\" style=\"text-decoration: none; font-family: Arial; font-size: small; font-style: normal; font-variant-ligatures: normal; font-variant-caps: normal; font-weight: 400; letter-spacing: normal; orphans: 2; text-align: justify; text-indent: 0px; text-transform: none; white-space: normal; widows: 2; word-spacing: 0px; -webkit-text-stroke-width: 0px; background-color: rgb(255, 255, 255);\">Lei n<u><sup>o<\/sup><\/u><span>&nbsp;<\/span>6.680<\/a><span style=\"color: rgb(0, 0, 0); font-family: Arial; font-size: small; font-style: normal; font-variant-ligatures: normal; font-variant-caps: normal; font-weight: 400; letter-spacing: normal; orphans: 2; text-align: justify; text-indent: 0px; text-transform: none; white-space: normal; widows: 2; word-spacing: 0px; -webkit-text-stroke-width: 0px; background-color: rgb(255, 255, 255); text-decoration-style: initial; text-decoration-color: initial; display: inline !important; float: none;\">, de 13 de setembro de 1967, que autoriza a cria&ccedil;&atilde;o de uma sociedade de economia mista, sob a denomina&ccedil;&atilde;o de Saneamento de Goi&aacute;s S.A., e d&aacute; outras provid&ecirc;ncias.<\/span><\/p>\n<p style=\"margin: 1.5rem 0px; color: rgb(0, 0, 0); text-transform: none; text-indent: 0px; letter-spacing: normal; font-family: &quot;Open Sans&quot;; font-size: 14px; font-style: normal; font-weight: 400; word-spacing: 0px; white-space: normal; box-sizing: inherit; orphans: 2; widows: 2; background-color: rgb(255, 255, 255); font-variant-ligatures: normal; font-variant-caps: normal; -webkit-text-stroke-width: 0px; text-decoration-style: initial; text-decoration-color: initial;\"><u><a href=\"http:\/\/www.gabinetecivil.go.gov.br\/pagina_decretos.php?id=20793\" target=\"_blank\" rel=\"noopener\">&#8211; Decreto n&ordm; 9.568, de 28 de novembro de 2019,<\/a><\/u> &#8211; Aprova o Regulamento da Secretaria de Estado de Meio Ambiente e Desenvolvimento Sustent&aacute;vel e d&aacute; outras provid&ecirc;ncias.<\/p>\n<p style=\"margin: 1.5rem 0px; color: rgb(0, 0, 0); text-transform: none; text-indent: 0px; letter-spacing: normal; font-family: &quot;Open Sans&quot;; font-size: 14px; font-style: normal; font-weight: 400; word-spacing: 0px; white-space: normal; box-sizing: inherit; orphans: 2; widows: 2; background-color: rgb(255, 255, 255); font-variant-ligatures: normal; font-variant-caps: normal; -webkit-text-stroke-width: 0px; text-decoration-style: initial; text-decoration-color: initial;\"><u><a href=\"https:\/\/goias.gov.br\/escoladegoverno\/wp-content\/uploads\/sites\/27\/files\/GEMOG\/Portaria238Semad.pdf\" target=\"_blank\" rel=\"noopener\">&#8211; Portaria 238\/2019 &#8211; SEMAD<\/a><\/u> &#8211; Altera&ccedil;&atilde;o da Portaria n&ordm; 52\/2019-SEMAD, publicada no Di&aacute;rio Oficial do Estado de Goi&aacute;s n&ordm; 23.029, que institui o Comit&ecirc; Setorial do Programa de Compliance P&uacute;blico da SECRETARIA DE ESTADO DE MEIO AMBIENTE E DESENVOLVIMENTO SUSTENT&Aacute;VEL &#8211; SEMAD e d&aacute; outras provid&ecirc;ncias.<\/p>\n<p style=\"margin: 1.5rem 0px; color: rgb(0, 0, 0); text-transform: none; text-indent: 0px; letter-spacing: normal; font-family: &quot;Open Sans&quot;; font-size: 14px; font-style: normal; font-weight: 400; word-spacing: 0px; white-space: normal; box-sizing: inherit; orphans: 2; widows: 2; background-color: rgb(255, 255, 255); font-variant-ligatures: normal; font-variant-caps: normal; -webkit-text-stroke-width: 0px; text-decoration-style: initial; text-decoration-color: initial;\"><u><a href=\"https:\/\/goias.gov.br\/escoladegoverno\/wp-content\/uploads\/sites\/27\/files\/GEMOG\/IN102019.pdf\" target=\"_blank\" rel=\"noopener\">&#8211; Instru&ccedil;&atilde;o Normativa n&ordm; 10\/2019 <\/a><\/u>&#8211; Altera a Instru&ccedil;&atilde;o Normativa n&ordm; 02\/2019, de 15 de abril de 2019, publicada no Di&aacute;rio Oficial do Estado de Goi&aacute;s n&ordm; 23.035, de 16 de abril de 2019.<\/p>\n<p style=\"margin: 1.5rem 0px; color: rgb(0, 0, 0); text-transform: none; text-indent: 0px; letter-spacing: normal; font-family: &quot;Open Sans&quot;; font-size: 14px; font-style: normal; font-weight: 400; word-spacing: 0px; white-space: normal; box-sizing: inherit; orphans: 2; widows: 2; background-color: rgb(255, 255, 255); font-variant-ligatures: normal; font-variant-caps: normal; -webkit-text-stroke-width: 0px; text-decoration-style: initial; text-decoration-color: initial;\"><u><a href=\"https:\/\/goias.gov.br\/escoladegoverno\/wp-content\/uploads\/sites\/27\/files\/GEMOG\/Portaria232.pdf\" target=\"_blank\" rel=\"noopener\">&#8211; Portaria 232\/2019 &#8211; SEMAD &#8211;<\/a><\/u> Altera&ccedil;&atilde;o da Portaria n&ordm; 203\/2019- SEMAD, publicada no Di&aacute;rio Oficial do Estado de Goi&aacute;s n&ordm; 23.133&#8230;<\/p>\n<p style=\"margin: 1.5rem 0px; color: rgb(0, 0, 0); text-transform: none; text-indent: 0px; letter-spacing: normal; font-family: &quot;Open Sans&quot;; font-size: 14px; font-style: normal; font-weight: 400; word-spacing: 0px; white-space: normal; box-sizing: inherit; orphans: 2; widows: 2; background-color: rgb(255, 255, 255); font-variant-ligatures: normal; font-variant-caps: normal; -webkit-text-stroke-width: 0px; text-decoration-style: initial; text-decoration-color: initial;\"><u><a href=\"https:\/\/goias.gov.br\/escoladegoverno\/wp-content\/uploads\/sites\/27\/files\/GEMOG\/Decreto9541.pdf\" target=\"_blank\" rel=\"noopener\">&#8211; Decreto N&ordm; 9.541, de 23 de outubro de 2019,<\/a> <\/u>&#8211; Disp&otilde;e sobre a gest&atilde;o dos ve&iacute;culos utilizados pela administra&ccedil;&atilde;o direta, aut&aacute;rquica e fundacional do Poder Executivo e d&aacute; outras provid&ecirc;ncias.<\/p>\n<p style=\"margin: 1.5rem 0px; color: rgb(0, 0, 0); text-transform: none; text-indent: 0px; letter-spacing: normal; font-family: &quot;Open Sans&quot;; font-size: 14px; font-style: normal; font-weight: 400; word-spacing: 0px; white-space: normal; box-sizing: inherit; orphans: 2; widows: 2; background-color: rgb(255, 255, 255); font-variant-ligatures: normal; font-variant-caps: normal; -webkit-text-stroke-width: 0px; text-decoration-style: initial; text-decoration-color: initial;\"><a href=\"https:\/\/goias.gov.br\/escoladegoverno\/wp-content\/uploads\/sites\/27\/files\/GEMOG\/instrucaonormativa009.pdf\" target=\"_blank\" rel=\"noopener\"><u>-Instru&ccedil;&atilde;o Normativa n&ordm; 009\/2019-SEMAD <\/u>&#8211;<\/a> Aprova o Regimento Interno da C&acirc;mara de Compensa&ccedil;&atilde;o Ambiental.<\/p>\n<p style=\"margin: 1.5rem 0px; color: rgb(0, 0, 0); text-transform: none; text-indent: 0px; letter-spacing: normal; font-family: &quot;Open Sans&quot;; font-size: 14px; font-style: normal; font-weight: 400; word-spacing: 0px; white-space: normal; box-sizing: inherit; orphans: 2; widows: 2; background-color: rgb(255, 255, 255); font-variant-ligatures: normal; font-variant-caps: normal; -webkit-text-stroke-width: 0px; text-decoration-style: initial; text-decoration-color: initial;\"><u><a href=\"https:\/\/goias.gov.br\/escoladegoverno\/wp-content\/uploads\/sites\/27\/files\/GEMOG\/Portaria1262019SEMAD.pdf\" target=\"_blank\" rel=\"noopener\">&#8211; Portaria n&ordm; 126\/2019 &#8211; SEMAD, de 12 de Junho de 2019<\/a><\/u><strong> &#8211; <\/strong>RESOLVE: Art. 1&deg;. Criar o Grupo de Trabalho Especial &#8211; GT Assessoria da Subsecretaria de Licenciamento Ambiental e Recursos H&iacute;dricos e da Superintend&ecirc;ncia de Licenciamento Ambiental,<\/p>\n<p style=\"margin: 1.5rem 0px; color: rgb(0, 0, 0); text-transform: none; text-indent: 0px; letter-spacing: normal; font-family: &quot;Open Sans&quot;; font-size: 14px; font-style: normal; font-weight: 400; word-spacing: 0px; white-space: normal; box-sizing: inherit; orphans: 2; widows: 2; background-color: rgb(255, 255, 255); font-variant-ligatures: normal; font-variant-caps: normal; -webkit-text-stroke-width: 0px; text-decoration-style: initial; text-decoration-color: initial;\"><a href=\"https:\/\/goias.gov.br\/escoladegoverno\/wp-content\/uploads\/sites\/27\/files\/GEMOG\/Portaria1252019SEMAD.pdf\" target=\"_blank\" rel=\"noopener\"><u>&#8211; Portaria n&ordm; 125\/2019 &#8211; SEMAD, de 12 de junho de 2019<\/u> &#8211;<\/a><strong> <\/strong>RESOLVE: Art. 1&deg; Fica criado o Grupo de Trabalho Especial &#8211; GT Agropecu&aacute;ria, com a finalidade de, em regime de for&ccedil;a tarefa, analisar e se manifestar a respeito dos requerimentos de licenciamento ambiental e autoriza&ccedil;&otilde;es relativas a empreendimentos relacionados as atividades agropecu&aacute;rias no Estado de Goi&aacute;s.<\/p>\n<p style=\"margin: 1.5rem 0px; color: rgb(0, 0, 0); text-transform: none; text-indent: 0px; letter-spacing: normal; font-family: &quot;Open Sans&quot;; font-size: 14px; font-style: normal; font-weight: 400; word-spacing: 0px; white-space: normal; box-sizing: inherit; orphans: 2; widows: 2; background-color: rgb(255, 255, 255); font-variant-ligatures: normal; font-variant-caps: normal; -webkit-text-stroke-width: 0px; text-decoration-style: initial; text-decoration-color: initial;\"><strong>&#8211; <\/strong><span style=\"font-weight: 400;\"><span style=\"font-family: Arial; font-size: small;\"><\/span><\/span><a href=\"http:\/\/www.gabinetecivil.go.gov.br\/pagina_leis.php?id=23592\" target=\"_blank\" rel=\"noopener\"><u>Lei n&ordm; 20.491, de 25 de junho de 2019<\/u><\/a> &#8211; Estabelece a organiza&ccedil;&atilde;o administrativa do Poder Executivo e d&aacute; outras provid&ecirc;ncias.<\/p>\n<p style=\"margin: 1.5rem 0px; color: rgb(0, 0, 0); text-transform: none; text-indent: 0px; letter-spacing: normal; font-family: &quot;Open Sans&quot;; font-size: 14px; font-style: normal; font-weight: 400; word-spacing: 0px; white-space: normal; box-sizing: inherit; orphans: 2; widows: 2; background-color: rgb(255, 255, 255); font-variant-ligatures: normal; font-variant-caps: normal; -webkit-text-stroke-width: 0px; text-decoration-style: initial; text-decoration-color: initial;\"><u><a href=\"https:\/\/goias.gov.br\/escoladegoverno\/wp-content\/uploads\/sites\/27\/files\/GEMOG\/PortariaNo842019.pdf\" target=\"_blank\" rel=\"noopener\">&#8211; Portaria n&ordm; 84\/2019-SEMAD, de 07 de maio de 2019<\/a><\/u>, &#8211; RESOLVE: Art. 1&deg; Cria o Grupo de Trabalho Especial &#8211; GT Assessoria da Superintend&ecirc;ncia de Licenciamento e Qualidade Ambiental (SLQA) com o objetivo de&#8230;<\/p>\n<p style=\"margin: 1.5rem 0px; color: rgb(0, 0, 0); text-transform: none; text-indent: 0px; letter-spacing: normal; font-family: &quot;Open Sans&quot;; font-size: 14px; font-style: normal; font-weight: 400; word-spacing: 0px; white-space: normal; box-sizing: inherit; orphans: 2; widows: 2; background-color: rgb(255, 255, 255); font-variant-ligatures: normal; font-variant-caps: normal; -webkit-text-stroke-width: 0px; text-decoration-style: initial; text-decoration-color: initial;\"><u><a href=\"https:\/\/goias.gov.br\/escoladegoverno\/wp-content\/uploads\/sites\/27\/files\/GEMOG\/PortariaNo832019.pdf\" target=\"_blank\" rel=\"noopener\">&#8211; Portaria n&ordm; 83\/2019-SEMAD, de 07 de maio de 2019,<\/a><\/u> &#8211; RESOLVE: Art. 1&deg; Criar o Grupo de Trabalho Especial &#8211; GT Assessoria da Superintend&ecirc;ncia Executiva de Meio Ambiente e Recursos H&iacute;dricos (SUPEX-MARH) com o objetivo de&#8230;<\/p>\n<p style=\"margin: 1.5rem 0px; color: rgb(0, 0, 0); text-transform: none; text-indent: 0px; letter-spacing: normal; font-family: &quot;Open Sans&quot;; font-size: 14px; font-style: normal; font-weight: 400; word-spacing: 0px; white-space: normal; box-sizing: inherit; orphans: 2; widows: 2; background-color: rgb(255, 255, 255); font-variant-ligatures: normal; font-variant-caps: normal; -webkit-text-stroke-width: 0px; text-decoration-style: initial; text-decoration-color: initial;\"><a href=\"https:\/\/goias.gov.br\/escoladegoverno\/wp-content\/uploads\/sites\/27\/files\/GEMOG\/DecretoNo9434.pdf\" target=\"_blank\" rel=\"noopener\"><u>&#8211; Decreto No 9.434, de 25 de Abril de 2019<\/u><\/a> &#8211; Estabelece diretrizes para a elabora&ccedil;&atilde;o do Plano Plurianual 2020-2023 e cria grupo de trabalho que especifica.<\/p>\n<p style=\"margin: 1.5rem 0px; color: rgb(0, 0, 0); text-transform: none; text-indent: 0px; letter-spacing: normal; font-family: &quot;Open Sans&quot;; font-size: 14px; font-style: normal; font-weight: 400; word-spacing: 0px; white-space: normal; box-sizing: inherit; orphans: 2; widows: 2; background-color: rgb(255, 255, 255); font-variant-ligatures: normal; font-variant-caps: normal; -webkit-text-stroke-width: 0px; text-decoration-style: initial; text-decoration-color: initial;\"><u><a href=\"https:\/\/goias.gov.br\/escoladegoverno\/wp-content\/uploads\/sites\/27\/files\/GEMOG\/PORTARIA592019-SEMAD.pdf\" target=\"_blank\" rel=\"noopener\">&#8211; Portaria&nbsp;059\/2019 &#8211; SEMAD, 16 de Abril de 2019<\/a><\/u> &#8211; Art. 1&ordm; No &acirc;mbito de requerimentos de qualquer naturezajunto a SEMAD ser&aacute; dispensada a exig&ecirc;ncia de&#8230;<\/p>\n<p style=\"margin: 1.5rem 0px; text-align: justify; color: rgb(0, 0, 0); text-transform: none; text-indent: 0px; letter-spacing: normal; font-family: &quot;Open Sans&quot;; font-size: 14px; font-style: normal; font-weight: 400; word-spacing: 0px; white-space: normal; box-sizing: inherit; orphans: 2; widows: 2; background-color: rgb(255, 255, 255);\"><u><a href=\"https:\/\/goias.gov.br\/escoladegoverno\/wp-content\/uploads\/sites\/27\/files\/GEMOG\/Portaria52Semad.pdf\" target=\"_blank\" rel=\"noopener\">&#8211; Portaria 52\/2019 &#8211; SEMAD, 08 de Abril de 2019<\/a><\/u> &#8211; Institui o Comit&ecirc; Setorial do Programa de Compliance P&uacute;blico da SECRETARIA DE ESTADO DE MEIO AMBIENTE E DESEN-VOLVIMENTO SUSTENT&Aacute;VEL &#8211; SEMAD e d&aacute; outras provid&ecirc;ncias.<\/p>\n<p style=\"margin: 1.5rem 0px; text-align: justify; color: rgb(0, 0, 0); text-transform: none; text-indent: 0px; letter-spacing: normal; font-family: &quot;Open Sans&quot;; font-size: 14px; font-style: normal; font-weight: 400; word-spacing: 0px; white-space: normal; box-sizing: inherit; orphans: 2; widows: 2; background-color: rgb(255, 255, 255);\"><a href=\"http:\/\/www.segplan.go.gov.br\/files\/DIARIOSUPLEMENTO14-03.pdf\" target=\"_blank\" rel=\"noopener\">&#8211; Portaria&nbsp;041\/2019 &ndash; CGE<\/a> Resolve: Art. 1&ordm; Instituir Grupo de Trabalho para realizar as atividades de consultoria, orienta&ccedil;&atilde;o e apoio necess&aacute;rias a implanta&ccedil;&atilde;o nos &oacute;rg&atilde;os e entidades do Poder Executivo da Gest&atilde;o de Riscos, eixo IV do Programa Compliance P&uacute;blico &#8211; PCP institu&iacute;do pelo Decreto n&ordm; 9.406, de 18 de fevereiro de 2019.<\/p>\n<p style=\"margin: 1.5rem 0px; text-align: justify; color: rgb(0, 0, 0); text-transform: none; text-indent: 0px; letter-spacing: normal; font-family: &quot;Open Sans&quot;; font-size: 14px; font-style: normal; font-weight: 400; word-spacing: 0px; white-space: normal; box-sizing: inherit; orphans: 2; widows: 2; background-color: rgb(255, 255, 255);\"><u>&#8211;<strong>&nbsp;<\/strong><a href=\"http:\/\/www.gabinetecivil.go.gov.br\/pagina_decretos.php?id=19823\" target=\"_blank\" rel=\"noopener\">Decreto N&deg;&nbsp;9.417, de&nbsp;22 de mar&ccedil;o de 2019<\/a><\/u> &#8211; Cria o Parque Estadual &Aacute;guas Lindas e d&aacute; outras provid&ecirc;ncias.<\/p>\n<p style=\"margin: 1.5rem 0px; text-align: justify; color: rgb(0, 0, 0); text-transform: none; text-indent: 0px; letter-spacing: normal; font-family: &quot;Open Sans&quot;; font-size: 14px; font-style: normal; font-weight: 400; word-spacing: 0px; white-space: normal; box-sizing: inherit; orphans: 2; widows: 2; background-color: rgb(255, 255, 255);\"><u>&#8211;<strong>&nbsp;<\/strong><a href=\"http:\/\/www.gabinetecivil.go.gov.br\/pagina_decretos.php?id=19663\" target=\"_blank\" rel=\"noopener\">Decreto n&deg;&nbsp;9.412, de&nbsp;11 de mar&ccedil;o de&nbsp;2019<\/a><\/u> &#8211;&nbsp; Art. 1&deg;&nbsp;Fica institu&iacute;do Grupo de Trabalho para, no &acirc;mbito do Poder Executivo, realizar os estudos necess&aacute;rios &agrave;s medidas de conten&ccedil;&atilde;o de gastos com pessoal do Estado de Goi&aacute;s.<\/p>\n<p style=\"margin: 1.5rem 0px; text-align: justify; color: rgb(0, 0, 0); text-transform: none; text-indent: 0px; letter-spacing: normal; font-family: &quot;Open Sans&quot;; font-size: 14px; font-style: normal; font-weight: 400; word-spacing: 0px; white-space: normal; box-sizing: inherit; orphans: 2; widows: 2; background-color: rgb(255, 255, 255);\"><u>&#8211; <\/u><a href=\"http:\/\/www.gabinetecivil.go.gov.br\/pagina_leis.php?id=23179\" target=\"_blank\" rel=\"noopener\"><u>Lei&nbsp;n &ordm; 20.420, de&nbsp;21 de&nbsp;fevereiro&nbsp;de 2019<\/u> <\/a>&#8211; Altera a Lei n&ordm; 15.047, de 29 de dezembro de 2004, que institui o Programa Transporte Cidad&atilde;o, destinado a oferecer subs&iacute;dio financeiro aos usu&aacute;rios da linha 001 &#8211; Eixo Anhanguera, da Rede Metropolitana de Transporte Coletivo, a Lei n&ordm; 14.653, de 08 de janeiro de 2004, que institui a Junta Administrativa de Recursos de Infra&ccedil;&otilde;es &#8211; JARI, e revoga a legisla&ccedil;&atilde;o que especifica.<\/p>\n<p style=\"margin: 1.5rem 0px; text-align: justify; color: rgb(0, 0, 0); text-transform: none; text-indent: 0px; letter-spacing: normal; font-family: &quot;Open Sans&quot;; font-size: 14px; font-style: normal; font-weight: 400; word-spacing: 0px; white-space: normal; box-sizing: inherit; orphans: 2; widows: 2; background-color: rgb(255, 255, 255);\"><u>&#8211;&nbsp;<a href=\"http:\/\/www.gabinetecivil.go.gov.br\/pagina_decretos.php?id=19656\" target=\"_blank\" rel=\"noopener\">Decreto n&ordm; 9.407, de 18 de fevereiro de 2019<\/a> <\/u>&#8211; Altera o Decreto n&ordm; 9.376, de 2 de janeiro de 2019.<\/p>\n<p style=\"margin: 1.5rem 0px; text-align: justify; color: rgb(0, 0, 0); text-transform: none; text-indent: 0px; letter-spacing: normal; font-family: &quot;Open Sans&quot;; font-size: 14px; font-style: normal; font-weight: 400; word-spacing: 0px; white-space: normal; box-sizing: inherit; orphans: 2; widows: 2; background-color: rgb(255, 255, 255);\"><u>&#8211;&nbsp;<a href=\"http:\/\/www.gabinetecivil.go.gov.br\/pagina_decretos.php?id=19655\" target=\"_blank\" rel=\"noopener\">Decreto n&deg; 9.406, de 18 de fevereiro de 2019<\/a><\/u> &#8211; Institui o Programa de Compliance P&uacute;blico no Poder Executivo do Estado de Goi&aacute;s e d&aacute; outras provid&ecirc;ncias.<\/p>\n<p style=\"margin: 1.5rem 0px; text-align: justify; color: rgb(0, 0, 0); text-transform: none; text-indent: 0px; letter-spacing: normal; font-family: &quot;Open Sans&quot;; font-size: 14px; font-style: normal; font-weight: 400; word-spacing: 0px; white-space: normal; box-sizing: inherit; orphans: 2; widows: 2; background-color: rgb(255, 255, 255);\"><u>&#8211;&nbsp;<a href=\"http:\/\/www.gabinetecivil.go.gov.br\/pagina_decretos.php?id=19650\" target=\"_blank\" rel=\"noopener\">Decreto n&ordm; 9.402, de 07 de fevereiro de 2019<\/a><\/u> &#8211; Disp&otilde;e sobre as regras de governan&ccedil;a e o tratamento diferenciado para as empresas estatais de menor porte, nos termos da Lei federal n&ordm; 13.303, de 30 de junho de 2016.<\/p>\n<p style=\"margin: 1.5rem 0px; text-align: justify; color: rgb(0, 0, 0); text-transform: none; text-indent: 0px; letter-spacing: normal; font-family: &quot;Open Sans&quot;; font-size: 14px; font-style: normal; font-weight: 400; word-spacing: 0px; white-space: normal; box-sizing: inherit; orphans: 2; widows: 2; background-color: rgb(255, 255, 255);\"><u>&#8211;&nbsp;<a href=\"http:\/\/www.gabinetecivil.go.gov.br\/pagina_decretos.php?id=19649\" target=\"_blank\" rel=\"noopener\">Decreto n&ordm; 9.401, de 07 de fevereiro de 2019<\/a><\/u> &#8211; Disp&otilde;e sobre a desnecessidade de novo provimento para os cargos em&nbsp;comiss&atilde;o&nbsp;nos casos que especifica.<\/p>\n<p style=\"margin: 1.5rem 0px; text-align: justify; color: rgb(0, 0, 0); text-transform: none; text-indent: 0px; letter-spacing: normal; font-family: &quot;Open Sans&quot;; font-size: 14px; font-style: normal; font-weight: 400; word-spacing: 0px; white-space: normal; box-sizing: inherit; orphans: 2; widows: 2; background-color: rgb(255, 255, 255);\"><u>&#8211;&nbsp;<a href=\"http:\/\/www.gabinetecivil.go.gov.br\/pagina_leis.php?id=23173\" target=\"_blank\" rel=\"noopener\">Lei n&ordm; 20.417, de 06 de fevereiro de 2019<\/a><\/u> &#8211; Altera a Lei estadual n&ordm; 17.257, de 25 de janeiro de 2011, e d&aacute; outras provid&ecirc;ncias.<\/p>\n<p style=\"margin: 1.5rem 0px; text-align: justify; color: rgb(0, 0, 0); text-transform: none; text-indent: 0px; letter-spacing: normal; font-family: &quot;Open Sans&quot;; font-size: 14px; font-style: normal; font-weight: 400; word-spacing: 0px; white-space: normal; box-sizing: inherit; orphans: 2; widows: 2; background-color: rgb(255, 255, 255);\">&#8211;<a href=\"http:\/\/www.gabinetecivil.go.gov.br\/pagina_decretos.php?id=19643\" target=\"_blank\" rel=\"noopener\">&nbsp;Decreto n&deg; 9.400, de 05 de fevereiro de 2019<\/a> &#8211; Acresce dispositivo ao Decreto n&ordm; 9.376, de 02 de janeiro de 2019, que estabelece medidas de conten&ccedil;&atilde;o de gastos com pessoal e outras despesas correntes, no &acirc;mbito da administra&ccedil;&atilde;o direta, aut&aacute;rquica e fundacional do Poder Executivo e empresas estatais dependentes.<\/p>\n<p style=\"margin: 1.5rem 0px; text-align: justify; color: rgb(0, 0, 0); text-transform: none; text-indent: 0px; letter-spacing: normal; font-family: &quot;Open Sans&quot;; font-size: 14px; font-style: normal; font-weight: 400; word-spacing: 0px; white-space: normal; box-sizing: inherit; orphans: 2; widows: 2; background-color: rgb(255, 255, 255);\"><u>&#8211;<a href=\"http:\/\/www.gabinetecivil.go.gov.br\/pagina_decretos.php?id=19642\" target=\"_blank\" rel=\"noopener\">&nbsp;Decreto n&ordm; 9.399, de 05 de fevereiro de 2019<\/a><\/u> &#8211; Disp&otilde;e sobre a fiscaliza&ccedil;&atilde;o a ser realizada em contratos, termos de colabora&ccedil;&atilde;o ou fomento, acordos de coopera&ccedil;&atilde;o, termos de parceria, contratos de repasse, contratos de gest&atilde;o, conv&ecirc;nios e quaisquer outros ajustes similares.<\/p>\n<p style=\"margin: 1.5rem 0px; text-align: justify; color: rgb(0, 0, 0); text-transform: none; text-indent: 0px; letter-spacing: normal; font-family: &quot;Open Sans&quot;; font-size: 14px; font-style: normal; font-weight: 400; word-spacing: 0px; white-space: normal; box-sizing: inherit; orphans: 2; widows: 2; background-color: rgb(255, 255, 255);\"><a href=\"http:\/\/www.segplan.go.gov.br\/files\/PORTARIA044.pdf\" title=\"\">&#8211; Portaria n&ordm; 044\/2019-GSF <\/a>RESOLVE: Art. 1&ordm; Instituir o Comit&ecirc; Gestor, vinculado &agrave; Secretaria de Estado da Fazenda, respons&aacute;vel pelo acompanhamento e avalia&ccedil;&atilde;o das medidas de conten&ccedil;&atilde;o de gastos com pessoal e outras despesas correntes, no &acirc;mbito da administra&ccedil;&atilde;o direta, aut&aacute;rquica e fundacional do Poder Executivo e empresas estatais dependentes, previstas no Decreto n&ordm; 9.376, de 02 de janeiro de 2019.<\/p>\n<p style=\"margin: 1.5rem 0px; text-align: justify; color: rgb(0, 0, 0); text-transform: none; text-indent: 0px; letter-spacing: normal; font-family: &quot;Open Sans&quot;; font-size: 14px; font-style: normal; font-weight: 400; word-spacing: 0px; white-space: normal; box-sizing: inherit; orphans: 2; widows: 2; background-color: rgb(255, 255, 255);\"><u><a href=\"http:\/\/www.segplan.go.gov.br\/files\/CONSELHOSUPERIORDOGOVERNO.pdf\" style=\"background: rgb(255, 255, 255); color: rgb(37, 86, 194); text-transform: none; text-indent: 0px; letter-spacing: normal; font-family: &quot;Open Sans&quot;; font-size: 14px; font-style: normal; font-weight: 400; text-decoration: none; word-spacing: 0px; white-space: normal; box-sizing: inherit; orphans: 2; widows: 2; font-variant-ligatures: normal; font-variant-caps: normal; -webkit-text-stroke-width: 0px;\" target=\"_blank\" rel=\"noopener\">&#8211; Decreto de&nbsp;12 de&nbsp;fevereiro&nbsp;de&nbsp;2019<\/a><\/u><span style=\"color: rgb(0, 0, 0); text-transform: none; text-indent: 0px; letter-spacing: normal; font-family: &quot;Open Sans&quot;; font-size: 14px; font-style: normal; font-weight: 400; word-spacing: 0px; float: none; display: inline !important; white-space: normal; orphans: 2; widows: 2; background-color: rgb(255, 255, 255); font-variant-ligatures: normal; font-variant-caps: normal; -webkit-text-stroke-width: 0px; text-decoration-style: initial; text-decoration-color: initial;\"><span>&nbsp;<\/span>&#8211; O GOVERNADOR DO ESTADO DE GOI&Aacute;S, tendo em vista os termos do art. 5o, inciso II, al&iacute;nea &ldquo;c&rdquo;, da Lei no 19.661, de 06 de junho de 2017, resolve constituir o Conselho Superior de Desenvolvimento Industrial, Comercial e de Servi&ccedil;os do Estado de Goi&aacute;s, com fun&ccedil;&atilde;o de estabelecer as diretrizes para fomento dos projetos de industrializa&ccedil;&atilde;o, de com&eacute;rcio e de servi&ccedil;os, composto pelos seguintes membros, Secret&aacute;rios de Estado.<\/span><\/p>\n<p style=\"margin: 1.5rem 0px; text-align: justify; color: rgb(0, 0, 0); text-transform: none; text-indent: 0px; letter-spacing: normal; font-family: &quot;Open Sans&quot;; font-size: 14px; font-style: normal; font-weight: 400; word-spacing: 0px; white-space: normal; box-sizing: inherit; orphans: 2; widows: 2; background-color: rgb(255, 255, 255);\"><a href=\"https:\/\/goias.gov.br\/administracao\/wp-content\/uploads\/sites\/27\/2019\/02\/PORTARIA044-056.pdf\" target=\"\" title=\"\" rel=\"noopener\">&#8211; Portaria n&ordm; 044\/2019-GSF <\/a>RESOLVE: Art. 1&ordm; Instituir o Comit&ecirc; Gestor, vinculado &agrave; Secretaria de Estado da Fazenda, respons&aacute;vel pelo acompanhamento e avalia&ccedil;&atilde;o das medidas de conten&ccedil;&atilde;o de gastos com pessoal e outras despesas correntes, no &acirc;mbito da administra&ccedil;&atilde;o direta, aut&aacute;rquica e fundacional do Poder Executivo e empresas estatais dependentes, previstas no Decreto n&ordm; 9.376, de 02 de janeiro de 2019.<\/p>\n<p style=\"margin: 1.5rem 0px; text-align: justify; color: rgb(0, 0, 0); text-transform: none; text-indent: 0px; letter-spacing: normal; font-family: &quot;Open Sans&quot;; font-size: 14px; font-style: normal; font-weight: 400; word-spacing: 0px; white-space: normal; box-sizing: inherit; orphans: 2; widows: 2; background-color: rgb(255, 255, 255);\"><a href=\"http:\/\/www.gabinetecivil.go.gov.br\/pagina_decretos.php?id=19630\" target=\"_blank\" rel=\"noopener\">&#8211; Decreto n&ordm; 9.386, de 11 de janeiro&nbsp; 2019 <\/a>&#8211;&nbsp; Disp&otilde;e sobre a atribui&ccedil;&atilde;o tempor&aacute;ria, &agrave; Secret&aacute;ria de Meio Ambiente, Recursos H&iacute;dricos, Infraestrutura, Cidades e Assuntos Metropolitanos, da compet&ecirc;ncia para praticar atos de gest&atilde;o da Ag&ecirc;ncia Goiana de Transportes e Obras &ndash; AGETOP.<\/p>\n<p style=\"margin: 1.5rem 0px; text-align: justify; color: rgb(0, 0, 0); text-transform: none; text-indent: 0px; letter-spacing: normal; font-family: &quot;Open Sans&quot;; font-size: 14px; font-style: normal; font-weight: 400; word-spacing: 0px; white-space: normal; box-sizing: inherit; orphans: 2; widows: 2; background-color: rgb(255, 255, 255);\"><u><a href=\"http:\/\/www.segplan.go.gov.br\/files\/decretocalamidade-publica.pdf\" style=\"color: rgb(37, 86, 194); text-decoration: none; box-sizing: inherit;\" target=\"_blank\" rel=\"noopener\">&#8211; Decreto Legislativo n&ordm; 483, de 24 de janeiro de 2019<\/a><\/u><span>&nbsp;<\/span>&#8211; Reconhece o estado de calamidade p&uacute;blica de ordem financeira no Estado de Goi&aacute;s, nos termos do Decreto n&ordm; 9.392, de 21 de janeiro de 2019.<\/p>\n<p style=\"margin: 1.5rem 0px; text-align: justify; color: rgb(0, 0, 0); text-transform: none; text-indent: 0px; letter-spacing: normal; font-family: &quot;Open Sans&quot;; font-size: 14px; font-style: normal; font-weight: 400; word-spacing: 0px; white-space: normal; box-sizing: inherit; orphans: 2; widows: 2; background-color: rgb(255, 255, 255);\"><u><a href=\"http:\/\/www.gabinetecivil.go.gov.br\/pagina_decretos.php?id=19636\" style=\"color: rgb(37, 86, 194); text-decoration: none; box-sizing: inherit;\" target=\"_blank\" rel=\"noopener\">&#8211; Decreto n&ordm; 9.392, de 21 de janeiro de&nbsp; 2019<\/a><\/u><span>&nbsp;<\/span>&#8211; Disp&otilde;e sobre a decreta&ccedil;&atilde;o de situa&ccedil;&atilde;o de calamidade financeira no Estado de Goi&aacute;s.<\/p>\n<p style=\"margin: 1.5rem 0px; text-align: justify; color: rgb(0, 0, 0); text-transform: none; text-indent: 0px; letter-spacing: normal; font-family: &quot;Open Sans&quot;; font-size: 14px; font-style: normal; font-weight: 400; word-spacing: 0px; white-space: normal; box-sizing: inherit; orphans: 2; widows: 2; background-color: rgb(255, 255, 255);\"><u><a href=\"http:\/\/www.gabinetecivil.go.gov.br\/pagina_decretos.php?id=19633\" style=\"color: rgb(37, 86, 194); text-decoration: none; box-sizing: inherit;\" target=\"_blank\" rel=\"noopener\">&#8211; Decreto n&ordm; 9.389, de 14 de janeiro de 2019<\/a><\/u><span>&nbsp;<\/span>&#8211; Cria o Grupo de Trabalho para o fim que especifica. Fica institu&iacute;do Grupo de Trabalho para, no &acirc;mbito do Poder Executivo, realizar os estudos necess&aacute;rios &agrave; realiza&ccedil;&atilde;o da reforma administrativa do Estado de Goi&aacute;s<\/p>\n<p style=\"margin: 1.5rem 0px; text-align: justify; color: rgb(0, 0, 0); text-transform: none; text-indent: 0px; letter-spacing: normal; font-family: &quot;Open Sans&quot;; font-size: 14px; font-style: normal; font-weight: 400; word-spacing: 0px; white-space: normal; box-sizing: inherit; orphans: 2; widows: 2; background-color: rgb(255, 255, 255);\"><u><a href=\"http:\/\/www.gabinetecivil.go.gov.br\/pagina_decretos.php?id=19628\" style=\"color: rgb(37, 86, 194); text-decoration: none; box-sizing: inherit;\" target=\"_blank\" rel=\"noopener\"><strong style=\"color: rgb(26, 26, 26); font-weight: bold; box-sizing: inherit;\">&#8211;<span>&nbsp;<\/span><\/strong>Decreto n&ordm; 9.384, de 09 de janeiro de 2019<\/a><\/u><span>&nbsp;<\/span>&#8211; Introduz altera&ccedil;&otilde;es no Decreto n&ordm; 9.376, de 02 de janeiro de 2019, que estabelece medidas de conten&ccedil;&atilde;o de gastos com pessoal e outras despesas correntes, no &acirc;mbito da administra&ccedil;&atilde;o direta, aut&aacute;rquica e fundacional do Poder Executivo, e empresas estatais dependentes.<\/p>\n<p style=\"margin: 1.5rem 0px; text-align: justify; color: rgb(0, 0, 0); text-transform: none; text-indent: 0px; letter-spacing: normal; font-family: &quot;Open Sans&quot;; font-size: 14px; font-style: normal; font-weight: 400; word-spacing: 0px; white-space: normal; box-sizing: inherit; orphans: 2; widows: 2; background-color: rgb(255, 255, 255);\"><a href=\"http:\/\/www.gabinetecivil.go.gov.br\/pagina_decretos.php?id=19627\" target=\"_blank\" rel=\"noopener\"><strong>&#8211; <\/strong>Decreto n&ordm; 9.381, de 08 de janeiro&nbsp; de 2019<\/a> &#8211; Introduz altera&ccedil;&atilde;o no inciso I do art. 8&ordm; do Decreto n&ordm; 9.376, de 02 de janeiro de 2019, que estabelece medidas de conten&ccedil;&atilde;o de gastos com pessoal e outras despesas correntes, no &acirc;mbito da administra&ccedil;&atilde;o direta, aut&aacute;rquica e fundacional do Poder Executivo e empresas estatais dependentes.<\/p>\n<p style=\"margin: 1.5rem 0px; text-align: justify; color: rgb(0, 0, 0); text-transform: none; text-indent: 0px; letter-spacing: normal; font-family: &quot;Open Sans&quot;; font-size: 14px; font-style: normal; font-weight: 400; word-spacing: 0px; white-space: normal; box-sizing: inherit; orphans: 2; widows: 2; background-color: rgb(255, 255, 255);\"><a href=\"http:\/\/www.gabinetecivil.go.gov.br\/pagina_decretos.php?id=19614\" target=\"_blank\" rel=\"noopener\">Decreto n&ordm; 9.376, de 02 de janeiro de 2019<\/a>&nbsp; &#8211; Estabelece medidas de conten&ccedil;&atilde;o de gastos com pessoal e outras despesas correntes, no &acirc;mbito da administra&ccedil;&atilde;o direta, aut&aacute;rquica e fundacional do Poder Executivo e empresas estatais dependentes.<\/p>\n<p style=\"margin: 1.5rem 0px; text-align: justify; color: rgb(0, 0, 0); text-transform: none; text-indent: 0px; letter-spacing: normal; font-family: &quot;Open Sans&quot;; font-size: 14px; font-style: normal; font-weight: 400; word-spacing: 0px; white-space: normal; box-sizing: inherit; orphans: 2; widows: 2; background-color: rgb(255, 255, 255);\"><a href=\"https:\/\/goias.gov.br\/administracao\/wp-content\/uploads\/sites\/27\/2019\/03\/resolucaoSECIMA-cb9.pdf\" target=\"_blank\" rel=\"noopener\">Resolu&ccedil;&atilde;o CERH&iacute; N&ordm; 14 \/2018<\/a> &#8211;&nbsp; Disp&otilde;e sobre o Regimento Interno das C&acirc;maras T&eacute;cnicas do Conselho Estadual de Recursos H&iacute;dricos &ndash; CERH&iacute;<\/p>\n<p style=\"text-align: justify;\"><a href=\"https:\/\/goias.gov.br\/administracao\/wp-content\/uploads\/sites\/27\/2011\/08\/RESOLUCAOCEMAm-ab8.pdf\" target=\"_blank\" rel=\"noopener\">Resolu&ccedil;&atilde;o CEMAm N&ordm; 33 \/2018<\/a> &#8211;&nbsp; Disp&otilde;e sobre o Regimento Interno das C&acirc;maras T&eacute;cnicas do Conselho Estadual do Meio Ambiente &ndash; CEMAm<\/p>\n","protected":false},"excerpt":{"rendered":"<p>&nbsp; SIGA Governadoria Vice-Governadoria Secretarias Ag&ecirc;ncias\/Autarquias Funda&ccedil;&atilde;o Sociedades de Economia Mista Conselhos Estaduais Secretaria de Estado de&nbsp; Meio Ambiente e Desenvolvimento Sustent&aacute;vel &#8211; SEMAD Dados Gerais&nbsp;|&nbsp;Regulamento |&nbsp;Legisla&ccedil;&atilde;o&nbsp;|&nbsp;Fundos&nbsp;|&nbsp;Organograma Legisla&ccedil;&atilde;o: &#8211; Lei&nbsp;n&ordm; 20.942, de&nbsp;29 de&nbsp;Dezembro&nbsp;de&nbsp;2020 &#8211; Institui a Taxa de Controle sobre as Atividades de Pesquisa, Lavra, Explora&ccedil;&atilde;o e Aproveitamento de Recursos Minerais &mdash; TRM e o [&hellip;]<\/p>\n","protected":false},"author":44,"featured_media":0,"comment_status":"closed","ping_status":"open","sticky":false,"template":"","format":"standard","meta":{"footnotes":""},"categories":[124],"tags":[],"class_list":["post-4649","post","type-post","status-publish","format-standard","hentry","category-siga"],"rttpg_featured_image_url":null,"rttpg_author":{"display_name":"mikaelsantos","author_link":"https:\/\/goias.gov.br\/administracao\/author\/mikaelsantos\/"},"rttpg_comment":0,"rttpg_category":"<a href=\"https:\/\/goias.gov.br\/administracao\/categoria\/siga\/\" rel=\"category tag\">SIGA<\/a>","rttpg_excerpt":"&nbsp; SIGA Governadoria Vice-Governadoria Secretarias Ag&ecirc;ncias\/Autarquias Funda&ccedil;&atilde;o Sociedades de Economia Mista Conselhos Estaduais Secretaria de Estado de&nbsp; Meio Ambiente e Desenvolvimento Sustent&aacute;vel &#8211; SEMAD Dados Gerais&nbsp;|&nbsp;Regulamento |&nbsp;Legisla&ccedil;&atilde;o&nbsp;|&nbsp;Fundos&nbsp;|&nbsp;Organograma Legisla&ccedil;&atilde;o: &#8211; Lei&nbsp;n&ordm; 20.942, de&nbsp;29 de&nbsp;Dezembro&nbsp;de&nbsp;2020 &#8211; Institui a Taxa de Controle sobre as Atividades de Pesquisa, Lavra, Explora&ccedil;&atilde;o e Aproveitamento de Recursos Minerais &mdash; TRM e o&hellip;","_links":{"self":[{"href":"https:\/\/goias.gov.br\/administracao\/wp-json\/wp\/v2\/posts\/4649","targetHints":{"allow":["GET"]}}],"collection":[{"href":"https:\/\/goias.gov.br\/administracao\/wp-json\/wp\/v2\/posts"}],"about":[{"href":"https:\/\/goias.gov.br\/administracao\/wp-json\/wp\/v2\/types\/post"}],"author":[{"embeddable":true,"href":"https:\/\/goias.gov.br\/administracao\/wp-json\/wp\/v2\/users\/44"}],"replies":[{"embeddable":true,"href":"https:\/\/goias.gov.br\/administracao\/wp-json\/wp\/v2\/comments?post=4649"}],"version-history":[{"count":1,"href":"https:\/\/goias.gov.br\/administracao\/wp-json\/wp\/v2\/posts\/4649\/revisions"}],"predecessor-version":[{"id":16298,"href":"https:\/\/goias.gov.br\/administracao\/wp-json\/wp\/v2\/posts\/4649\/revisions\/16298"}],"wp:attachment":[{"href":"https:\/\/goias.gov.br\/administracao\/wp-json\/wp\/v2\/media?parent=4649"}],"wp:term":[{"taxonomy":"category","embeddable":true,"href":"https:\/\/goias.gov.br\/administracao\/wp-json\/wp\/v2\/categories?post=4649"},{"taxonomy":"post_tag","embeddable":true,"href":"https:\/\/goias.gov.br\/administracao\/wp-json\/wp\/v2\/tags?post=4649"}],"curies":[{"name":"wp","href":"https:\/\/api.w.org\/{rel}","templated":true}]}}