

{"id":45454,"date":"2025-01-13T12:23:56","date_gmt":"2025-01-13T15:23:56","guid":{"rendered":"https:\/\/goias.gov.br\/administracao\/?p=45454"},"modified":"2026-04-24T11:24:18","modified_gmt":"2026-04-24T14:24:18","slug":"contratos-firmados-2025","status":"publish","type":"post","link":"https:\/\/goias.gov.br\/administracao\/contratos-firmados-2025\/","title":{"rendered":"Contratos Firmados -2025"},"content":{"rendered":"\n<p><strong>EQUATORIAL GOI\u00c1S DISTRIBUIDORA DE ENERGIA S\/A<\/strong><\/p>\n\n\n\n<p>Contrata\u00e7\u00e3o de fornecimento de energia el\u00e9trica UC n\u00ba 10031081167 \u2013 Aparecida Shopping<\/p>\n\n\n\n<ul class=\"wp-block-list\">\n<li><a href=\"https:\/\/goias.gov.br\/administracao\/wp-content\/uploads\/sites\/27\/2025\/01\/Contrato-CCER-CUSD-no-001-2025-SEAD.pdf\">Contrato CCER\/CUSD n\u00ba 001\/2025<\/a><\/li>\n\n\n\n<li><a href=\"https:\/\/goias.gov.br\/administracao\/wp-content\/uploads\/sites\/27\/2026\/01\/Apostila-01-ao-Cto-001-2025-Equatorial.pdf\">Apostila n\u00ba 001\/2026<\/a><\/li>\n<\/ul>\n\n\n\n<hr class=\"wp-block-separator has-alpha-channel-opacity\"\/>\n\n\n\n<p><strong>G\u00c1S E MAIS COM\u00c9RCIO EIRELI<\/strong><\/p>\n\n\n\n<p>Contrata\u00e7\u00e3o de empresa para fornecimento de recarga de g\u00e1s de cozinha P \u2013 13 \u2013 GPL (g\u00e1s de cozinha), sob demanda, com a entrega prevista para as Unidades Administrativas da Secretaria da Administra\u00e7\u00e3o-SEAD.<\/p>\n\n\n\n<ul class=\"wp-block-list\">\n<li><a href=\"https:\/\/goias.gov.br\/administracao\/wp-content\/uploads\/sites\/27\/2025\/01\/Contrato-no-002-2025.pdf\">Contrato n\u00ba. 002\/2025<\/a><\/li>\n\n\n\n<li><a href=\"https:\/\/goias.gov.br\/administracao\/wp-content\/uploads\/sites\/27\/2026\/01\/1o-Termo-Aditivo.pdf\">1\u00ba Termo Aditivo<\/a><\/li>\n<\/ul>\n\n\n\n<hr class=\"wp-block-separator has-alpha-channel-opacity\"\/>\n\n\n\n<p><strong>JR \u00c1GUAS LTDA<\/strong><\/p>\n\n\n\n<p>Aquisi\u00e7\u00e3o de \u00e1gua mineral, gal\u00e3o de 20 litros.<\/p>\n\n\n\n<ul class=\"wp-block-list\">\n<li><a href=\"https:\/\/goias.gov.br\/administracao\/wp-content\/uploads\/sites\/27\/2025\/02\/Contrato-no-003-2025.pdf\">Contrato n\u00ba. 003\/2025<\/a><\/li>\n<\/ul>\n\n\n\n<hr class=\"wp-block-separator has-alpha-channel-opacity\"\/>\n\n\n\n<p><strong>AGIRA TECNOLOGIA COMERCIO E SERVI\u00c7OS LTDA<\/strong><\/p>\n\n\n\n<p>Fornecimento de 100 unidades de monitores de 23 polegadas para serem utilizados nas unidades que integram esta Secretaria de Estado da Administra\u00e7\u00e3o.<\/p>\n\n\n\n<ul class=\"wp-block-list\">\n<li><a href=\"https:\/\/goias.gov.br\/administracao\/wp-content\/uploads\/sites\/27\/2025\/02\/Contrato-004-2025-Agira.pdf\">Contrato n\u00ba 004\/2025<\/a><\/li>\n<\/ul>\n\n\n\n<hr class=\"wp-block-separator has-alpha-channel-opacity\"\/>\n\n\n\n<p><strong>DELL COMPUTADORES DO BRASIL LTDA<\/strong><\/p>\n\n\n\n<p>Fornecimento de 350 Microcomputadores com 8 GB de<br>mem\u00f3ria RAM, 1 unidade de disco r\u00edgido SSD (Solid State Drive) com capacidade de armazenamento total de 256 GB, monitor de 23\u201d, sistema operacional Windows 11.<\/p>\n\n\n\n<ul class=\"wp-block-list\">\n<li><a href=\"https:\/\/goias.gov.br\/administracao\/wp-content\/uploads\/sites\/27\/2025\/03\/Contrato-no.-005-2025.pdf\">Contrato n\u00ba. 005\/2025<\/a><\/li>\n<\/ul>\n\n\n\n<hr class=\"wp-block-separator has-alpha-channel-opacity\"\/>\n\n\n\n<p><strong>POSITIVO TECNOLOGIA S.A<\/strong><\/p>\n\n\n\n<p>Fornecimento de 50&nbsp;Microcomputadores com 16 GB de mem\u00f3ria RAM, uma (1) unidade de disco r\u00edgido SSD (<em>Solid State Drive<\/em>) com capacidade de armazenamento total de 256GB, monitor de 23&#8243;, sistema Operacional Windows 11, com garantia de 60 meses e 10&nbsp;Notebooks com 8 GB de mem\u00f3ria RAM, 1 unidade de disco r\u00edgido SSD (<em>Solid State Drive<\/em>) com capacidade de armazenamento total de 256 GB, tela de 14&#8221;, sistema operacional Windows 11<\/p>\n\n\n\n<ul class=\"wp-block-list\">\n<li><a href=\"https:\/\/goias.gov.br\/administracao\/wp-content\/uploads\/sites\/27\/2025\/03\/Contrato-no.-006-2025.pdf\">Contrato n\u00ba. 006\/2025<\/a><\/li>\n<\/ul>\n\n\n\n<hr class=\"wp-block-separator has-alpha-channel-opacity\"\/>\n\n\n\n<p><strong>DESPRAG DEDETIZADORA LTDA<\/strong><\/p>\n\n\n\n<p>Contrata\u00e7\u00e3o de servi\u00e7os continuados de controle integrado de vetores e pragas urbanas,<br>incluindo desinsetiza\u00e7\u00e3o, desratiza\u00e7\u00e3o e descupiniza\u00e7\u00e3o.<\/p>\n\n\n\n<ul class=\"wp-block-list\">\n<li><a href=\"https:\/\/goias.gov.br\/administracao\/wp-content\/uploads\/sites\/27\/2025\/02\/Contrato-no.-007-2025.pdf\">Contrato n\u00ba. 007\/2025<\/a><\/li>\n\n\n\n<li><a href=\"https:\/\/goias.gov.br\/administracao\/wp-content\/uploads\/sites\/27\/2026\/02\/Primeiro-Aditivo-Cto-n-007-2025.pdf\">1\u00ba. Termo Aditivo<\/a><\/li>\n<\/ul>\n\n\n\n<hr class=\"wp-block-separator has-alpha-channel-opacity\"\/>\n\n\n\n<p><strong>AUTORIO ADMINISTRADORA E CONSTRUTORA LTDA<\/strong><\/p>\n\n\n\n<p>Loca\u00e7\u00e3o do im\u00f3vel da Unidade Vapt Vupt Ana Shopping, localizado na Avenida Universit\u00e1ria, n.\u00ba 2.221, Vila Santa Isabel, CEP 75083-350, no munic\u00edpio de An\u00e1polis &#8211; GO.<\/p>\n\n\n\n<ul class=\"wp-block-list\">\n<li><a href=\"https:\/\/goias.gov.br\/administracao\/wp-content\/uploads\/sites\/27\/2025\/02\/Contrato-008-2025.pdf\">Contrato n\u00ba 008\/2025<\/a><\/li>\n\n\n\n<li><a href=\"https:\/\/goias.gov.br\/administracao\/wp-content\/uploads\/sites\/27\/2026\/02\/Primeiro-Aditivo-Cto-n-008-2025.pdf\">1\u00ba Termo Aditivo<\/a><\/li>\n<\/ul>\n\n\n\n<hr class=\"wp-block-separator has-alpha-channel-opacity\"\/>\n\n\n\n<p><strong>AM2 SOLU\u00c7\u00d5ES SUSTENTAVEIS<\/strong><\/p>\n\n\n\n<p>aquisi\u00e7\u00e3o de cancela autom\u00e1tica veicular reta (01) e articulada (01), incluso totem, leitor facial, la\u00e7o de piso e software de gest\u00e3o.<\/p>\n\n\n\n<ul class=\"wp-block-list\">\n<li><a href=\"https:\/\/goias.gov.br\/administracao\/wp-content\/uploads\/sites\/27\/2025\/02\/Contrato-no.-009-2025.pdf\">Contrato n\u00ba. 009\/2025<\/a><\/li>\n<\/ul>\n\n\n\n<hr class=\"wp-block-separator has-alpha-channel-opacity\"\/>\n\n\n\n<p><strong>EQUATORIAL GOI\u00c1S DISTRIBUIDORA DE ENERGIA S\/A<\/strong><\/p>\n\n\n\n<p>Contrata\u00e7\u00e3o de fornecimento de energia el\u00e9trica UC n\u00ba 10006305740 \u2013 Pra\u00e7a da B\u00edblia<\/p>\n\n\n\n<ul class=\"wp-block-list\">\n<li><a href=\"https:\/\/goias.gov.br\/administracao\/wp-content\/uploads\/sites\/27\/2025\/02\/CT-CCER-CUSD-No-010-2025-SEAD.pdf\">Contrato n\u00ba 010\/2025<\/a><\/li>\n\n\n\n<li><a href=\"https:\/\/goias.gov.br\/administracao\/wp-content\/uploads\/sites\/27\/2026\/01\/Apostila1Ct0102025.pdf\">Apostila 1 Ct n\u00ba 010\/2025<\/a><\/li>\n<\/ul>\n\n\n\n<hr class=\"wp-block-separator has-alpha-channel-opacity\"\/>\n\n\n\n<p><strong>EQUATORIAL GOI\u00c1S DISTRIBUIDORA DE ENERGIA S\/A<\/strong><\/p>\n\n\n\n<p>Contrata\u00e7\u00e3o de fornecimento de energia el\u00e9trica UC n\u00ba 10009003337 \u2013 Escola de Governo<\/p>\n\n\n\n<ul class=\"wp-block-list\">\n<li><a href=\"https:\/\/goias.gov.br\/administracao\/wp-content\/uploads\/sites\/27\/2025\/02\/CT-CCER-CUSD-No-011-2025-SEAD.pdf\">Contrato n\u00ba 011\/2025<\/a><\/li>\n\n\n\n<li><a href=\"https:\/\/goias.gov.br\/administracao\/wp-content\/uploads\/sites\/27\/2026\/01\/Apostila1Ct0112025.pdf\">Apostila 1 Ct n\u00ba 011-2025<\/a><\/li>\n<\/ul>\n\n\n\n<hr class=\"wp-block-separator has-alpha-channel-opacity\"\/>\n\n\n\n<p><strong>POSITIVO TECNOLOGIA S.A<\/strong><\/p>\n\n\n\n<p>Fornecimento de 50 Notebooks com 16 GB de mem\u00f3ria<br>RAM, uma (1) unidade de disco r\u00edgido SSD (Solid State Drive) com<br>capacidade de armazenamento total de 256 GB, tela de 14\u2019\u2019, sistema<br>operacional Windows 11.<\/p>\n\n\n\n<ul class=\"wp-block-list\">\n<li><a href=\"https:\/\/goias.gov.br\/administracao\/wp-content\/uploads\/sites\/27\/2025\/03\/Contato-no.-012-2025.pdf\">Contrato n\u00ba. 012\/2025<\/a><\/li>\n<\/ul>\n\n\n\n<hr class=\"wp-block-separator has-alpha-channel-opacity\"\/>\n\n\n\n<p><strong>G\u00caNESIS COM\u00c9RCIO E MANUTEN\u00c7\u00c3O LTDA &#8211; ME<\/strong><\/p>\n\n\n\n<p>Contrata\u00e7\u00e3o de empresa especializada para presta\u00e7\u00e3o dos servi\u00e7os t\u00e9cnicos continuados de manuten\u00e7\u00e3o preventiva e corretiva, instala\u00e7\u00e3o e desinstala\u00e7\u00e3o de condicionadores de ar<\/p>\n\n\n\n<ul class=\"wp-block-list\">\n<li><a href=\"https:\/\/goias.gov.br\/administracao\/wp-content\/uploads\/sites\/27\/2025\/03\/Contrato-no-013-2025.pdf\">Contrato n\u00ba 013\/2025<\/a><\/li>\n\n\n\n<li><a href=\"https:\/\/goias.gov.br\/administracao\/wp-content\/uploads\/sites\/27\/2026\/03\/Aditivo-1.pdf\">1\u00ba Termo Aditivo<\/a><\/li>\n<\/ul>\n\n\n\n<hr class=\"wp-block-separator has-alpha-channel-opacity\"\/>\n\n\n\n<p> <strong>HELIO ROSA CARDOSO<\/strong><\/p>\n\n\n\n<p>Loca\u00e7\u00e3o de im\u00f3vel firmado entre a Secretaria de Estado da Administra\u00e7\u00e3o &#8211; SEAD e H\u00e9lio Rosa Cardoso, destinado a sediar a unidade VAPT VUPT no munic\u00edpio de Itapuranga<\/p>\n\n\n\n<ul class=\"wp-block-list\">\n<li><a href=\"https:\/\/goias.gov.br\/administracao\/wp-content\/uploads\/sites\/27\/2025\/03\/Contrato-n-014-2025.pdf\">Contrato n\u00ba. 014\/2025<\/a><\/li>\n<\/ul>\n\n\n\n<hr class=\"wp-block-separator has-alpha-channel-opacity\"\/>\n\n\n\n<p><strong>GOI\u00c1S TELECOMUNICA\u00c7\u00d5ES S\/A &#8211; GOIASTELECOM<\/strong><\/p>\n\n\n\n<p>Fornecimento de 2 (dois) links de dados, para conex\u00e3o e acesso \u00e0 Internet<\/p>\n\n\n\n<ul class=\"wp-block-list\">\n<li><a href=\"https:\/\/goias.gov.br\/administracao\/wp-content\/uploads\/sites\/27\/2025\/04\/Contrato-no-015-2025.pdf\">Contrato n\u00ba 015\/2025<\/a><\/li>\n<\/ul>\n\n\n\n<hr class=\"wp-block-separator has-alpha-channel-opacity\"\/>\n\n\n\n<p><strong>CENTRO DE INTEGRA\u00c7\u00c3O EMPRESA ESCOLA &#8211; CIEE<\/strong><\/p>\n\n\n\n<p>Contrata\u00e7\u00e3o de empresa prestadora de servi\u00e7o especializado de agente de integra\u00e7\u00e3o, na concess\u00e3o de est\u00e1gio de estudantes de n\u00edvel superior<\/p>\n\n\n\n<ul class=\"wp-block-list\">\n<li><a href=\"https:\/\/goias.gov.br\/administracao\/wp-content\/uploads\/sites\/27\/2025\/04\/Contrato-no-016-2025.pdf\">Contrato n\u00ba 016\/2025<\/a><\/li>\n\n\n\n<li><a href=\"https:\/\/goias.gov.br\/administracao\/wp-content\/uploads\/sites\/27\/2026\/03\/Primeiro-Termo-Aditivo-ao-Contrato-no.-016-2025.pdf\">1\u00ba Termo Aditivo<\/a><\/li>\n<\/ul>\n\n\n\n<hr class=\"wp-block-separator has-alpha-channel-opacity\"\/>\n\n\n\n<p><strong>PORTO SEGURO COMPANHIA DE SEGUROS GERAIS<\/strong><\/p>\n\n\n\n<p>Contrata\u00e7\u00e3o de empresa para cobertura securit\u00e1ria total de 03 (tr\u00eas) ve\u00edculos pertencentes \u00e0 frota da Secretaria de Estado da Administra\u00e7\u00e3o -SEAD<\/p>\n\n\n\n<ul class=\"wp-block-list\">\n<li><a href=\"https:\/\/goias.gov.br\/administracao\/wp-content\/uploads\/sites\/27\/2025\/04\/Contrato-017-2025.pdf\">Contrato n\u00ba 017\/2025<\/a><\/li>\n\n\n\n<li><a href=\"https:\/\/goias.gov.br\/administracao\/wp-content\/uploads\/sites\/27\/2026\/04\/1TermoAditivo-2.pdf\">1\u00ba Termo Aditivo<\/a><\/li>\n<\/ul>\n\n\n\n<hr class=\"wp-block-separator has-alpha-channel-opacity\"\/>\n\n\n\n<p><strong>BURITI PARTICIPA\u00c7\u00d5ES E EMPREENDIMENTOS LTDA<\/strong><\/p>\n\n\n\n<p>Loca\u00e7\u00e3o de im\u00f3vel para continuidade da Unidade Vapt Vupt Admar Otto no Buriti Shopping no munic\u00edpio de Aparecida de Goi\u00e2nia<\/p>\n\n\n\n<ul class=\"wp-block-list\">\n<li><a href=\"https:\/\/goias.gov.br\/administracao\/wp-content\/uploads\/sites\/27\/2025\/04\/Contrato-no-018-2025.pdf\">Contrato n\u00ba 018\/2025<\/a><\/li>\n<\/ul>\n\n\n\n<hr class=\"wp-block-separator has-alpha-channel-opacity\"\/>\n\n\n\n<p><strong>3F LTDA<\/strong><\/p>\n\n\n\n<p>Contrata\u00e7\u00e3o de software or\u00e7afascio<\/p>\n\n\n\n<ul class=\"wp-block-list\">\n<li><a href=\"https:\/\/goias.gov.br\/administracao\/wp-content\/uploads\/sites\/27\/2025\/04\/Contrato-no-019-2025.pdf\">Contrato n\u00ba 019\/2025<\/a><\/li>\n<\/ul>\n\n\n\n<hr class=\"wp-block-separator has-alpha-channel-opacity\"\/>\n\n\n\n<p><strong>ROBERTA CAROLINNI BARROS FERREIRA<\/strong><\/p>\n\n\n\n<p>Loca\u00e7\u00e3o de Im\u00f3vel para sediar a Unidade Vapt Vupt da Pra\u00e7a da B\u00edblia, localizada na Avenida Anhanguera, n\u00ba 2.727, Setor Leste Universit\u00e1rio, Camel\u00f3dromo Pra\u00e7a da B\u00edblia, CEP: 74610-010, Goi\u00e2nia &#8211; GO.<\/p>\n\n\n\n<ul class=\"wp-block-list\">\n<li><a href=\"https:\/\/goias.gov.br\/administracao\/wp-content\/uploads\/sites\/27\/2025\/04\/Contrato-no-020-2025.pdf\">Contrato n\u00ba 020\/2025<\/a><\/li>\n<\/ul>\n\n\n\n<hr class=\"wp-block-separator has-alpha-channel-opacity\"\/>\n\n\n\n<p><strong>SIMPLYFIX SISTEMAS DE IDENTIFICACAO VISUAL LTDA<\/strong><\/p>\n\n\n\n<p>Contrata\u00e7\u00e3o de empresa especializada em presta\u00e7\u00e3o de servi\u00e7os de comunica\u00e7\u00e3o visual para desenvolver e implementar solu\u00e7\u00f5es que visem aprimorar a identidade visual dos servi\u00e7os da Administra\u00e7\u00e3o P\u00fablica, aumentar a visibilidade e promover a comunica\u00e7\u00e3o efetiva com o p\u00fablico alvo, por meio de projetos de sinaliza\u00e7\u00e3o interna e externa e demais servi\u00e7os correlatos \u00e0 comunica\u00e7\u00e3o visual das unidades de Vapt Vupt.<\/p>\n\n\n\n<ul class=\"wp-block-list\">\n<li><a href=\"https:\/\/goias.gov.br\/administracao\/wp-content\/uploads\/sites\/27\/2025\/04\/Contrato-021-2025-SEAD.pdf\">Contrato n\u00ba. 021\/2025<\/a><\/li>\n\n\n\n<li><a href=\"https:\/\/goias.gov.br\/administracao\/wp-content\/uploads\/sites\/27\/2026\/04\/Aditivo-1-Contrato-n-0212025.pdf\">1\u00ba Termo Aditivo<\/a><\/li>\n<\/ul>\n\n\n\n<hr class=\"wp-block-separator has-alpha-channel-opacity\"\/>\n\n\n\n<p><strong>INSTITUTO AVALIA DE INOVA\u00c7\u00c3O EM AVALIA\u00c7\u00c3O E SELE\u00c7\u00c3O<\/strong><\/p>\n\n\n\n<p>Contrata\u00e7\u00e3o de institui\u00e7\u00e3o especializada para a realiza\u00e7\u00e3o<br>de atividades pertinentes \u00e0 execu\u00e7\u00e3o do concurso p\u00fablico<\/p>\n\n\n\n<ul class=\"wp-block-list\">\n<li><a href=\"https:\/\/goias.gov.br\/administracao\/wp-content\/uploads\/sites\/27\/2025\/04\/Contrato-022-2025.pdf\">Contrato n\u00ba. 022\/2025<\/a><\/li>\n<\/ul>\n\n\n\n<hr class=\"wp-block-separator has-alpha-channel-opacity\"\/>\n\n\n\n<p><strong>VIC DISTRIBUIDORA E SERVICOS LTDA<\/strong>,<\/p>\n\n\n\n<p>Contrata\u00e7\u00e3o de empresa especializada nos suprimentos de inform\u00e1tica diversos, por um per\u00edodo de 12 (doze).<\/p>\n\n\n\n<ul class=\"wp-block-list\">\n<li><a href=\"https:\/\/goias.gov.br\/administracao\/wp-content\/uploads\/sites\/27\/2025\/05\/Contrato-023-2025.pdf\">Contrato n\u00ba. 023\/2025<\/a><\/li>\n\n\n\n<li><a href=\"https:\/\/goias.gov.br\/administracao\/wp-content\/uploads\/sites\/27\/2025\/10\/Primeiro-Termo-Aditivo-1.pdf\">Primeiro Termo Aditivo<\/a><\/li>\n<\/ul>\n\n\n\n<hr class=\"wp-block-separator has-alpha-channel-opacity\"\/>\n\n\n\n<p><strong>A EMBAIXADORA COMERCIAL E SERVI\u00c7OS LTDA<\/strong><\/p>\n\n\n\n<p>Contrata\u00e7\u00e3o de empresa especializada nos suprimentos de inform\u00e1tica diversos, por um per\u00edodo de 12 (doze) meses.<\/p>\n\n\n\n<ul class=\"wp-block-list\">\n<li><a href=\"https:\/\/goias.gov.br\/administracao\/wp-content\/uploads\/sites\/27\/2025\/05\/Contrato-024-2025.pdf\">Contrato n\u00ba. 024\/2025<\/a><\/li>\n<\/ul>\n\n\n\n<hr class=\"wp-block-separator has-alpha-channel-opacity\"\/>\n\n\n\n<p><strong>WD DISTRIBUIDORA LTDA<\/strong><\/p>\n\n\n\n<p>Contrata\u00e7\u00e3o de empresa especializada nos suprimentos de inform\u00e1tica diversos, por um per\u00edodo de 12 (doze) meses.<\/p>\n\n\n\n<ul class=\"wp-block-list\">\n<li><a href=\"https:\/\/goias.gov.br\/administracao\/wp-content\/uploads\/sites\/27\/2025\/05\/Contrato-025-2025.pdf\">Contrato n\u00ba. 025\/2025<\/a><\/li>\n<\/ul>\n\n\n\n<hr class=\"wp-block-separator has-alpha-channel-opacity\"\/>\n\n\n\n<p><strong>ELETRICA CIDADE EIRELI<\/strong><\/p>\n\n\n\n<p>Contrata\u00e7\u00e3o de empresa especializada nos suprimentos de inform\u00e1tica diversos, por um per\u00edodo de 12 (doze) meses.<\/p>\n\n\n\n<ul class=\"wp-block-list\">\n<li><a href=\"https:\/\/goias.gov.br\/administracao\/wp-content\/uploads\/sites\/27\/2025\/05\/Contrato-026-2025.pdf\">Contrato n\u00ba. 026\/2025<\/a><\/li>\n<\/ul>\n\n\n\n<hr class=\"wp-block-separator has-alpha-channel-opacity\"\/>\n\n\n\n<p><strong>BRASLYNC COMERCIO ELETRONICO LTDA<\/strong><\/p>\n\n\n\n<p>Contrata\u00e7\u00e3o de empresa especializada nos suprimentos de inform\u00e1tica diversos, por um per\u00edodo de 12 (doze) meses.<\/p>\n\n\n\n<ul class=\"wp-block-list\">\n<li><a href=\"https:\/\/goias.gov.br\/administracao\/wp-content\/uploads\/sites\/27\/2025\/05\/Contrato-027-2025.pdf\">Contrato n\u00ba. 027\/2025<\/a><\/li>\n\n\n\n<li><a href=\"https:\/\/goias.gov.br\/administracao\/wp-content\/uploads\/sites\/27\/2025\/10\/Primeiro-Termo-Aditivo-3.pdf\">Primeiro Termo Aditivo<\/a><\/li>\n<\/ul>\n\n\n\n<hr class=\"wp-block-separator has-alpha-channel-opacity\"\/>\n\n\n\n<p><strong>DI COMERCIO E SERVICOS LTDA<\/strong><\/p>\n\n\n\n<p>Contrata\u00e7\u00e3o de empresa especializada nos suprimentos de inform\u00e1tica diversos, por um per\u00edodo de 12 (doze) meses.<\/p>\n\n\n\n<ul class=\"wp-block-list\">\n<li><a href=\"https:\/\/goias.gov.br\/administracao\/wp-content\/uploads\/sites\/27\/2025\/05\/Contrato-028-2025.pdf\">Contrato n\u00ba. 028\/2025<\/a><\/li>\n\n\n\n<li><a href=\"https:\/\/goias.gov.br\/administracao\/wp-content\/uploads\/sites\/27\/2025\/10\/Primeiro-Termo-Aditivo-2.pdf\">Primeiro Termo Aditivo<\/a><\/li>\n<\/ul>\n\n\n\n<hr class=\"wp-block-separator has-alpha-channel-opacity\"\/>\n\n\n\n<p><strong>SOUSAC ENTREGAS E SERVI\u00c7OS LTDA<\/strong><\/p>\n\n\n\n<p>&nbsp;Aquisi\u00e7\u00e3o de Totem carregador simult\u00e2neo de celular e cabo\/chicote.<\/p>\n\n\n\n<ul class=\"wp-block-list\">\n<li><a href=\"https:\/\/goias.gov.br\/administracao\/wp-content\/uploads\/sites\/27\/2025\/05\/Contrato-n-029-2025.pdf\">Contrato n\u00ba. 029\/2025<\/a><\/li>\n<\/ul>\n\n\n\n<hr class=\"wp-block-separator has-alpha-channel-opacity\"\/>\n\n\n\n<p><strong>EQUATORIAL GOI\u00c1S DISTRIBUIDORA DE ENERGIA S.A.<\/strong><\/p>\n\n\n\n<p>Contrata\u00e7\u00e3o de fornecimento de energia el\u00e9trica Grupo B Vapt Vupt 45 UCs&nbsp;.<\/p>\n\n\n\n<ul class=\"wp-block-list\">\n<li><a href=\"https:\/\/goias.gov.br\/administracao\/wp-content\/uploads\/sites\/27\/2025\/05\/CONTRATO-No-030-2025-SEAD-GRP-B-45-UNIDADES-OC26396667969.pdf\">Contrato n\u00ba. 030\/2025<\/a><\/li>\n\n\n\n<li><a href=\"https:\/\/goias.gov.br\/administracao\/wp-content\/uploads\/sites\/27\/2026\/03\/Apostila-1.pdf\">Apostila 001\/2026<\/a><\/li>\n<\/ul>\n\n\n\n<hr class=\"wp-block-separator has-alpha-channel-opacity\"\/>\n\n\n\n<p><strong>CANAA COMERCIO E DISTRIBUICAO LTDA<\/strong><\/p>\n\n\n\n<p>Aquisi\u00e7\u00e3o de bebedouro de uso industrial, em a\u00e7o inoxid\u00e1vel com 2 torneiras, capacidade aproximada para 50 litros, geladeira\/refrigerador com capacidade m\u00ednima de 300 litros e televis\u00e3o\/tv, smart tv, com no m\u00ednimo 55 polegadas acompanhada de suporte de parede para atender a demanda da Diretoria Executiva da Escola de Governo, das Unidades de Atendimento dos Vapt Vupts e Unidades Administrativas da SEAD<\/p>\n\n\n\n<ul class=\"wp-block-list\">\n<li><a href=\"https:\/\/goias.gov.br\/administracao\/wp-content\/uploads\/sites\/27\/2025\/05\/Contrato-031-2025.pdf\">Contrato n\u00ba. 031\/2025<\/a><\/li>\n<\/ul>\n\n\n\n<hr class=\"wp-block-separator has-alpha-channel-opacity\"\/>\n\n\n\n<p><strong>CONTROLE SERVI\u00c7OS E COMERCIO DE INFORMATICA LTDASOLVEER SUPRIMENTOS CORPORATIVOS LTDA<\/strong><\/p>\n\n\n\n<p>aquisi\u00e7\u00e3o de Forno Micro-ondas, para atender a demanda da Diretoria Executiva da Escola de Governo, das Unidades de Atendimento dos Vapt Vupts e Unidades Administrativas da SEAD.<\/p>\n\n\n\n<ul class=\"wp-block-list\">\n<li><a href=\"https:\/\/goias.gov.br\/administracao\/wp-content\/uploads\/sites\/27\/2025\/05\/Contrato-032-2025.pdf\">Contrato n\u00ba 032\/2025<\/a><\/li>\n<\/ul>\n\n\n\n<hr class=\"wp-block-separator has-alpha-channel-opacity\"\/>\n\n\n\n<p>Aquisi\u00e7\u00e3o de bebedouro de uso industrial, em a\u00e7o inoxid\u00e1vel, 2 torneiras e capacidade de 25 litros para atender a demanda da Diretoria Executiva da Escola de Governo, das Unidades de Atendimento dos Vapt Vupts e Unidades Administrativas da SEAD.<\/p>\n\n\n\n<ul class=\"wp-block-list\">\n<li><a href=\"https:\/\/goias.gov.br\/administracao\/wp-content\/uploads\/sites\/27\/2025\/05\/Contrato-033-2025.pdf\">Contrato n\u00ba. 033\/2025<\/a><\/li>\n<\/ul>\n\n\n\n<hr class=\"wp-block-separator has-alpha-channel-opacity\"\/>\n\n\n\n<p><strong>SG EMPREENDIMENTOS COMERCIAIS LTDA<\/strong><\/p>\n\n\n\n<p>Aquisi\u00e7\u00e3o de&nbsp;cafeteira de uso industrial, 8 litros, cadeira de rodas para 160kg e tapete\/capacho, em vinil.<\/p>\n\n\n\n<ul class=\"wp-block-list\">\n<li><a href=\"https:\/\/goias.gov.br\/administracao\/wp-content\/uploads\/sites\/27\/2025\/05\/Contrato-034-2025.pdf\">Contrato n\u00ba. 034\/2025<\/a><\/li>\n<\/ul>\n\n\n\n<hr class=\"wp-block-separator has-alpha-channel-opacity\"\/>\n\n\n\n<p><strong>VIC DISTRIBUIDORA E SERVICOS LTDA<\/strong><\/p>\n\n\n\n<p>Aquisi\u00e7\u00e3o de frigobar com capacidade para 90 L, 220V, cor branco, para atender a demanda da Diretoria Executiva da Escola de Governo, das Unidades de Atendimento dos Vapt Vupts e Unidades Administrativas da SEAD.<\/p>\n\n\n\n<ul class=\"wp-block-list\">\n<li><a href=\"https:\/\/goias.gov.br\/administracao\/wp-content\/uploads\/sites\/27\/2025\/05\/Contrato-035-2025.pdf\">Contrato n\u00ba. 035\/2025<\/a><\/li>\n<\/ul>\n\n\n\n<hr class=\"wp-block-separator has-alpha-channel-opacity\"\/>\n\n\n\n<p><strong>J. C\u00c2MARA &amp; IRM\u00c3OS S\/A<\/strong><\/p>\n\n\n\n<p>Aquisi\u00e7\u00e3o de 2 (duas) assinaturas digitais de jornal de grande circula\u00e7\u00e3o, a fim de atender ao Gabinete do Secretario de Estado da Administra\u00e7\u00e3o e a Comunica\u00e7\u00e3o Setorial da SEAD.<\/p>\n\n\n\n<ul class=\"wp-block-list\">\n<li><a href=\"https:\/\/goias.gov.br\/administracao\/wp-content\/uploads\/sites\/27\/2025\/05\/Contrato-no-036-2025-SEAD.pdf\">Contrato n\u00ba. 036\/2025<\/a><\/li>\n<\/ul>\n\n\n\n<hr class=\"wp-block-separator has-alpha-channel-opacity\"\/>\n\n\n\n<p><strong>BRASIL PUBLICIDADE LEGAL LTDA<\/strong><\/p>\n\n\n\n<p>presta\u00e7\u00e3o de servi\u00e7os de publica\u00e7\u00e3o de atos oficiais, tais como atos administrativos, avisos, editais e demais mat\u00e9rias de interesse institucional, em jornal de grande circula\u00e7\u00e3o.<\/p>\n\n\n\n<blockquote class=\"wp-block-quote is-layout-flow wp-block-quote-is-layout-flow\">\n<ul class=\"wp-block-list\">\n<li><a href=\"https:\/\/goias.gov.br\/administracao\/wp-content\/uploads\/sites\/27\/2025\/07\/Contrato-037-2025.pdf\">Contrato n\u00ba. 037\/2025<\/a><\/li>\n<\/ul>\n<\/blockquote>\n\n\n\n<hr class=\"wp-block-separator has-alpha-channel-opacity\"\/>\n\n\n\n<p><strong>ADEMAR PEREIRA SIQUEIRA JUNIOR<\/strong><\/p>\n\n\n\n<p>Aquisi\u00e7\u00e3o de licen\u00e7a de uso de software como servi\u00e7o, para atividades de colabora\u00e7\u00e3o e inova\u00e7\u00e3o, sendo 3 licen\u00e7as Miro, 4 licen\u00e7as CapCut&nbsp; e 23 licen\u00e7as Canva.<\/p>\n\n\n\n<ul class=\"wp-block-list\">\n<li><a href=\"https:\/\/goias.gov.br\/administracao\/wp-content\/uploads\/sites\/27\/2025\/07\/Contrato-n-038-2025.pdf\">Contrato n\u00ba 038\/2025<\/a><\/li>\n<\/ul>\n\n\n\n<hr class=\"wp-block-separator has-alpha-channel-opacity\"\/>\n\n\n\n<p><strong>TLR SERVI\u00c7OS DE ENGENHARIA E COMERCIO LTDA \u2013 ME<\/strong><\/p>\n\n\n\n<p>Manuten\u00e7\u00e3o preditiva, preventiva e corretiva, com fornecimento de pe\u00e7as de reposi\u00e7\u00e3o, em &nbsp;01 (um) grupo gerador de energia com pot\u00eancia 168 kVA\/134 kWe, carenado, com quadro de transfer\u00eancia autom\u00e1tico, marca\/modelo Maxi Trust MX 185FWSL e &nbsp;01 (um) grupo gerador de energia com pot\u00eancia 272 kVA\/217 KWe, carenado, com quadro de transfer\u00eancia autom\u00e1tico, marca\/modelo Maxi Trust MX 300FWSL.<\/p>\n\n\n\n<ul class=\"wp-block-list\">\n<li><a href=\"https:\/\/goias.gov.br\/administracao\/wp-content\/uploads\/sites\/27\/2025\/07\/Contrato-n-039-2025.pdf\">Contrato n\u00ba 039\/2025<\/a><\/li>\n<\/ul>\n\n\n\n<hr class=\"wp-block-separator has-alpha-channel-opacity\"\/>\n\n\n\n<p><strong>EMPRESA DE TECNOLOGIA DO ESTADO DO PIAU\u00cd<\/strong><\/p>\n\n\n\n<p>Contrata\u00e7\u00e3o de empresa especializada no fornecimento de plataforma modular, integrada de tecnologia da informa\u00e7\u00e3o para suporte \u00e0s atividades inerentes \u00e0 administra\u00e7\u00e3o da folha de pagamento, ao eSocial e \u00e0 gest\u00e3o estrat\u00e9gica de pessoas.<\/p>\n\n\n\n<ul class=\"wp-block-list\">\n<li><a href=\"https:\/\/goias.gov.br\/administracao\/wp-content\/uploads\/sites\/27\/2025\/07\/Contrato-n-040-2025.pdf\">Contrato n\u00ba. 040\/2025<\/a><\/li>\n<\/ul>\n\n\n\n<hr class=\"wp-block-separator has-alpha-channel-opacity\"\/>\n\n\n\n<p><strong>MCR SISTEMAS E CONSULTORIA LTDA<\/strong><\/p>\n\n\n\n<p>Contrata\u00e7\u00e3o de solu\u00e7\u00e3o de tecnologia da informa\u00e7\u00e3o e comunica\u00e7\u00e3o de licen\u00e7as de softwares de Design Gr\u00e1fico, com direito de atualiza\u00e7\u00e3o e suporte, para o sistema Autodesk AEC &#8211; Architecture Engineering and Construction Collection.<\/p>\n\n\n\n<ul class=\"wp-block-list\">\n<li><a href=\"https:\/\/goias.gov.br\/administracao\/wp-content\/uploads\/sites\/27\/2025\/08\/Contrato-no.-041-2025.pdf\">Contrato n\u00ba. 041\/2025<\/a><\/li>\n<\/ul>\n\n\n\n<hr class=\"wp-block-separator has-alpha-channel-opacity\"\/>\n\n\n\n<p><strong>M A VIAGENS E TURISMO LTDA &#8211; EPP<\/strong><\/p>\n\n\n\n<p>Presta\u00e7\u00e3o de servi\u00e7o de agenciamento de viagens, compreendendo os servi\u00e7os de cota\u00e7\u00e3o, reserva, emiss\u00e3o, remarca\u00e7\u00e3o\/altera\u00e7\u00e3o, reembolso e cancelamento de passagens a\u00e9reas (nacionais e internacionais) e seguro viagem internacional.<\/p>\n\n\n\n<ul class=\"wp-block-list\">\n<li><a href=\"https:\/\/goias.gov.br\/administracao\/wp-content\/uploads\/sites\/27\/2025\/08\/Contrato-no.-042-2025.pdf\">Contrato n\u00ba. 042\/2025<\/a><\/li>\n<\/ul>\n\n\n\n<hr class=\"wp-block-separator has-alpha-channel-opacity\"\/>\n\n\n\n<p><strong>ENAC EMPRESA NACIONAL DE MERCADOS LTDA<\/strong><\/p>\n\n\n\n<p>Loca\u00e7\u00e3o do im\u00f3vel para unidade da Unidade Vapt Vupt Shopping Cidade Jardim.<\/p>\n\n\n\n<ul class=\"wp-block-list\">\n<li><a href=\"https:\/\/goias.gov.br\/administracao\/wp-content\/uploads\/sites\/27\/2025\/08\/Contrato-no.-043-2025.pdf\">Contrato n\u00ba 043\/2025<\/a><\/li>\n<\/ul>\n\n\n\n<hr class=\"wp-block-separator has-alpha-channel-opacity\"\/>\n\n\n\n<p><strong>IMP\u00c9RIO CERTIFICADO DIGITAL<\/strong><\/p>\n\n\n\n<p>Contrata\u00e7\u00e3o de pessoa jur\u00eddica para emiss\u00e3o, sob demanda, de certificados digitais dos tipos A1 e A3 e-CPF (pessoa f\u00edsica) e e-CNPJ (pessoa jur\u00eddica), conforme Padr\u00e3o da ICP-Brasil, com garantia e suporte t\u00e9cnico, para atender \u00e0 necessidade desta Secretaria de Estado da Administra\u00e7\u00e3o, em espec\u00edfico, da Diretoria Executiva de Sa\u00fade e Seguran\u00e7a do Servidor (DESSS), da Ger\u00eancia de Contabilidade (GECONT), da Ger\u00eancia de Obriga\u00e7\u00f5es Acess\u00f3rias (GOA) e da Ger\u00eancia de Infraestrutura Tecnol\u00f3gica e Servi\u00e7os (GEITS).<\/p>\n\n\n\n<ul class=\"wp-block-list\">\n<li><a href=\"https:\/\/goias.gov.br\/administracao\/wp-content\/uploads\/sites\/27\/2025\/08\/Contrato-044-2025.pdf\">Contrato n\u00ba. 044\/2025<\/a><\/li>\n<\/ul>\n\n\n\n<hr class=\"wp-block-separator has-alpha-channel-opacity\"\/>\n\n\n\n<p><strong>OFFICE SEGURAN\u00c7A LTDA<\/strong><\/p>\n\n\n\n<p>Contrata\u00e7\u00e3o de empresa para a presta\u00e7\u00e3o de servi\u00e7os cont\u00ednuos de vigil\u00e2ncia armada, mediante fornecimento de m\u00e3o de obra, materiais e equipamentos necess\u00e1rios \u00e0 execu\u00e7\u00e3o dos servi\u00e7os, incluindo armamento, muni\u00e7\u00e3o e coletes bal\u00edsticos, visando atender as Unidades Administrativas e Vapt Vupt.<\/p>\n\n\n\n<ul class=\"wp-block-list\">\n<li><a href=\"https:\/\/goias.gov.br\/administracao\/wp-content\/uploads\/sites\/27\/2025\/08\/Contrato-no.-045-2025.pdf\">Contrato n\u00ba. 045\/2025<\/a><\/li>\n\n\n\n<li><a href=\"https:\/\/goias.gov.br\/administracao\/wp-content\/uploads\/sites\/27\/2025\/10\/PRIMEIRO-TERMO-ADITIVO-AO-CONTRATO-045.2025.pdf\">1\u00ba Termo Aditivo<\/a><\/li>\n<\/ul>\n\n\n\n<hr class=\"wp-block-separator has-alpha-channel-opacity\"\/>\n\n\n\n<p><strong>DENISE VIEIRA DA SILVA TAQUARY<\/strong><\/p>\n\n\n\n<p>Contrata\u00e7\u00e3o de instrutora externa, para ministra\u00e7\u00e3o de cursos para turmas nas mat\u00e9rias de Inova\u00e7\u00e3o \/ Design de Experi\u00eancias e em Gest\u00e3o Estrat\u00e9gica \/ Gerenciamento de Processos, contemplando aulas em formato presencial, h\u00edbrido e entregas de conte\u00fado, at\u00e9 o m\u00e1ximo de 260 horas\/aula.<\/p>\n\n\n\n<blockquote class=\"wp-block-quote is-layout-flow wp-block-quote-is-layout-flow\">\n<ul class=\"wp-block-list\">\n<li><a href=\"https:\/\/goias.gov.br\/administracao\/wp-content\/uploads\/sites\/27\/2025\/08\/Contrato-n-046-2025.pdf\">Contrato n\u00ba. 046\/2025<\/a><\/li>\n<\/ul>\n<\/blockquote>\n\n\n\n<hr class=\"wp-block-separator has-alpha-channel-opacity\"\/>\n\n\n\n<p><strong>CAST INFORM\u00c1TICA S\/<\/strong>A<\/p>\n\n\n\n<p>Contrata\u00e7\u00e3o de empresa especializada na presta\u00e7\u00e3o de servi\u00e7os de an\u00e1lise, desenvolvimento, manuten\u00e7\u00e3o, documenta\u00e7\u00e3o, teste de software, ci\u00eancia de dados e big data.<\/p>\n\n\n\n<ul class=\"wp-block-list\">\n<li><a href=\"https:\/\/goias.gov.br\/administracao\/wp-content\/uploads\/sites\/27\/2025\/10\/Contrato-047-2025.pdf\">Contrato n\u00ba. 047\/2025<\/a><\/li>\n<\/ul>\n\n\n\n<hr class=\"wp-block-separator has-alpha-channel-opacity\"\/>\n\n\n\n<p><strong>SERVI\u00c7O SOCIAL DA IND\u00daSTRIA &#8211; SESI<\/strong><\/p>\n\n\n\n<p>Contrata\u00e7\u00e3o de empresa para implementa\u00e7\u00e3o de atendimento especializado de homologa\u00e7\u00e3o de atestados m\u00e9dicos relacionados aos transtornos mentais e comportamentais visando assegurar a an\u00e1lise pericial especializada.<\/p>\n\n\n\n<ul class=\"wp-block-list\">\n<li><a href=\"https:\/\/goias.gov.br\/administracao\/wp-content\/uploads\/sites\/27\/2025\/11\/Contrato-n-048-2025.pdf\">Contrato n\u00ba. 048\/2025<\/a><\/li>\n<\/ul>\n\n\n\n<hr class=\"wp-block-separator has-alpha-channel-opacity\"\/>\n\n\n\n<p><strong>WD DISTRIBUIDORA LTDA<\/strong><\/p>\n\n\n\n<p>Aquisi\u00e7\u00e3o de&nbsp;1.564,43 m\u00b2 de persiana rol\u00f4 com tela solar e 172,09 m\u00b2 de persiana rol\u00f4 blackout, &nbsp;a serem instaladas nas unidades do Vapt Vupt e unidades administrativas da Secretaria de Estado da Administra\u00e7\u00e3o &nbsp;\u2013&nbsp; SEAD<\/p>\n\n\n\n<ul class=\"wp-block-list\">\n<li><a href=\"https:\/\/goias.gov.br\/administracao\/wp-content\/uploads\/sites\/27\/2025\/09\/Contrato-n-049-2025.pdf\">Contrato n\u00ba. 049\/2025<\/a><\/li>\n<\/ul>\n\n\n\n<hr class=\"wp-block-separator has-alpha-channel-opacity\"\/>\n\n\n\n<p><strong>HJ COM\u00c9RCIO E SERVI\u00c7OS LTDA<\/strong><\/p>\n\n\n\n<p>Aquisi\u00e7\u00e3o de&nbsp;pel\u00edcula de bloqueio\/filtro solar, para vidros prediais, a serem instaladas nas unidades do Vapt Vupt e unidades administrativas da Secretaria de Estado da Administra\u00e7\u00e3o &nbsp;\u2013&nbsp; SEAD<\/p>\n\n\n\n<ul class=\"wp-block-list\">\n<li><a href=\"https:\/\/goias.gov.br\/administracao\/wp-content\/uploads\/sites\/27\/2025\/09\/Contrato-n-050-2025.pdf\">Contrato n\u00ba. 050\/2025<\/a><\/li>\n<\/ul>\n\n\n\n<hr class=\"wp-block-separator has-alpha-channel-opacity\"\/>\n\n\n\n<p><strong>DRIVE A INFORMATICA LTDA<\/strong><\/p>\n\n\n\n<p>Aquisi\u00e7\u00e3o de computadores, tipo WORKSTATIONS, com teclado e mouse, marca HP, modelo Z2 G9 TWR<\/p>\n\n\n\n<ul class=\"wp-block-list\">\n<li><a href=\"https:\/\/goias.gov.br\/administracao\/wp-content\/uploads\/sites\/27\/2025\/09\/Contrato-n-051-2025.pdf\">Contrato n\u00ba. 051\/2025<\/a><\/li>\n<\/ul>\n\n\n\n<hr class=\"wp-block-separator has-alpha-channel-opacity\"\/>\n\n\n\n<p><strong>C. A. MOREIRA LTDA<\/strong><\/p>\n\n\n\n<p>Aquisi\u00e7\u00e3o de mobili\u00e1rio e eletrodom\u00e9sticos para a \u00e1rea externa da Escola de Governo e Unidades Administrativas da SEAD<\/p>\n\n\n\n<ul class=\"wp-block-list\">\n<li><a href=\"https:\/\/goias.gov.br\/administracao\/wp-content\/uploads\/sites\/27\/2025\/09\/Contrato-n-052-2025-1.pdf\">Contrato n\u00ba. 052\/2025<\/a><\/li>\n<\/ul>\n\n\n\n<hr class=\"wp-block-separator has-alpha-channel-opacity\"\/>\n\n\n\n<p><strong>VANGUARDA INFORM\u00c1TICA LTDA&nbsp;&nbsp;&nbsp;&nbsp;&nbsp;&nbsp;&nbsp;&nbsp;&nbsp;&nbsp;&nbsp;&nbsp;&nbsp;&nbsp;&nbsp;&nbsp;&nbsp;&nbsp;&nbsp;&nbsp;<\/strong><\/p>\n\n\n\n<p>Aquisi\u00e7\u00e3o de&nbsp;dispositivos Nobreaks (UPS) para os racks de Tecnologia da Informa\u00e7\u00e3o (TI) da Secretaria de Estado da Administra\u00e7\u00e3o de Goi\u00e1s.<\/p>\n\n\n\n<ul class=\"wp-block-list\">\n<li><a href=\"https:\/\/goias.gov.br\/administracao\/wp-content\/uploads\/sites\/27\/2025\/10\/Contrato-053-2025.pdf\">Contrato n\u00ba. 053\/2025<\/a><\/li>\n<\/ul>\n\n\n\n<hr class=\"wp-block-separator has-alpha-channel-opacity\"\/>\n\n\n\n<p><strong>VN SOARES &#8211; VIAJE BEM MAIS LTDA<\/strong><\/p>\n\n\n\n<p>&nbsp;Presta\u00e7\u00e3o de servi\u00e7os de agenciamento de hospedagem em hot\u00e9is nacionais e internacionais (com caf\u00e9 da manh\u00e3 incluso), por demanda, compreendendo reserva, emiss\u00e3o, cancelamento, altera\u00e7\u00e3o, marca\u00e7\u00e3o, endosso, e a devida entrega dos vouchers, bem como quaisquer outros servi\u00e7os correlatos.<\/p>\n\n\n\n<blockquote class=\"wp-block-quote is-layout-flow wp-block-quote-is-layout-flow\">\n<ul class=\"wp-block-list\">\n<li><a href=\"https:\/\/goias.gov.br\/administracao\/wp-content\/uploads\/sites\/27\/2025\/10\/Contrato-n-054-2025.pdf\">Contrato n\u00ba. 054\/2025<\/a><\/li>\n<\/ul>\n<\/blockquote>\n\n\n\n<hr class=\"wp-block-separator has-alpha-channel-opacity\"\/>\n\n\n\n<p><strong>EQUATORIAL GOI\u00c1S DISTRIBUIDORA DE ENERGIA S.A.<\/strong><\/p>\n\n\n\n<p>Contrata\u00e7\u00e3o de fornecimento de energia el\u00e9trica Grupo B SEAD 03 UCs&nbsp;.<\/p>\n\n\n\n<ul class=\"wp-block-list\">\n<li><a href=\"https:\/\/goias.gov.br\/administracao\/wp-content\/uploads\/sites\/27\/2025\/10\/Contrato-no-055-2025-SEAD.pdf\">Contrato n\u00ba 055\/2025<\/a><\/li>\n<\/ul>\n\n\n\n<hr class=\"wp-block-separator has-alpha-channel-opacity\"\/>\n\n\n\n<p><strong>SERVI\u00c7O SOCIAL DA IND\u00daSTRIA SESI<\/strong><\/p>\n\n\n\n<p>Loca\u00e7\u00e3o do SESI MULTIPARQUE &#8211; CLUBE ANT\u00d4NIO FERREIRA PACHECO<\/p>\n\n\n\n<ul class=\"wp-block-list\">\n<li><a href=\"https:\/\/goias.gov.br\/administracao\/wp-content\/uploads\/sites\/27\/2025\/10\/Contrato-n-056-2025.pdf\">Contrato n\u00ba. 056\/2025<\/a><\/li>\n<\/ul>\n\n\n\n<hr class=\"wp-block-separator has-alpha-channel-opacity\"\/>\n\n\n\n<p><strong>MN TECNOLOGIA E TREINAMENTO LTDA<\/strong><\/p>\n\n\n\n<p>Aquisi\u00e7\u00e3o de 04 (quatro) licen\u00e7as para uso do software AltoQi Builder (plano ALTOQI BUILDER INFINITY GOV 2025 &#8211; assinatura para 05 anos.<\/p>\n\n\n\n<ul class=\"wp-block-list\">\n<li><a href=\"https:\/\/goias.gov.br\/administracao\/wp-content\/uploads\/sites\/27\/2025\/11\/Contrato-n-057-2025.pdf\">Contrato n\u00ba. 057\/2025<\/a><\/li>\n<\/ul>\n\n\n\n<hr class=\"wp-block-separator has-alpha-channel-opacity\"\/>\n\n\n\n<p><strong>DEPARTAMENTO MUNICIPAL DE \u00c1GUA E ESGOTO DE CALDAS NOVAS \u2013 DEMAE<\/strong><\/p>\n\n\n\n<p>Contrata\u00e7\u00e3o de empresa para fornecimento de \u00e1gua tratada, coleta e tratamento de esgoto sanit\u00e1rio, para Unidade Vapt Vupt de Caldas Novas, por prazo indeterminado.<\/p>\n\n\n\n<ul class=\"wp-block-list\">\n<li><a href=\"https:\/\/goias.gov.br\/administracao\/wp-content\/uploads\/sites\/27\/2025\/10\/Contrato-no.-058-2025.pdf\">Contrato n\u00ba. 058\/2025<\/a><\/li>\n<\/ul>\n\n\n\n<hr class=\"wp-block-separator has-alpha-channel-opacity\"\/>\n\n\n\n<p><strong>TECNOBLU COMERCIO DE REFRIGERACAO LTDA<\/strong><\/p>\n\n\n\n<p>Aquisi\u00e7\u00e3o de&nbsp;80 (oitenta) equipamentos de climatiza\u00e7\u00e3o destinados \u00e0s unidades da Secretaria de Estado da Administra\u00e7\u00e3o \u2013 SEAD.<\/p>\n\n\n\n<ul class=\"wp-block-list\">\n<li><a href=\"https:\/\/goias.gov.br\/administracao\/wp-content\/uploads\/sites\/27\/2025\/11\/Contato-no.-059-2025.pdf\">Contrato n\u00ba &nbsp;059\/2025<\/a><\/li>\n<\/ul>\n\n\n\n<hr class=\"wp-block-separator has-alpha-channel-opacity\"\/>\n\n\n\n<p><strong>GESNER COMERCIAL LTDA<\/strong><\/p>\n\n\n\n<p>Aquisi\u00e7\u00e3o de materiais de limpeza destinados \u00e0s copas das Unidades Vapt Vupt vinculadas \u00e0 Secretaria de Estado da Administra\u00e7\u00e3o \u2013 SEAD.<\/p>\n\n\n\n<ul class=\"wp-block-list\">\n<li><a href=\"https:\/\/goias.gov.br\/administracao\/wp-content\/uploads\/sites\/27\/2025\/11\/Contato-no.-060-2025.pdf\">Contrato n\u00ba. 060\/2025<\/a><\/li>\n<\/ul>\n\n\n\n<hr class=\"wp-block-separator has-alpha-channel-opacity\"\/>\n\n\n\n<p><strong>SOLVEER SUPRIMENTOS CORPORATIVOS LTDA<\/strong><\/p>\n\n\n\n<p>Aquisi\u00e7\u00e3o de copos descart\u00e1veis biodegrad\u00e1veis em polipropileno (PP), capacidade m\u00ednima de 180 ml, at\u00f3xico, adequado para contato com alimentos, resistente para uso com l\u00edquidos quentes e frios, embalado e identificado .<\/p>\n\n\n\n<ul class=\"wp-block-list\">\n<li><a href=\"https:\/\/goias.gov.br\/administracao\/wp-content\/uploads\/sites\/27\/2025\/11\/Contato-no.-061-2025.pdf\">Contrato n\u00ba. 061\/2025<\/a><\/li>\n<\/ul>\n\n\n\n<hr class=\"wp-block-separator has-alpha-channel-opacity\"\/>\n\n\n\n<p><strong>MPS BRASIL OUTSOURCING DE IMPRESSAO LTDA<\/strong><\/p>\n\n\n\n<p>Contrata\u00e7\u00e3o de empresa especializada na presta\u00e7\u00e3o de servi\u00e7os de Outsourcing de Impress\u00e3o para a Secretaria de Administra\u00e7\u00e3o do Estado de Goi\u00e1s \u2013 SEAD.<\/p>\n\n\n\n<ul class=\"wp-block-list\">\n<li><a href=\"https:\/\/goias.gov.br\/administracao\/wp-content\/uploads\/sites\/27\/2025\/12\/Contrato-n-062-2025.pdf\">Contrato n\u00ba. 062\/2025<\/a><\/li>\n<\/ul>\n\n\n\n<hr class=\"wp-block-separator has-alpha-channel-opacity\"\/>\n\n\n\n<p><strong>NP TECNOLOGIA E GEST\u00c3O DE DADOS LTDA<\/strong><\/p>\n\n\n\n<p>Aquisi\u00e7\u00e3o de assinatura de ferramenta de pesquisa e compara\u00e7\u00e3o de pre\u00e7os praticados pela Administra\u00e7\u00e3o P\u00fablica &#8211; Banco de Pre\u00e7os<\/p>\n\n\n\n<ul class=\"wp-block-list\">\n<li><a href=\"https:\/\/goias.gov.br\/administracao\/wp-content\/uploads\/sites\/27\/2025\/12\/Contrato-n-063-2025.pdf\">Contrato n\u00ba. 063\/2025<\/a><\/li>\n<\/ul>\n\n\n\n<hr class=\"wp-block-separator has-alpha-channel-opacity\"\/>\n\n\n\n<p><strong>SAUL ROG\u00c9RIO FILHO<\/strong><\/p>\n\n\n\n<p>Loca\u00e7\u00e3o do im\u00f3vel, localizado na Avenida Crist\u00f3v\u00e3o Colombo de Freitas, Qd.04, Lt.10, Setor Aeroporto, no Munic\u00edpio de Jaragu\u00e1 GO, para sediar a Unidade do VAPT VUPT.<\/p>\n\n\n\n<ul class=\"wp-block-list\">\n<li><a href=\"https:\/\/goias.gov.br\/administracao\/wp-content\/uploads\/sites\/27\/2025\/12\/Contrato-no-064-2025.pdf\">Contrato n\u00ba. 064\/2025<\/a><\/li>\n<\/ul>\n\n\n\n<hr class=\"wp-block-separator has-alpha-channel-opacity\"\/>\n\n\n\n<p><\/p>\n","protected":false},"excerpt":{"rendered":"<p>EQUATORIAL GOI\u00c1S DISTRIBUIDORA DE ENERGIA S\/A Contrata\u00e7\u00e3o de fornecimento de energia el\u00e9trica UC n\u00ba 10031081167 \u2013 Aparecida Shopping G\u00c1S E MAIS COM\u00c9RCIO EIRELI Contrata\u00e7\u00e3o de empresa para fornecimento de recarga de g\u00e1s de cozinha P \u2013 13 \u2013 GPL (g\u00e1s de cozinha), sob demanda, com a entrega prevista para as Unidades Administrativas da Secretaria da [&hellip;]<\/p>\n","protected":false},"author":289,"featured_media":0,"comment_status":"closed","ping_status":"open","sticky":false,"template":"","format":"standard","meta":{"footnotes":""},"categories":[70,63],"tags":[],"class_list":["post-45454","post","type-post","status-publish","format-standard","hentry","category-licitacoes","category-licitacoes-contratacoes"],"rttpg_featured_image_url":null,"rttpg_author":{"display_name":"maysaalves","author_link":"https:\/\/goias.gov.br\/administracao\/author\/maysaalves\/"},"rttpg_comment":0,"rttpg_category":"<a href=\"https:\/\/goias.gov.br\/administracao\/categoria\/licitacoes\/\" rel=\"category tag\">Licita\u00e7\u00f5es<\/a> <a href=\"https:\/\/goias.gov.br\/administracao\/categoria\/licitacoes-contratacoes\/\" rel=\"category tag\">Licita\u00e7\u00f5es e Contrata\u00e7\u00f5es<\/a>","rttpg_excerpt":"EQUATORIAL GOI\u00c1S DISTRIBUIDORA DE ENERGIA S\/A Contrata\u00e7\u00e3o de fornecimento de energia el\u00e9trica UC n\u00ba 10031081167 \u2013 Aparecida Shopping G\u00c1S E MAIS COM\u00c9RCIO EIRELI Contrata\u00e7\u00e3o de empresa para fornecimento de recarga de g\u00e1s de cozinha P \u2013 13 \u2013 GPL (g\u00e1s de cozinha), sob demanda, com a entrega prevista para as Unidades Administrativas da Secretaria da&hellip;","_links":{"self":[{"href":"https:\/\/goias.gov.br\/administracao\/wp-json\/wp\/v2\/posts\/45454","targetHints":{"allow":["GET"]}}],"collection":[{"href":"https:\/\/goias.gov.br\/administracao\/wp-json\/wp\/v2\/posts"}],"about":[{"href":"https:\/\/goias.gov.br\/administracao\/wp-json\/wp\/v2\/types\/post"}],"author":[{"embeddable":true,"href":"https:\/\/goias.gov.br\/administracao\/wp-json\/wp\/v2\/users\/289"}],"replies":[{"embeddable":true,"href":"https:\/\/goias.gov.br\/administracao\/wp-json\/wp\/v2\/comments?post=45454"}],"version-history":[{"count":2,"href":"https:\/\/goias.gov.br\/administracao\/wp-json\/wp\/v2\/posts\/45454\/revisions"}],"predecessor-version":[{"id":230451,"href":"https:\/\/goias.gov.br\/administracao\/wp-json\/wp\/v2\/posts\/45454\/revisions\/230451"}],"wp:attachment":[{"href":"https:\/\/goias.gov.br\/administracao\/wp-json\/wp\/v2\/media?parent=45454"}],"wp:term":[{"taxonomy":"category","embeddable":true,"href":"https:\/\/goias.gov.br\/administracao\/wp-json\/wp\/v2\/categories?post=45454"},{"taxonomy":"post_tag","embeddable":true,"href":"https:\/\/goias.gov.br\/administracao\/wp-json\/wp\/v2\/tags?post=45454"}],"curies":[{"name":"wp","href":"https:\/\/api.w.org\/{rel}","templated":true}]}}