

{"id":3385,"date":"2017-06-21T10:22:58","date_gmt":"2017-06-21T13:22:58","guid":{"rendered":"http:\/\/localhost\/multisites\/sead\/2017\/06\/21\/prevcom-go-dados-gerais\/"},"modified":"2024-04-09T09:21:47","modified_gmt":"2024-04-09T12:21:47","slug":"prevcom-go-dados-gerais","status":"publish","type":"post","link":"https:\/\/goias.gov.br\/administracao\/prevcom-go-dados-gerais\/","title":{"rendered":"Funda\u00e7\u00e3o de Previd\u00eancia Complementar do Brasil Central &#8211; Prevcom &#8211; BrC &#8211; Dados Gerais"},"content":{"rendered":"<table style=\"width: 100%\" border=\"1\" cellspacing=\"1\" cellpadding=\"1\">\n<tbody>\n<tr style=\"height: 15px\">\n<td style=\"height: 15px;text-align: right\" colspan=\"8\"><a href=\"https:\/\/goias.gov.br\/administracao\/tee-2\/\"><span style=\"color: #0000ff\">Fale Conosco<\/span><\/a><\/td>\n<\/tr>\n<tr style=\"height: 15.81px\">\n<td style=\"height: 15.81px;text-align: center;background-color: #ff9900\" valign=\"middle\"><strong><a title=\"P\u00e1gina inicial do SIGA - Sistema de Gest\u00e3o Administrativa.\" href=\"https:\/\/goias.gov.br\/administracao\/siga-eng\/\">SIGA<\/a><\/strong><\/td>\n<td style=\"width: 14%;height: 15.81px;text-align: center;background-color: #bbe8ff\" valign=\"middle\"><a title=\"Integrada por \u00f3rg\u00e3os de assessoramento e aux\u00edlio direto ao Chefe do Poder Executivo.\" href=\"https:\/\/goias.gov.br\/administracao\/siga-governadoria\/\">Governadoria<\/a><\/td>\n<td style=\"width: 14%;height: 15.81px;text-align: center;background-color: #bbe8ff\" valign=\"middle\"><a title=\"Exerce compet\u00eancias constitucionais, legais e regulamentares de aux\u00edlio ao Governador.\" href=\"https:\/\/goias.gov.br\/administracao\/vg-1\/\">Vice-Governadoria<\/a><\/td>\n<td style=\"width: 14%;height: 15.81px;text-align: center;background-color: #bbe8ff\" valign=\"middle\"><a title=\"\u00d3rg\u00e3os de primeiro escal\u00e3o, respons\u00e1veis pela supervis\u00e3o e articula\u00e7\u00e3o das atividades das respectivas \u00e1reas de atua\u00e7\u00e3o, cabendo-lhes especificamente exercerem dentro do seu espa\u00e7o institucional, pol\u00edtico e administrativo, a formula\u00e7\u00e3o das pol\u00edticas e diretrizes, a coordena\u00e7\u00e3o de sua execu\u00e7\u00e3o e a supervis\u00e3o geral das entidades jurisdicionadas.\" href=\"https:\/\/goias.gov.br\/administracao\/siga-secretarias\/\">Secretarias<\/a><\/td>\n<td style=\"width: 14%;height: 15.81px;text-align: center;background-color: #bbe8ff\" valign=\"middle\"><a title=\"Entidades com personalidade jur\u00eddica de direito p\u00fablico, patrim\u00f4nio e receita pr\u00f3prios e capacidade de auto-administra\u00e7\u00e3o sob controle estatal, para executar atividades e servi\u00e7os do Poder P\u00fablico que, para melhor desempenho, requeiram gest\u00e3o administrativa e financeira descentralizada.\" href=\"https:\/\/goias.gov.br\/administracao\/siga-agencias\/\">Ag\u00eancias\/Autarquias<\/a><\/td>\n<td style=\"width: 14%;height: 15.81px;text-align: center;background-color: #bbe8ff\" valign=\"middle\"><a title=\"Entidade com personalidade jur\u00eddica de direito p\u00fablico, patrim\u00f4nio e receita pr\u00f3prios e capacidade de auto-administra\u00e7\u00e3o, sob controle estatal, para desenvolver atividades assistenciais, culturais, educacionais, de estudos e pesquisas, ou de apoio \u00e0s referidas atividades\" href=\"https:\/\/goias.gov.br\/administracao\/fundacao-de-amparo-a-pesquisa-do-estado-de-goias-fapeg-dados-gerais\/\">Funda\u00e7\u00e3o<\/a><\/td>\n<td style=\"width: 14%;height: 15.81px;text-align: center;background-color: #bbe8ff\" valign=\"middle\"><a title=\"Entidades institu\u00eddas sob a forma de sociedade por a\u00e7\u00f5es, tendo em sua denomina\u00e7\u00e3o \u2018Companhia\u2019 ou \u2018S.A.\u2019 (sociedade an\u00f4nima), com o objetivo de realizar atividade econ\u00f4mica ou servi\u00e7o de interesse coletivo.\" href=\"https:\/\/goias.gov.br\/administracao\/siga-sociedades\/\">Sociedades de Economia Mista<\/a><\/td>\n<td style=\"width: 14%;height: 15.81px;text-align: center;background-color: #bbe8ff\" valign=\"middle\"><a title=\"\u00d3rg\u00e3os colegiados, que atuam e decidem pela manifesta\u00e7\u00e3o conjunta e majorit\u00e1ria da vontade de seus membros compostos por representantes do Poder P\u00fablico e da sociedade civil. S\u00e3o de natureza normativa, deliberativa, consultiva ou fiscalizadora.\" href=\"https:\/\/goias.gov.br\/administracao\/siga-conselhos\/\">Conselhos Estaduais<\/a><\/td>\n<\/tr>\n<\/tbody>\n<\/table>\n<p><strong>\u00a0<\/strong><\/p>\n<p><strong>Secretaria de Estado da Economia &#8211; ECONOMIA<\/strong><\/p>\n<p><a href=\"https:\/\/goias.gov.br\/administracao\/sefaz-1\/\">Dados Gerais<\/a> | <a href=\"https:\/\/goias.gov.br\/administracao\/sefaz-regulamento\/\">Regulamento<\/a> | \u00a0<u><a href=\"https:\/\/www.economia.go.gov.br\/acesso-a-informacao\/legislacao-aplicavel\" target=\"_blank\" rel=\"noopener\">Legisla\u00e7\u00e3o<\/a><\/u> | <a href=\"https:\/\/goias.gov.br\/administracao\/sefaz-5\/\">Fundos<\/a> | <a href=\"https:\/\/goias.gov.br\/administracao\/2017\/06\/21\/prevcom-go-dados-gerais\/\" target=\"_parent\" rel=\"noopener\">Funda\u00e7\u00e3o<\/a> |\u00a0\u00a0<a href=\"https:\/\/goias.gov.br\/administracao\/wp-content\/uploads\/sites\/27\/2017\/06\/ECONOMIA29032023-45b.pdf\" target=\"_blank\" rel=\"noopener\">Organograma<\/a><\/p>\n<p><strong><span style=\"line-height: 150%;font-family: Arial,sans-serif\"><span style=\"font-size: small\">Funda\u00e7\u00e3o de Previd\u00eancia Complementar do Brasil Central &#8211; Prevcom &#8211; BrC<\/span><\/span> <\/strong><\/p>\n<p><a href=\"https:\/\/goias.gov.br\/administracao\/2017\/06\/21\/prevcom-go-dados-gerais\/\" target=\"_parent\" rel=\"noopener\"><span style=\"color: #0000ff\">Dados Gerais<\/span><\/a> |\u00a0 <a href=\"https:\/\/goias.gov.br\/administracao\/2017\/06\/21\/prevcom-go-legislacao\/\" target=\"_parent\" rel=\"noopener\"><span style=\"color: #0000ff\">Legisla\u00e7\u00e3o<\/span><\/a><\/p>\n<p><strong>Dados Gerais:<\/strong><\/p>\n<p><strong>Diretor-Presidente de Investimentos:<\/strong> Murilo Luciano Souza Barbosa<\/p>\n<p><strong>Endere\u00e7o \/ Sede:<\/strong> Avenida Vereador Jos\u00e9 Monteiro, n\u00ba 2.233, St. Nova Vila, CEP: 74653-900, Goi\u00e2nia &#8211; GO &#8211; Secretaria de Estado da Economia, 1\u00ba Andar, entre os Blocos A e B, Sala 203.<\/p>\n<p><strong>Contato:<\/strong> \u00a0\u00a0(62) 3269-2205 \/ 99428-4206<\/p>\n<p><strong>E-mail:<\/strong> <a href=\"mailto:institucional@prevcom-brc.com.br\">institucional@prevcom-brc.com.br<\/a><\/p>\n<p><strong>Site:<\/strong>\u00a0<a href=\"http:\/\/www.prevcom-brc.com.br\/\" target=\"_blank\" rel=\"noopener\"><span style=\"font-family: Arial,Helvetica,sans-serif;font-size: small\">www.prevcom-brc.com.br<\/span><\/a><\/p>\n<p><strong>Classifica\u00e7\u00e3o :<\/strong> Entidade Fechada de Previd\u00eancia Complementar, de natureza p\u00fablica com personalidade jur\u00eddica de direito privado, sem fins lucrativos, dotada de autonomia administrativa, financeira, gerencial e patrimonial.<\/p>\n<p><strong>Vincula\u00e7\u00e3o<\/strong>:\u00a0<strong><a href=\"https:\/\/goias.gov.br\/administracao\/sefaz-1\/\" target=\"_blank\" rel=\"noopener noreferrer\">Secretaria da Economia &#8211; ECONOMIA<\/a><\/strong><\/p>\n<p><span style=\"background-color: #3366ff;color: #ffffff\"><strong>CARGOS E SEUS OCUPANTES<\/strong><\/span><\/p>\n<p><b><b>DIRETOR-PRESIDENTE<\/b><\/b><\/p>\n<p><b><a href=\"https:\/\/calendar.google.com\/calendar\/u\/0\/embed?src=murilo.prevcombrc@gmail.com&amp;ctz=America\/Sao_Paulo\" target=\"_blank\" rel=\"noopener noreferrer\">Murilo Luciano Souza Barbosa<\/a><\/b><\/p>\n<p>Av. Vereador Jos\u00e9 Monteiro, n\u00ba 2233, Secretaria de Estado da Economia,\u00a01\u00ba andar, sala 203 entre os Blocos A e B.<\/p>\n<p>Setor Nova Vila, Goi\u00e2nia &#8211; Goi\u00e1s &#8211; CEP: 74653-900<\/p>\n<p><b>Atestado de Habilita\u00e7\u00e3o de Dirigente\/AETQ: 2023.517<\/b><\/p>\n<p><b>E-mail: <a href=\"mailto:murilo.luciano@goias.gov.br\">murilo.luciano@goias.gov.br<\/a>\u00a0<\/b><\/p>\n<p><b>Tel: (62) 3269-2779\u00a0<\/b><\/p>\n<p><strong><em>Assessora de Auditoria Interna e Governan\u00e7a\u00a0<\/em><\/strong><\/p>\n<p><strong>Ana Raquel Batista Urzeda<\/strong><\/p>\n<p>Av. Vereador Jos\u00e9 Monteiro, n\u00ba 2233, Secretaria de Estado da Economia,\u00a01\u00ba andar, sala 203 entre os Blocos A e B.<\/p>\n<p>Setor Nova Vila, Goi\u00e2nia &#8211; Goi\u00e1s &#8211; CEP: 74653-900<\/p>\n<p><strong>E-mail:\u00a0<span id=\"cloakd2e6ba3f400e1177bf9e8c3fba3707af\"><a href=\"mailto:ana.urzeda@goias.gov.br\">ana.urzeda@goias.gov.br<\/a><\/span>\u00a0\u00a0<\/strong><\/p>\n<p><strong>Tel:<\/strong> (62)\u00a03269-2205<\/p>\n<p><strong><em>Assessora de Comunica\u00e7\u00e3o<\/em><\/strong><\/p>\n<p><strong>Joyce Lima Braga<\/strong><\/p>\n<p>Av. Vereador Jos\u00e9 Monteiro, n\u00ba 2233, Secretaria de Estado da Economia,\u00a01\u00ba andar, sala 203 entre os Blocos A e B.<\/p>\n<p>Setor Nova Vila, Goi\u00e2nia &#8211; Goi\u00e1s &#8211; CEP: 74653-900<\/p>\n<p><strong>E-mail:\u00a0<span id=\"cloak956a3b081fbe52cca677e5dc38cae646\"><a href=\"mailto:joyce.braga@goias.gov.br\">joyce.braga@goias.gov.br<\/a><\/span><\/strong><\/p>\n<p><strong>Tel:<\/strong>\u00a0(62)\u00a03269-2205<\/p>\n<p><b><b><i>Assessor Jur\u00eddico<\/i><\/b><\/b><\/p>\n<p><b><b>Rafael Cunha Fernandes<\/b><\/b><\/p>\n<p>Av. Vereador Jos\u00e9 Monteiro, n\u00ba 2233, Secretaria de Estado da Economia,\u00a01\u00ba andar, sala 203 entre os Blocos A e B.<\/p>\n<p>Setor Nova Vila, Goi\u00e2nia &#8211; Goi\u00e1s &#8211; CEP: 74653-900<\/p>\n<p><b>E-mail:\u00a0<a href=\"mailto:rafael.fernandes@prevcom-brc.com.br\" target=\"_blank\" rel=\"noopener noreferrer\">rafael.fernandes@prevcom-brc.com.br<\/a>\u00a0\u00a0<\/b><\/p>\n<p><b>Tel: (62) 3269-2205\u00a0<\/b><b>\u00a0<\/b><\/p>\n<p><strong><em>Coordenador do N\u00facleo de Administra\u00e7\u00e3o e Finan\u00e7as<\/em><\/strong><\/p>\n<p><strong>Fernando Rodrigues da Silva<\/strong><\/p>\n<p>Av. Vereador Jos\u00e9 Monteiro, n\u00ba 2233, Secretaria de Estado da Economia,\u00a01\u00ba andar, sala 203 entre os Blocos A e B.<\/p>\n<p>Setor Nova Vila, Goi\u00e2nia &#8211; Goi\u00e1s &#8211; CEP: 74653-900<\/p>\n<p><strong>E-mail:<\/strong>\u00a0<strong><span id=\"cloaka12ca029de0aa7e9361386106306931a\"><a href=\"mailto:fernando.rodrigues@goias.gov.br\">fernando.rodrigues@goias.gov.br<\/a><\/span><\/strong><\/p>\n<p><strong>Tel:<\/strong>\u00a0(62)\u00a03269-2321<\/p>\n<p><strong><em>Coordenadora do N\u00facleo de Cadastro, Arrecada\u00e7\u00e3o e Benef\u00edcios\u00a0 \u00a0 \u00a0 \u00a0 \u00a0 \u00a0 \u00a0 \u00a0 \u00a0 \u00a0 \u00a0 \u00a0 \u00a0 \u00a0 \u00a0 \u00a0 \u00a0 \u00a0 \u00a0 \u00a0 \u00a0 \u00a0 \u00a0 \u00a0 \u00a0 \u00a0 \u00a0 \u00a0<\/em><\/strong><\/p>\n<p><strong>Andr\u00e9ia Novantino dos Santos<\/strong><\/p>\n<p>Av. Vereador Jos\u00e9 Monteiro, n\u00ba 2233, Secretaria de Estado da Economia,\u00a01\u00ba andar, sala 203 entre os Blocos A e B.<\/p>\n<p>Setor Nova Vila, Goi\u00e2nia &#8211; Goi\u00e1s &#8211; CEP: 74653-900<\/p>\n<p><strong>E-mail:\u00a0<\/strong><span id=\"cloak06dc8aa237aa16a6e4c7f993682b66de\"><a href=\"mailto:andreia.nsantos@goias.gov.br\"><strong>andreia.nsantos@goias.gov.br\u00a0<\/strong><\/a><\/span><\/p>\n<p><strong>Tel:<\/strong>\u00a0(62) 3269-2777<\/p>\n<p><strong><em>Coordenador do N\u00facleo de Contabilidade<\/em><\/strong><\/p>\n<p><strong>Jo\u00e3o Paulo Garcia de Amorim<\/strong><\/p>\n<p>Av. Vereador Jos\u00e9 Monteiro, n\u00ba 2233, Secretaria de Estado da Economia,\u00a01\u00ba andar, sala 203 entre os Blocos A e B.<\/p>\n<p>Setor Nova Vila, Goi\u00e2nia &#8211; Goi\u00e1s &#8211; CEP: 74653-900<\/p>\n<p><strong>E-mail:<\/strong>\u00a0<strong><span id=\"cloak2e5b362507456f79cde0e2bb84594ce7\"><a href=\"mailto:joao.gamorim@goias.gov.br\">joao.gamorim@goias.gov.br<\/a><\/span><\/strong><\/p>\n<p><strong>Tel:<\/strong>\u00a0(62)\u00a03269-2321<\/p>\n<p><strong><em>Coordenador do N\u00facleo de\u00a0Planejamento e Tecnologia da Informa\u00e7\u00e3o<\/em><\/strong><\/p>\n<p><strong>Cleomar Francisco da Costa<\/strong><\/p>\n<p>Av. Vereador Jos\u00e9 Monteiro, n\u00ba 2233, Secretaria de Estado da Economia,\u00a01\u00ba andar, sala 203 entre os Blocos A e B.<\/p>\n<p>Setor Nova Vila, Goi\u00e2nia &#8211; Goi\u00e1s &#8211; CEP: 74653-900<\/p>\n<p><strong>E-mail:<\/strong>\u00a0<strong><span id=\"cloak43062879a45dc11f5b05fb377afd9733\"><a href=\"mailto:cleomar.costa@goias.go.gov.br\">cleomar.costa@goias.go.gov.br<\/a><\/span><\/strong><\/p>\n<p><strong>Tel:\u00a0<\/strong>(62)\u00a03269-2205<\/p>\n<p><strong>CONSELHO DELIBERATIVO<\/strong><\/p>\n<p><strong>Representantes do Patrocinador<\/strong><\/p>\n<p><strong>Poder Executivo<\/strong><\/p>\n<p><strong>Presidente:<\/strong>\u00a0Selene Peres Peres Nunes<\/p>\n<p><strong>Mandato:<\/strong>\u00a004\/10\/2023 a 01\/12\/2026<\/p>\n<p><em><strong>Suplente:\u00a0<\/strong>Ricardo Borges de Rezende<\/em><\/p>\n<p><strong>Mandato:<\/strong>\u00a009\/01\/2024 a 01\/12\/2026<\/p>\n<p><strong>E-mail:\u00a0<span id=\"cloak8801598df97bfa0483bb8c3c84ec07f6\"><a href=\"mailto:institucional@prevcom-brc.com.br\">institucional@prevcom-brc.com.br<\/a><\/span><\/strong><\/p>\n<p><strong>Tel:<\/strong>\u00a0(62) 3269-2205<\/p>\n<p><strong>Defensoria P\u00fablica do Estado de Goi\u00e1s\u00a0<\/strong><\/p>\n<p><strong>Titular:<\/strong>\u00a0Rafael Brasil Vasconcelos<\/p>\n<p><em><strong>Suplente:<\/strong>\u00a0vago desde\u00a0<\/em><em>01\/12\/22<\/em><\/p>\n<p><em><strong>Mandato:<\/strong>\u00a001\/12\/2022 a 01\/12\/2026<\/em><\/p>\n<p><strong>E-mail:\u00a0<span id=\"cloak9e9acb7c99c52535959a09ace3a3ab07\"><a href=\"mailto:institucional@prevcom-brc.com.br\">institucional@prevcom-brc.com.br<\/a><\/span><\/strong><\/p>\n<p><strong>Tel:<\/strong>\u00a0(62) 3269-2205<\/p>\n<p><strong>Assembleia Legislativa do Estado de Goi\u00e1s<\/strong><\/p>\n<p><strong>Titular:<\/strong>\u00a0\u00a0F\u00e1bio Estev\u00e3o Marchetti<\/p>\n<p><em><strong>Suplente:<\/strong>\u00a0<\/em><i>vago desde 01\/12\/23\u00a0<\/i><\/p>\n<p><em><strong>Mandato:<\/strong>\u00a001\/12\/2022 a 01\/12\/2026<\/em><\/p>\n<p><strong>E-mail:<\/strong>\u00a0<strong><span id=\"cloaked96c45777c0322109d17cab301d22ad\"><a href=\"mailto:institucional@prevcom-brc.com.br\">institucional@prevcom-brc.com.br<\/a><\/span><\/strong><\/p>\n<p><strong>Tel:<\/strong>\u00a0(62) 3269-2205<\/p>\n<p><strong>Representantes dos Participantes e Assistidos Eleitos<\/strong><\/p>\n<p><strong>Titular:<\/strong>\u00a0Henriques Moreira Tur\u00edbio<\/p>\n<p><em><strong>Suplente:<\/strong>\u00a0Yuri Alexander Nogueira Gomes Nascimento<\/em><\/p>\n<p><i><strong>Mandato:<\/strong>\u00a009\/01\/2024-09\/01\/2028\u00a0<\/i><\/p>\n<p><strong>E-mail:<\/strong>\u00a0<strong><span id=\"cloak69d7bbdbf1b8570737f32773faef7c0c\"><a href=\"mailto:institucional@prevcom-brc.com.br\">institucional@prevcom-brc.com.br<\/a><\/span><\/strong><\/p>\n<p><strong>Tel:<\/strong>\u00a0(62) 3269-2205<\/p>\n<p><strong>Titular:<\/strong>\u00a0Helvecio Vieira da Cunha Junior<\/p>\n<p><em><strong>Suplente:<\/strong>\u00a0Diego Cardoso Moreira<\/em><\/p>\n<p><i><strong>Mandato:<\/strong>\u00a009\/01\/2024-09\/01\/2028\u00a0<\/i><\/p>\n<p><strong>E-mail:<\/strong>\u00a0<strong><span id=\"cloak7baa2387452540327a0cdbd56bf501b9\"><a href=\"mailto:institucional@prevcom-brc.com.br\">institucional@prevcom-brc.com.br<\/a><\/span><\/strong><\/p>\n<p><strong>Tel:<\/strong>\u00a0(62) 3269-2205<\/p>\n<p><strong>Titular:<\/strong>\u00a0Sulema de Oliveira Barcelos<\/p>\n<p><em><strong>Suplente:<\/strong>\u00a0Edson Yoiti Haga\u00a0<\/em><\/p>\n<p><i><strong>Mandato:<\/strong>\u00a009\/01\/2024-09\/01\/2028\u00a0<\/i><\/p>\n<p><strong>E-mail:\u00a0<span id=\"cloake5297915b9d6f967a9a75273088aaf9f\"><a href=\"mailto:institucional@prevcom-brc.com.br\">institucional@prevcom-brc.com.br<\/a><\/span><\/strong><\/p>\n<p><strong>Tel:<\/strong>\u00a0(62) 3269-2205<\/p>\n<p><strong>Endere\u00e7o:<\/strong> Av. Vereador Jos\u00e9 Monteiro, n\u00ba 2233, Secretaria de Estado da Economia, 1\u00ba andar, sala 203 entre os Blocos A e B, Setor Nova Vila, Goi\u00e2nia &#8211; Goi\u00e1s &#8211; CEP: 74653-900.<\/p>\n<p><strong>CONSELHO FISCAL<\/strong><\/p>\n<p><strong>Representantes dos Participantes e Assistidos Eleitos<\/strong><\/p>\n<p><strong>Presidente:<\/strong>\u00a0Paulo Henrique Carneiro Alves<\/p>\n<p><em><strong>Suplente:<\/strong>\u00a0vago desde 09\/01\/24<\/em><\/p>\n<p><em><strong>Mandato:<\/strong>\u00a001\/06\/2021 a 01\/06\/2025\u00a0<\/em><\/p>\n<p><strong>E-mail:<\/strong>\u00a0<strong><span id=\"cloak54a8423cef15e03adb578cdfaf23184b\"><a href=\"mailto:institucional@prevcom-brc.com.br\">institucional@prevcom-brc.com.br<\/a><\/span><\/strong><\/p>\n<p><strong>Tel:<\/strong>\u00a0(62) 3269-2205<\/p>\n<p><b>Titular:\u00a0<\/b>Murilo Santana Puga<\/p>\n<p><b>Suplente:\u00a0<\/b>Eliezer de Assis Santos<\/p>\n<p><strong>Mandato:<\/strong>\u00a009\/01\/2024-09\/01\/2028<\/p>\n<p><strong>E-mail:\u00a0<span id=\"cloak2dbd75ad0f17b0d563c5d95cfcd05370\"><a href=\"mailto:institucional@prevcom-brc.com.br\">institucional@prevcom-brc.com.br<\/a><\/span><\/strong><\/p>\n<p><strong>Tel:<\/strong>\u00a0(62) 3269-2205<\/p>\n<p><strong>Representantes do Patrocinador<\/strong><\/p>\n<p><strong>Tribunal de Justi\u00e7a do Estado de Goi\u00e1s<\/strong><\/p>\n<p><strong>Titular:\u00a0<\/strong>Rafael Pablo da Silva<\/p>\n<p><em><strong>Suplente:\u00a0<\/strong>Irismar Dantas de Souza<\/em><\/p>\n<p><em><strong>Mandato:<\/strong>\u00a004\/10\/2023 a 04\/10\/2027<\/em><\/p>\n<p><strong>E-mail<\/strong>:\u00a0<strong><span id=\"cloake86ce37ca0dc622d228ce182e9344671\"><a href=\"mailto:institucional@prevcom-brc.com.br\">institucional@prevcom-brc.com.br<\/a><\/span><\/strong><\/p>\n<p><strong>Tel:<\/strong>\u00a0(62) 3269-2205<\/p>\n<p><strong>Minist\u00e9rio P\u00fablico do Estado de Goi\u00e1s<\/strong><\/p>\n<p><strong>Titular:\u00a0<\/strong>Robson Alves de Sales Figueiredo<\/p>\n<p><em><strong>Suplente:\u00a0<\/strong>Marlene da Silva Basto<\/em><\/p>\n<p><em><strong>Mandato:<\/strong>\u00a0<\/em><em>04\/10\/2023 a 04\/10\/2027<\/em><\/p>\n<p><strong>E-mail:<\/strong>\u00a0<strong><span id=\"cloak39bf20e64a936d515ec12b19ba53a66d\"><a href=\"mailto:institucional@prevcom-brc.com.br\">institucional@prevcom-brc.com.br<\/a><\/span><\/strong><\/p>\n<p><strong>Tel:<\/strong>\u00a0(62) 3269-2205<\/p>\n<p><strong>Endere\u00e7o:<\/strong>\u00a0Av. Vereador Jos\u00e9 Monteiro, n\u00ba 2233, Secretaria de Estado da Economia, 1\u00ba andar, sala 203 entre os Blocos A e B, Setor Nova Vila, Goi\u00e2nia &#8211; Goi\u00e1s &#8211; CEP: 74653-900<\/p>\n","protected":false},"excerpt":{"rendered":"<p>Fale Conosco SIGA Governadoria Vice-Governadoria Secretarias Ag\u00eancias\/Autarquias Funda\u00e7\u00e3o Sociedades de Economia Mista Conselhos Estaduais \u00a0 Secretaria de Estado da Economia &#8211; ECONOMIA Dados Gerais | Regulamento | \u00a0Legisla\u00e7\u00e3o | Fundos | Funda\u00e7\u00e3o |\u00a0\u00a0Organograma Funda\u00e7\u00e3o de Previd\u00eancia Complementar do Brasil Central &#8211; Prevcom &#8211; BrC Dados Gerais |\u00a0 Legisla\u00e7\u00e3o Dados Gerais: Diretor-Presidente de Investimentos: Murilo Luciano [&hellip;]<\/p>\n","protected":false},"author":38,"featured_media":0,"comment_status":"closed","ping_status":"open","sticky":false,"template":"","format":"standard","meta":{"footnotes":""},"categories":[3],"tags":[],"class_list":["post-3385","post","type-post","status-publish","format-standard","hentry","category-artigos-nao-categorizados"],"rttpg_featured_image_url":null,"rttpg_author":{"display_name":"gustavomartinsgomes","author_link":"https:\/\/goias.gov.br\/administracao\/author\/gustavomartinsgomes\/"},"rttpg_comment":0,"rttpg_category":"<a href=\"https:\/\/goias.gov.br\/administracao\/categoria\/artigos-nao-categorizados\/\" rel=\"category tag\">Artigos n\u00e3o Categorizados<\/a>","rttpg_excerpt":"Fale Conosco SIGA Governadoria Vice-Governadoria Secretarias Ag\u00eancias\/Autarquias Funda\u00e7\u00e3o Sociedades de Economia Mista Conselhos Estaduais \u00a0 Secretaria de Estado da Economia &#8211; ECONOMIA Dados Gerais | Regulamento | \u00a0Legisla\u00e7\u00e3o | Fundos | Funda\u00e7\u00e3o |\u00a0\u00a0Organograma Funda\u00e7\u00e3o de Previd\u00eancia Complementar do Brasil Central &#8211; Prevcom &#8211; BrC Dados Gerais |\u00a0 Legisla\u00e7\u00e3o Dados Gerais: Diretor-Presidente de Investimentos: Murilo Luciano&hellip;","_links":{"self":[{"href":"https:\/\/goias.gov.br\/administracao\/wp-json\/wp\/v2\/posts\/3385","targetHints":{"allow":["GET"]}}],"collection":[{"href":"https:\/\/goias.gov.br\/administracao\/wp-json\/wp\/v2\/posts"}],"about":[{"href":"https:\/\/goias.gov.br\/administracao\/wp-json\/wp\/v2\/types\/post"}],"author":[{"embeddable":true,"href":"https:\/\/goias.gov.br\/administracao\/wp-json\/wp\/v2\/users\/38"}],"replies":[{"embeddable":true,"href":"https:\/\/goias.gov.br\/administracao\/wp-json\/wp\/v2\/comments?post=3385"}],"version-history":[{"count":2,"href":"https:\/\/goias.gov.br\/administracao\/wp-json\/wp\/v2\/posts\/3385\/revisions"}],"predecessor-version":[{"id":20488,"href":"https:\/\/goias.gov.br\/administracao\/wp-json\/wp\/v2\/posts\/3385\/revisions\/20488"}],"wp:attachment":[{"href":"https:\/\/goias.gov.br\/administracao\/wp-json\/wp\/v2\/media?parent=3385"}],"wp:term":[{"taxonomy":"category","embeddable":true,"href":"https:\/\/goias.gov.br\/administracao\/wp-json\/wp\/v2\/categories?post=3385"},{"taxonomy":"post_tag","embeddable":true,"href":"https:\/\/goias.gov.br\/administracao\/wp-json\/wp\/v2\/tags?post=3385"}],"curies":[{"name":"wp","href":"https:\/\/api.w.org\/{rel}","templated":true}]}}