

{"id":3349,"date":"2017-05-11T17:18:04","date_gmt":"2017-05-11T20:18:04","guid":{"rendered":"http:\/\/localhost\/multisites\/sead\/2017\/05\/11\/programa-de-formacao-de-lideres-comeca-dia-29-de-maio\/"},"modified":"2023-10-18T16:24:28","modified_gmt":"2023-10-18T19:24:28","slug":"programa-de-formacao-de-lideres-comeca-dia-29-de-maio","status":"publish","type":"post","link":"https:\/\/goias.gov.br\/administracao\/programa-de-formacao-de-lideres-comeca-dia-29-de-maio\/","title":{"rendered":"Programa de Forma\u00e7\u00e3o de L\u00edderes come\u00e7a dia 29 de maio"},"content":{"rendered":"<p><img fetchpriority=\"high\" decoding=\"async\" class=\" size-full wp-image-3348\" src=\"https:\/\/goias.gov.br\/administracao\/wp-content\/uploads\/sites\/27\/2017\/05\/11-05-Meritocracia-Formacao-493.jpg\" alt=\"11 05 Meritocracia Formacao\" width=\"868\" height=\"521\" srcset=\"https:\/\/goias.gov.br\/administracao\/wp-content\/uploads\/sites\/27\/2017\/05\/11-05-Meritocracia-Formacao-493.jpg 868w, https:\/\/goias.gov.br\/administracao\/wp-content\/uploads\/sites\/27\/2017\/05\/11-05-Meritocracia-Formacao-493-300x180.jpg 300w, https:\/\/goias.gov.br\/administracao\/wp-content\/uploads\/sites\/27\/2017\/05\/11-05-Meritocracia-Formacao-493-768x461.jpg 768w\" sizes=\"(max-width: 868px) 100vw, 868px\" \/><\/p>\n<p>A Escola de Governo Henrique Santillo, da Secretaria de Gest&atilde;o e Planejamento de Goi&aacute;s (Segplan), em parceria com o Instituto &Aacute;quila, <strong>iniciou sexta-feira dia 05\/05\/17<\/strong>, as <strong>inscri&ccedil;&otilde;es para o Programa de Forma&ccedil;&atilde;o de L&iacute;deres<\/strong> do Estado de Goi&aacute;s. S&atilde;o oferecidas 500 vagas para ocupantes de cargos gerenciais, distribu&iacute;das em 12 turmas com 60 horas de atividades. Os gerentes e chefes de n&uacute;cleos t&ecirc;m at&eacute; os dias 14 e 28 de junho para se inscreverem nas turmas restantes.<\/p>\n<p>A forma&ccedil;&atilde;o d&aacute; continuidade ao 7&ordm; Processo de Meritocracia. As primeiras turmas come&ccedil;ar&atilde;o no dia 29 de maio e abordar&aacute;&nbsp;conte&uacute;dos&nbsp;relacionados &agrave; forma&ccedil;&atilde;o de&nbsp;gestores,&nbsp;gest&atilde;o&nbsp;p&uacute;blica&nbsp;moderna,&nbsp;lideran&ccedil;a, gest&atilde;o de&nbsp;pessoas e&nbsp;intelig&ecirc;ncia competitivaA Escola de Governo alerta que as turmas do Programa de Forma&ccedil;&atilde;o acontecer&atilde;o entre maio e agosto, sem a possibilidade de reedi&ccedil;&atilde;o. Assim, os gerentes devem se inscrever o quanto antes nas turmas dispon&iacute;veis, pois o aguardo por cronograma mais adequado &agrave; sua agenda poder&aacute; n&atilde;o ocorrer.<\/p>\n<p>A capacita&ccedil;&atilde;o &eacute; obrigat&oacute;ria aos gerentes e apresentar&aacute; em sua metodologia a avalia&ccedil;&atilde;o de aprendizagem individual, cuja pontua&ccedil;&atilde;o compor&aacute; o Processo de Avalia&ccedil;&atilde;o de Desempenho dos Gerentes. A Avalia&ccedil;&atilde;o se iniciar&aacute; assim que todas as turmas de capacita&ccedil;&atilde;o tiverem terminado. A finalidade &eacute; avaliar e nortear o desempenho desejado dos gerentes atrav&eacute;s de acompanhamento, acordos de gest&atilde;o e reuni&otilde;es de feedback. Em fun&ccedil;&atilde;o do n&uacute;mero de vagas, os chefes de n&uacute;cleos foram oficialmente convidados a participarem.<\/p>\n<p><strong>Inscri&ccedil;&atilde;o<\/strong><\/p>\n<p>O&nbsp;interessado dever&aacute; acessar o&nbsp;<a href=\"http:\/\/sct.segplan.go.gov.br\/portalaluno\/control.php?cmd=CAcesso\" target=\"_blank\" rel=\"noopener noreferrer\">Portal do Aluno<\/a> com o CPF e a senha de acesso do contracheque&nbsp;e, no menu Pr&eacute;-inscri&ccedil;&atilde;o on-line dever&aacute; escolher o curso&nbsp;&#8216;Programa de Forma&ccedil;&atilde;o de L&iacute;deres do Estado de Goi&aacute;s&#8217;. Depois de conclu&iacute;do, deve imprimir o comprovante e pegar a autoriza&ccedil;&atilde;o da chefia imediata por escrito e enviar&nbsp;ao contato de RH&nbsp;do &oacute;rg&atilde;o, que far&aacute; a valida&ccedil;&atilde;o da inscri&ccedil;&atilde;o no Sistema de Capacita&ccedil;&atilde;o da Escola de Governo.<\/p>\n<p>Antes do in&iacute;cio do curso, os Gerentes receber&atilde;o e-mail do Instituto &Aacute;quila com link para resposta a um question&aacute;rio on-line, como parte das atividades da capacita&ccedil;&atilde;o.<\/p>\n<p><strong>Meritocracia<\/strong><\/p>\n<p>Desses 500 participantes,&nbsp;389&nbsp;foram selecionados no 7 &ordm;&nbsp;Processo de Sele&ccedil;&atilde;o por Capacita&ccedil;&atilde;o e M&eacute;rito. O processo, regulamentado pelo decreto n&uacute;mero 8.734, de 1&ordm; de setembro de 2016, ofertava 411 vagas e obteve 1.457 inscritos que passaram por processo seletivo iniciado em setembro e finalizado com a publica&ccedil;&atilde;o do resultado em dezembro de 2016.<\/p>\n<p>Contados todos os processos de meritocracia j&aacute; foram selecionados&nbsp;1297&nbsp;gerentes, utilizando-se de metodologia desenvolvida pelos t&eacute;cnicos da Segplan. A expertise j&aacute; foi reconhecida pelos&nbsp;estados de Mato Grosso e Esp&iacute;rito Santo, al&eacute;m de ser disponibilizada em palestras no Rio de Janeiro e no&nbsp;VI&nbsp;Congresso&nbsp;do Conselho&nbsp;Nacional de Secret&aacute;rios de&nbsp;Estado da&nbsp;Administra&ccedil;&atilde;o&nbsp;(CONSAD)&nbsp;de Gest&atilde;o P&uacute;blica (2013)&nbsp;em Bras&iacute;lia.<\/p>\n<p><a href=\"http:\/\/www.portaldoservidor.go.gov.br\/post\/ver\/138024\/cursos---servidores-estaduais\">Acesse&nbsp;as&nbsp;turmas dispon&iacute;veis para inscri&ccedil;&atilde;o<\/a><\/p>\n","protected":false},"excerpt":{"rendered":"<p>A Escola de Governo Henrique Santillo, da Secretaria de Gest&atilde;o e Planejamento de Goi&aacute;s (Segplan), em parceria com o Instituto &Aacute;quila, iniciou sexta-feira dia 05\/05\/17, as inscri&ccedil;&otilde;es para o Programa de Forma&ccedil;&atilde;o de L&iacute;deres do Estado de Goi&aacute;s. S&atilde;o oferecidas 500 vagas para ocupantes de cargos gerenciais, distribu&iacute;das em 12 turmas com 60 horas de [&hellip;]<\/p>\n","protected":false},"author":38,"featured_media":3348,"comment_status":"closed","ping_status":"open","sticky":false,"template":"","format":"standard","meta":{"footnotes":""},"categories":[3],"tags":[],"class_list":["post-3349","post","type-post","status-publish","format-standard","has-post-thumbnail","hentry","category-artigos-nao-categorizados"],"rttpg_featured_image_url":{"full":["https:\/\/goias.gov.br\/administracao\/wp-content\/uploads\/sites\/27\/2017\/05\/11-05-Meritocracia-Formacao-493.jpg",868,521,false],"landscape":["https:\/\/goias.gov.br\/administracao\/wp-content\/uploads\/sites\/27\/2017\/05\/11-05-Meritocracia-Formacao-493.jpg",868,521,false],"portraits":["https:\/\/goias.gov.br\/administracao\/wp-content\/uploads\/sites\/27\/2017\/05\/11-05-Meritocracia-Formacao-493.jpg",868,521,false],"thumbnail":["https:\/\/goias.gov.br\/administracao\/wp-content\/uploads\/sites\/27\/2017\/05\/11-05-Meritocracia-Formacao-493-150x150.jpg",150,150,true],"medium":["https:\/\/goias.gov.br\/administracao\/wp-content\/uploads\/sites\/27\/2017\/05\/11-05-Meritocracia-Formacao-493-300x180.jpg",300,180,true],"large":["https:\/\/goias.gov.br\/administracao\/wp-content\/uploads\/sites\/27\/2017\/05\/11-05-Meritocracia-Formacao-493.jpg",868,521,false],"1536x1536":["https:\/\/goias.gov.br\/administracao\/wp-content\/uploads\/sites\/27\/2017\/05\/11-05-Meritocracia-Formacao-493.jpg",868,521,false],"2048x2048":["https:\/\/goias.gov.br\/administracao\/wp-content\/uploads\/sites\/27\/2017\/05\/11-05-Meritocracia-Formacao-493.jpg",868,521,false]},"rttpg_author":{"display_name":"gustavomartinsgomes","author_link":"https:\/\/goias.gov.br\/administracao\/author\/gustavomartinsgomes\/"},"rttpg_comment":0,"rttpg_category":"<a href=\"https:\/\/goias.gov.br\/administracao\/categoria\/artigos-nao-categorizados\/\" rel=\"category tag\">Artigos n\u00e3o Categorizados<\/a>","rttpg_excerpt":"A Escola de Governo Henrique Santillo, da Secretaria de Gest&atilde;o e Planejamento de Goi&aacute;s (Segplan), em parceria com o Instituto &Aacute;quila, iniciou sexta-feira dia 05\/05\/17, as inscri&ccedil;&otilde;es para o Programa de Forma&ccedil;&atilde;o de L&iacute;deres do Estado de Goi&aacute;s. S&atilde;o oferecidas 500 vagas para ocupantes de cargos gerenciais, distribu&iacute;das em 12 turmas com 60 horas de&hellip;","_links":{"self":[{"href":"https:\/\/goias.gov.br\/administracao\/wp-json\/wp\/v2\/posts\/3349","targetHints":{"allow":["GET"]}}],"collection":[{"href":"https:\/\/goias.gov.br\/administracao\/wp-json\/wp\/v2\/posts"}],"about":[{"href":"https:\/\/goias.gov.br\/administracao\/wp-json\/wp\/v2\/types\/post"}],"author":[{"embeddable":true,"href":"https:\/\/goias.gov.br\/administracao\/wp-json\/wp\/v2\/users\/38"}],"replies":[{"embeddable":true,"href":"https:\/\/goias.gov.br\/administracao\/wp-json\/wp\/v2\/comments?post=3349"}],"version-history":[{"count":1,"href":"https:\/\/goias.gov.br\/administracao\/wp-json\/wp\/v2\/posts\/3349\/revisions"}],"predecessor-version":[{"id":16580,"href":"https:\/\/goias.gov.br\/administracao\/wp-json\/wp\/v2\/posts\/3349\/revisions\/16580"}],"wp:featuredmedia":[{"embeddable":true,"href":"https:\/\/goias.gov.br\/administracao\/wp-json\/wp\/v2\/media\/3348"}],"wp:attachment":[{"href":"https:\/\/goias.gov.br\/administracao\/wp-json\/wp\/v2\/media?parent=3349"}],"wp:term":[{"taxonomy":"category","embeddable":true,"href":"https:\/\/goias.gov.br\/administracao\/wp-json\/wp\/v2\/categories?post=3349"},{"taxonomy":"post_tag","embeddable":true,"href":"https:\/\/goias.gov.br\/administracao\/wp-json\/wp\/v2\/tags?post=3349"}],"curies":[{"name":"wp","href":"https:\/\/api.w.org\/{rel}","templated":true}]}}