

{"id":2880,"date":"2014-01-13T14:01:57","date_gmt":"2014-01-13T16:01:57","guid":{"rendered":"http:\/\/localhost\/multisites\/sead\/2014\/01\/13\/ses-legislacao-2000-a-2005\/"},"modified":"2023-10-18T16:26:12","modified_gmt":"2023-10-18T19:26:12","slug":"ses-legislacao-2000-a-2005","status":"publish","type":"post","link":"https:\/\/goias.gov.br\/administracao\/ses-legislacao-2000-a-2005\/","title":{"rendered":"SES &#8211; Legisla\u00e7\u00e3o 2000 a 2005"},"content":{"rendered":"<table border=\"1\" cellpadding=\"1\" cellspacing=\"1\" style=\"width: 100%;\">\n<tbody>\n<tr>\n<td align=\"right\" colspan=\"8\"><a href=\"http:\/\/www.segplan.go.gov.br\/contatosiga\/ver\"><span style=\"color: rgb(0, 0, 255);\">Fale Conosco<\/span><\/a><\/td>\n<\/tr>\n<tr>\n<td align=\"center\" style=\"background-color: rgb(255, 153, 0);\" valign=\"center\"><strong><a href=\"https:\/\/goias.gov.br\/administracao\/siga-sistema-de-gestao-administrativa\/\" title=\"P\u00e1gina inicial do SIGA - Sistema de Gest\u00e3o Administrativa.\">SIGA<\/a><\/strong><\/td>\n<td align=\"center\" style=\"background-color: rgb(187, 232, 255);\" valign=\"center\" width=\"14%\"><a href=\"https:\/\/goias.gov.br\/administracao\/siga-governadoria\/\" title=\"Integrada por \u00f3rg\u00e3os de assessoramento e aux\u00edlio direto ao Chefe do Poder Executivo.\">Governadoria<\/a><\/td>\n<td align=\"center\" style=\"background-color: rgb(187, 232, 255);\" valign=\"center\" width=\"14%\"><a href=\"https:\/\/goias.gov.br\/administracao\/vg-1\/\" title=\"Exerce compet\u00eancias constitucionais, legais e regulamentares de aux\u00edlio ao Governador.\">Vice-Governadoria<\/a><\/td>\n<td align=\"center\" style=\"background-color: rgb(187, 232, 255);\" valign=\"center\" width=\"14%\"><a href=\"https:\/\/goias.gov.br\/administracao\/siga-secretarias\/\" title=\"\u00d3rg\u00e3os de primeiro escal\u00e3o, respons\u00e1veis pela supervis\u00e3o e articula\u00e7\u00e3o das atividades das respectivas \u00e1reas de atua\u00e7\u00e3o, cabendo-lhes especificamente exercerem dentro do seu espa\u00e7o institucional, pol\u00edtico e administrativo, a formula\u00e7\u00e3o das pol\u00edticas e diretrizes, a coordena\u00e7\u00e3o de sua execu\u00e7\u00e3o e a supervis\u00e3o geral das entidades jurisdicionadas.\">Secretarias<\/a><\/td>\n<td align=\"center\" style=\"background-color: rgb(187, 232, 255);\" valign=\"center\" width=\"14%\"><a href=\"https:\/\/goias.gov.br\/administracao\/siga-agencias\/\" title=\"Entidades com personalidade jur\u00eddica de direito p\u00fablico, patrim\u00f4nio e receita pr\u00f3prios e capacidade de auto-administra\u00e7\u00e3o sob controle estatal, para executar atividades e servi\u00e7os do Poder P\u00fablico que, para melhor desempenho, requeiram gest\u00e3o administrativa e financeira descentralizada.\">Ag&ecirc;ncias\/Autarquias<\/a><\/td>\n<td align=\"center\" style=\"background-color: rgb(187, 232, 255);\" valign=\"center\" width=\"14%\"><a href=\"?option=com_content&amp;view=article&amp;id=20126\" title=\"Entidade com personalidade jur\u00eddica de direito p\u00fablico, patrim\u00f4nio e receita pr\u00f3prios e capacidade de auto-administra\u00e7\u00e3o, sob controle estatal, para desenvolver atividades assistenciais, culturais, educacionais, de estudos e pesquisas, ou de apoio \u00e0s referidas atividades\">Funda&ccedil;&atilde;o<\/a><\/td>\n<td align=\"center\" style=\"background-color: rgb(187, 232, 255);\" valign=\"center\" width=\"14%\"><a href=\"https:\/\/goias.gov.br\/administracao\/siga-sociedades\/\" title=\"Entidades institu\u00eddas sob a forma de sociedade por a\u00e7\u00f5es, tendo em sua denomina\u00e7\u00e3o \u2018Companhia\u2019 ou \u2018S.A.\u2019 (sociedade an\u00f4nima), com o objetivo de realizar atividade econ\u00f4mica ou servi\u00e7o de interesse coletivo.\">Sociedades de Economia Mista<\/a><\/td>\n<td align=\"center\" style=\"background-color: rgb(187, 232, 255);\" valign=\"center\" width=\"14%\"><a href=\"https:\/\/goias.gov.br\/administracao\/siga-conselhos\/\" title=\"\u00d3rg\u00e3os colegiados, que atuam e decidem pela manifesta\u00e7\u00e3o conjunta e majorit\u00e1ria da vontade de seus membros compostos por representantes do Poder P\u00fablico e da sociedade civil. S\u00e3o de natureza normativa, deliberativa, consultiva ou fiscalizadora.\">Conselhos Estaduais<\/a><\/td>\n<\/tr>\n<\/tbody>\n<\/table>\n<p>&nbsp;<\/p>\n<p><strong>Secretaria de Estado da Sa&uacute;de &#8211; SES<\/strong>&nbsp;<\/p>\n<p>&nbsp;<\/p>\n<p><span style=\"color: rgb(0, 0, 255);\"><a href=\"https:\/\/goias.gov.br\/administracao\/2011\/07\/19\/ses-1\/\"><span style=\"color: rgb(0, 0, 255);\">Dados Gerais<\/span><\/a><\/span>&nbsp;|&nbsp;<span style=\"color: rgb(0, 0, 255);\"><a href=\"https:\/\/goias.gov.br\/administracao\/2011\/07\/19\/ses-regulamento\/\"><span style=\"color: rgb(0, 0, 255);\">Compet&ecirc;ncias<\/span><\/a><\/span>&nbsp;|&nbsp;<span style=\"color: rgb(0, 0, 255);\"><a href=\"https:\/\/goias.gov.br\/administracao\/2011\/07\/19\/ses-4\/\"><span style=\"color: rgb(0, 0, 255);\">Legisla&ccedil;&atilde;o<\/span><\/a><\/span>&nbsp;|&nbsp;<span style=\"color: rgb(0, 0, 255);\"><a href=\"https:\/\/goias.gov.br\/administracao\/2011\/07\/19\/secretaria-de-estado-da-saude-ses-fundos\/\"><span style=\"color: rgb(0, 0, 255);\">Fundos<\/span><\/a><\/span>&nbsp;|&nbsp;<span style=\"color: rgb(0, 0, 255);\"><a href=\"https:\/\/goias.gov.br\/escoladegoverno\/wp-content\/uploads\/sites\/27\/files\/GEMOG\/New-Folder\/SAUDE05-09.pdf\" rel=\"noopener noreferrer\" target=\"_blank\" title=\"\"><span style=\"color: rgb(0, 0, 255);\"><u>Organograma<\/u><\/span><\/a><\/span><span style=\"color: rgb(0, 0, 255);\"><\/span><span>&nbsp;|&nbsp;<\/span><span style=\"color: rgb(0, 0, 255);\"><a href=\"https:\/\/goias.gov.br\/administracao\/2016\/11\/10\/secretaria-de-estado-da-saude-ses-grupo-executivo\/\"><span style=\"color: rgb(0, 0, 255);\">Grupo Executivo<\/span><\/a><\/span><\/p>\n<p>&nbsp;<\/p>\n<p><strong>Legisla&ccedil;&atilde;o:<\/strong><\/p>\n<p>&nbsp;<\/p>\n<p>&#8211; <a href=\"http:\/\/www.gabinetecivil.go.gov.br\/pagina_decretos.php?id=848\" target=\"_blank\" rel=\"noopener\"><span style=\"color: rgb(0, 0, 255);\">Decreto n&ordm; 6.242, 14 de setembro de 2.005<\/span><\/a> &#8211; Revoga o <a href=\"http:\/\/www.gabinetecivil.go.gov.br\/pagina_decretos.php?id=4914\" target=\"_blank\" rel=\"noopener\"><span style=\"color: rgb(0, 0, 255);\">Decreto n&ordm; 5.487, de 25 de setembro de 2.001<\/span><\/a>.<\/p>\n<p>&nbsp;<\/p>\n<p>&#8211; <a href=\"http:\/\/www.gabinetecivil.go.gov.br\/pagina_leis.php?id=907\" target=\"_blank\" rel=\"noopener\"><span style=\"color: rgb(0, 0, 255);\">Lei n&ordm; 15.337, de 01 de setembro de 2005<\/span><\/a> &#8211; Disp&otilde;e sobre o Quadro Permanente e o Plano de Cargos e Remunera&ccedil;&atilde;o dos Servidores da Secretaria de Estado da Sa&uacute;de, e d&aacute; outras provid&ecirc;ncias.<\/p>\n<p>&nbsp;<\/p>\n<p>&#8211; <a href=\"http:\/\/www.gabinetecivil.go.gov.br\/pagina_leis.php?id=382\" target=\"_blank\" rel=\"noopener\"><span style=\"color: rgb(0, 0, 255);\">Lei n&ordm; 15.260, de 15 de julho de 2.005<\/span><\/a> &ndash; Cria a Escola Estadual de Sa&uacute;de P&uacute;blica de Goi&aacute;s, C&acirc;ndido Santiago &#8211; ESAP\/GO, o Fundo Especial de sua manuten&ccedil;&atilde;o e o Cargo Comissionado que Menciona, introduz altera&ccedil;&otilde;es no Anexo XVII da <a href=\"http:\/\/www.gabinetecivil.go.gov.br\/pagina_leis.php?id=7029\" target=\"_blank\" rel=\"noopener\"><span style=\"color: rgb(0, 0, 255);\">Lei Delegada n&ordm; 08, de 15 de outubro de 2003<\/span><\/a>, e d&aacute; outras provid&ecirc;ncias.<\/p>\n<p>&nbsp;<\/p>\n<p>&#8211; <a href=\"http:\/\/www.gabinetecivil.go.gov.br\/pagina_leis.php?id=270\" target=\"_blank\" rel=\"noopener\"><span style=\"color: rgb(0, 0, 255);\">Lei n&ordm; 15.244 , de 15 de Julho de 2005<\/span><\/a> &#8211; Altera o art. 2o da <a href=\"http:\/\/www.gabinetecivil.go.gov.br\/pagina_leis.php?id=1473\" target=\"_blank\" rel=\"noopener\"><span style=\"color: rgb(0, 0, 255);\">Lei n&ordm; 15.071, de 29 de dezembro de 2.004<\/span><\/a>.<\/p>\n<p>\n&bull; A Junta M&eacute;dica institu&iacute;da pelo art. 1o ser&aacute; composta por 5 (cinco) m&eacute;dicos nas especialidades oncologia, hematologia, dermatologia, oftalmologia e medicina nuclear, integrantes do Quadro de Servidores da Secretaria da Sa&uacute;de ou cedidos pelo Minist&eacute;rio da Sa&uacute;de &agrave; referida Secretaria.<\/p>\n<p>&nbsp;<\/p>\n<p>&#8211; <a href=\"http:\/\/www.gabinetecivil.go.gov.br\/pagina_leis.php?id=1473\" target=\"_blank\" rel=\"noopener\"><span style=\"color: rgb(0, 0, 255);\">Lei n&ordm; 15.071, de 29 de dezembro de 2.004<\/span><\/a> &ndash; Institui na Secretaria da Sa&uacute;de &agrave; Junta M&eacute;dica Oficial Espec&iacute;fica com vista ao atendimento da Lei Federal n&ordm; 9.425, de 24 de dezembro de 1.996.<\/p>\n<p>&nbsp;<\/p>\n<p>&#8211; <a href=\"http:\/\/www.gabinetecivil.go.gov.br\/pagina_leis.php?id=1302\" target=\"_blank\" rel=\"noopener\"><span style=\"color: rgb(0, 0, 255);\">Lei n. &ordm; 14.901, de 29 de julho de 2.004<\/span><\/a> &ndash; Introduz altera&ccedil;&otilde;es na <a href=\"http:\/\/www.gabinetecivil.go.gov.br\/pagina_leis.php?id=4538\" target=\"_blank\" rel=\"noopener\"><span style=\"color: rgb(0, 0, 255);\">Lei n.&ordm; 11.719, de 15 de maio de 1.992<\/span><\/a>, que disp&otilde;e sobre Plano de Carreira, Cargos e Vencimentos da Secretaria da Sa&uacute;de &ndash; SES.<\/p>\n<p>&nbsp;<\/p>\n<p>&#8211; <a href=\"http:\/\/www.gabinetecivil.go.gov.br\/pagina_leis.php?id=1150\" target=\"_blank\" rel=\"noopener\"><span style=\"color: rgb(0, 0, 255);\">Lei n. &ordm; 14.745, de 20 de abril de 2004<\/span><\/a> &#8211; Altera a <a href=\"http:\/\/www.gabinetecivil.go.gov.br\/pagina_leis.php?id=7707\" target=\"_blank\" rel=\"noopener\"><span style=\"color: rgb(0, 0, 255);\">Lei n&ordm; 13.456, de 16 de abril de 1999<\/span><\/a>, com a finalidade de introduzir modifica&ccedil;&otilde;es na estrutura b&aacute;sica da Secretaria da Sa&uacute;de &#8211; SES (&sect; 2&ordm;, art. 1&ordm;).<\/p>\n<p>&nbsp;<\/p>\n<p>&#8211; <a href=\"http:\/\/www.gabinetecivil.go.gov.br\/pagina_leis.php?id=7025\" target=\"_blank\" rel=\"noopener\"><span style=\"color: rgb(0, 0, 255);\">Lei delegada &ordm; 10, de 21 de outubro de 2.003<\/span><\/a> &ndash; Institui fun&ccedil;&otilde;es comissionadas no &acirc;mbito da Administra&ccedil;&atilde;o direta, aut&aacute;rquica e fundacional do Poder Executivo e fixa os valores das gratifica&ccedil;&otilde;es que lhe s&atilde;o correspondentes (art. 6&ordm;).<\/p>\n<p>&nbsp;<\/p>\n<p>&#8211; <a href=\"http:\/\/www.gabinetecivil.go.gov.br\/pagina_leis.php?id=7029\" target=\"_blank\" rel=\"noopener\"><span style=\"color: rgb(0, 0, 255);\">Lei Delegada n&ordm; 08, de 15 de outubro de 2003<\/span><\/a> &ndash; Cria unidades administrativas complementares nos &oacute;rg&atilde;os e nas entidades que especifica e d&aacute; outras provid&ecirc;ncias.<\/p>\n<p>\n&bull; Cria cargos de gerentes, supervisores e outros.<\/p>\n<p>\n&bull; Anexo XVII define a estrutura complementar centralizada e descentralizada da Secretaria de Estado da Sa&uacute;de.<\/p>\n<p>\n&bull; Anexo XXXVIII define os cargos em comiss&atilde;o de Supervisor A, B e C e outros.<\/p>\n<p>&nbsp;<\/p>\n<p>&#8211; <a href=\"http:\/\/www.gabinetecivil.go.gov.br\/pagina_decretos.php?id=1248\" target=\"_blank\" rel=\"noopener\"><span style=\"color: rgb(0, 0, 255);\">Decreto n&ordm; 5.846, de 13 de outubro de 2.003<\/span><\/a> &ndash; Constitui o Grupo de Gest&atilde;o que especifica e d&aacute; outras provid&ecirc;ncias.<\/p>\n<p>&nbsp;<\/p>\n<p>&#8211; <a href=\"http:\/\/www.gabinetecivil.go.gov.br\/pagina_decretos.php?id=1240\" target=\"_blank\" rel=\"noopener\"><span style=\"color: rgb(0, 0, 255);\">Decreto n&ordm; 5.838, de 03 de outubro de 2.003<\/span><\/a> &ndash; Exclui os Ordenadores de Despesas das Secretarias da Educa&ccedil;&atilde;o, Fazenda, Sa&uacute;de e Seguran&ccedil;a P&uacute;blica e Justi&ccedil;a da proibi&ccedil;&atilde;o constante &sect; 2&ordm; do artigo 2&ordm; do <a href=\"http:\/\/www.gabinetecivil.go.gov.br\/pagina_decretos.php?id=1121\" target=\"_blank\" rel=\"noopener\"><span style=\"color: rgb(0, 0, 255);\">Decreto n&ordm; 5.713, de 13 de janeiro de 2.003.<\/span><\/a><\/p>\n<p>&nbsp;<\/p>\n<p>&#8211; <a href=\"http:\/\/www.gabinetecivil.go.gov.br\/pagina_leis.php?id=1505\" target=\"_blank\" rel=\"noopener\"><span style=\"color: rgb(0, 0, 255);\">Lei 14.413, de 10 de abril de 2003<\/span><\/a> &ndash; Cria a Comiss&atilde;o Estadual de Fototerapia de Goi&aacute;s &ndash; CEFITO e d&aacute; outras provid&ecirc;ncias.<\/p>\n<p>\n&bull; Criada no &acirc;mbito da Secretaria da Sa&uacute;de (art. 10).<\/p>\n<p>&nbsp;<\/p>\n<p>&#8211; <a href=\"http:\/\/www.gabinetecivil.go.gov.br\/pagina_decretos.php?id=1123\" target=\"_blank\" rel=\"noopener\"><span style=\"color: rgb(0, 0, 255);\">Decreto n&ordm; 5.715, de 06 de fevereiro de 2.003<\/span><\/a> &ndash; Institui, o Comit&ecirc; Estadual de Mobiliza&ccedil;&atilde;o Contra Dengue e d&aacute; outras provid&ecirc;ncias.<\/p>\n<p>\n&bull; Fica institu&iacute;do no &acirc;mbito da Secretaria da Sa&uacute;de , o Comit&ecirc; Estadual Contra a Dengue.(Art. 1&ordm;)<\/p>\n<p>&nbsp;<\/p>\n<p>&#8211; <a href=\"http:\/\/www.gabinetecivil.go.gov.br\/pagina_leis.php?id=2491\" target=\"_blank\" rel=\"noopener\"><span style=\"color: rgb(0, 0, 255);\">Lei n&ordm; 14.383, de 31 de dezembro de 2.002<\/span><\/a> &ndash; Modifica a organiza&ccedil;&atilde;o administrativa do Poder Executivo e d&aacute; outras provid&ecirc;ncias.<\/p>\n<p>\n&bull; Extingue a Superintend&ecirc;ncia de Gerenciamento das Unidades Hospitalares e Assistenciais da Secretaria de Sa&uacute;de (al&iacute;nea &ldquo;b&rdquo;, inc.IV, art. 1&ordm;).<\/p>\n<p>\n&bull; Altera a denomina&ccedil;&atilde;o de Superintend&ecirc;ncias, pela al&iacute;nea &ldquo;c&rdquo;, inc.IV, Art. 1&ordm;).<\/p>\n<p>\n&bull; Cria a Superintend&ecirc;ncia de Gest&atilde;o, na Secretaria da Sa&uacute;de (al&iacute;nea &ldquo;i&rdquo; inciso. V, art. 1&ordm;).<\/p>\n<p>\n&bull; A Secretaria da Sa&uacute;de passa a contar em sua estrutura, com uma representa&ccedil;&atilde;o da Procuradoria-Geral do Estado (art. 5&ordm;).<\/p>\n<p>&nbsp;<\/p>\n<p>&#8211;&nbsp; <a href=\"http:\/\/www.gabinetecivil.go.gov.br\/pagina_decretos.php?id=4914\" target=\"_blank\" rel=\"noopener\"><span style=\"color: rgb(0, 0, 255);\">Decreto n&ordm; 5.487, de 25 de setembro de 2.001<\/span><\/a> &ndash; Cria junta m&eacute;dica na Superintend&ecirc;ncia Leide das Neves Ferreira.<\/p>\n<p>&nbsp;<\/p>\n<p>&#8211; <a href=\"http:\/\/www.gabinetecivil.go.gov.br\/pagina_decretos.php?id=1525\" target=\"_blank\" rel=\"noopener\"><span style=\"color: rgb(0, 0, 255);\">Decreto n&ordm; 5.425, de 15 de maio de 2.001<\/span><\/a> &ndash; Altera a estrutura organizacional complementar da Secretaria de Sa&uacute;de.<\/p>\n<p>&nbsp;<\/p>\n<p>&#8211; <a href=\"http:\/\/www.gabinetecivil.go.gov.br\/pagina_leis.php?id=2570\" target=\"_blank\" rel=\"noopener\"><span style=\"color: rgb(0, 0, 255);\">Lei n&ordm; 13.657, de 20 de julho de 2.000<\/span><\/a> &ndash; Cria a Superintend&ecirc;ncia de Gerenciamento das Unidades Hospitalares e Assistenciais e d&aacute; outras provid&ecirc;ncias.<\/p>\n<p>\n&bull; Cria o cargo de dire&ccedil;&atilde;o de n&iacute;vel superior NDS &ndash; 1 e a compet&ecirc;ncia da Superintend&ecirc;ncia de Gerenciamento das Unidades Hospitalares e Assistenciais ser&aacute; prevista em seu regulamento. (art.1&ordm; e Par&aacute;grafo &Uacute;nico).<\/p>\n<p>&nbsp;<\/p>\n","protected":false},"excerpt":{"rendered":"<p>Fale Conosco SIGA Governadoria Vice-Governadoria Secretarias Ag&ecirc;ncias\/Autarquias Funda&ccedil;&atilde;o Sociedades de Economia Mista Conselhos Estaduais &nbsp; Secretaria de Estado da Sa&uacute;de &#8211; SES&nbsp; &nbsp; Dados Gerais&nbsp;|&nbsp;Compet&ecirc;ncias&nbsp;|&nbsp;Legisla&ccedil;&atilde;o&nbsp;|&nbsp;Fundos&nbsp;|&nbsp;Organograma&nbsp;|&nbsp;Grupo Executivo &nbsp; Legisla&ccedil;&atilde;o: &nbsp; &#8211; Decreto n&ordm; 6.242, 14 de setembro de 2.005 &#8211; Revoga o Decreto n&ordm; 5.487, de 25 de setembro de 2.001. &nbsp; &#8211; Lei n&ordm; 15.337, [&hellip;]<\/p>\n","protected":false},"author":38,"featured_media":31,"comment_status":"closed","ping_status":"open","sticky":false,"template":"","format":"standard","meta":{"footnotes":""},"categories":[117],"tags":[],"class_list":["post-2880","post","type-post","status-publish","format-standard","has-post-thumbnail","hentry","category-orgaos-do-poder-executivo"],"rttpg_featured_image_url":{"full":["https:\/\/goias.gov.br\/administracao\/wp-content\/uploads\/sites\/27\/2011\/07\/logo_padrao-a16.jpg",200,110,false],"landscape":["https:\/\/goias.gov.br\/administracao\/wp-content\/uploads\/sites\/27\/2011\/07\/logo_padrao-a16.jpg",200,110,false],"portraits":["https:\/\/goias.gov.br\/administracao\/wp-content\/uploads\/sites\/27\/2011\/07\/logo_padrao-a16.jpg",200,110,false],"thumbnail":["https:\/\/goias.gov.br\/administracao\/wp-content\/uploads\/sites\/27\/2011\/07\/logo_padrao-a16-150x110.jpg",150,110,true],"medium":["https:\/\/goias.gov.br\/administracao\/wp-content\/uploads\/sites\/27\/2011\/07\/logo_padrao-a16.jpg",200,110,false],"large":["https:\/\/goias.gov.br\/administracao\/wp-content\/uploads\/sites\/27\/2011\/07\/logo_padrao-a16.jpg",200,110,false],"1536x1536":["https:\/\/goias.gov.br\/administracao\/wp-content\/uploads\/sites\/27\/2011\/07\/logo_padrao-a16.jpg",200,110,false],"2048x2048":["https:\/\/goias.gov.br\/administracao\/wp-content\/uploads\/sites\/27\/2011\/07\/logo_padrao-a16.jpg",200,110,false]},"rttpg_author":{"display_name":"gustavomartinsgomes","author_link":"https:\/\/goias.gov.br\/administracao\/author\/gustavomartinsgomes\/"},"rttpg_comment":0,"rttpg_category":"<a href=\"https:\/\/goias.gov.br\/administracao\/categoria\/orgaos-do-poder-executivo\/\" rel=\"category tag\">\u00d3rg\u00e3os do Poder Executivo<\/a>","rttpg_excerpt":"Fale Conosco SIGA Governadoria Vice-Governadoria Secretarias Ag&ecirc;ncias\/Autarquias Funda&ccedil;&atilde;o Sociedades de Economia Mista Conselhos Estaduais &nbsp; Secretaria de Estado da Sa&uacute;de &#8211; SES&nbsp; &nbsp; Dados Gerais&nbsp;|&nbsp;Compet&ecirc;ncias&nbsp;|&nbsp;Legisla&ccedil;&atilde;o&nbsp;|&nbsp;Fundos&nbsp;|&nbsp;Organograma&nbsp;|&nbsp;Grupo Executivo &nbsp; Legisla&ccedil;&atilde;o: &nbsp; &#8211; Decreto n&ordm; 6.242, 14 de setembro de 2.005 &#8211; Revoga o Decreto n&ordm; 5.487, de 25 de setembro de 2.001. &nbsp; &#8211; Lei n&ordm; 15.337,&hellip;","_links":{"self":[{"href":"https:\/\/goias.gov.br\/administracao\/wp-json\/wp\/v2\/posts\/2880","targetHints":{"allow":["GET"]}}],"collection":[{"href":"https:\/\/goias.gov.br\/administracao\/wp-json\/wp\/v2\/posts"}],"about":[{"href":"https:\/\/goias.gov.br\/administracao\/wp-json\/wp\/v2\/types\/post"}],"author":[{"embeddable":true,"href":"https:\/\/goias.gov.br\/administracao\/wp-json\/wp\/v2\/users\/38"}],"replies":[{"embeddable":true,"href":"https:\/\/goias.gov.br\/administracao\/wp-json\/wp\/v2\/comments?post=2880"}],"version-history":[{"count":1,"href":"https:\/\/goias.gov.br\/administracao\/wp-json\/wp\/v2\/posts\/2880\/revisions"}],"predecessor-version":[{"id":14221,"href":"https:\/\/goias.gov.br\/administracao\/wp-json\/wp\/v2\/posts\/2880\/revisions\/14221"}],"wp:featuredmedia":[{"embeddable":true,"href":"https:\/\/goias.gov.br\/administracao\/wp-json\/wp\/v2\/media\/31"}],"wp:attachment":[{"href":"https:\/\/goias.gov.br\/administracao\/wp-json\/wp\/v2\/media?parent=2880"}],"wp:term":[{"taxonomy":"category","embeddable":true,"href":"https:\/\/goias.gov.br\/administracao\/wp-json\/wp\/v2\/categories?post=2880"},{"taxonomy":"post_tag","embeddable":true,"href":"https:\/\/goias.gov.br\/administracao\/wp-json\/wp\/v2\/tags?post=2880"}],"curies":[{"name":"wp","href":"https:\/\/api.w.org\/{rel}","templated":true}]}}