

{"id":2834,"date":"2012-02-29T11:02:09","date_gmt":"2012-02-29T14:02:09","guid":{"rendered":"http:\/\/localhost\/multisites\/sead\/2012\/02\/29\/glossario-tecnico\/"},"modified":"2023-10-18T16:29:39","modified_gmt":"2023-10-18T19:29:39","slug":"glossario-tecnico","status":"publish","type":"post","link":"https:\/\/goias.gov.br\/administracao\/glossario-tecnico\/","title":{"rendered":"Gloss\u00e1rio T\u00e9cnico"},"content":{"rendered":"<p><img fetchpriority=\"high\" decoding=\"async\" class=\" size-full wp-image-2832\" src=\"https:\/\/goias.gov.br\/administracao\/wp-content\/uploads\/sites\/27\/2012\/02\/capaorcamento-814.png\" alt=\"\" width=\"300\" height=\"190\" \/><\/p>\n<p style=\"text-align: left;\"><span style=\"text-decoration: underline;\"><strong><img decoding=\"async\" class=\" size-full wp-image-2833\" src=\"https:\/\/goias.gov.br\/administracao\/wp-content\/uploads\/sites\/27\/2012\/02\/capaorcamento-70b.png\" alt=\"\" width=\"300\" height=\"190\" \/><\/strong><\/span><\/p>\n<p style=\"text-align: center;\">\u00a0<\/p>\n<p style=\"text-align: center;\">\u00a0<\/p>\n<p>Elaborado pela: Ger\u00eancia de Elabora\u00e7\u00e3o e Programa\u00e7\u00e3o Or\u00e7ament\u00e1ria<\/p>\n<p>e-mail: sor@segplan.go.gov.br<\/p>\n<p>Fontes: STN Fazenda \/ Senado<\/p>\n<p><span style=\"text-decoration: underline; color: #0000ff;\"><a href=\"http:\/\/www.sgc.goias.gov.br\/upload\/arquivos\/2012-02\/glossario-tecnico-2012.pdf\" target=\"_blank\" rel=\"noopener\"><span style=\"color: #0000ff; text-decoration: underline;\">Baixe aqui a este Gloss\u00e1rio em PDF<\/span><\/a><\/span><\/p>\n<p>\u00a0<\/p>\n<p>\u00a0<\/p>\n<p>\u00a0<\/p>\n<table style=\"width: 100%;\" border=\"1\">\n<tbody>\n<tr>\n<td style=\"text-align: center;\" colspan=\"21\"><strong><a name=\"topo\"><\/a>\u00cdndice (clique na letra para acessar o trecho correspondente)<\/strong><\/td>\n<\/tr>\n<tr>\n<td style=\"background-color: #225edc; text-align: center; width: 4.7%;\">\n<p><a href=\"#a\"><span style=\"color: #ffffff;\"><strong>A<\/strong><\/span><\/a><\/p>\n<\/td>\n<td style=\"background-color: #225edc; text-align: center; width: 4.7%;\">\n<p><a href=\"#b\"><span style=\"color: #ffffff;\"><strong>B<\/strong><\/span><\/a><\/p>\n<\/td>\n<td style=\"background-color: #225edc; text-align: center; width: 4.7%;\">\n<p><a href=\"#c\"><span style=\"color: #ffffff;\"><strong>C<\/strong><\/span><\/a><\/p>\n<\/td>\n<td style=\"background-color: #225edc; text-align: center; width: 4.7%;\">\n<p><a href=\"#d\"><span style=\"color: #ffffff;\"><strong>D<\/strong><\/span><\/a><\/p>\n<\/td>\n<td style=\"background-color: #225edc; text-align: center; width: 4.7%;\">\n<p><a href=\"#e\"><span style=\"color: #ffffff;\"><strong>E<\/strong><\/span><\/a><\/p>\n<\/td>\n<td style=\"background-color: #225edc; text-align: center; width: 4.7%;\">\n<p><a href=\"#f\"><span style=\"color: #ffffff;\"><strong>F<\/strong><\/span><\/a><\/p>\n<\/td>\n<td style=\"background-color: #225edc; text-align: center; width: 4.7%;\">\n<p><a href=\"#g\"><span style=\"color: #ffffff;\"><strong>G<\/strong><\/span><\/a><\/p>\n<\/td>\n<td style=\"background-color: #225edc; text-align: center; width: 4.7%;\">\n<p><a href=\"#h\"><span style=\"color: #ffffff;\"><strong>H<\/strong><\/span><\/a><\/p>\n<\/td>\n<td style=\"background-color: #225edc; text-align: center; width: 4.7%;\">\n<p><a href=\"#i\"><span style=\"color: #ffffff;\"><strong>I<\/strong><\/span><\/a><\/p>\n<\/td>\n<td style=\"background-color: #225edc; text-align: center; width: 4.7%;\">\n<p><a href=\"#j\"><span style=\"color: #ffffff;\"><strong>J<\/strong><\/span><\/a><\/p>\n<\/td>\n<td style=\"background-color: #225edc; text-align: center; width: 4.7%;\">\n<p><a href=\"#l\"><span style=\"color: #ffffff;\"><strong>L<\/strong><\/span><\/a><\/p>\n<\/td>\n<td style=\"background-color: #225edc; text-align: center; width: 4.8%;\">\n<p><a href=\"#m\"><span style=\"color: #ffffff;\"><strong>M<\/strong><\/span><\/a><\/p>\n<\/td>\n<td style=\"background-color: #225edc; text-align: center; width: 4.7%;\">\n<p><a href=\"#n\"><span style=\"color: #ffffff;\"><strong>N<\/strong><\/span><\/a><\/p>\n<\/td>\n<td style=\"background-color: #225edc; text-align: center; width: 4.7%;\">\n<p><a href=\"#o\"><span style=\"color: #ffffff;\"><strong>O<\/strong><\/span><\/a><\/p>\n<\/td>\n<td style=\"background-color: #225edc; text-align: center; width: 4.7%;\">\n<p><a href=\"#p\"><span style=\"color: #ffffff;\"><strong>P<\/strong><\/span><\/a><\/p>\n<\/td>\n<td style=\"background-color: #225edc; text-align: center; width: 4.8%;\">\n<p><a href=\"#q\"><span style=\"color: #ffffff;\"><strong>Q<\/strong><\/span><\/a><\/p>\n<\/td>\n<td style=\"background-color: #225edc; text-align: center; width: 4.8%;\">\n<p><a href=\"#r\"><span style=\"color: #ffffff;\"><strong>R<\/strong><\/span><\/a><\/p>\n<\/td>\n<td style=\"background-color: #225edc; text-align: center; width: 4.7%;\">\n<p><a href=\"#s\"><span style=\"color: #ffffff;\"><strong>S<\/strong><\/span><\/a><\/p>\n<\/td>\n<td style=\"background-color: #225edc; text-align: center; width: 4.7%;\">\n<p><a href=\"#t\"><span style=\"color: #ffffff;\"><strong>T<\/strong><\/span><\/a><\/p>\n<\/td>\n<td style=\"background-color: #225edc; text-align: center; width: 4.7%;\">\n<p><a href=\"#u\"><span style=\"color: #ffffff;\"><strong>U<\/strong><\/span><\/a><\/p>\n<\/td>\n<td style=\"background-color: #225edc; text-align: center; width: 4.8%;\">\n<p><a href=\"#v\"><span style=\"color: #ffffff;\"><strong>V<\/strong><\/span><\/a><\/p>\n<\/td>\n<\/tr>\n<\/tbody>\n<\/table>\n<p>\u00a0<\/p>\n<p>\u00a0<\/p>\n<p>\u00a0<\/p>\n<table style=\"width: 100%;\" border=\"0\">\n<tbody>\n<tr>\n<td><span style=\"text-decoration: underline; font-size: 18px;\"><strong><a name=\"a\"><\/a>A<\/strong><\/span><\/td>\n<td style=\"text-align: right;\"><a href=\"#topo\">(topo)<\/a><\/td>\n<\/tr>\n<\/tbody>\n<\/table>\n<p>\u00a0<\/p>\n<p><strong>Abertura de Cr\u00e9dito Adicional<\/strong><\/p>\n<p>Corresponde a um ato administrativo, realizado pelo Chefe do Poder Executivo, atrav\u00e9s de Decreto, com base em autoriza\u00e7\u00e3o espec\u00edfica em lei ou em autoriza\u00e7\u00e3o gen\u00e9rica contida no texto da Lei Or\u00e7ament\u00e1ria Anual.<\/p>\n<p>Decreto do Poder Executivo determinando a possibilidade do credito or\u00e7ament\u00e1rio, com base em autoriza\u00e7\u00e3o legislativa espec\u00edfica.<\/p>\n<p>\u00a0<\/p>\n<p><strong>A\u00e7\u00e3o<\/strong><\/p>\n<p>Instrumento de programa\u00e7\u00e3o para alcan\u00e7ar o objetivo de um programa envolvendo um conjunto de opera\u00e7\u00f5es, das quais resulta um produto, sendo classificada de:<\/p>\n<p>Projeto: quando o produto concorre para expans\u00e3o ou aperfei\u00e7oamento da a\u00e7\u00e3o governamental;<\/p>\n<p>Atividade: quando resulta em produto necess\u00e1rio \u00e0 manuten\u00e7\u00e3o da a\u00e7\u00e3o governamental;<\/p>\n<p>Produto: bem ou servi\u00e7o que resulta de uma a\u00e7\u00e3o, destinado a um p\u00fablico-alvo;<\/p>\n<p>Meta: quantidade do produto que se deseja obter, expressa na unidade de medida apropriada.<\/p>\n<p>\u00a0<\/p>\n<p><strong>Adjudica\u00e7\u00e3o<\/strong><\/p>\n<p>Processo atrav\u00e9s do qual se passa uma procura\u00e7\u00e3o a uma terceira parte, um agente fiduci\u00e1rio, dando-se amplos direitos de liquidar seus ativos para satisfazer as reivindica\u00e7\u00f5es de credores. No processo licitat\u00f3rio, \u00e9 a manifesta\u00e7\u00e3o oficial pela proposta mais vantajosa.<\/p>\n<p>\u00a0<\/p>\n<p><strong>Administra\u00e7\u00e3o Direta<\/strong><\/p>\n<p>Parte da Administra\u00e7\u00e3o P\u00fablica que abrange organiza\u00e7\u00f5es estatais desprovidas de personalidade jur\u00eddica pr\u00f3pria, como minist\u00e9rios, secretarias, tribunais etc. Inclui tamb\u00e9m os fundos especiais geridos por \u00f3rg\u00e3o da Administra\u00e7\u00e3o Direta.<\/p>\n<p>Estrutura administrativa de cada um dos Poderes da Uni\u00e3o, dos Estados e dos Munic\u00edpios.<\/p>\n<p>\u00a0<\/p>\n<p><strong>Administra\u00e7\u00e3o Financeira<\/strong><\/p>\n<p>A\u00e7\u00e3o de gerenciar as finan\u00e7as p\u00fablicas privadas.<\/p>\n<p>\u00a0<\/p>\n<p><strong>Administra\u00e7\u00e3o Indireta<\/strong><\/p>\n<p>Parte da Administra\u00e7\u00e3o P\u00fablica que abrange organiza\u00e7\u00f5es estatais que possuem personalidade jur\u00eddica de direito p\u00fablico ou privado, como: Funda\u00e7\u00f5es P\u00fablicas, Autarquias, Empresas P\u00fablicas, Sociedades de Economia Mista.<\/p>\n<p>\u00a0<\/p>\n<p><strong>Administrador P\u00fablico<\/strong><\/p>\n<p>Pessoa encarregada de gerir neg\u00f3cios p\u00fablicos.<\/p>\n<p>\u00a0<\/p>\n<p><strong>Ag\u00eancia financeira oficial de fomento<\/strong><\/p>\n<p>Institui\u00e7\u00f5es financeiras estatais voltadas para o financiamento da atividade produtiva, segundo pol\u00edticas estabelecidas na Lei de Diretrizes Or\u00e7ament\u00e1rias \u2013 LDO.<\/p>\n<p>\u00a0<\/p>\n<p><strong>Ajuste Fiscal<\/strong><\/p>\n<p>Esfor\u00e7o para a redu\u00e7\u00e3o de despesas e\/ou aumento de receitas com a finalidade de se obter determinado patamar de resultado prim\u00e1rio e\/ou nominal, tendo em vista metas pr\u00e9-definidas.<\/p>\n<p>Consiste num documento por meio do qual um estado se prop\u00f5e a adotar a\u00e7\u00f5es que possibilitem alcan\u00e7ar metas ou compromissos relativos a:<\/p>\n<p>\uf0b7 Rela\u00e7\u00e3o d\u00edvida financeira \/ receita l\u00edquida real;<\/p>\n<p>\uf0b7 Resultado prim\u00e1rio;<\/p>\n<p>\uf0b7 Despesas com funcionalismo p\u00fablico;<\/p>\n<p>\uf0b7 Receitas de arrecada\u00e7\u00e3o pr\u00f3pria;<\/p>\n<p>\uf0b7 Reforma do estado e\/ou aliena\u00e7\u00e3o de ativos;<\/p>\n<p>\uf0b7Despesas com investimento. Aliena\u00e7\u00e3o de Bens<\/p>\n<p>Resumindo: \u201cGastar apenas aquilo que arrecada\u201d<\/p>\n<p>Vide: Lei de Responsabilidade Fiscal<\/p>\n<p>\u00a0<\/p>\n<p><strong>Aliena\u00e7\u00e3o de Bens<\/strong><\/p>\n<p>Transfer\u00eancia de dom\u00ednio de bens a terceiros e\/ou venda de bens e direitos.<\/p>\n<p>\u00a0<\/p>\n<p><strong>Alocar<\/strong><\/p>\n<p>Destinar recursos or\u00e7ament\u00e1rios a um fim espec\u00edfico ou a uma entidade.<\/p>\n<p>\u00a0<\/p>\n<p><strong>Amortiza\u00e7\u00e3o<\/strong><\/p>\n<p>Parcela referente ao pagamento do valor principal do empr\u00e9stimo ou financiamento.<\/p>\n<p>\u00a0<\/p>\n<p><strong>Amortiza\u00e7\u00e3o da D\u00edvida<\/strong><\/p>\n<p>Despesas com o pagamento do principal e da atualiza\u00e7\u00e3o monet\u00e1ria e cambial referente a opera\u00e7\u00f5es de cr\u00e9dito internas e externas contratadas.<\/p>\n<p>\u00c9 classificada como grupo de natureza de despesa 6.<\/p>\n<p>\u00a0<\/p>\n<p><strong>Amortiza\u00e7\u00e3o de Empr\u00e9stimos<\/strong><\/p>\n<p>Extin\u00e7\u00e3o gradativa de uma d\u00edvida por meio de pagamento parcelado. As parcelas de amortiza\u00e7\u00e3o s\u00e3o tamb\u00e9m conhecidas como principal da d\u00edvida e\/ou receitas decorrentes do retorno de valores anteriormente emprestados a outras entidades de direito p\u00fablico.<\/p>\n<p>\u00a0<\/p>\n<p><strong>Anexo de metas fiscais<\/strong><\/p>\n<p>Anexo \u00e0 Lei de Diretrizes Or\u00e7ament\u00e1rias em que s\u00e3o estabelecidas metas anuais relativas a receitas, despesas, resultados nominal e prim\u00e1rio e montante da d\u00edvida p\u00fablica.<\/p>\n<p>\u00a0<\/p>\n<p><strong>Anexo de riscos fiscais<\/strong><\/p>\n<p>Anexo \u00e0 Lei de Diretrizes Or\u00e7ament\u00e1rias em que s\u00e3o avaliados os passivos contingentes e outros riscos capazes de afetar as contas p\u00fablicas.<\/p>\n<p>\u00a0<\/p>\n<p><strong>Ano Financeiro<\/strong><\/p>\n<p>O mesmo que Exerc\u00edcio Financeiro.<\/p>\n<p>\u00a0<\/p>\n<p><strong>Antecipa\u00e7\u00e3o da Receita<\/strong><\/p>\n<p>Processo pelo qual o tesouro p\u00fablico pode contrair uma d\u00edvida por \u201cantecipa\u00e7\u00e3o da receita prevista\u201d, a qual ser\u00e1 liquidada quando efetivada a entrada de numer\u00e1rio.<\/p>\n<p>\u00a0<\/p>\n<p><strong>Anterioridade tribut\u00e1ria<\/strong><\/p>\n<p>Princ\u00edpio que veda a cobran\u00e7a de um tributo no mesmo exerc\u00edcio financeiro em que haja sido publicada a lei que o instituiu ou aumentou.<\/p>\n<p>\u00a0<\/p>\n<p><strong>Anualidade do Or\u00e7amento<\/strong><\/p>\n<p>Princ\u00edpio or\u00e7ament\u00e1rio que estabelece a periodicidade de um ano para as estimativas da receita e fixa\u00e7\u00e3o da despesa, podendo coincidir ou n\u00e3o com o ano civil.<\/p>\n<p>\u00a0<\/p>\n<p><strong>Anualidade do Tributo<\/strong><\/p>\n<p>Princ\u00edpio pelo qual um tributo s\u00f3 pode ser cobrado, se houver, para tanto, autoriza\u00e7\u00e3o or\u00e7ament\u00e1ria.<\/p>\n<p>\u00a0<\/p>\n<p><strong>Anula\u00e7\u00e3o do Empenho<\/strong><\/p>\n<p>Cancelamento total ou parcial de import\u00e2ncia empenhada.<\/p>\n<p>\u00a0<\/p>\n<p><strong>Anula\u00e7\u00e3o do Destaque ou Provis\u00e3o<\/strong><\/p>\n<p>Ato de tornar sem efeito cr\u00e9dito concedido pelo destaque ou provis\u00e3o. Poder\u00e1 ser total ou parcial e somente poder\u00e1 ser efetuada pela unidade respons\u00e1vel pela descentraliza\u00e7\u00e3o nas seguintes situa\u00e7\u00f5es: quando houver engano no valor do cr\u00e9dito descentralizado ou necessidade de reduzi-lo; quando houver altera\u00e7\u00e3o or\u00e7ament\u00e1ria que justifique a provid\u00eancia; quando se tornar necess\u00e1ria a compress\u00e3o de despesa; quando houver cancelamento do ato que lhe deu origem; ou quando a provis\u00e3o ou destaque tiver sido feito indevidamente ou inadequadamente.<\/p>\n<p>\u00a0<\/p>\n<p><strong>Aplica\u00e7\u00e3o direta<\/strong><\/p>\n<p>Modalidade de aplica\u00e7\u00e3o em que a administra\u00e7\u00e3o p\u00fablica utiliza diretamente os recursos consignados no or\u00e7amento, sem transferi-los a entidades p\u00fablicas ou privadas.<\/p>\n<p>\u00a0<\/p>\n<p><strong>Aplicadora (Unidade)<\/strong><\/p>\n<p>O mesmo que Unidade Aplicadora.<\/p>\n<p>\u00a0<\/p>\n<p><strong>Ap\u00f3lices<\/strong><\/p>\n<p>1 \u2013 T\u00edtulo representativo da d\u00edvida p\u00fablica de obriga\u00e7\u00e3o civil e\/ou mercantil<\/p>\n<p>2 \u2013 Certificado escrito de uma obriga\u00e7\u00e3o mercantil<\/p>\n<p>3 \u2013 A\u00e7\u00e3o de companhia<\/p>\n<p>4 \u2013 A\u00e7\u00e3o de sociedades an\u00f4nimas<\/p>\n<p>5 \u2013 Documento que formaliza o contrato de seguro<\/p>\n<p>\u00a0<\/p>\n<p><strong>Arrecada\u00e7\u00e3o<\/strong><\/p>\n<p>Um dos est\u00e1gios da receita. \u00c9 o momento em que os contribuintes comparecem perante aos agentes arrecadadores a fim de liquidarem suas obriga\u00e7\u00f5es para com o Estado.<\/p>\n<p>\u00a0<\/p>\n<p><strong>Arrendamento (Mercantil) ou \u201cLeasing\u201d<\/strong><\/p>\n<p>Despesas de loca\u00e7\u00e3o, com op\u00e7\u00e3o de compra ao final do contrato (leasing) de equipamentos, bens m\u00f3veis, equipamentos de inform\u00e1tica e ve\u00edculos.<\/p>\n<p>\u00a0<\/p>\n<p><strong>Atividade<\/strong><\/p>\n<p>Tipo de a\u00e7\u00e3o que envolve um conjunto de opera\u00e7\u00f5es que se realizam de modo cont\u00ednuo e permanente, contribuindo para a manuten\u00e7\u00e3o da atua\u00e7\u00e3o governamental. (Ver \u201ca\u00e7\u00e3o\u201d).<\/p>\n<p>\u00a0<\/p>\n<p><strong>Ativo<\/strong><\/p>\n<p>Qualquer bem, direito e valores que integram o patrim\u00f4nio de um \u00f3rg\u00e3o, empresa ou pessoa.<\/p>\n<p>Exemplo: im\u00f3veis, dinheiro aplicado, a\u00e7\u00f5es, j\u00f3ias, etc.<\/p>\n<p>\u00a0<\/p>\n<p><strong>Ativo Circulante<\/strong><\/p>\n<p>Disponibilidade de numer\u00e1rio, recursos a receber, antecipa\u00e7\u00f5es de despesa, bem como outros bens e direitos pendentes ou em circula\u00e7\u00e3o, realiz\u00e1veis at\u00e9 o t\u00e9rmino do exerc\u00edcio seguinte.<\/p>\n<p>\u00a0<\/p>\n<p><strong>Ativo Compensado<\/strong><\/p>\n<p>Categoria de Ativo empregada nos Balan\u00e7os Patrimoniais das entidades do setor p\u00fablico regidas pela Lei n\u00ba 4.320, de 17 de mar\u00e7o de 1964.<\/p>\n<p>\u00a0<\/p>\n<p><strong>Ativo financeiro<\/strong><\/p>\n<p>Cr\u00e9ditos e valores realiz\u00e1veis independentemente de autoriza\u00e7\u00e3o or\u00e7ament\u00e1ria e valores numer\u00e1rios. A convers\u00e3o de um ativo financeiro em moeda n\u00e3o conduz ao reconhecimento de receita or\u00e7ament\u00e1ria.<\/p>\n<p>\u00a0<\/p>\n<p><strong>Ativo L\u00edquido<\/strong><\/p>\n<p>Diferen\u00e7a positiva entre o ativo e o passivo.<\/p>\n<p>\u00a0<\/p>\n<p><strong>Ativo Patrimonial<\/strong><\/p>\n<p>Conjunto de valores e cr\u00e9ditos que pertencem a uma entidade.<\/p>\n<p>\u00a0<\/p>\n<p><strong>Ativo Permanente<\/strong><\/p>\n<p>Bens, cr\u00e9ditos e valores cuja mobiliza\u00e7\u00e3o ou aliena\u00e7\u00e3o dependa de autoriza\u00e7\u00e3o legislativa.<\/p>\n<p>Vide: Autoriza\u00e7\u00e3o (Or\u00e7amento)<\/p>\n<p>\u00a0<\/p>\n<p><strong>Ativo Realiz\u00e1vel a Longo Prazo<\/strong><\/p>\n<p>Direitos realiz\u00e1veis normalmente ap\u00f3s o t\u00e9rmino do exerc\u00edcio seguinte.<\/p>\n<p>Vide: Exerc\u00edcio Financeiro<\/p>\n<p>\u00a0<\/p>\n<p><strong>Atribui\u00e7\u00f5es do \u00d3rg\u00e3o Central de Or\u00e7amento<\/strong><\/p>\n<p>Preparar instru\u00e7\u00f5es para elabora\u00e7\u00e3o das propostas or\u00e7ament\u00e1rias; orientar e coordenar as atividades dos \u00f3rg\u00e3os setoriais; analisar e consolidar as propostas or\u00e7ament\u00e1rias dos \u00f3rg\u00e3os setoriais, elaborando a proposta do Estado (SEONET); acompanhar e disciplinar os crit\u00e9rios da execu\u00e7\u00e3o or\u00e7ament\u00e1ria (SIOFI).<\/p>\n<p>\u00a0<\/p>\n<p><strong>Atribui\u00e7\u00f5es do \u00d3rg\u00e3o Setorial de Or\u00e7amento<\/strong><\/p>\n<p>Elaborar a proposta do \u00d3rg\u00e3o; elaborar o programa de trabalho do \u00d3rg\u00e3o; acompanhar o cumprimento do programa de trabalho e realizar a avalia\u00e7\u00e3o f\u00edsico-financeira dos projetos e atividades do \u00d3rg\u00e3o; elaborar e controlar a programa\u00e7\u00e3o de desembolso; disciplinar os crit\u00e9rios da execu\u00e7\u00e3o or\u00e7ament\u00e1ria observadas as normas do \u00f3rg\u00e3o central (SEONET e SIOFI).<\/p>\n<p>\u00a0<\/p>\n<p><strong>Atos Administrativos<\/strong><\/p>\n<p>Medidas postas em pr\u00e1tica para que a administra\u00e7\u00e3o p\u00fablica alcance os seus objetivos.<\/p>\n<p>\u00a0<\/p>\n<p><strong>Audi\u00eancia P\u00fablica<\/strong><\/p>\n<p>Reuni\u00e3o realizada para debates de assunto de interesse p\u00fablico na qual s\u00e3o convidados a expor suas id\u00e9ias representantes de entidades da sociedade organizada, classes empresarial, de trabalhadores e pol\u00edtica e \u00e0 popula\u00e7\u00e3o em geral.<\/p>\n<p>\u00a0<\/p>\n<p><strong>Aumento vegetativo da receita<\/strong><\/p>\n<p>Aquele que se verifica naturalmente, devido, via de regra, ao crescimento econ\u00f4mico, sem altera\u00e7\u00e3o das regras tribut\u00e1rias.<\/p>\n<p>\u00a0<\/p>\n<p><strong>Autarquia<\/strong><\/p>\n<p>Entidade administrativa aut\u00f4noma, criada por lei, com personalidade jur\u00eddica, de direito p\u00fablico, patrim\u00f4nio e receita pr\u00f3prios, para executar atividades t\u00edpicas da Administra\u00e7\u00e3o P\u00fablica.<\/p>\n<p>\u00a0<\/p>\n<p><strong>Aut\u00f3grafo<\/strong><\/p>\n<p>Reda\u00e7\u00e3o final de qualquer proposi\u00e7\u00e3o aprovada pelo Poder Legislativo e em condi\u00e7\u00f5es de serem encaminhada ao Governador para san\u00e7\u00e3o ou veto.<\/p>\n<p>\u00a0<\/p>\n<p><strong>Autoriza\u00e7\u00e3o (Or\u00e7amento)<\/strong><\/p>\n<p>Consentimento dado ao administrador para realizar determinada opera\u00e7\u00e3o de receita ou de despesa p\u00fablica, consignada na Lei Or\u00e7ament\u00e1ria Anual (LOA).<\/p>\n<p>\u00a0<\/p>\n<p><strong>Autoriza\u00e7\u00e3o de despesa<\/strong><\/p>\n<p>Autoriza\u00e7\u00e3o legislativa para a realiza\u00e7\u00e3o de despesa, concedida por meio da lei or\u00e7ament\u00e1ria ou leis e medidas provis\u00f3rias relativas a cr\u00e9ditos adicionais, ou ainda pela lei de diretrizes or\u00e7ament\u00e1rias, no que se refere, no \u00faltimo caso, a execu\u00e7\u00e3o provis\u00f3ria at\u00e9 a aprova\u00e7\u00e3o do or\u00e7amento.<\/p>\n<p>\u00a0<\/p>\n<p><strong>Aux\u00edlio<\/strong><\/p>\n<p>Transfer\u00eancia a entidades p\u00fablicas ou privadas sem fins lucrativos para a realiza\u00e7\u00e3o de despesa de capital, autorizadas na lei or\u00e7ament\u00e1ria.<\/p>\n<p>\u00a0<\/p>\n<p>\u00a0<\/p>\n<table style=\"width: 100%;\" border=\"0\">\n<tbody>\n<tr>\n<td><span style=\"text-decoration: underline; font-size: 18px;\"><strong><a name=\"b\"><\/a>B<\/strong><\/span><\/td>\n<td style=\"text-align: right;\"><a href=\"#topo\">(topo)<\/a><\/td>\n<\/tr>\n<\/tbody>\n<\/table>\n<p>\u00a0<\/p>\n<p><strong>Balan\u00e7o<\/strong><\/p>\n<p>Demonstrativo cont\u00e1bil que apresenta num dado momento, a situa\u00e7\u00e3o do patrim\u00f4nio, do or\u00e7amento e finan\u00e7as de entidade p\u00fablica.<\/p>\n<p>\u00a0<\/p>\n<p><strong>Balan\u00e7o Financeiro<\/strong><\/p>\n<p>Demonstrativo cont\u00e1bil em que se confrontam, num dado momento, as receitas e despesas or\u00e7ament\u00e1rias, bem como os recebimentos e os pagamentos de natureza extra-or\u00e7ament\u00e1ria, conjugados com os saldos em esp\u00e9cie provenientes do exerc\u00edcio anterior, e os que se transferem para o exerc\u00edcio seguinte. A estrutura do balan\u00e7o financeiro permite verificar, no confronto entre receita e despesa, o resultado financeiro do exerc\u00edcio, bem como o saldo em esp\u00e9cie que se transfere para o exerc\u00edcio seguinte, saldo esse que pode ser positivo (super\u00e1vit) ou zero (equil\u00edbrio).<\/p>\n<p>\u00a0<\/p>\n<p><strong>Balan\u00e7o Or\u00e7ament\u00e1rio<\/strong><\/p>\n<p>Demonstrativo cont\u00e1bil em que se confrontam num dado momento, as receitas e despesas previstas na lei or\u00e7ament\u00e1ria com as realizadas. A partir da compara\u00e7\u00e3o entre o previsto e o realizado \u00e9 poss\u00edvel constatar a ocorr\u00eancia de super\u00e1vit, d\u00e9ficit ou equil\u00edbrio or\u00e7ament\u00e1rio.<\/p>\n<p>\u00a0<\/p>\n<p><strong>Balan\u00e7o Patrimonial<\/strong><\/p>\n<p>Demonstrativo cont\u00e1bil que apresenta num dado momento, a situa\u00e7\u00e3o patrimonial da entidade, compreendendo os bens e direitos (que comp\u00f5em o ativo financeiro e o ativo permanente), as obriga\u00e7\u00f5es (que comp\u00f5em o passivo financeiro e o passivo permanente) e as contas de compensa\u00e7\u00e3o, em que ser\u00e3o registrados os bens, valores, obriga\u00e7\u00f5es e situa\u00e7\u00f5es que, mediata ou imediatamente, possam afetar o patrim\u00f4nio da entidade.<\/p>\n<p>\u00a0<\/p>\n<p><strong>Base de C\u00e1lculo<\/strong><\/p>\n<p>Valor sobre o qual \u00e9 aplicada a Al\u00edquota para se determinar o \u201cquantum\u201d do Imposto a Pagar.<\/p>\n<p>\u00a0<\/p>\n<p><strong>BID<\/strong><\/p>\n<p>Banco Interamericano de Desenvolvimento<\/p>\n<p>\u00a0<\/p>\n<p><strong>BIRD<\/strong><\/p>\n<p>Banco Internacional para Reconstru\u00e7\u00e3o e Desenvolvimento<\/p>\n<p>\u00a0<\/p>\n<p><strong>BNDES<\/strong><\/p>\n<p>Banco Nacional de Desenvolvimento Econ\u00f4mico e Social<br \/>O BDNES \u00e9 um \u00f3rg\u00e3o federal, ligado ao Minist\u00e9rio do Desenvolvimento, Ind\u00fastria e Com\u00e9rcio Exterior, cujo objetivo \u00e9 financiar obras e a\u00e7\u00f5es que tenham como benefici\u00e1rio final o povo brasileiro<\/p>\n<p>\u00a0<\/p>\n<p><strong>Bloqueio Or\u00e7ament\u00e1rio<\/strong><\/p>\n<p>Express\u00e3o utilizada no jarg\u00e3o or\u00e7ament\u00e1rio para designar a indisponibilidade de uma dota\u00e7\u00e3o para movimenta\u00e7\u00e3o e empenho, de modo a compatibilizar a execu\u00e7\u00e3o da despesa com a realiza\u00e7\u00e3o de receita e assegurar o cumprimento da meta de resultado fiscal. \u00c9 utilizado, ainda, para tornar indispon\u00edvel dota\u00e7\u00e3o apresentada como fonte de recurso para viabilizar a abertura de cr\u00e9dito suplementar ou especial.<\/p>\n<p>Vide: Contingenciamento<\/p>\n<p>\u00a0<\/p>\n<p><strong>Bitributa\u00e7\u00e3o<\/strong><\/p>\n<p>Ocorr\u00eancia de dois tributos sobre a mesma base de c\u00e1lculo.<\/p>\n<p>\u00a0<\/p>\n<table style=\"width: 100%;\" border=\"0\">\n<tbody>\n<tr>\n<td><span style=\"text-decoration: underline; font-size: 18px;\"><strong><a name=\"c\"><\/a>C<\/strong><\/span><\/td>\n<td style=\"text-align: right;\"><a href=\"#topo\">(topo)<\/a><\/td>\n<\/tr>\n<\/tbody>\n<\/table>\n<p>\u00a0<\/p>\n<p>\u00a0<\/p>\n<p><strong>Cadastro de Conv\u00eanio<\/strong><\/p>\n<p>Cadastramento de conv\u00eanios, bem como suas eventuais altera\u00e7\u00f5es.<\/p>\n<p>\u00a0<\/p>\n<p><strong>Cadastro de Fornecedores<\/strong><\/p>\n<p>Cadastramento dos prestadores de servi\u00e7os e\/ou fornecedores de material e de bens ao servi\u00e7o p\u00fablico.<\/p>\n<p>\u00a0<\/p>\n<p><strong>Cadastro Descritivo<\/strong><\/p>\n<p>Documento que explicita as informa\u00e7\u00f5es necess\u00e1rias para an\u00e1lise do projeto ou atividade.<\/p>\n<p>\u00a0<\/p>\n<p><strong>Campo<\/strong><\/p>\n<p>Atributo de um registro. Cada campo armazena uma informa\u00e7\u00e3o.<\/p>\n<p>\u00a0<\/p>\n<p><strong>Capital Autorizado<\/strong><\/p>\n<p>Limite estatut\u00e1rio de compet\u00eancia da assembl\u00e9ia geral ou do conselho de administra\u00e7\u00e3o para aumentar, independentemente de reforma estatut\u00e1ria, o capital social.<\/p>\n<p>\u00a0<\/p>\n<p><strong>Car\u00eancia<\/strong><\/p>\n<p>Prazo previsto contratualmente, durante o qual n\u00e3o h\u00e1 exig\u00eancia de pagamento da parcela do principal, ou seja, amortiza\u00e7\u00e3o. Normalmente, durante a car\u00eancia o mutu\u00e1rio paga a parcela de juros.<\/p>\n<p>\u00a0<\/p>\n<p><strong>Carga Tribut\u00e1ria<\/strong><\/p>\n<p>Totalidade de tributos que incidem sobre os contribuintes.<\/p>\n<p>\u00a0<\/p>\n<p><strong>Categoria Econ\u00f4mica<\/strong><\/p>\n<p>Classifica\u00e7\u00e3o das receitas e despesas em opera\u00e7\u00f5es correntes ou de capital, objetivando propiciar elementos para uma avalia\u00e7\u00e3o do efeito econ\u00f4mico das transa\u00e7\u00f5es do setor p\u00fablico.<\/p>\n<p>\u00a0<\/p>\n<p><strong>Cau\u00e7\u00e3o<\/strong><\/p>\n<p>Garantia dada ao cumprimento de obriga\u00e7\u00f5es.<\/p>\n<p>\u00a0<\/p>\n<p><strong>Ciclo Or\u00e7ament\u00e1rio<\/strong><\/p>\n<p>Seq\u00fc\u00eancia de fases ou etapas a serem cumpridas:<\/p>\n<p>1 &#8211; Per\u00edodo compreendido entre a elabora\u00e7\u00e3o da proposta or\u00e7ament\u00e1ria e o encerramento do or\u00e7amento;<\/p>\n<p>2 &#8211; Per\u00edodo de tempo necess\u00e1rio para que o or\u00e7amento esgote suas quatro fases: elabora\u00e7\u00e3o, aprova\u00e7\u00e3o, execu\u00e7\u00e3o e controle.<\/p>\n<p>\u00a0<\/p>\n<p><strong>Ciclo or\u00e7ament\u00e1rio ampliado<\/strong><\/p>\n<p>Ciclo institu\u00eddo pela Constitui\u00e7\u00e3o de 1988 que tem in\u00edcio com a elabora\u00e7\u00e3o do plano plurianual, passando pela lei de diretrizes or\u00e7ament\u00e1rias e culminando com a lei or\u00e7ament\u00e1ria anual.<\/p>\n<p>\u00a0<\/p>\n<p><strong>Cidadania<\/strong><\/p>\n<p>Conjunto de direitos e obriga\u00e7\u00f5es existentes entre os indiv\u00edduos e o Estado a que eles pertencem.<\/p>\n<p>\u00a0<\/p>\n<p><strong>Classifica\u00e7\u00e3o da Despesa P\u00fablica<\/strong><\/p>\n<p>Agrupamento da despesa por categorias. Esse agrupamento \u00e9 utilizado para facilitar e padronizar as informa\u00e7\u00f5es que se deseja obter. Pela classifica\u00e7\u00e3o \u00e9 poss\u00edvel visualizar o or\u00e7amento por fun\u00e7\u00e3o, subfun\u00e7\u00e3o, por programa e por projeto\/atividade.<\/p>\n<p>\u00a0<\/p>\n<p><strong>Classifica\u00e7\u00e3o da Receita P\u00fablica<\/strong><\/p>\n<p>Agrupamento de contas de Receitas P\u00fablicas previstas na Lei n\u00ba 4.320, de 17 de mar\u00e7o de 1964 e Portaria Interministerial STN\/SOF N\u00ba 163\/2001.<\/p>\n<p>\u00a0<\/p>\n<p><strong>Classifica\u00e7\u00e3o das Contas P\u00fablicas<\/strong><\/p>\n<p>Agrupamento das contas p\u00fablicas segundo a extens\u00e3o e compreens\u00e3o dos respectivos termos. Qualquer sistema de classifica\u00e7\u00e3o, independentemente do seu \u00e2mbito de atua\u00e7\u00e3o (receita ou despesa), constitui instrumento de planejamento, tomada de decis\u00f5es, comunica\u00e7\u00e3o e controle.<\/p>\n<p>\u00a0<\/p>\n<p><strong>Classifica\u00e7\u00e3o Econ\u00f4mica da Despesa<\/strong><\/p>\n<p>Agrupamento de contas de Receitas P\u00fablicas previstas na Lei n\u00ba 4.320, de 17 de mar\u00e7o de 1964. Sobre a classifica\u00e7\u00e3o da receita vide Art. 12 da citada lei e\/ou Portaria Interministerial STN\/SOF N\u00ba 163\/2001.<\/p>\n<p><strong>O c\u00f3digo da classifica\u00e7\u00e3o da natureza da despesa \u00e9 constitu\u00eddo por oito algarismos, distribu\u00eddos da seguinte forma:<\/strong><\/p>\n<p>\u00a0<\/p>\n<table style=\"width: 100%;\" border=\"1\">\n<tbody>\n<tr>\n<td style=\"text-align: center;\">Categoria Econ\u00f4mica<\/td>\n<td style=\"text-align: center;\">Grupo<\/td>\n<td style=\"text-align: center;\">Modalidade<\/td>\n<td style=\"text-align: center;\">Elemento<\/td>\n<td style=\"text-align: center;\">Subelemento<\/td>\n<\/tr>\n<tr>\n<td style=\"text-align: center;\">x<\/td>\n<td style=\"text-align: center;\">x<\/td>\n<td style=\"text-align: center;\">xx<\/td>\n<td style=\"text-align: center;\">xx<\/td>\n<td style=\"text-align: center;\">xx<\/td>\n<\/tr>\n<\/tbody>\n<\/table>\n<p>\u00a0<\/p>\n<p><strong>Classifica\u00e7\u00e3o Funcional<\/strong><\/p>\n<p>Classifica\u00e7\u00e3o da despesa segundo estrutura de fun\u00e7\u00f5es e subfun\u00e7\u00f5es, que indicam as \u00e1reas de atua\u00e7\u00e3o do governo como sa\u00fade, educa\u00e7\u00e3o, transporte, entre outras. O c\u00f3digo de classifica\u00e7\u00e3o funcional comp\u00f5e-se de cinco algarismos sendo os dois primeiros reservados a fun\u00e7\u00e3o e os tr\u00eas \u00faltimos \u00e0 subfun\u00e7\u00e3o.<\/p>\n<p>\u00a0<\/p>\n<table style=\"width: 100%;\" border=\"1\">\n<tbody>\n<tr>\n<td style=\"text-align: center;\">FUN\u00c7\u00c3O<\/td>\n<td style=\"text-align: center;\">SUBFUN\u00c7\u00c3O<\/td>\n<td style=\"text-align: center;\">PROGRAMA<\/td>\n<td style=\"text-align: center;\">\n<p>P\/A<\/p>\n<\/td>\n<\/tr>\n<tr>\n<td style=\"text-align: center;\">xx<\/td>\n<td style=\"text-align: center;\">xxx<\/td>\n<td style=\"text-align: center;\">xxxx<\/td>\n<td style=\"text-align: center;\">xxxx<\/td>\n<\/tr>\n<\/tbody>\n<\/table>\n<p>\u00a0<\/p>\n<p><strong>Classifica\u00e7\u00e3o Institucional<\/strong><\/p>\n<p>Videncia a distribui\u00e7\u00e3o dos recursos or\u00e7ament\u00e1rios pelos \u00f3rg\u00e3os e unidades or\u00e7ament\u00e1rias respons\u00e1veis pela execu\u00e7\u00e3o. Um \u00f3rg\u00e3o ou uma unidade or\u00e7ament\u00e1ria pode, eventualmente, n\u00e3o corresponder a uma estrutura administrativa, como, por exemplo, \u201cEncargos Financeiros do Estado\u201d e \u201cReserva de Conting\u00eancia\u201d.<\/p>\n<p>\u00a0<\/p>\n<p><strong>Classifica\u00e7\u00e3o Or\u00e7ament\u00e1ria<\/strong><\/p>\n<p>Organiza\u00e7\u00e3o do or\u00e7amento segundo crit\u00e9rios que possibilitam a compreens\u00e3o geral das fun\u00e7\u00f5es desse instrumento, propiciando informa\u00e7\u00f5es para a administra\u00e7\u00e3o, a ger\u00eancia e a tomada de decis\u00f5es. No modelo or\u00e7ament\u00e1rio brasileiro s\u00e3o observadas as seguintes classifica\u00e7\u00f5es:<\/p>\n<p>&#8211; da Despesa: classifica\u00e7\u00e3o institucional, classifica\u00e7\u00e3o funcional program\u00e1tica, natureza da despesa e por fonte de recursos;<\/p>\n<p>&#8211; da Receita: classifica\u00e7\u00e3o por categorias econ\u00f4micas e por grupo de fontes de recursos.<\/p>\n<p>\u00a0<\/p>\n<p><strong>Classifica\u00e7\u00e3o por natureza de despesa<\/strong><\/p>\n<p>Agrupamento de 08 d\u00edgitos constitu\u00eddo pela combina\u00e7\u00e3o da classifica\u00e7\u00e3o da despesa por categoria econ\u00f4mica (1\u00ba d\u00edgito), grupo por natureza da despesa (2\u00ba d\u00edgito), modalidade de aplica\u00e7\u00e3o (3\u00ba e 4\u00ba d\u00edgitos) e elemento de despesa (5\u00ba e 6\u00ba d\u00edgitos).<\/p>\n<p>\u00a0<\/p>\n<p><strong>Cobertura Or\u00e7ament\u00e1ria<\/strong><\/p>\n<p>Exist\u00eancia de Dota\u00e7\u00e3o Or\u00e7ament\u00e1ria para atender despesas com projeto, atividade e opera\u00e7\u00f5es especiais, provenientes de lei or\u00e7ament\u00e1ria ou Cr\u00e9ditos Adicionais (Ver Lei Or\u00e7ament\u00e1ria Anual \u2013 LOA)<\/p>\n<p>\u00a0<\/p>\n<p><strong>C\u00f3digo<\/strong><\/p>\n<p>Conjunto de d\u00edgitos utilizados para individualizar \u00f3rg\u00e3os, institui\u00e7\u00f5es, classifica\u00e7\u00f5es, fontes de recursos, etc.<\/p>\n<p>\u00a0<\/p>\n<p><strong>Compra<\/strong><\/p>\n<p>Toda aquisi\u00e7\u00e3o remunerada de bens e\/ou servi\u00e7os para fornecimento de uma s\u00f3 vez ou parceladamente.<\/p>\n<p>\u00a0<\/p>\n<p><strong>Concorr\u00eancia<\/strong><\/p>\n<p>Modalidade de licita\u00e7\u00e3o entre quaisquer interessados que, na fase de habilita\u00e7\u00e3o, comprovem possuir os requisitos m\u00ednimos de qualifica\u00e7\u00e3o exigidos no edital da licita\u00e7\u00e3o para a execu\u00e7\u00e3o de seu objeto.<\/p>\n<p>\u00a0<\/p>\n<p><strong>Concurso<\/strong><\/p>\n<p>Modalidade de licita\u00e7\u00e3o entre quaisquer interessados, para a escolha de trabalho t\u00e9cnico ou art\u00edstico, mediante a institui\u00e7\u00e3o de pr\u00eamio aos vencedores.<\/p>\n<p>\u00a0<\/p>\n<p><strong>Constitui\u00e7\u00e3o<\/strong><\/p>\n<p>Lei fundamental da organiza\u00e7\u00e3o pol\u00edtica de uma na\u00e7\u00e3o soberana. S\u00e3o normas que determinam a forma de governo, instituem seus poderes p\u00fablicos, regulam as suas fun\u00e7\u00f5es, asseguram as garantias e a independ\u00eancia dos cidad\u00e3os em geral e estabelecem os direitos e deveres essenciais e rec\u00edprocos entre eles e o Estado. No Brasil, a Constitui\u00e7\u00e3o vigente foi promulgada em 1988 e a do Estado de Goi\u00e1s em 1989.<\/p>\n<p>\u00a0<\/p>\n<p><strong>Conta Corrente e Disponibilidade Financeira<\/strong><\/p>\n<p>Conta onde se efetua o registro das opera\u00e7\u00f5es financeiras efetuadas por Unidades Gestoras, \u201con line\u201d, no Sistema Or\u00e7ament\u00e1ria Financeiro &#8211; SIOFI.<\/p>\n<p>\u00a0<\/p>\n<p><strong>Contingenciamento<\/strong><\/p>\n<p>Procedimento empregado pela administra\u00e7\u00e3o para assegurar o equil\u00edbrio or\u00e7ament\u00e1rio, ou seja, assegurar o equil\u00edbrio entre a execu\u00e7\u00e3o das despesas e a disponibilidade efetiva de recursos.<\/p>\n<p>\u00a0<\/p>\n<p><strong>Contrapartida<\/strong><\/p>\n<p>Recursos que o devedor se compromete, contratualmente, a aplicar em um determinado projeto. A cobertura de contrapartida pode efetivar-se por meio de outro empr\u00e9stimo, receita pr\u00f3pria ou dota\u00e7\u00e3o or\u00e7ament\u00e1ria.<\/p>\n<p>\u00a0<\/p>\n<p><strong>Contrato<\/strong><\/p>\n<p>Acordo ou ajuste em que as partes tenham interesses diversos, normalmente opostos, transferindo entre si algum direito ou se sujeitando a alguma obriga\u00e7\u00e3o.<\/p>\n<p>\u00a0<\/p>\n<p><strong>Contribui\u00e7\u00e3o<\/strong><\/p>\n<p>Transfer\u00eancia de recursos para entidades de direito p\u00fablico ou privado, concedida em virtude de lei autorizativa espec\u00edfica, sem exig\u00eancia de contrapresta\u00e7\u00e3o direta em bens ou servi\u00e7os. VER tamb\u00e9m Conv\u00eanio.<\/p>\n<p>\u00a0<\/p>\n<p><strong>Controle da Execu\u00e7\u00e3o Or\u00e7ament\u00e1ria<\/strong><\/p>\n<p>Controle de legalidade dos atos de que resultem arrecada\u00e7\u00e3o da receita ou a realiza\u00e7\u00e3o da despesa e o nascimento ou extin\u00e7\u00e3o de direitos e obriga\u00e7\u00f5es. Envolve, tamb\u00e9m, a fiscaliza\u00e7\u00e3o da fidelidade funcional dos agentes da administra\u00e7\u00e3o respons\u00e1veis por bens e valores p\u00fablicos e do cumprimento do programa de trabalho de realiza\u00e7\u00e3o de obras e presta\u00e7\u00e3o de servi\u00e7os.<\/p>\n<p>\u00a0<\/p>\n<p><strong>Controle Financeiro<\/strong><\/p>\n<p>Compreende a fiscaliza\u00e7\u00e3o da execu\u00e7\u00e3o financeira do or\u00e7amento da receita e da despesa, bem como dos fatos financeiros independentes da execu\u00e7\u00e3o or\u00e7ament\u00e1ria.<\/p>\n<p>\u00a0<\/p>\n<p><strong>Controle Interno<\/strong><\/p>\n<p>Compreende o acompanhamento or\u00e7ament\u00e1rio, financeiro, cont\u00e1bil e patrimonial exercido pelos \u00f3rg\u00e3os p\u00fablicos, internamente, com o objetivo de assegurar economicidade, efici\u00eancia, legalidade, moralidade e publicidade na aplica\u00e7\u00e3o do dinheiro p\u00fablico.<\/p>\n<p>\u00a0<\/p>\n<p><strong>Controle Or\u00e7ament\u00e1rio<\/strong><\/p>\n<p>\u00daltima fase do ciclo or\u00e7ament\u00e1rio. Compreende os controles pol\u00edtico, legal, cont\u00e1bil e o program\u00e1tico. \u00c9 nesse momento que se saber\u00e1 se os recursos p\u00fablicos foram efetivamente empregados.<\/p>\n<p>\u00a0<\/p>\n<p><strong>Convenente<\/strong><\/p>\n<p>\u00d3rg\u00e3o da administra\u00e7\u00e3o direta, aut\u00e1rquica ou fundacional, empresa p\u00fablica ou sociedade de economia mista, de qualquer esfera de governo, ou entidade privada com a qual administra\u00e7\u00e3o federal pactua a transfer\u00eancia de recursos financeiros para execu\u00e7\u00e3o de programa, projeto ou atividade, ou evento mediante a celebra\u00e7\u00e3o de conv\u00eanio.<\/p>\n<p>\u00a0<\/p>\n<p><strong>Conv\u00eanio<\/strong><\/p>\n<p>Instrumento utilizado para formaliza\u00e7\u00e3o do acordo de vontades entre entidades do setor p\u00fablico e, ocasionalmente, entre entidades do setor p\u00fablico e institui\u00e7\u00f5es do setor privado, com vistas \u00e0 realiza\u00e7\u00e3o de programas de trabalho ou de eventos de interesse rec\u00edproco, em regime de m\u00fatua coopera\u00e7\u00e3o.<\/p>\n<p>\u00a0<\/p>\n<p><strong>Cota<\/strong><\/p>\n<p>Modalidade de movimenta\u00e7\u00e3o de recursos financeiros, expressa sob a forma de cr\u00e9dito e alocada \u00e0 disposi\u00e7\u00e3o do \u00f3rg\u00e3o\/entidade SIOFINET-AFT, para a cobertura de custeio administrativo.<\/p>\n<p>\u00a0<\/p>\n<p><strong>Convite<\/strong><\/p>\n<p>Modalidade de licita\u00e7\u00e3o entre interessados dos ramos pertinentes ao seu objeto, cadastrados ou n\u00e3o, escolhidos e convidados em n\u00famero m\u00ednimo de tr\u00eas pela unidade administrativa desde que o montante do fornecimento n\u00e3o exceda ao valor fixado em lei. O edital deve ser afixado em local apropriado e a extens\u00e3o do convite \u00e9 obrigat\u00f3ria aos interessados que se manifestarem at\u00e9 vinte e quatro horas antes do prazo para apresenta\u00e7\u00e3o das propostas.<\/p>\n<p>\u00a0<\/p>\n<p><strong>Cr\u00e9dito Adicional<\/strong><\/p>\n<p>Instrumento de ajuste or\u00e7ament\u00e1rio para corrigir distor\u00e7\u00f5es durante a execu\u00e7\u00e3o do or\u00e7amento. Autoriza\u00e7\u00e3o de despesa n\u00e3o computada ou insuficientemente dotada na lei de or\u00e7amento. Classifica-se em suplementar, especial e extraordin\u00e1rio.<\/p>\n<p>\u00a0<\/p>\n<p><strong>Cr\u00e9dito Especial<\/strong><\/p>\n<p>Modalidade de cr\u00e9dito adicional destinado a despesas para as quais n\u00e3o haja dota\u00e7\u00e3o or\u00e7ament\u00e1ria espec\u00edfica, sendo autorizado por lei e aberto por decreto do Poder Executivo.<\/p>\n<p>\u00a0<\/p>\n<p><strong>Cr\u00e9dito extraordin\u00e1rio<\/strong><\/p>\n<p>Modalidade de cr\u00e9dito adicional destinado ao atendimento de despesas urgentes e imprevis\u00edveis, como em caso de guerra, como\u00e7\u00e3o interna ou calamidade p\u00fablica. \u00c9 autorizado e aberto por medida provis\u00f3ria, podendo ser reaberto no exerc\u00edcio seguinte, nos limites do seu saldo, se o ato que o autorizou tiver sido promulgado nos \u00faltimos quatro meses do exerc\u00edcio.<\/p>\n<p>\u00a0<\/p>\n<p><strong>Cr\u00e9dito Or\u00e7ament\u00e1rio<\/strong><\/p>\n<p>Montante da dota\u00e7\u00e3o or\u00e7ament\u00e1ria alocada a um \u00f3rg\u00e3o, a uma unidade, a um programa, a um projeto etc. Tamb\u00e9m se refere \u00e0 autoriza\u00e7\u00e3o dada pela lei or\u00e7ament\u00e1ria para aplica\u00e7\u00e3o de determinada soma de recursos, discriminada conforme as classifica\u00e7\u00f5es.<\/p>\n<p>\u00a0<\/p>\n<p><strong>Cr\u00e9dito Suplementar<\/strong><\/p>\n<p>Modalidade de cr\u00e9dito adicional destinado ao refor\u00e7o de dota\u00e7\u00e3oor\u00e7ament\u00e1ria j\u00e1 existente no or\u00e7amento. Deve ser autorizado por lei e aberto por decreto do Poder Executivo. Tal autoriza\u00e7\u00e3o pode constar da pr\u00f3pria lei or\u00e7ament\u00e1ria (Lei Or\u00e7ament\u00e1ria Anual).<\/p>\n<p>\u00a0<\/p>\n<p><strong>Cronograma de Desembolso<\/strong><\/p>\n<p>Instrumento pelo qual a unidade or\u00e7ament\u00e1ria projeto no tempo o pagamento das despesas autorizadas na lei or\u00e7ament\u00e1ria relativas a cada item do seu programa de trabalho.<\/p>\n<p>\u00a0<\/p>\n<p>\u00a0<\/p>\n<table style=\"width: 100%;\" border=\"0\">\n<tbody>\n<tr>\n<td><span style=\"text-decoration: underline; font-size: 18px;\"><strong><a name=\"d\"><\/a>D<\/strong><\/span><\/td>\n<td style=\"text-align: right;\"><a href=\"#topo\">(topo)<\/a><\/td>\n<\/tr>\n<\/tbody>\n<\/table>\n<p>\u00a0<\/p>\n<p><strong>Data base<\/strong><\/p>\n<p>Data inicial, estabelecida no contrato, para c\u00e1lculo da varia\u00e7\u00e3o do \u00edndice de custos ou pre\u00e7os.<\/p>\n<p>\u00a0<\/p>\n<p><strong>Decreto<\/strong><\/p>\n<p>Ato de natureza administrativa da compet\u00eancia privativa do Governador do Estado.<\/p>\n<p>\u00a0<\/p>\n<p><strong>Decreto-Lei<\/strong><\/p>\n<p>Decreto com for\u00e7a de lei, que num per\u00edodo anormal de governo \u00e9 expedido pelo chefe de fato do Estado, que concentra em suas m\u00e3os o Poder Legislativo, ent\u00e3o suspenso. Pode, tamb\u00e9m, ser expedido pelo Poder Executivo, em virtude de autoriza\u00e7\u00e3o do Congresso, e com as condi\u00e7\u00f5es e limites que a Constitui\u00e7\u00e3o estabelecer. A Constitui\u00e7\u00e3o de 1988 n\u00e3o prev\u00ea, no processo Legislativo, a figura de Decreto-Lei.<\/p>\n<p>\u00a0<\/p>\n<p><strong>Decurso de Prazo<\/strong><\/p>\n<p>Escoamento do tempo prefixado para um prazo.<\/p>\n<p>\u00a0<\/p>\n<p><strong>Dedu\u00e7\u00e3o (Abatimento)<\/strong><\/p>\n<p>Reconhecimento pela autoridade tribut\u00e1ria da dedutibilidade de certas parcelas do valor tribut\u00e1vel (ex: permitir a exclus\u00e3o de despesas com educa\u00e7\u00e3o, sa\u00fade, etc. da renda bruta auferida por pessoa f\u00edsica em determinado ano); s\u00e3o elementos redutores do montante tribut\u00e1rio.<\/p>\n<p>\u00a0<\/p>\n<p><strong>D\u00e9ficit<\/strong><\/p>\n<p>Excesso de despesa sobre a receita quer na previs\u00e3o, quer na realiza\u00e7\u00e3o.<\/p>\n<p>\u00a0<\/p>\n<p><strong>D\u00e9ficit Financeiro<\/strong><\/p>\n<p>Resultado da maior sa\u00edda de numer\u00e1rio do caixa de uma entidade, em rela\u00e7\u00e3o a entrada, em determinado per\u00edodo de tempo.<\/p>\n<p>\u00a0<\/p>\n<p><strong>D\u00e9ficit Nominal<\/strong><\/p>\n<p>Necessidade de Financiamento do Setor P\u00fablico (NFSP), incluindo os efeitos da corre\u00e7\u00e3o monet\u00e1ria e cambial nas despesas e nas receitas. (Resultado nominal negativo).<\/p>\n<p>\u00a0<\/p>\n<p><strong>D\u00e9ficit Operacional<\/strong><\/p>\n<p>Necessidade de Financiamento do Setor P\u00fablico, excluindo-se da corre\u00e7\u00e3o monet\u00e1ria e cambial nas despesas e nas receitas. (Resultado operacional negativo).<\/p>\n<p>\u00a0<\/p>\n<p><strong>D\u00e9ficit Or\u00e7ament\u00e1rio<\/strong><\/p>\n<p>Situa\u00e7\u00e3o em que as despesas previstas na lei or\u00e7ament\u00e1ria s\u00e3o maiores do que as receitas.<\/p>\n<p>\u00a0<\/p>\n<p><strong>D\u00e9ficit Or\u00e7ament\u00e1rio Bruto<\/strong><\/p>\n<p>Diferen\u00e7a entre as receitas e as despesas de um or\u00e7amento p\u00fablico, n\u00e3o se considerando, nas receitas de capital, as parcelas de receitas a serem obtidas por meio da coloca\u00e7\u00e3o de t\u00edtulos p\u00fablicos ou da contrata\u00e7\u00e3o de opera\u00e7\u00f5es de cr\u00e9dito para o financiamento do d\u00e9ficit.<\/p>\n<p>\u00a0<\/p>\n<p><strong>D\u00e9ficit Patrimonial<\/strong><\/p>\n<p>Situa\u00e7\u00e3o que expressa, por meio do balan\u00e7o patrimonial, que determinada entidade p\u00fablica ou privada tem o ativo menor que o passivo.<\/p>\n<p>\u00a0<\/p>\n<p><strong>D\u00e9ficit Prim\u00e1rio<\/strong><\/p>\n<p>Diferen\u00e7a negativa entre as receitas e as despesas prim\u00e1rias; equivale ao d\u00e9ficit operacional diminu\u00eddo dos encargos financeiros embutidos nas despesas e receitas.<\/p>\n<p>\u00a0<\/p>\n<p><strong>Descentraliza\u00e7\u00e3o de Cr\u00e9dito<\/strong><\/p>\n<p>Transfer\u00eancia de uma unidade or\u00e7ament\u00e1ria ou administrativa para outra, do Poder de utilizar cr\u00e9ditos or\u00e7ament\u00e1rios ou adicionais que estejam sob a sua supervis\u00e3o, ou lhe tenham sido dotados ou transferidos. S\u00e3o opera\u00e7\u00f5es descentralizadoras de cr\u00e9dito: o destaque e a provis\u00e3o.<\/p>\n<p>\u00a0<\/p>\n<p><strong>Descentraliza\u00e7\u00e3o de Recursos Financeiros<\/strong><\/p>\n<p>Movimenta\u00e7\u00e3o de Recursos entre as diversas unidades or\u00e7ament\u00e1rias e administrativas, compreendendo:<\/p>\n<p><strong>Cota<\/strong> \u2013 Cr\u00e9dito colocado \u00e0 disposi\u00e7\u00e3o do \u00f3rg\u00e3o, em conta, na institui\u00e7\u00e3o banc\u00e1ria credenciada como o agente financeiro do Tesouro.<\/p>\n<p><strong>Repasse<\/strong> \u2013 Distribui\u00e7\u00e3o pelo \u00f3rg\u00e3o dos recursos financeiros correspondentes ao seu cr\u00e9dito, para utiliza\u00e7\u00e3o pelas unidades or\u00e7ament\u00e1rias.<\/p>\n<p><strong>Sub-Repasse<\/strong> \u2013 Redistribui\u00e7\u00e3o, pelas unidades or\u00e7ament\u00e1rias, \u00e0s unidades administrativas ou a outras unidades or\u00e7ament\u00e1rias incumbidas de fazer os pagamentos necess\u00e1rios \u00e0 realiza\u00e7\u00e3o de seus programas de trabalho.<\/p>\n<p>\u00a0<\/p>\n<p><strong>Descritor de Projeto e Atividade<\/strong><\/p>\n<p>Informa\u00e7\u00f5es, constantes do cadastro de a\u00e7\u00f5es, sobre como ser\u00e3o alcan\u00e7ados os objetivos dos projetos ou atividades.<\/p>\n<p>\u00a0<\/p>\n<p><strong>Despacho<\/strong><\/p>\n<p>\u00c9 o ato que determina a tramita\u00e7\u00e3o a ser seguida, imp\u00f5e o percurso a ser observado e os \u00f3rg\u00e3os a serem ouvidos.<\/p>\n<p>\u00a0<\/p>\n<p><strong>Despesa<\/strong><\/p>\n<p>Dinheiro ou recursos empregados em uma opera\u00e7\u00e3o.<\/p>\n<p>\u00a0<\/p>\n<p><strong>Despesa Corrente<\/strong><\/p>\n<p>Categoria de classifica\u00e7\u00e3o da despesa que se desdobra em despesa de custeio e transfer\u00eancia corrente; destina-se a promover a execu\u00e7\u00e3o e a manuten\u00e7\u00e3o da a\u00e7\u00e3o governamental e n\u00e3o contribui diretamente para aumentar a capacidade produtiva da economia.<\/p>\n<p>\u00a0<\/p>\n<p><strong>Despesa de Capital<\/strong><\/p>\n<p>Categoria de classifica\u00e7\u00e3o da despesa que se desdobra em investimento, invers\u00e3o financeira e transfer\u00eancia de capital; tem por prop\u00f3sito formar e\/ou adquirir um bem de capital de modo a contribuir para o incremento da capacidade produtiva.<\/p>\n<p>\u00a0<\/p>\n<p><strong>Despesa de Custeio<\/strong><\/p>\n<p>Aquela necess\u00e1ria \u00e0 manuten\u00e7\u00e3o da a\u00e7\u00e3o governamental e \u00e0 presta\u00e7\u00e3o de servi\u00e7o p\u00fablico, tais como: pagamento de pessoal e de servi\u00e7os de terceiros, compra de material de consumo e gasto com reforma e conserva\u00e7\u00e3o de bens m\u00f3veis e im\u00f3veis.<\/p>\n<p>\u00a0<\/p>\n<p><strong>Despesa Empenhada<\/strong><\/p>\n<p>Valor do cr\u00e9dito or\u00e7ament\u00e1rio ou adicional utilizado para fazer face a compromisso assumido.<\/p>\n<p>\u00c9 aquela cujo empenho foi legalmente emitido e que depende da fase de liquida\u00e7\u00e3o, ou seja, do reconhecimento da correspondente despesa.<\/p>\n<p>\u00a0<\/p>\n<p><strong>Despesa Executada<\/strong><\/p>\n<p>Como a realiza\u00e7\u00e3o da despesa p\u00fablica observa tr\u00eas fases distintas (empenho, liquida\u00e7\u00e3o e pagamento) dependendo da an\u00e1lise que se faz a despesa executada pode corresponder a qualquer um dos tr\u00eas agregados.<\/p>\n<p>\u00a0<\/p>\n<p><strong>Despesa Financeira<\/strong><\/p>\n<p>Aquela que cria um direito ou extingue uma obriga\u00e7\u00e3o, ambas de natureza financeira, junto ao setor privado interno e\/ou externo. S\u00e3o exemplos: pagamento de juros e amortiza\u00e7\u00e3o de d\u00edvida; concess\u00e3o de empr\u00e9stimos e financiamentos; aquisi\u00e7\u00e3o de t\u00edtulos de cr\u00e9dito. N\u00e3o pressiona o resultado prim\u00e1rio ou altera o endividamento l\u00edquido do Governo (setor p\u00fablico n\u00e3o financeiro), no exerc\u00edcio financeiro correspondente.<\/p>\n<p>\u00a0<\/p>\n<p><strong>Despesa Prim\u00e1ria<\/strong><\/p>\n<p>Tamb\u00e9m conhecida como despesa n\u00e3o-financeira, corresponde ao conjunto de gastos que possibilita a oferta de servi\u00e7os p\u00fablicos \u00e0 sociedade, deduzida \u00e0s despesas financeiras. S\u00e3o exemplos: os gastos com pessoal, custeio e investimento. Pode ser de natureza obrigat\u00f3ria ou discricion\u00e1ria.<\/p>\n<p>\u00a0<\/p>\n<p><strong>Despesa Processada (Liquidada)<\/strong><\/p>\n<p>\u00c9 aquela cujo empenho foi entregue ao credor, que por sua vez forneceu o material, prestou servi\u00e7o ou ainda executou a obra, e a despesa foi reconhecida.<\/p>\n<p>\u00a0<\/p>\n<p><strong>Despesa P\u00fablica<\/strong><\/p>\n<p>Gasto do Estado com vistas ao atendimento das necessidades coletivas e ao cumprimento das responsabilidades institucionais; constam do or\u00e7amento e requerem pr\u00e9via autoriza\u00e7\u00e3o legislativa.<\/p>\n<p>\u00a0<\/p>\n<p><strong>Despesas de Exerc\u00edcios Anteriores<\/strong><\/p>\n<p>As relativas a exerc\u00edcios encerrados, para as quais o or\u00e7amento respectivo consignava cr\u00e9dito pr\u00f3prio, com dota\u00e7\u00e3o suficiente para atend\u00ea-las, mas que n\u00e3o se tenham processado na \u00e9poca pr\u00f3pria, bem como os restos a pagar com prescri\u00e7\u00e3o interrompida e os compromissos reconhecidos ap\u00f3s o encerramento do exerc\u00edcio correspondente. Poder\u00e3o ser pagos, \u00e0 conta de dota\u00e7\u00e3o espec\u00edfica consignada no or\u00e7amento, discriminada por elemento, obedecida, sempre que poss\u00edvel, a ordem cronol\u00f3gica. (art. 37, Lei n\u00ba 4.320, de 17\/03\/1964).<\/p>\n<p>\u00a0<\/p>\n<p><strong>Destaque de Cr\u00e9dito<\/strong><\/p>\n<p>Transfer\u00eancia, de um \u00f3rg\u00e3o para outro, da atribui\u00e7\u00e3o de executar o cr\u00e9dito or\u00e7ament\u00e1rio que lhe foi consignado pela lei or\u00e7ament\u00e1ria anual ou por lei que a altere.<\/p>\n<p>\u00a0<\/p>\n<p><strong>Diretrizes<\/strong><\/p>\n<p>Conjunto de crit\u00e9rios de a\u00e7\u00e3o e de decis\u00e3o que devem orientar e disciplinar o processo de planejamento.<\/p>\n<p>\u00a0<\/p>\n<p><strong>D\u00edvida<\/strong><\/p>\n<p>Compromisso financeiro assumido perante terceiros.<\/p>\n<p>\u00a0<\/p>\n<p><strong>D\u00edvida Ativa<\/strong><\/p>\n<p>Cr\u00e9ditos do Estado derivados do n\u00e3o-pagamento, pelos contribuintes, de tributos e\/ou cr\u00e9ditos p\u00fablicos assemelhados, multas, juros e encargos, dentro do exerc\u00edcio em que forma lan\u00e7ados.<\/p>\n<p>\u00a0<\/p>\n<p><strong>D\u00edvida P\u00fablica Consolidada ou D\u00edvida P\u00fablica Fundada<\/strong><\/p>\n<p>Montante total apurado sem duplicidade das obriga\u00e7\u00f5es financeiras do ente da federa\u00e7\u00e3o, assumidas em virtude de leis, contratos, conv\u00eanios ou tratados e da realiza\u00e7\u00e3o de opera\u00e7\u00f5es de cr\u00e9dito, para amortiza\u00e7\u00e3o em prazo superior a doze meses.<\/p>\n<p>\u00a0<\/p>\n<p><strong>D\u00edvida Flutuante P\u00fablica<\/strong><\/p>\n<p>D\u00edvida contra\u00edda pelo Tesouro, quer como administrador de terceiros confiados \u00e0 sua guarda, quer para \u00e0s moment\u00e2neas necessidades de caixa, mediante contratos ou emiss\u00e3o de t\u00edtulos no Pa\u00eds ou no Exterior e que deve ser liquidada no exerc\u00edcio fiscal \u2013 at\u00e9 doze meses. Seu pagamento independe de autoriza\u00e7\u00e3o or\u00e7ament\u00e1ria, ou seja, n\u00e3o h\u00e1 necessidade de sua inclus\u00e3o na lei do or\u00e7amento. De acordo com a Lei n\u00ba 4.320, de 17\/03\/64, a d\u00edvida flutuante compreende os restos a pagar, os servi\u00e7os da d\u00edvida a pagar, o dep\u00f3sito de terceiros (cau\u00e7\u00f5es e garantias) e os d\u00e9bitos de tesouraria.<\/p>\n<p>\u00a0<\/p>\n<p><strong>D\u00edvida P\u00fablica<\/strong><\/p>\n<p>Compromissos de entidade p\u00fablica decorrentes de opera\u00e7\u00f5es de cr\u00e9ditos, com o objetivo de atender \u00e0s necessidades dos servi\u00e7os p\u00fablicos, em virtude de or\u00e7amentos deficit\u00e1rios, caso em que o governo emite promiss\u00f3rias, b\u00f4nus rotativos, etc., a curto prazo, ou para a realiza\u00e7\u00e3o de empreendimentos de vulto, em que se justifica a emiss\u00e3o de um empr\u00e9stimo a longo prazo, por meio de obriga\u00e7\u00f5es e ap\u00f3lices. Os empr\u00e9stimos que caracterizam a d\u00edvida p\u00fablica s\u00e3o de curto ou longo prazo. A d\u00edvida p\u00fablica pode ser proveniente de outras fontes, tais como: dep\u00f3sitos (fian\u00e7as, cau\u00e7\u00f5es, corte de \u00f3rg\u00e3os, etc.), e de res\u00edduos passivos (restos a pagar). A d\u00edvida p\u00fablica classifica-se em consolidada ou fundada (interna ou externa) e flutuante ou n\u00e3o consolidada.<\/p>\n<p>\u00a0<\/p>\n<p><strong>D\u00edvida P\u00fablica Externa<\/strong><\/p>\n<p>Compromissos assumidos por entidade p\u00fablica gerando a obriga\u00e7\u00e3o de pagamento do principal e acess\u00f3rios.<\/p>\n<p>\u00a0<\/p>\n<p><strong>D\u00edvida P\u00fablica Interna<\/strong><\/p>\n<p>Compromissos assumidos por entidade p\u00fablica dentro do Pa\u00eds, em moeda nacional.<\/p>\n<p>\u00a0<\/p>\n<p><strong>Dota\u00e7\u00e3o<\/strong><\/p>\n<p>Limite de cr\u00e9dito consignado na lei de or\u00e7amento ou cr\u00e9dito adicional, para atender determinada despesa.<\/p>\n<p>\u00a0<\/p>\n<p><strong>Dota\u00e7\u00e3o Inicial<\/strong><\/p>\n<p>Representa o valor da dota\u00e7\u00e3o inicial constante da Lei do Or\u00e7amento Anual.<\/p>\n<p>\u00a0<\/p>\n<p><strong>Dota\u00e7\u00e3o Or\u00e7ament\u00e1ria<\/strong><\/p>\n<p>\u00c9 o valor monet\u00e1rio autorizado, consignado na lei do or\u00e7amento (LOA), para atender uma determinada programa\u00e7\u00e3o or\u00e7ament\u00e1ria.<\/p>\n<p>\u00a0<\/p>\n<p><strong>Dota\u00e7\u00e3o para o Exerc\u00edcio<\/strong><\/p>\n<p>Dota\u00e7\u00e3o inicial constante da Lei Or\u00e7ament\u00e1ria Anual mais os cr\u00e9ditos adicionais abertos e\/ou reabertos durante o exerc\u00edcio, menos as anula\u00e7\u00f5es correspondentes.<\/p>\n<p>\u00a0<\/p>\n<p>\u00a0<\/p>\n<table style=\"width: 100%;\" border=\"0\">\n<tbody>\n<tr>\n<td><span style=\"text-decoration: underline; font-size: 18px;\"><strong><a name=\"e\"><\/a>E<\/strong><\/span><\/td>\n<td style=\"text-align: right;\"><a href=\"#topo\">(topo)<\/a><\/td>\n<\/tr>\n<\/tbody>\n<\/table>\n<p>\u00a0<\/p>\n<p><strong>Economicidade<\/strong><\/p>\n<p>Caracter\u00edstica da alternativa mais econ\u00f4mica para a solu\u00e7\u00e3o de determinado problema.<\/p>\n<p>\u00a0<\/p>\n<p><strong>Efetividade<\/strong><\/p>\n<p>Dimens\u00e3o do desempenho de uma entidade p\u00fablica ou privada que representa a rela\u00e7\u00e3o entre os resultados alcan\u00e7ados (impactos observados) e os objetivos (impactos esperados) que motivaram a atua\u00e7\u00e3o institucional.<\/p>\n<p>\u00a0<\/p>\n<p><strong>Efic\u00e1cia<\/strong><\/p>\n<p>Capacidade da organiza\u00e7\u00e3o em cumprir as suas metas e objetivos nos prazos estabelecidos.<\/p>\n<p>\u00a0<\/p>\n<p><strong>Efici\u00eancia<\/strong><\/p>\n<p>Mede a capacidade da organiza\u00e7\u00e3o em utilizar, com rendimento m\u00e1ximo, todos os meios necess\u00e1rios ao cumprimento de objetivos e metas. A efici\u00eancia preocupa-se com os meios, com os m\u00e9todos e com os procedimentos planejados e organizados a fim de assegurar otimiza\u00e7\u00e3o dos recursos dispon\u00edveis.<\/p>\n<p>\u00a0<\/p>\n<p><strong>Elabora\u00e7\u00e3o or\u00e7ament\u00e1ria<\/strong><\/p>\n<p>Processo de prepara\u00e7\u00e3o e aprova\u00e7\u00e3o do or\u00e7amento de um ente pol\u00edtico (Uni\u00e3o, Estados e Munic\u00edpios). \u00c9 regido em car\u00e1ter geral pelos artigos 165 a 167 da Constitui\u00e7\u00e3o Federal, bem como pela Lei Federal n\u00ba 4.320, de 17 de mar\u00e7o de 1964. Envolve a prepara\u00e7\u00e3o anual, pelo Poder Executivo, do projeto da lei or\u00e7ament\u00e1ria (abrangendo inclusive as propostas or\u00e7ament\u00e1rias dos demais Poderes, centralizadas pelo Poder Executivo em sua fun\u00e7\u00e3o administrativa), seguida de seu envio ao Poder Legislativo para discuss\u00e3o, altera\u00e7\u00e3o e aprova\u00e7\u00e3o. Por ter natureza de lei ordin\u00e1ria a lei or\u00e7ament\u00e1ria, ap\u00f3s a aprova\u00e7\u00e3o final pelo Legislativo, segue ao Chefe do Poder Executivo (Presidente da Rep\u00fablica, Governador ou Prefeito, conforme o ente) para san\u00e7\u00e3o.<\/p>\n<p>\u00a0<\/p>\n<p><strong>Elemento de Despesa<\/strong><\/p>\n<p>Identifica\u00e7\u00e3o de cada tipo de despesa. Tem por finalidade b\u00e1sica propiciar o controle final dos gastos. Desdobramento da despesa com pessoal, material, servi\u00e7os, obras e outras meios de que se serve a administra\u00e7\u00e3o p\u00fablica para a consecu\u00e7\u00e3o dos seus fins. . (Atualmente \u00e9 regulamentada para todas as esferas de governo \u2013 federal, estadual e municipal \u2013 atrav\u00e9s do anexo II da Portaria Interministerial MF\/MPOG n\u00ba 163, de 04 de maio de 2001).<\/p>\n<p>\u00a0<\/p>\n<p><strong>Emenda<\/strong><\/p>\n<p>Meio atrav\u00e9s do qual os membros do Poder Legislativo (individualmente ou atrav\u00e9s de \u00f3rg\u00e3os colegiados como Comiss\u00f5es ou Bancadas) atuam sobre o projeto de lei or\u00e7ament\u00e1ria anual apresentado pelo Poder Executivo, acrescendo, suprimindo ou modificando itens. A apresenta\u00e7\u00e3o de emendas ao projeto de lei or\u00e7ament\u00e1ria \u00e9 ocasi\u00e3o de especial relev\u00e2ncia na atua\u00e7\u00e3o parlamentar, pois por meio delas os representantes eleitos podem influir na aloca\u00e7\u00e3o dos recursos p\u00fablicos em fun\u00e7\u00e3o dos objetivos e compromissos pol\u00edticos que orientam seu mandato de representa\u00e7\u00e3o. Os diferentes aspectos da lei or\u00e7ament\u00e1ria anual podem ser objetos de emendas: Emendas \u00e0 Receita (inclus\u00e3o, exclus\u00e3o ou modifica\u00e7\u00e3o em rubrica ou valores da previs\u00e3o de receita do projeto de lei or\u00e7ament\u00e1ria); Emendas \u00e0 Despesa (inclus\u00e3o, exclus\u00e3o ou modifica\u00e7\u00e3o em rubrica ou valores da autoriza\u00e7\u00e3o de despesas do projeto de lei or\u00e7ament\u00e1ria).<\/p>\n<p>\u00a0<\/p>\n<p><strong>Empenho da Despesa<\/strong><\/p>\n<p>Ato emanado de autoridade competente, que cria para o Estado obriga\u00e7\u00e3o de pagamento pendente ou n\u00e3o de implemento de condi\u00e7\u00e3o; a garantia de que existe o cr\u00e9dito necess\u00e1rio para a liquida\u00e7\u00e3o de um compromisso assumido; \u00e9 o primeiro est\u00e1gio da despesa p\u00fablica.<\/p>\n<p>\u00a0<\/p>\n<p><strong>Empenho Global<\/strong><\/p>\n<p>Modalidade de empenho da despesa destinado a atender despesa com finalidade determinada e quantificada, mas cuja liquida\u00e7\u00e3o e pagamento devam ocorrer, normalmente, em cada m\u00eas no decorrer do exerc\u00edcio.<\/p>\n<p>\u00a0<\/p>\n<p><strong>Empenho Ordin\u00e1rio<\/strong><\/p>\n<p>Modalidade de empenho da despesa que tenha finalidade determinada e quantificada, possua valor previamente conhecido e deva ser liquidado e pago de uma s\u00f3 vez.<\/p>\n<p>\u00a0<\/p>\n<p><strong>Empenho por Estimativa<\/strong><\/p>\n<p>Modalidade de empenho da despesa destinado a realiza\u00e7\u00e3o de despesas cujo valor n\u00e3o possa ser determinado com anteced\u00eancia durante o exerc\u00edcio. Ex: ( tarifas \u00e1gua, energia el\u00e9trica e telefonia).<\/p>\n<p>\u00a0<\/p>\n<p><strong>Empresa P\u00fablica<\/strong><\/p>\n<p>Entidade empresarial, com personalidade jur\u00eddica de direito privado e participa\u00e7\u00e3o \u00fanica do Poder P\u00fablico no seu capital e dire\u00e7\u00e3o. Criada por lei, com patrim\u00f4nio pr\u00f3prio, para garantir a produ\u00e7\u00e3o de bens e servi\u00e7os fundamentais \u00e0 coletividade.<\/p>\n<p>\u00a0<\/p>\n<p><strong>Encargos da D\u00edvida<\/strong><\/p>\n<p>Juros, taxas, comiss\u00f5es e outros encargos decorrentes de empr\u00e9stimos e financiamentos internos e externos, mais sem incluir os gastos com o amortiza\u00e7\u00e3o do principal. Este conceito n\u00e3o deve ser confundido com o de \u201cServi\u00e7o da Divida que inclui tamb\u00e9m os gastos com a amortiza\u00e7\u00e3o do principal\u201d.<\/p>\n<p>\u00a0<\/p>\n<p><strong>Encargos Previdenci\u00e1rios do Estado<\/strong><\/p>\n<p>Recursos destinados a pagamentos dos proventos de aposentadoria e pens\u00f5es dos servidores civis e militares da administra\u00e7\u00e3o direta do Estado.<\/p>\n<p>\u00a0<\/p>\n<p><strong>Encargos Sociais<\/strong><\/p>\n<p>Conjunto de obriga\u00e7\u00f5es trabalhistas que devem ser pagas ou recolhidas pelos empregadores, p\u00fablicos ou privados, mensalmente ou anualmente, podendo incidir sobre a folha de pagamento, lucro ou receita.<\/p>\n<p>\u00a0<\/p>\n<p><strong>Esfera Or\u00e7ament\u00e1ria<\/strong><\/p>\n<p>Especifica se a dota\u00e7\u00e3o or\u00e7ament\u00e1ria pertence ao or\u00e7amento fiscal, or\u00e7amento da seguridade social ou or\u00e7amento de investimento.<\/p>\n<p>\u00a0<\/p>\n<p><strong>Est\u00e1gios da Despesa<\/strong><\/p>\n<p>Etapas que devem ser observadas na realiza\u00e7\u00e3o da despesa p\u00fablica. Compreendem o empenho, a liquida\u00e7\u00e3o e o pagamento.<\/p>\n<p>\u00a0<\/p>\n<p><strong>Est\u00e1gios da Receita<\/strong><\/p>\n<p>Etapas que devem ser observadas desde a defini\u00e7\u00e3o at\u00e9 a realiza\u00e7\u00e3o da receita p\u00fablica. Compreendem o lan\u00e7amento, a arrecada\u00e7\u00e3o e o recolhimento.<\/p>\n<p>\u00a0<\/p>\n<p><strong>Estimativa da Receita<\/strong><\/p>\n<p>Objetiva determinar antecipadamente o volume de recursos a ser arrecadado num dado exerc\u00edcio financeiro, possibilitando uma programa\u00e7\u00e3o or\u00e7ament\u00e1ria equilibrada.<\/p>\n<p>\u00a0<\/p>\n<p><strong>Etapa<\/strong><\/p>\n<p>Cada uma das partes estabelecidas para fornecimentos, obras ou servi\u00e7os, em rela\u00e7\u00e3o aos prazos ou cronogramas contratuais.<\/p>\n<p>\u00a0<\/p>\n<p><strong>Excesso de Arrecada\u00e7\u00e3o<\/strong><\/p>\n<p>O saldo positivo das diferen\u00e7as acumuladas m\u00eas a m\u00eas, entre a arrecada\u00e7\u00e3o prevista e a realizada, considerando-se, ainda, a tend\u00eancia do exerc\u00edcio.<\/p>\n<p>\u00a0<\/p>\n<p><strong>Execu\u00e7\u00e3o Financeira<\/strong><\/p>\n<p>Utiliza\u00e7\u00e3o dos recursos financeiros visando atender \u00e0 realiza\u00e7\u00e3o dos projetos e\/ou atividades, atribu\u00eddos \u00e0s unidades or\u00e7ament\u00e1rias.<\/p>\n<p>\u00a0<\/p>\n<p><strong>Execu\u00e7\u00e3o Or\u00e7ament\u00e1ria da Despesa<\/strong><\/p>\n<p>Utiliza\u00e7\u00e3o dos cr\u00e9ditos consignados no Or\u00e7amento Geral da Uni\u00e3o e nos cr\u00e9ditos adicionais, visando \u00e0 realiza\u00e7\u00e3o dos subprojetos e\/ou subatividades atribu\u00eddos \u00e0s unidades or\u00e7ament\u00e1rias.<\/p>\n<p>\u00a0<\/p>\n<p><strong>Exerc\u00edcio Financeiro<\/strong><\/p>\n<p>Per\u00edodo correspondente \u00e0 execu\u00e7\u00e3o or\u00e7ament\u00e1ria. No Brasil coincide o ano civil.<\/p>\n<p>\u00a0<\/p>\n<p><strong>Exerc\u00edcios Anteriores<\/strong><\/p>\n<p>Referem-se \u00e0s d\u00edvidas reconhecidas, resultantes de compromissos gerados em exerc\u00edcios financeiros anteriores \u00e0quele em que deva ocorrer o pagamento, que, por motivo de for\u00e7a maior, n\u00e3o foram objeto de empenho.<\/p>\n<p>\u00a0<\/p>\n<p><strong>Exig\u00edvel a Longo Prazo<\/strong><\/p>\n<p>Obriga\u00e7\u00f5es exig\u00edveis normalmente ap\u00f3s o t\u00e9rmino do exerc\u00edcio seguinte.<\/p>\n<p>\u00a0<\/p>\n<p>\u00a0<\/p>\n<table style=\"width: 100%;\" border=\"0\">\n<tbody>\n<tr>\n<td><span style=\"text-decoration: underline; font-size: 18px;\"><strong><a name=\"f\"><\/a>F<\/strong><\/span><\/td>\n<td style=\"text-align: right;\"><a href=\"#topo\">(topo)<\/a><\/td>\n<\/tr>\n<\/tbody>\n<\/table>\n<p>\u00a0<\/p>\n<p><strong>Fato Gerador<\/strong><\/p>\n<p>Fato, ou o conjunto de fatos, ou o estado de fato, a que o legislador vincula o nascimento de obriga\u00e7\u00f5es jur\u00eddicas de pagar tributo determinado.<\/p>\n<p>\u00a0<\/p>\n<p><strong>Fazenda P\u00fablica<\/strong><\/p>\n<p>Conjunto de \u00f3rg\u00e3os da administra\u00e7\u00e3o p\u00fablica destinados \u00e0 arrecada\u00e7\u00e3o e \u00e0 fiscaliza\u00e7\u00e3o de tributos, bem como a guarda dos recursos financeiros e t\u00edtulos representativos de ativo e de direitos do Estado.<\/p>\n<p>\u00a0<\/p>\n<p><strong>Fonte de Recurso<\/strong><\/p>\n<p>Indica a origem de recursos or\u00e7ament\u00e1rios transferidos para um determinado \u00d3rg\u00e3o\/Entidade, destinados \u00e0 manuten\u00e7\u00e3o das suas atividades permanentes programadas.<\/p>\n<p>\u00a0<\/p>\n<p><strong>Fun\u00e7\u00e3o<\/strong><\/p>\n<p>Classifica\u00e7\u00e3o de despesa or\u00e7ament\u00e1ria que tem por finalidade registrar a finalidade da realiza\u00e7\u00e3o da despesa. A fun\u00e7\u00e3o pode ser traduzida como o maior n\u00edvel de agrega\u00e7\u00e3o das diversas \u00e1reas de atua\u00e7\u00e3o do setor p\u00fablico. Est\u00e1 relacionada com a miss\u00e3o institucional fundamental do \u00f3rg\u00e3o executor, por exemplo, cultura, educa\u00e7\u00e3o sa\u00fade ou defesa. A especifica\u00e7\u00e3o das fun\u00e7\u00f5es \u00e9 fixada, em n\u00edvel nacional, pela Portaria 42 de 14 de abril de 1999. Ver Classifica\u00e7\u00e3o Funcional<\/p>\n<p>\u00a0<\/p>\n<p><strong>Funda\u00e7\u00e3o P\u00fablica<\/strong><\/p>\n<p>Entidade dotada de personalidade jur\u00eddica de direito privado, sem fins lucrativos, criada por lei para o desenvolvimento de atividades que n\u00e3o exijam execu\u00e7\u00e3o por \u00f3rg\u00e3os ou entidades de direito p\u00fablico, com autonomia administrativa, patrim\u00f4nio pr\u00f3prio, e funcionamento custeado, basicamente, por recursos do Poder P\u00fablico, ainda que sob forma de presta\u00e7\u00e3o de servi\u00e7os.<\/p>\n<p>\u00a0<\/p>\n<p><strong>Fundo<\/strong><\/p>\n<p>Conjunto de recursos com a finalidade de desenvolver ou consolidar, atrav\u00e9s de financiamento ou negocia\u00e7\u00e3o, uma atividade p\u00fablica espec\u00edfica.<\/p>\n<p>\u00a0<\/p>\n<p><strong>Fundos de Participa\u00e7\u00e3o<\/strong><\/p>\n<p>1- Recursos recebidos pelos Estados, Distrito Federal e Munic\u00edpios, por sua participa\u00e7\u00e3o, estabelecida na Constitui\u00e7\u00e3o e em lei, na arrecada\u00e7\u00e3o de tributos federais;<br \/> 2- Mecanismo compensat\u00f3rio em favor dos Estados, Distrito Federal e dos Munic\u00edpios, adotado por ocasi\u00e3o da reforma tribut\u00e1ria de 1965, que centralizou os impostos de maior grau de elasticidade (IR e IPI), na esfera de compet\u00eancia da Uni\u00e3o. A Constitui\u00e7\u00e3o de 1988 determinou que a partir de 1993, 44% do produto arrecadado, atrav\u00e9s do IR e IPI sejam destinados aos fundos, da seguinte forma: 21,5% ao Fundo de Participa\u00e7\u00e3o dos Estados e do Distrito Federal; 22,5% ao Fundo de Participa\u00e7\u00e3o dos Munic\u00edpios.<\/p>\n<p>\u00a0<\/p>\n<p><strong>Fundos Especiais<\/strong><\/p>\n<p>Parcela de recursos do Tesouro Nacional vinculados por lei \u00e0 realiza\u00e7\u00e3o de determinados objetivos de pol\u00edtica econ\u00f4mica, social ou administrativa do governo.<\/p>\n<p>\u00a0<\/p>\n<p>\u00a0<\/p>\n<table style=\"width: 100%;\" border=\"0\">\n<tbody>\n<tr>\n<td><span style=\"text-decoration: underline; font-size: 18px;\"><strong><a name=\"g\"><\/a>G<\/strong><\/span><\/td>\n<td style=\"text-align: right;\"><a href=\"#topo\">(topo)<\/a><\/td>\n<\/tr>\n<\/tbody>\n<\/table>\n<p>\u00a0<\/p>\n<p><strong>Garantia<\/strong><\/p>\n<p>Instrumento jur\u00eddico associado a empr\u00e9stimos e financiamentos, pelo qual o tomador de um cr\u00e9dito oferece ao credor direitos sobre um documento bem ou direito (pr\u00f3prio ou de terceiro que o ofere\u00e7a, tal como aval ou cau\u00e7\u00e3o) para o caso de inadimpl\u00eancia no cumprimento da obriga\u00e7\u00e3o inicial.<\/p>\n<p>\u00a0<\/p>\n<p><strong>Gest\u00e3o<\/strong><\/p>\n<p>Ato de gerir a parcela do patrim\u00f4nio p\u00fablico, sob a responsabilidade de uma determinada unidade. Aplica-se o conceito de gest\u00e3o a fundos, entidades supervisionadas e a outras situa\u00e7\u00f5es em que se justifique a administra\u00e7\u00e3o distinta.<\/p>\n<p>\u00a0<\/p>\n<p><strong>Gest\u00e3o Tesouro<\/strong><\/p>\n<p>Gest\u00e3o de recursos previstos nos Or\u00e7amentos da Uni\u00e3o, Estados e Munic\u00edpios para os \u00f3rg\u00e3os da administra\u00e7\u00e3o direta. A gest\u00e3o tesouro \u00e9, pois, a principal gest\u00e3o desses \u00f3rg\u00e3os. Os recursos que se destinam a fundos a entidades supervisionadas s\u00e3o considerados como gest\u00e3o pr\u00f3pria, porque, na sua transfer\u00eancia, foram registrados como despesa na gest\u00e3o tesouro.<\/p>\n<p>\u00a0<\/p>\n<p><strong>Gestor<\/strong><\/p>\n<p>Quem gere ou administra neg\u00f3cios, bens ou servi\u00e7os.<\/p>\n<p>\u00a0<\/p>\n<p><strong>Grupo de Despesa<\/strong><\/p>\n<p>Classifica\u00e7\u00e3o da despesa quanto \u00e0 sua natureza, compreendendo os grupamentos, a saber: 1- Pessoal e encargos sociais; 2- Juros e encargos da d\u00edvida interna; 3- Juros e encargos da d\u00edvida externa; 4- Outras despesas correntes; 5- Investimentos; 6- Invers\u00f5es financeiras; 7- Amortiza\u00e7\u00e3o da d\u00edvida interna; 8- Amortiza\u00e7\u00e3o da d\u00edvida externa; 9-Reserva de Conting\u00eancia.<\/p>\n<p>\u00a0<\/p>\n<p><strong>Guia de Recebimento (GR)<\/strong><\/p>\n<p>Destina-se \u00e0 arrecada\u00e7\u00e3o de receitas pr\u00f3prias, ao recolhimento de devolu\u00e7\u00e3o de despesas ou ao acolhimento de dep\u00f3sitos de diversas origens.<\/p>\n<p>\u00a0<\/p>\n<p>\u00a0<\/p>\n<table style=\"width: 100%;\" border=\"0\">\n<tbody>\n<tr>\n<td><span style=\"text-decoration: underline; font-size: 18px;\"><strong><a name=\"h\"><\/a>H<\/strong><\/span><\/td>\n<td style=\"text-align: right;\"><a href=\"#topo\">(topo)<\/a><\/td>\n<\/tr>\n<\/tbody>\n<\/table>\n<p>\u00a0<\/p>\n<p><strong>Homologa\u00e7\u00e3o<\/strong><\/p>\n<p>Em sentido geral no direito administrativo, ato que confere e certifica a justeza e legalidade dos atos praticados anteriormente em um determinado processo ou procedimento. Em sentido estrito no \u00e2mbito da licita\u00e7\u00e3o p\u00fablica, ato da autoridade e Hierarquicamente superior \u00e0 Comiss\u00e3o de Licita\u00e7\u00e3o que aprova o procedimento realizado (podendo tamb\u00e9m revog\u00e1-lo ou anul\u00e1-lo em fun\u00e7\u00e3o de raz\u00f5es supervenientes de interesse p\u00fablico ou de ilegalidade, respectivamente ), nos termos dos art.43 inc.VII e 49 da Lei Federal 8.666, de 21 de junho de 1993.<\/p>\n<p>\u00a0<\/p>\n<p>\u00a0<\/p>\n<table style=\"width: 100%;\" border=\"0\">\n<tbody>\n<tr>\n<td><span style=\"text-decoration: underline; font-size: 18px;\"><strong><a name=\"i\"><\/a>I<\/strong><\/span><\/td>\n<td style=\"text-align: right;\"><a href=\"#topo\">(topo)<\/a><\/td>\n<\/tr>\n<\/tbody>\n<\/table>\n<p>\u00a0<\/p>\n<p><strong>Impostos<\/strong><\/p>\n<p>Tributos cuja obriga\u00e7\u00e3o tem por fato gerador uma situa\u00e7\u00e3o independente de qualquer atividade estatal espec\u00edfica em rela\u00e7\u00e3o ao contribuinte. Basicamente, os fatos geradores de impostos s\u00e3o: Patrim\u00f4nio: tributado por impostos diretos como, por exemplo, o IPTU, o IPVA, o ITR; Renda: tributada por impostos diretos cuja base de c\u00e1lculo \u00e9 constitu\u00edda pelos fluxos anuais de rendimentos: Consumo: a compra e venda de mercadorias e servi\u00e7os constituem o fato dominante, variando apenas o momento em que o imposto \u00e9 cobrado (do produtos \u2013 IPI, ou do consumidor \u2013 ICMS) e a base de c\u00e1lculo de opera\u00e7\u00e3o (se o valor adicionado ou o total de transa\u00e7\u00e3o). Atualmente, todos os impostos sobre o consumo s\u00e3o IVA, ou seja, sobre o valor agregado.<\/p>\n<p>\u00a0<\/p>\n<p><strong>Impostos Diretos<\/strong><\/p>\n<p>Tributos cujos contribuintes s\u00e3o os mesmos indiv\u00edduos que arcam com o \u00f4nus da respectiva contribui\u00e7\u00e3o.<\/p>\n<p>\u00a0<\/p>\n<p><strong>Impostos Indiretos<\/strong><\/p>\n<p>Tributos que os contribuintes podem transferir o \u00f4nus da contribui\u00e7\u00e3o, total ou parcialmente, para terceiros.<\/p>\n<p>\u00a0<\/p>\n<p><strong>Incentivo Fiscal<\/strong><\/p>\n<p>Assume, geralmente, a forma de isen\u00e7\u00e3o parcial ou total de um imposto, tendo por objetivo, incrementar um determinado segmento produtivo, transferir recursos para o desenvolvimento de regi\u00f5es carentes ou melhorar a distribui\u00e7\u00e3o de renda do pa\u00eds.<\/p>\n<p>\u00a0<\/p>\n<p><strong>Indicadores<\/strong><\/p>\n<p>Tem a fun\u00e7\u00e3o de possibilitar o acompanhamento de determinada vari\u00e1vel. Constituem, de um lado, o valor atual de algum fen\u00f4meno estudado e, de outro, o valor esperado que esse fen\u00f4meno deve atingir ap\u00f3s as a\u00e7\u00f5es do referido programa.<\/p>\n<p>\u00a0<\/p>\n<p><strong>Indicadores Econ\u00f4micos<\/strong><\/p>\n<p>Entende-se por indicador o elemento que permite o acompanhamento de um fen\u00f4meno em observa\u00e7\u00e3o. Alguns indicadores econ\u00f4micos, baseados em vari\u00e1veis conhecidas, s\u00e3o constru\u00eddos (tais como o consumo industrial de energia el\u00e9trica, venda de eletrodom\u00e9sticos e de autove\u00edculos, etc.), e seu comportamento passa a identificar o comportamento prov\u00e1vel da atividade econ\u00f4mica. Evid\u00eancias desse tipo s\u00e3o utilizadas como \u201cterm\u00f4metros\u201d pelos mentores da pol\u00edtica econ\u00f4mica para mudan\u00e7a e redirecionamento dos instrumentos de pol\u00edtica. A previs\u00e3o or\u00e7ament\u00e1ria de recursos requer a constru\u00e7\u00e3o ou ado\u00e7\u00e3o de indicadores que possibilitem acompanhar oscila\u00e7\u00f5es de curto prazo das vari\u00e1veis que afetam o comportamento das receitas.<\/p>\n<p>\u00a0<\/p>\n<p><strong>\u00cdndice de Custos ou Pre\u00e7os<\/strong><\/p>\n<p>\u00cdndice adotado para cada tipo de fornecimento, obra ou servi\u00e7o.<\/p>\n<p>\u00a0<\/p>\n<p><strong>\u00cdndice Nacional de Pre\u00e7os ao Consumidor Amplo (IPCA)<\/strong><\/p>\n<p>\u00cdndice de infla\u00e7\u00e3o calculado mensalmente pelo Instituto Brasileiro de Geografia e Estat\u00edstica \u2013 IBGE, que reflete a varia\u00e7\u00e3o dos pre\u00e7os das cestas de consumo das fam\u00edlias com recebimento mensal de 1 a 40 sal\u00e1rios m\u00ednimos, qualquer que seja a fonte de renda. Al\u00e9m disso, o IPCA \u00e9 utilizado pelo Banco Central do Brasil para o acompanhamento dos objetivos estabelecidos no sistema de metas de infla\u00e7\u00e3o, adotado a partir de julho de 1999, para balizamento da pol\u00edtica monet\u00e1ria.<\/p>\n<p>\u00a0<\/p>\n<p><strong>\u00cdndice de Pre\u00e7os ao Consumidor (IPC)<\/strong><\/p>\n<p>\u00cdndice calculado pela FIBGE entre os dias 16 de um m\u00eas e 15 do m\u00eas seguinte. Sua metodologia de c\u00e1lculo \u00e9 a mesma utilizada para o INPC, diferindo apenas quanto ao per\u00edodo de coleta de dados.<\/p>\n<p>\u00a0<\/p>\n<p><strong>\u00cdndice de Pre\u00e7os ao Consumidor FIPE (IPC \u2013 FIPE)<\/strong><\/p>\n<p>\u00cdndice calculado pela USP no per\u00edodo compreendido entre os dias 01 e 30 de cada m\u00eas. Apuram a varia\u00e7\u00e3o dos pre\u00e7os para as fam\u00edlias domiciliadas na regi\u00e3o de S\u00e3o Paulo, com rendimentos entre 01 e 05 sal\u00e1rios m\u00ednimos. Sua composi\u00e7\u00e3o e pondera\u00e7\u00e3o s\u00e3o as seguintes: alimenta\u00e7\u00e3o, 37,67%; habita\u00e7\u00e3o, 18,35%; despesas pessoais, 19,56%; vestu\u00e1rio, 8,06%; transporte, 10,54%; sa\u00fade, 3,78% e educa\u00e7\u00e3o, 2,04%.<\/p>\n<p>\u00a0<\/p>\n<p><strong>\u00cdndice Geral de Pre\u00e7os (IGP)<\/strong><\/p>\n<p>\u00cdndice calculado pela Funda\u00e7\u00e3o Get\u00falio Vargas nas regi\u00f5es metropolitanas do Rio de Janeiro e S\u00e3o Paulo, no per\u00edodo entre o dia 12 e o \u00faltimo dia de cada m\u00eas. \u00c9 composto pela pondera\u00e7\u00e3o de tr\u00eas outros \u00edndices, com os seguintes pesos: \u00cdndice de Pre\u00e7o no Atacado (IPA), 60%; \u00cdndice de Pre\u00e7o ao Consumidor (IPC), 30% e \u00cdndice Nacional da Constru\u00e7\u00e3o Civil (INCC), 10%.<\/p>\n<p>\u00a0<\/p>\n<p><strong>\u00cdndice Nacional de Pre\u00e7os ao Consumidor (INPC)<\/strong><\/p>\n<p>Calculado pela FIBGE entre os dias 01 e 30 de cada m\u00eas. Comp\u00f5e-se do cruzamento de dois par\u00e2metros: a pesquisa de pre\u00e7os de nove regi\u00f5es de produ\u00e7\u00e3o econ\u00f4mica, cruzada com a pesquisa de or\u00e7amento familiar, (POF) que abrange fam\u00edlias com renda de 1 (um) a 8 (oito) sal\u00e1rios m\u00ednimos. As regi\u00f5es e pondera\u00e7\u00f5es s\u00e3o as seguintes: S\u00e3o Paulo, 28,46%; Rio de Janeiro, 12,52%; Belo Horizonte, 11,36%; Salvador, 9,10%; Porto Alegre, 7,83%; Recife, 7,10%; Bras\u00edlia, 6,92%; Fortaleza, 5,61%; Bel\u00e9m, 4,20%.<\/p>\n<p>\u00a0<\/p>\n<p><strong>Ingressos P\u00fablicos ou Entradas<\/strong><\/p>\n<p>Import\u00e2ncias em dinheiro, a qualquer t\u00edtulo, recebidas pelos cofres p\u00fablicos. Nem todos os ingressos constituem receitas p\u00fablicas, uma vez que alguns se caracterizam como simples movimentos de fundos, isto \u00e9, n\u00e3o se incorporam ao patrim\u00f4nio do Estado, uma vez que suas entradas condicionam-se a uma restitui\u00e7\u00e3o posterior.<\/p>\n<p>\u00a0<\/p>\n<p><strong>Invers\u00f5es Financeiras<\/strong><\/p>\n<p>Dota\u00e7\u00f5es destinadas \u00e0 aquisi\u00e7\u00e3o de bens im\u00f3veis ou im\u00f3veis em uso, ou bens de capital j\u00e1 em utiliza\u00e7\u00e3o; a t\u00edtulos financeiros e \u00e0 constitui\u00e7\u00e3o ou aumento do capital de entidades ou empresas comerciais, financeiras ou banc\u00e1rias, concess\u00e3o de empr\u00e9stimos que s\u00f3 podem ser realizados mediante lei.<\/p>\n<p>\u00a0<\/p>\n<p><strong>Investimentos<\/strong><\/p>\n<p>Grupo de natureza da despesa identificado pelo d\u00edgito \u201c4\u201d, que agrupa toda e qualquer despesa de capital destinadas ao planejamento e \u00e0 execu\u00e7\u00e3o de obras p\u00fablicas, aquisi\u00e7\u00e3o de im\u00f3veis novos, aquisi\u00e7\u00e3o de equipamentos e material permanente, constitui\u00e7\u00e3o ou aumento de capital de empresas agr\u00edcolas ou industriais que n\u00e3o sejam de car\u00e1ter comercial ou financeiro e outras despesas que poder\u00e3o gerar servi\u00e7os e, consequentemente, aumentar o produto nacional.<\/p>\n<p>\u00a0<\/p>\n<p><strong>Isen\u00e7\u00e3o<\/strong><\/p>\n<p>Favor fiscal concedido por lei, que consiste em dispensar o contribuinte do pagamento de um tributo devido. Na isen\u00e7\u00e3o, a obriga\u00e7\u00e3o de pagar o tributo existe, mas foi dispensada. Na imunidade, essa obriga\u00e7\u00e3o inexiste.<\/p>\n<p>\u00a0<\/p>\n<p>\u00a0<\/p>\n<table style=\"width: 100%;\" border=\"0\">\n<tbody>\n<tr>\n<td><span style=\"text-decoration: underline; font-size: 18px;\"><strong><a name=\"j\"><\/a>J<\/strong><\/span><\/td>\n<td style=\"text-align: right;\"><a href=\"#topo\">(topo)<\/a><\/td>\n<\/tr>\n<\/tbody>\n<\/table>\n<p>\u00a0<\/p>\n<p><strong>Janela Or\u00e7ament\u00e1ria<\/strong><\/p>\n<p>Destina\u00e7\u00e3o de recursos na lei or\u00e7ament\u00e1ria em valores significativamente inferiores aos custos das a\u00e7\u00f5es correspondentes, com a finalidade de facilitar futuras suplementa\u00e7\u00f5es. Dota\u00e7\u00e3o simb\u00f3lica.<\/p>\n<p>\u00a0<\/p>\n<p><strong>Juros<\/strong><\/p>\n<p>\u00c9 a taxa cobrada pelo credor de um empr\u00e9stimo, usualmente expressa como uma taxa percentual anual do principal.<\/p>\n<p>\u00a0<\/p>\n<p><strong>Juros Contratuais<\/strong><\/p>\n<p>S\u00e3o os juros expressos nas cl\u00e1usulas do contrato.<\/p>\n<p>\u00a0<\/p>\n<p><strong>Juros e Encargos da D\u00edvida<\/strong><\/p>\n<p>Grupo de natureza da despesa, identificado pelo d\u00edgito \u201c2\u201d no qual s\u00e3o or\u00e7ados o adimplemento de juros, comiss\u00f5es, d\u00edvida p\u00fablica mobili\u00e1ria e despesas com opera\u00e7\u00f5es de cr\u00e9dito internas e externas.<\/p>\n<p>\u00a0<\/p>\n<p><strong>Juros Nominais<\/strong><\/p>\n<p>Os juros nominais s\u00e3o aqueles que compreendem toda a remunera\u00e7\u00e3o que incide sobre a d\u00edvida, incluindo-se a atualiza\u00e7\u00e3o monet\u00e1ria, e podem ser obtidos por dois crit\u00e9rios b\u00e1sicos: caixa e compet\u00eancia. A apura\u00e7\u00e3o dos juros pelo crit\u00e9rio de caixa \u00e9 realizada com o objetivo de se determinar os valores a serem pagos a cada vencimento. Os montantes calculados pelo crit\u00e9rio de compet\u00eancia servem para orientar as apropria\u00e7\u00f5es mensais dos juros nominais, independentemente do seu pagamento, e representa o custo da d\u00edvida.<\/p>\n<p>\u00a0<\/p>\n<p><strong>Juros Reais<\/strong><\/p>\n<p>S\u00e3o os valores apropriados ou pagos a t\u00edtulos de juros nominais acrescidos do des\u00e1gio existente na emiss\u00e3o e da atualiza\u00e7\u00e3o monet\u00e1ria do t\u00edtulo, por\u00e9m descontados os efeitos da infla\u00e7\u00e3o (atualmente esta \u00e9 dada pela varia\u00e7\u00e3o do IGP-M).<\/p>\n<p>\u00a0<\/p>\n<p>\u00a0<\/p>\n<table style=\"width: 100%;\" border=\"0\">\n<tbody>\n<tr>\n<td><span style=\"text-decoration: underline; font-size: 18px;\"><strong><a name=\"l\"><\/a>L<\/strong><\/span><\/td>\n<td style=\"text-align: right;\"><a href=\"#topo\">(topo)<\/a><\/td>\n<\/tr>\n<\/tbody>\n<\/table>\n<p>\u00a0<\/p>\n<p><strong>Lan\u00e7amento<\/strong><\/p>\n<p>Um dos est\u00e1gios da receita prevista no art. 53 da Lei n\u00ba 54.320\/64. \u00c9 a sequ\u00eancia de atos administrativos que permite rela\u00e7\u00e3o individualizada dos contribuintes e seus d\u00e9bitos, discriminando a esp\u00e9cie, o valor e o vencimento do imposto de cada um.<\/p>\n<p>\u00a0<\/p>\n<p><strong>Lei<\/strong><\/p>\n<p>Regra geral, justa e permanente estabelecida por vontade imperativa do Estado. Qualquer norma jur\u00eddica obrigat\u00f3ria, de efeito social, emanada do poder p\u00fablico competente. Conceitua-se como dispositivo a parte da lei que cont\u00e9m os preceitos coercitivos devidamente coordenados e articulados.<\/p>\n<p>\u00a0<\/p>\n<p><strong>Lei de Diretrizes Or\u00e7ament\u00e1rias (LDO)<\/strong><\/p>\n<p>Uma das tr\u00eas leis em sentido formal (lei ordin\u00e1ria) que comp\u00f5em o sistema or\u00e7ament\u00e1rio brasileiro. A LDO, de dura\u00e7\u00e3o de um ano define as metas e prioridades do governo para o ano seguinte, orienta a elabora\u00e7\u00e3o da lei or\u00e7ament\u00e1ria anual, disp\u00f5e sobre altera\u00e7\u00f5es na legisla\u00e7\u00e3o tribut\u00e1ria e estabelece a pol\u00edtica de aplica\u00e7\u00e3o das ag\u00eancias financeiras oficiais de fomento. Tamb\u00e9m fixa limites para os or\u00e7amentos dos Poderes Legislativo e Judici\u00e1rio e do Minist\u00e9rio P\u00fablico e disp\u00f5e sobre os gastos com pessoal. A Lei de Responsabilidade Fiscal remeteu \u00e0 LDO diversos outros temas, como pol\u00edtica fiscal, contingenciamento dos gastos, transfer\u00eancias de recursos para entidades p\u00fablicas e privadas e pol\u00edtica monet\u00e1ria.<\/p>\n<p>\u00a0<\/p>\n<p><strong>Lei de Meios (Lei Or\u00e7ament\u00e1ria Anual)<\/strong><\/p>\n<p>Sin\u00f4nimo de Lei Or\u00e7ament\u00e1ria ou Lei de Or\u00e7amento. Assim denominada porque possibilita os meios para o desenvolvimento das a\u00e7\u00f5es relativas aos diversos \u00f3rg\u00e3os e entidades que integram a administra\u00e7\u00e3o p\u00fablica.<\/p>\n<p>\u00a0<\/p>\n<p><strong>Leil\u00e3o<\/strong><\/p>\n<p>Modalidade de licita\u00e7\u00e3o entre quaisquer interessados para a venda de bens inserv\u00edveis para a administra\u00e7\u00e3o ou de produtos legalmente apreendidos, a quem oferecer maior lance, igual ou superior ao da avalia\u00e7\u00e3o.<\/p>\n<p>\u00a0<\/p>\n<p><strong>Lei Or\u00e7ament\u00e1ria Anual (LOA)<\/strong><\/p>\n<p>Uma das tr\u00eas leis em sentido formal (lei ordin\u00e1ria) que comp\u00f5em o sistema or\u00e7ament\u00e1rio brasileiro. \u00c9 a lei or\u00e7ament\u00e1ria propriamente dita, possuindo vig\u00eancia para um ano. Ela estima a receita e fixa a despesa do exerc\u00edcio financeiro, ou seja, aponta como o governo vai arrecadar e como ir\u00e1 gastar os recursos p\u00fablicos.<\/p>\n<p>\u00a0<\/p>\n<p><strong>Libera\u00e7\u00e3o de Cotas<\/strong><\/p>\n<p>Transfer\u00eancia dos recursos financeiros do \u00f3rg\u00e3o central do sistema de programa\u00e7\u00e3o financeira para os \u00f3rg\u00e3os setoriais.<\/p>\n<p>\u00a0<\/p>\n<p><strong>Licita\u00e7\u00e3o<\/strong><\/p>\n<p>Processo pelo qual o poder p\u00fablico adquire bens e\/ou servi\u00e7os destinados \u00e0 sua manuten\u00e7\u00e3o e expans\u00e3o. S\u00e3o modalidades de licita\u00e7\u00e3o: convite, tomada de pre\u00e7os, concorr\u00eancia p\u00fablica, leil\u00e3o e concurso p\u00fablico. (Lei n\u00ba 8.666 de 21 de junho de 1.993).<\/p>\n<p>\u00a0<\/p>\n<p><strong>Liquida\u00e7\u00e3o da Despesa<\/strong><\/p>\n<p>Verifica\u00e7\u00e3o do direito adquirido pelo credor, tendo por base os t\u00edtulos e documentos comprobat\u00f3rios do respectivo cr\u00e9dito.<\/p>\n<p>\u00a0<\/p>\n<p><strong>Liquidez<\/strong><\/p>\n<p>Grau de agilidade na convers\u00e3o de um investimento em dinheiro, sem perda significativa de valor. Um investimento tem maior liquidez, quanto mais f\u00e1cil for a convers\u00e3o em dinheiro e quanto menor for a perda de valor envolvida nesta transa\u00e7\u00e3o.<\/p>\n<p>\u00a0<\/p>\n<p>\u00a0<\/p>\n<table style=\"width: 100%;\" border=\"0\">\n<tbody>\n<tr>\n<td><span style=\"text-decoration: underline; font-size: 18px;\"><strong><a name=\"m\"><\/a>M<\/strong><\/span><\/td>\n<td style=\"text-align: right;\"><a href=\"#topo\">(topo)<\/a><\/td>\n<\/tr>\n<\/tbody>\n<\/table>\n<p>\u00a0<\/p>\n<p><strong>Manual T\u00e9cnico do Or\u00e7amentarista<\/strong><\/p>\n<p>Conjunto de normas e procedimentos t\u00e9cnico-operacionais, relacionados com a \u00e1rea or\u00e7ament\u00e1ria.<\/p>\n<p>\u00a0<\/p>\n<p><strong>Material de Consumo<\/strong><\/p>\n<p>Aquele cuja dura\u00e7\u00e3o \u00e9 limitada a curto lapso de tempo. Exemplos: artigos de escrit\u00f3rio, de limpeza e higiene, material el\u00e9trico e de ilumina\u00e7\u00e3o, g\u00eaneros aliment\u00edcios, artigos de mesa, combust\u00edveis etc.<\/p>\n<p>\u00a0<\/p>\n<p><strong>Material Permanente<\/strong><\/p>\n<p>Aquele de dura\u00e7\u00e3o superior a dois anos. Exemplos: mesas, m\u00e1quinas, tape\u00e7aria, equipamentos de laborat\u00f3rios, ferramentas, ve\u00edculos, semoventes etc.<\/p>\n<p>\u00a0<\/p>\n<p><strong>Medi\u00e7\u00e3o<\/strong><\/p>\n<p>Verifica\u00e7\u00e3o das quantidades das obras ou servi\u00e7os executados em cada etapa contratual.<\/p>\n<p>\u00a0<\/p>\n<p><strong>Medida Provis\u00f3ria<\/strong><\/p>\n<p>Instrumento legal, previsto na Constitui\u00e7\u00e3o Federal, de uso exclusivo do Presidente da Rep\u00fablica e com for\u00e7a de Lei. As Medidas Provis\u00f3rias podem ser usadas em casos de relev\u00e2ncia e urg\u00eancia, devendo ser submetidas de imediato ao Congresso Nacional, e aprovadas em um prazo m\u00e1ximo de 30 dias. Caso contr\u00e1rio perdem efic\u00e1cia, a partir da data da sua publica\u00e7\u00e3o, se n\u00e3o forem republicadas.<\/p>\n<p>\u00a0<\/p>\n<p><strong>Mensagem<\/strong><\/p>\n<p>\u00c9 a forma oficial de comunica\u00e7\u00e3o, cujo titular \u00e9 o Poder Executivo, para enviar ao Congresso Nacional e\/ou nos Estados para Assembl\u00e9ia Legislativa documentos, projetos de lei e medidas provis\u00f3rias, entre outros casos estabelecidos na Constitui\u00e7\u00e3o.<\/p>\n<p>\u00a0<\/p>\n<p><strong>Metas<\/strong><\/p>\n<p>Objetivos traduzidos em n\u00fameros, ou seja, quantidades f\u00edsicas e monet\u00e1rias do que se pretende obter e de quanto se prev\u00ea gastar em obras, m\u00e1quinas, equipamentos e programas sociais. (Produto quantificado a ser obtido durante a execu\u00e7\u00e3o do projeto\/atividade ou opera\u00e7\u00f5es especiais).<\/p>\n<p>\u00a0<\/p>\n<p><strong>Metas Bimestrais de Arrecada\u00e7\u00e3o<\/strong><\/p>\n<p>\u00c9 o desdobramento, nos termos do art. 13 da LRF, da receita prevista em n\u00fameros bimestrais de arrecada\u00e7\u00e3o. Quando cab\u00edvel, o dispositivo legal exige a especifica\u00e7\u00e3o das medidas de combate \u00e0 evas\u00e3o e \u00e0 sonega\u00e7\u00e3o, da quantidade e valores de a\u00e7\u00f5es ajuizadas para cobran\u00e7a da d\u00edvida ativa, bem como da evolu\u00e7\u00e3o do montante dos cr\u00e9ditos tribut\u00e1rios pass\u00edveis de cobran\u00e7a administrativa. Esse detalhamento \u00e9 exigido nos primeiros trinta dias, ap\u00f3s a publica\u00e7\u00e3o da lei or\u00e7ament\u00e1ria. \u00c9, tamb\u00e9m, uma das obriga\u00e7\u00f5es do Poder Executivo para demonstrar uma gest\u00e3o fiscal respons\u00e1vel.<\/p>\n<p>\u00a0<\/p>\n<p><strong>Metas Fiscais<\/strong><\/p>\n<p>Express\u00e3o que indica o resultado esperado da execu\u00e7\u00e3o or\u00e7ament\u00e1ria quando se compara a economia obtida entre as receitas n\u00e3o-financeiras e as despesas n\u00e3o-financeiras. Essa economia forma o resultado prim\u00e1rio de determinado agregado or\u00e7ament\u00e1rio. Anualmente, a Lei de Diretrizes Or\u00e7ament\u00e1rias fixa as metas de resultado prim\u00e1rio para os or\u00e7amentos fiscal e da seguridade, de investimento das estatais, dos estados e dos munic\u00edpios. O detalhamento das metas fiscais est\u00e1 em documento anexo ao projeto de lei de diretrizes or\u00e7ament\u00e1rias denominado \u201cAnexo de Metas Fiscais\u201d.<\/p>\n<p>\u00a0<\/p>\n<p><strong>Modalidade de Aplica\u00e7\u00e3o<\/strong><\/p>\n<p>Classifica\u00e7\u00e3o da natureza da despesa que traduz a forma como os recursos ser\u00e3o aplicados pelos \u00f3rg\u00e3os\/entidades, podendo ser diretamente pelos mesmos ou sob a forma de transfer\u00eancias a outras entidades p\u00fablicas ou privadas que se encarregar\u00e3o da execu\u00e7\u00e3o das a\u00e7\u00f5es.<\/p>\n<p>\u00a0<\/p>\n<p><strong>Multa<\/strong><\/p>\n<p>Pena pecuni\u00e1ria imposta ao contribuinte faltoso para com a obriga\u00e7\u00e3o tribut\u00e1ria.<\/p>\n<p>\u00a0<\/p>\n<p><strong>Munic\u00edpio<\/strong><\/p>\n<p>Um dos entes da Federa\u00e7\u00e3o. N\u00e3o possui soberania, mas possui autonomia nos termos da Constitui\u00e7\u00e3o. \u00c9 regido por Lei Org\u00e2nica, aprovada por dois ter\u00e7os dos membros da C\u00e2mara Municipal.<\/p>\n<p>\u00a0<\/p>\n<p>\u00a0<\/p>\n<table style=\"width: 100%;\" border=\"0\">\n<tbody>\n<tr>\n<td><span style=\"text-decoration: underline; font-size: 18px;\"><strong><a name=\"n\"><\/a>N<\/strong><\/span><\/td>\n<td style=\"text-align: right;\"><a href=\"#topo\">(topo)<\/a><\/td>\n<\/tr>\n<\/tbody>\n<\/table>\n<p>\u00a0<\/p>\n<p><strong>Natureza da Despesa<\/strong><\/p>\n<p>Ver Classifica\u00e7\u00e3o por natureza de despesa<\/p>\n<p>\u00a0<\/p>\n<p><strong>Nota de Dota\u00e7\u00e3o<\/strong><\/p>\n<p>Registro de desdobramento, por plano interno e\/ou fonte, quando detalhada, dos crit\u00e9rios previstos na Lei Or\u00e7ament\u00e1ria Anual, bem como a inclus\u00e3o dos cr\u00e9ditos nela n\u00e3o considerados.<\/p>\n<p>\u00a0<\/p>\n<p><strong>Nota de Empenho (NE)<\/strong><\/p>\n<p>Registro de eventos vinculados ao comprometimento da despesa, na base do empenho.<\/p>\n<p>\u00a0<\/p>\n<p><strong>Numer\u00e1rio<\/strong><\/p>\n<p>Dinheiro; moeda.<\/p>\n<p>\u00a0<\/p>\n<p>\u00a0<\/p>\n<table style=\"width: 100%;\" border=\"0\">\n<tbody>\n<tr>\n<td><span style=\"text-decoration: underline; font-size: 18px;\"><strong><a name=\"o\"><\/a>O<\/strong><\/span><\/td>\n<td style=\"text-align: right;\"><a href=\"#topo\">(topo)<\/a><\/td>\n<\/tr>\n<\/tbody>\n<\/table>\n<p>\u00a0<\/p>\n<p><strong>Objetivos<\/strong><\/p>\n<p>Resultados que se busca alcan\u00e7ar com a realiza\u00e7\u00e3o das a\u00e7\u00f5es que est\u00e3o sendo propostas.<\/p>\n<p>\u00a0<\/p>\n<p><strong>Objeto de Gasto<\/strong><\/p>\n<p>N\u00edvel mais detalhado de classifica\u00e7\u00e3o da natureza da despesa. \u00c9 o mesmo que elemento de despesa (vide Classifica\u00e7\u00e3o Econ\u00f4mica da Despesa).<\/p>\n<p>\u00a0<\/p>\n<p><strong>Obra<\/strong><\/p>\n<p>Constru\u00e7\u00e3o, reforma ou amplia\u00e7\u00e3o de bens im\u00f3veis realizada por execu\u00e7\u00e3o direta ou indireta.<\/p>\n<p>\u00a0<\/p>\n<p><strong>Obriga\u00e7\u00f5es Patronais<\/strong><\/p>\n<p>Despesas com encargos que a administra\u00e7\u00e3o \u00e9 levada a atender pela sua condi\u00e7\u00e3o de empregadora, resultante de pessoal, tais como as contribui\u00e7\u00f5es previdenci\u00e1rias.<\/p>\n<p>\u00a0<\/p>\n<p><strong>\u201cOn Line\u201d<\/strong><\/p>\n<p>Modalidade de processamento eletr\u00f4nico de dados, de car\u00e1ter interativo e instant\u00e2neo que permite consultas e acertos imediatos por parte do usu\u00e1rio, assim como mensagens tamb\u00e9m imediatas oriundas do sistema.<\/p>\n<p>\u00a0<\/p>\n<p><strong>Opera\u00e7\u00f5es de Cr\u00e9dito<\/strong><\/p>\n<p>Levantamento de empr\u00e9stimo pelas entidades da administra\u00e7\u00e3o p\u00fablica, com o objetivo de financiar seus projetos e\/ou atividades, podendo ser interna ou externa e\/ou empr\u00e9stimos e financiamentos tomados.<\/p>\n<p>\u00a0<\/p>\n<p><strong>Opera\u00e7\u00f5es Especiais<\/strong><\/p>\n<p>A\u00e7\u00f5es que n\u00e3o contribuem para a manuten\u00e7\u00e3o das a\u00e7\u00f5es de governo, das quais n\u00e3o resulta um produto e n\u00e3o geram contrapresta\u00e7\u00e3o direta sob a forma de bens e servi\u00e7os.<\/p>\n<p>\u00a0<\/p>\n<p><strong>Or\u00e7amenta\u00e7\u00e3o<\/strong><\/p>\n<p>Detalhamento dos programas e subprogramas constantes da programa\u00e7\u00e3o de governo, em a\u00e7\u00f5es espec\u00edficas materializadas nos projetos\/ atividades\/subprojetos\/subatividades or\u00e7ament\u00e1rios. Compreende, tamb\u00e9m, a especifica\u00e7\u00e3o dos insumos materiais e recursos humanos necess\u00e1rios ao desenvolvimento dessas a\u00e7\u00f5es espec\u00edficas, em conformidade com a classifica\u00e7\u00e3o por objeto de gasto legalmente adotada.<\/p>\n<p>\u00a0<\/p>\n<p><strong>Or\u00e7amento Democr\u00e1tico<\/strong><\/p>\n<p>\u00c9 o nome que se d\u00e1 ao Or\u00e7amento Geral do Estado elaborado de forma democr\u00e1tica, ou seja onde a fixa\u00e7\u00e3o das prioridades \u00e9 fruto de ampla consulta \u00e0 sociedade organizada, classes empresarial, de trabalhadores e pol\u00edtica e \u00e0 popula\u00e7\u00e3o em geral.<\/p>\n<p>\u00c9 mais um passo do Governo do Estado para a constru\u00e7\u00e3o da cidadania. As discuss\u00f5es do Or\u00e7amento Democr\u00e1tico mostram \u00e0 sociedade a realidade das contas p\u00fablicas, a escassez de recursos para investimento e o quanto \u00e9 importante definir em conjunto a melhor forma de aplic\u00e1-los de acordo com os anseios e demandas da popula\u00e7\u00e3o.<\/p>\n<p>\u00a0<\/p>\n<p><strong>Or\u00e7amento da Seguridade Social<\/strong><\/p>\n<p>Integra a Lei Or\u00e7ament\u00e1ria Anual, e abrange todas as entidades, fundos e funda\u00e7\u00f5es de administra\u00e7\u00e3o direta e indireta, institu\u00eddos e mantidos pelo Poder P\u00fablico, vinculados \u00e0 Seguridade Social.<\/p>\n<p>\u00a0<\/p>\n<p><strong>Or\u00e7amento de Investimento<\/strong><\/p>\n<p>Integra a Lei Or\u00e7ament\u00e1ria Anual e refere-se ao or\u00e7amento de investimento das empresas em que a Uni\u00e3o, direta ou indiretamente, detenha a maioria do capital social com direito a voto.<\/p>\n<p>\u00a0<\/p>\n<p><strong>Or\u00e7amento Fiscal<\/strong><\/p>\n<p>Integra a Lei Or\u00e7ament\u00e1ria Anual e refere-se ao or\u00e7amento dos Poderes da Uni\u00e3o, \u00f3rg\u00e3os e entidades da administra\u00e7\u00e3o direta ou indireta, inclusive funda\u00e7\u00f5es institu\u00eddas e mantidas pelo Poder P\u00fablico.<\/p>\n<p>\u00a0<\/p>\n<p><strong>Or\u00e7amento Programa<\/strong><\/p>\n<p>Originalmente, sistema de planejamento, programa\u00e7\u00e3o e or\u00e7amenta\u00e7\u00e3o, introduzido nos Estados Unidos da Am\u00e9rica, no final da d\u00e9cada de 50, sob a denomina\u00e7\u00e3o de PPBS (Planning Programning Budgeting System). Principais caracter\u00edsticas: integra\u00e7\u00e3o, planejamento, or\u00e7amento; quantifica\u00e7\u00e3o de objetivos e fixa\u00e7\u00e3o de metas; rela\u00e7\u00f5es insumo-produto; alternativas program\u00e1ticas; acompanhamento f\u00edsico-financeiro; avalia\u00e7\u00e3o de resultados; e ger\u00eancia por objetivos.<\/p>\n<p>\u00a0<\/p>\n<p><strong>Or\u00e7amento P\u00fablico<\/strong><\/p>\n<p>Lei de iniciativa do Poder Executivo que estima a receita e fixa a despesa da administra\u00e7\u00e3o p\u00fablica. \u00c9 elaborada em um exerc\u00edcio para depois de aprovada pelo Poder Legislativo, vigorar no exerc\u00edcio seguinte.<\/p>\n<p>\u00a0<\/p>\n<p><strong>Or\u00e7amento Tradicional<\/strong><\/p>\n<p>Processo or\u00e7ament\u00e1rio em que apenas uma dimens\u00e3o do or\u00e7amento \u00e9 explicitada, qual seja, o objeto de gasto. Tamb\u00e9m \u00e9 conhecido como Or\u00e7amento Cl\u00e1ssico.<\/p>\n<p>\u00a0<\/p>\n<p><strong>Ordem Banc\u00e1ria (OB)<\/strong><\/p>\n<p>Documento destinado ao pagamento de compromissos, bem como a libera\u00e7\u00e3o de recursos para fins de adiantamento.<\/p>\n<p>\u00a0<\/p>\n<p><strong>Ordenador de Despesa<\/strong><\/p>\n<p>Qualquer autoridade de cujos atos resultem emiss\u00e3o de empenho, autoriza\u00e7\u00e3o de pagamento, suprimento ou disp\u00eandio de recursos da Uni\u00e3o ou pelos quais responda.<\/p>\n<p>\u00a0<\/p>\n<p><strong>\u00d3rg\u00e3o<\/strong><\/p>\n<p>Minist\u00e9rio, Secretaria ou Entidade desse mesmo grau, aos quais est\u00e3o vinculados as respectivas Unidades Or\u00e7ament\u00e1rias.<\/p>\n<p>\u00a0<\/p>\n<p><strong>\u00d3rg\u00e3o Central<\/strong><\/p>\n<p>Incumbido de normatizar e coordenar a a\u00e7\u00e3o dos outros \u00f3rg\u00e3os que comp\u00f5e o sistema.<\/p>\n<p>\u00a0<\/p>\n<p><strong>\u00d3rg\u00e3o Setorial<\/strong><\/p>\n<p>Articulador entre o \u00f3rg\u00e3o central e os \u00f3rg\u00e3os executores, dentro de um sistema, sendo respons\u00e1vel pela coordena\u00e7\u00e3o das a\u00e7\u00f5es na sua esfera de atua\u00e7\u00e3o.<\/p>\n<p>\u00a0<\/p>\n<p><strong>Outras Despesas Correntes<\/strong><\/p>\n<p>Despesas com a manuten\u00e7\u00e3o e funcionamento da m\u00e1quina administrativo do governo, tais como: material de consumo, material de distribui\u00e7\u00e3o gratuita, passagens de despesas de locomo\u00e7\u00e3o, loca\u00e7\u00e3o de m\u00e3o de obra, aux\u00edlio alimenta\u00e7\u00e3o, pagamento de servi\u00e7os prestados por pessoa f\u00edsica sem v\u00ednculo empregat\u00edcio ou pessoa jur\u00eddica independente da forma contratual, e outras n\u00e3o classificadas nos demais grupos de despesas correntes.<\/p>\n<p>\u00a0<\/p>\n<p><strong>Outras Despesas de Capital<\/strong><\/p>\n<p>Despesas de Capital n\u00e3o classific\u00e1veis como \u201cinvestimentos\u201d ou \u201cinvers\u00f5es financeiras\u201d.<\/p>\n<p>\u00a0<\/p>\n<p><strong>Outras Receitas Correntes<\/strong><\/p>\n<p>Multas, juros, indeniza\u00e7\u00f5es, cobran\u00e7a de d\u00edvida ativa e outras.<\/p>\n<p>\u00a0<\/p>\n<p><strong>Outras receitas de Capital<\/strong><\/p>\n<p>Receitas n\u00e3o prevista em outros itens espec\u00edficos.<\/p>\n<p>\u00a0<\/p>\n<p>\u00a0<\/p>\n<table style=\"width: 100%;\" border=\"0\">\n<tbody>\n<tr>\n<td><span style=\"text-decoration: underline; font-size: 18px;\"><strong><a name=\"p\"><\/a>P<\/strong><\/span><\/td>\n<td style=\"text-align: right;\"><a href=\"#topo\">(topo)<\/a><\/td>\n<\/tr>\n<\/tbody>\n<\/table>\n<p>\u00a0<\/p>\n<p><strong>Pagamento<\/strong><\/p>\n<p>\u00daltimo est\u00e1gio da despesa p\u00fablica. Caracteriza-se pela emiss\u00e3o do cheque ou ordem banc\u00e1ria em favor do credor.<\/p>\n<p>\u00a0<\/p>\n<p><strong>Pagamentos de Senten\u00e7as Judiciais<\/strong><\/p>\n<p>Despesas em virtude de senten\u00e7as judici\u00e1rias. Far-se-\u00e3o exclusivamente na ordem cronol\u00f3gica de apresenta\u00e7\u00e3o dos precat\u00f3rios e \u00e0 conta dos cr\u00e9ditos respectivos. As dota\u00e7\u00f5es or\u00e7ament\u00e1rias e os cr\u00e9ditos adicionais ser\u00e3o consignados ao Poder Judici\u00e1rio, nos Tribunais respons\u00e1veis pelas senten\u00e7as. Tamb\u00e9m chamado de precat\u00f3rio.<\/p>\n<p>\u00a0<\/p>\n<p><strong>PASEP<\/strong><\/p>\n<p>Programa de Forma\u00e7\u00e3o do Patrim\u00f4nio do Servidor P\u00fablico, criado em 3.12.1970, com al\u00edquota de 1% sobre a folha de pagamento das administra\u00e7\u00f5es diretas e indiretas. Deste total, 40% s\u00e3o destinado a financiar programas de desenvolvimento econ\u00f4mico atrav\u00e9s do BNDES e 60% \u00e9 destinado ao seguro desemprego e abono.<\/p>\n<p>\u00a0<\/p>\n<p><strong>Passivo<\/strong><\/p>\n<p>Contas relativas \u00e0s obriga\u00e7\u00f5es, que uma pessoa f\u00edsica ou jur\u00eddica deve satisfazer. Evidencia as origens dos recursos aplicadas no ativo, dividindo-se em passivo circulante, exig\u00edvel de curto e longo prazos, resultados de exerc\u00edcios futuros, patrim\u00f4nio l\u00edquido e passivo compensado.<\/p>\n<p>\u00a0<\/p>\n<p><strong>Passivo Circulante<\/strong><\/p>\n<p>Dep\u00f3sitos, restos a pagar, antecipa\u00e7\u00f5es de receita, bem como outras obriga\u00e7\u00f5es pendentes ou em circula\u00e7\u00e3o, exig\u00edveis at\u00e9 o termino do exerc\u00edcio seguinte.<\/p>\n<p>\u00a0<\/p>\n<p><strong>Passivo Compensado<\/strong><\/p>\n<p>Contas com fun\u00e7\u00e3o prec\u00edpua de controle, relacionadas aos bens, direitos, obriga\u00e7\u00f5es e situa\u00e7\u00f5es n\u00e3o compreendidas no patrim\u00f4nio mas que, direta ou indiretamente, possam vir a afeta-lo, inclusive as referentes a atos e fatos relacionados com a execu\u00e7\u00e3o or\u00e7ament\u00e1ria e financeira.<\/p>\n<p>\u00a0<\/p>\n<p><strong>Patrim\u00f4nio<\/strong><\/p>\n<p>Conjunto de bens direitos e obriga\u00e7\u00f5es de uma entidade.<\/p>\n<p>\u00a0<\/p>\n<p><strong>Patrim\u00f4nio L\u00edquido<\/strong><\/p>\n<p>Capital autorizado, as reservas de capital e outras que forem definidas, bem como o resultado acumulado e n\u00e3o destinado.<\/p>\n<p>\u00a0<\/p>\n<p><strong>Patrim\u00f4nio P\u00fablico<\/strong><\/p>\n<p>Conjunto de bens \u00e0 disposi\u00e7\u00e3o da coletividade.<\/p>\n<p>\u00a0<\/p>\n<p><strong>Pessoal e Encargos Sociais<\/strong><\/p>\n<p>Despesa com o pagamento pelo efetivo servi\u00e7o exercido de cargo\/emprego ou fun\u00e7\u00e3o no setor p\u00fablico, quer civil ou militar, ativo ou inativo, bem como as obriga\u00e7\u00f5es de responsabilidade do empregador.<\/p>\n<p>\u00a0<\/p>\n<p><strong>PIB \u2013 Produto Interno Bruto<\/strong><\/p>\n<p>Valor agregado final, a pre\u00e7os de mercado, sem transmiss\u00f5es intermedi\u00e1rias, de todos os bens e produtos finais produzidos dentro do territ\u00f3rio de um pa\u00eds ou estado. O PIB \u201cper capita\u201d \u00e9 o resultado da divis\u00e3o do PIB pela respectiva popula\u00e7\u00e3o.<\/p>\n<p>\u00a0<\/p>\n<p><strong>Planejamento<\/strong><\/p>\n<p>Metodologia de administra\u00e7\u00e3o que consiste, basicamente, em determinar os objetivos a alcan\u00e7ar, as a\u00e7\u00f5es a serem realizadas, compatibilizando-as com os meios dispon\u00edveis para sua execu\u00e7\u00e3o. Essa concep\u00e7\u00e3o da a\u00e7\u00e3o planejada \u00e9 tamb\u00e9m conhecida como planejamento normativo.<\/p>\n<p>\u00a0<\/p>\n<p><strong>Plano de Aplica\u00e7\u00e3o<\/strong><\/p>\n<p>Figura de execu\u00e7\u00e3o or\u00e7ament\u00e1ria que resulta da necessidade de se proceder a um maior detalhamento quanto a dota\u00e7\u00f5es que s\u00e3o alocadas globalmente no or\u00e7amento, ou seja, desrespeitando o princ\u00edpio da especifica\u00e7\u00e3o da despesa. A prolifera\u00e7\u00e3o de planos de aplica\u00e7\u00e3o denuncia um processo or\u00e7ament\u00e1rio com s\u00e9rias defici\u00eancias de programa\u00e7\u00e3o.<\/p>\n<p>\u00a0<\/p>\n<p><strong>Plano de Contas<\/strong><\/p>\n<p>Estrutura\u00e7\u00e3o ordenada e sistematizada das contas utiliz\u00e1veis numa entidade. O plano cont\u00e9m diretrizes t\u00e9cnicas gerais e espec\u00edficas que orientam a feitura dos registros dos atos praticados e dos fatos ocorridos na entidade.<\/p>\n<p>\u00a0<\/p>\n<p><strong>Plano Plurianual &#8211; PPA<\/strong><\/p>\n<p>Lei que estabelece de forma regionalizada as diretrizes, objetivos e metas da administra\u00e7\u00e3o p\u00fablica federal, estadual ou municipal para as despesas de capital e outras delas decorrentes e para as relativas aos programas de dura\u00e7\u00e3o continuada. Vigora por quatro anos, sendo elaborado no primeiro ano do mandato presidencial, governamental e municipal abrangendo at\u00e9 o primeiro ano do mandato seguinte.<\/p>\n<p>\u00a0<\/p>\n<p><strong>Pol\u00edtica Cambial<\/strong><\/p>\n<p>Instrumento de regula\u00e7\u00e3o das rela\u00e7\u00f5es comerciais e financeiras de um pa\u00eds com as demais na\u00e7\u00f5es com que se relacione.<\/p>\n<p>\u00a0<\/p>\n<p><strong>Pol\u00edtica Econ\u00f4mica<\/strong><\/p>\n<p>Conjunto de medidas adotados pelo governo, com o prop\u00f3sito de influir sobre os mecanismos de produ\u00e7\u00e3o de distribui\u00e7\u00e3o e de consumo de bens e servi\u00e7os. Divide-se em pol\u00edtica fiscal, monet\u00e1ria e cambial.<\/p>\n<p>\u00a0<\/p>\n<p><strong>Pol\u00edtica Fiscal<\/strong><\/p>\n<p>Coordena\u00e7\u00e3o da tributa\u00e7\u00e3o, d\u00edvida p\u00fablica e despesas governamentais, com o objetivo de promover o desenvolvimento e a estabiliza\u00e7\u00e3o da economia. Opera, basicamente, atrav\u00e9s de tr\u00eas esquemas: via tributo sobre a renda e produ\u00e7\u00e3o, via incentivos e abatimentos fiscais.<\/p>\n<p>\u00a0<\/p>\n<p><strong>Pol\u00edtica Monet\u00e1ria<\/strong><\/p>\n<p>Controle do sistema banc\u00e1rio e monet\u00e1rio exercido pelo governo, com a finalidade de propiciar estabilidade para o valor da moeda, equil\u00edbrio no balan\u00e7o de pagamentos, pleno emprego e outros objetivos correlatos.<\/p>\n<p>\u00a0<\/p>\n<p><strong>Precat\u00f3rio<\/strong><\/p>\n<p>Ver Pagamento de Senten\u00e7as Judici\u00e1rias.<\/p>\n<p>\u00a0<\/p>\n<p><strong>Presta\u00e7\u00e3o de Contas<\/strong><\/p>\n<p>Demonstrativo organizado pelo pr\u00f3prio agente, entidade ou pessoa designada, acompanhado ou n\u00e3o de documentos comprobat\u00f3rios das opera\u00e7\u00f5es de receita e despesa, os quais, se aprovados pelo Ordenador de Despesa, integrar\u00e3o a sua tomada de contas; \u00e9 tamb\u00e9m o levantamento organizado pelo Servi\u00e7o de Contabilidade das entidades da Administra\u00e7\u00e3o Indireta, inclusive das Funda\u00e7\u00f5es institu\u00eddas pelo Poder P\u00fablico.<\/p>\n<p>\u00a0<\/p>\n<p><strong>Previs\u00e3o<\/strong><\/p>\n<p>Num sentido mais amplo, \u00e9 prever a dire\u00e7\u00e3o e a extens\u00e3o, partindo do conhecimento do presente, do passado, e com base em certas hip\u00f3teses sobre o futuro. Admite a probabilidade e exclui a certeza absoluta.<\/p>\n<p>\u00a0<\/p>\n<p><strong>Previs\u00e3o da Receita<\/strong><\/p>\n<p>C\u00e1lculo prov\u00e1vel do comportamento da receita, mediante a utiliza\u00e7\u00e3o de m\u00e9todos estat\u00edsticos, observa\u00e7\u00f5es diretas e outros instrumentos. Etapa importante, pois a lei or\u00e7ament\u00e1ria \u201cestima a receita e fixa a despesa\u201d.<\/p>\n<p>\u00a0<\/p>\n<p><strong>Previs\u00e3o Or\u00e7ament\u00e1ria<\/strong><\/p>\n<p>A previs\u00e3o or\u00e7ament\u00e1ria \u00e9, al\u00e9m de ato de planejamento das atividades financeiras do Estado, ato de car\u00e1ter jur\u00eddico, \u201ccriador de direitos e de obriga\u00e7\u00f5es\u201d.<\/p>\n<p>\u00a0<\/p>\n<p><strong>Princ\u00edpios Or\u00e7ament\u00e1rios<\/strong><\/p>\n<p>Regras que cercam a institui\u00e7\u00e3o or\u00e7ament\u00e1ria, visando a dar-lhe consist\u00eancia, principalmente no que se refere ao controle pelo Poder Legislativo. Os principais s\u00e3o:<\/p>\n<p><strong>Universabilidade<\/strong> \u2013 princ\u00edpio segundo o qual a lei or\u00e7ament\u00e1ria deve compreender todas as receitas e todas as despesas pelo seus totais.<\/p>\n<p><strong>Unidade<\/strong> \u2013 princ\u00edpio segundo o qual os or\u00e7amentos de todos os \u00f3rg\u00e3os que constituem o setor p\u00fablico devem fundamentar-se segundo uma \u00fanica pol\u00edtica or\u00e7ament\u00e1ria, estruturarem-se uniformemente e ajustarem-se a um m\u00e9todo \u00fanico.<\/p>\n<p><strong>Anualidade<\/strong> &#8211; estabelece um per\u00edodo limitado de tempo para as estimativas de receita e fixa\u00e7\u00e3o da despesa, ou seja, o or\u00e7amento deve compreender o per\u00edodo de um exerc\u00edcio, que corresponde ao ano fiscal.<\/p>\n<p>\u00a0<\/p>\n<p><strong>Prioridade<\/strong><\/p>\n<p>Grau de preced\u00eancia que representa o projeto\/atividade dentro da programa\u00e7\u00e3o estabelecida, tanto para a unidade or\u00e7ament\u00e1ria quanto para o \u00f3rg\u00e3o setorial e o \u00f3rg\u00e3o central.<\/p>\n<p>\u00a0<\/p>\n<p><strong>Processamento de Dados<\/strong><\/p>\n<p>Conjunto de tarefas em que se utilizam, geralmente, computadores.<\/p>\n<p>\u00a0<\/p>\n<p><strong>Processo Or\u00e7ament\u00e1rio<\/strong><\/p>\n<p>Compreende as fases de elabora\u00e7\u00e3o e execu\u00e7\u00e3o das leis or\u00e7ament\u00e1rias \u2013 PPA, LDO e LOA. Cada uma dessas leis tem ritos pr\u00f3prios de elabora\u00e7\u00e3o, aprova\u00e7\u00e3o e implementa\u00e7\u00e3o pelos Poderes Legislativo e Executivo.<\/p>\n<p>\u00a0<\/p>\n<p><strong>Programa<\/strong><\/p>\n<p>Instrumento de organiza\u00e7\u00e3o da atua\u00e7\u00e3o governamental, visando \u00e0 concretiza\u00e7\u00e3o dos objetos pretendidos, sendo mensurado por indicadores estabelecidos no plano plurianual.<\/p>\n<p>\u00a0<\/p>\n<p><strong>Programa Final\u00edstico<\/strong><\/p>\n<p>Aquele que resulta em bens e servi\u00e7os de interesse direto e imediato da sociedade.<\/p>\n<p>\u00a0<\/p>\n<p><strong>Programa de Gest\u00e3o de Pol\u00edticas P\u00fablicas<\/strong><\/p>\n<p>Aquele que abrange as a\u00e7\u00f5es de gest\u00e3o de governo.<\/p>\n<p>\u00a0<\/p>\n<p><strong>Programa de Apoio Administrativo<\/strong><\/p>\n<p>Aquele que corresponde ao conjunto de despesas de natureza administrativa e outras n\u00e3o pass\u00edveis de apropria\u00e7\u00e3o nos programas final\u00edsticos, mas asseguram aos \u00f3rg\u00e3os governamentais os meios necess\u00e1rios \u00e0 sua implementa\u00e7\u00e3o.<\/p>\n<p>\u00a0<\/p>\n<p><strong>Programa\u00e7\u00e3o da Execu\u00e7\u00e3o Or\u00e7ament\u00e1ria<\/strong><\/p>\n<p>O detalhamento da execu\u00e7\u00e3o f\u00edsica do programa de trabalho ao longo do exerc\u00edcio, tendo em conta as caracter\u00edsticas, exig\u00eancias e interdepend\u00eancia das a\u00e7\u00f5es, visando sua compatibiliza\u00e7\u00e3o com o fluxo da receita, a maximiza\u00e7\u00e3o dos resultados e a minimiza\u00e7\u00e3o dos desperd\u00edcios e ociosidade dos recursos. A contrapartida da programa\u00e7\u00e3o f\u00edsica deve ser a programa\u00e7\u00e3o financeira.<\/p>\n<p>\u00a0<\/p>\n<p><strong>Programa\u00e7\u00e3o Financeira<\/strong><\/p>\n<p>Atividades relativas ao or\u00e7amento de caixa, compreendendo a previs\u00e3o do comportamento da receita, a consolida\u00e7\u00e3o dos cronogramas de desembolso e o estabelecimento do fluxo de caixa.<\/p>\n<p>\u00a0<\/p>\n<p><strong>Programa\u00e7\u00e3o Or\u00e7ament\u00e1ria<\/strong><\/p>\n<p>Identifica\u00e7\u00e3o dos produtos finais de uma organiza\u00e7\u00e3o, representados pelos seus programas e subprogramas, fixados a partir dos objetivos constantes dos planos de governo, al\u00e9m da determina\u00e7\u00e3o dos recursos reais e financeiros exigidos e das medidas de coordena\u00e7\u00e3o e compatibiliza\u00e7\u00e3o requeridas.<\/p>\n<p>\u00a0<\/p>\n<p><strong>Programa de Trabalho<\/strong><\/p>\n<p>Elenco de projetos e\/ou atividades que identificam as a\u00e7\u00f5es a serem realizadas pelas Unidades Or\u00e7ament\u00e1rias, pelo \u00f3rg\u00e3o ou pelo Estado.<\/p>\n<p>\u00a0<\/p>\n<p><strong>Projeto<\/strong><\/p>\n<p>Instrumento cuja programa\u00e7\u00e3o deve ser articulada e compatibilizada com outros, para alcan\u00e7ar os objetivos de um programa, envolvendo um conjunto de opera\u00e7\u00f5es limitadas no tempo, das quais resulta um produto que concorre para a expans\u00e3o ou aperfei\u00e7oamento da atua\u00e7\u00e3o governamental.<\/p>\n<p>\u00a0<\/p>\n<p><strong>Proposta Or\u00e7ament\u00e1ria<\/strong><\/p>\n<p>\u00c9 o projeto de lei elaborado pelo Poder Executivo contendo a estimativa da receita e a fixa\u00e7\u00e3o da despesa para determinado exerc\u00edcio financeiro. Depois de aprovada pelo Legislativo, sancionada pelo Presidente, Governador e Prefeito \u00e9 publicada na imprensa oficial, convertendo-se na lei or\u00e7ament\u00e1ria anula. Nos termos da Constitui\u00e7\u00e3o, a proposta or\u00e7ament\u00e1ria deve observar as disposi\u00e7\u00f5es do Plano Plurianual em vigor, bem como da Lei de Diretrizes Or\u00e7ament\u00e1rias para o exerc\u00edcio.<\/p>\n<p>\u00a0<\/p>\n<p><strong>Provis\u00e3o<\/strong><\/p>\n<p>Opera\u00e7\u00e3o descentralizadora de credito or\u00e7ament\u00e1rio, em que a unidade or\u00e7ament\u00e1ria de origem possibilita a realiza\u00e7\u00e3o de seus programas de trabalho por parte de unidade administrativa diretamente subordinada, ou por outras unidades or\u00e7ament\u00e1rias ou administrativas n\u00e3o subordinadas, dentro de um mesmo Minist\u00e9rio ou \u00d3rg\u00e3o.<\/p>\n<p>\u00a0<\/p>\n<p>\u00a0<\/p>\n<table style=\"width: 100%;\" border=\"0\">\n<tbody>\n<tr>\n<td><span style=\"text-decoration: underline; font-size: 18px;\"><strong><a name=\"q\"><\/a>Q<\/strong><\/span><\/td>\n<td style=\"text-align: right;\"><a href=\"#topo\">(topo)<\/a><\/td>\n<\/tr>\n<\/tbody>\n<\/table>\n<p>\u00a0<\/p>\n<p><strong>Quadro de Detalhamento da Despesa (QDD)<\/strong><\/p>\n<p>Instrumento que detalha, operacionalmente, os subprojetos e subatividades constantes da Lei Or\u00e7ament\u00e1ria Anual, especificando os elementos de despesa e respectivos desdobramentos. \u00c9 o ponto de partida para a execu\u00e7\u00e3o or\u00e7ament\u00e1ria.<\/p>\n<p>\u00a0<\/p>\n<p>\u00a0<\/p>\n<table style=\"width: 100%;\" border=\"0\">\n<tbody>\n<tr>\n<td><span style=\"text-decoration: underline; font-size: 18px;\"><strong><a name=\"r\"><\/a>R<\/strong><\/span><\/td>\n<td style=\"text-align: right;\"><a href=\"#topo\">(topo)<\/a><\/td>\n<\/tr>\n<\/tbody>\n<\/table>\n<p>\u00a0<\/p>\n<p><strong>Receita<\/strong><\/p>\n<p>Recursos auferidos na gest\u00e3o, a serem computados na apura\u00e7\u00e3o do resultado do exerc\u00edcio, desdobrados nas categorias econ\u00f4micas de correntes e de capital.<\/p>\n<p>\u00a0<\/p>\n<p><strong>Receita Agropecu\u00e1ria<\/strong><\/p>\n<p>Resultante da atividade de explora\u00e7\u00e3o, beneficiamento ou transforma\u00e7\u00e3o de produtos agropecu\u00e1rios por parte do Estado.<\/p>\n<p>\u00a0<\/p>\n<p><strong>Receitas Correntes<\/strong><\/p>\n<p>Receitas que apenas aumentam o patrim\u00f4nio n\u00e3o duradouro do Estado, isto \u00e9, que se esgotam dentro do per\u00edodo anual. S\u00e3o os casos, por exemplo, das receitas dos impostos que, por se extinguirem no decurso da execu\u00e7\u00e3o or\u00e7ament\u00e1ria, t\u00eam, por isso, de serem elaboradas todos os anos.<\/p>\n<p>Compreende os seguintes grupos: tribut\u00e1ria, de contribui\u00e7\u00e3o, patrimonial, agropecu\u00e1ria, industrial, de servi\u00e7os, transfer\u00eancias correntes, outras receitas correntes.<\/p>\n<p>\u00a0<\/p>\n<p><strong>Receitas de Capital<\/strong><\/p>\n<p>Receitas que alteram o patrim\u00f4nio duradouro do Estado. Compreende as receitas provenientes da convers\u00e3o de bens e direitos em esp\u00e9cie, do recebimento de amortiza\u00e7\u00f5es, de empr\u00e9stimos anteriormente concedidos, da contrata\u00e7\u00e3o de empr\u00e9stimos a longo prazo, de transfer\u00eancias recebidas de outras pessoas de direito p\u00fablico ou privado para custear despesas de capital.<\/p>\n<p>\u00a0<\/p>\n<p><strong>Receita de Contribui\u00e7\u00f5es<\/strong><\/p>\n<p>\u00c9 decorrente das contribui\u00e7\u00f5es sociais e das contribui\u00e7\u00f5es econ\u00f4micas.<\/p>\n<p>\u00a0<\/p>\n<p><strong>Receita de Servi\u00e7os<\/strong><\/p>\n<p>Derivada da presta\u00e7\u00e3o de servi\u00e7os como transporte, comunica\u00e7\u00e3o e outros.<\/p>\n<p>\u00a0<\/p>\n<p><strong>Receita de Transfer\u00eancias Correntes<\/strong><\/p>\n<p>S\u00e3o os recursos financeiros recebidos de pessoas jur\u00eddicas ou f\u00edsicas e que ser\u00e3o aplicados no atendimento de Despesas Correntes. O que deve determinar a classifica\u00e7\u00e3o da receita \u00e9, em primeiro lugar, a sua origem e, em segundo lugar a sua destina\u00e7\u00e3o. Assim, a transfer\u00eancia \u00e9 corrente se atender a despesas correntes e \u00e9 de capital se atender a despesas de capital.<\/p>\n<p>\u00a0<\/p>\n<p><strong>Receita Extra Or\u00e7ament\u00e1ria<\/strong><\/p>\n<p>Valores provenientes de toda e qualquer arrecada\u00e7\u00e3o que n\u00e3o figure no or\u00e7amento e, conseq\u00fcentemente, toda arrecada\u00e7\u00e3o que n\u00e3o constitui renda do Estado. O seu car\u00e1ter \u00e9 transit\u00f3rio, n\u00e3o se constituindo propriamente em receita p\u00fablica, mas sim dep\u00f3sito de terceiros. S\u00e3o exemplos: sal\u00e1rios de servidores n\u00e3o reclamados, consigna\u00e7\u00f5es e outras reten\u00e7\u00f5es n\u00e3o pagas ou recolhidas no per\u00edodo. Dep\u00f3sitos administrativos e judiciais.<\/p>\n<p>\u00a0<\/p>\n<p><strong>Receita Extraordin\u00e1ria<\/strong><\/p>\n<p>Auferida pelo Estado em decorr\u00eancia de situa\u00e7\u00e3o transit\u00f3ria e inesperada. S\u00e3o exemplos: os impostos lan\u00e7ados por motivo de guerra, as doa\u00e7\u00f5es, os impostos ou contribui\u00e7\u00f5es institu\u00eddas por motivos extraordin\u00e1rios e tempor\u00e1rios.<\/p>\n<p>\u00a0<\/p>\n<p><strong>Receita Industrial<\/strong><\/p>\n<p>Proveniente de atividades industriais exploradas pelo Estado.<\/p>\n<p>\u00a0<\/p>\n<p><strong>Receita Or\u00e7ament\u00e1ria<\/strong><\/p>\n<p>Valores constantes do or\u00e7amento, caracterizada conforme o art. 11 da Lei n\u00ba 4.320\/64.<\/p>\n<p>\u00a0<\/p>\n<p><strong>Receita Ordin\u00e1ria<\/strong><\/p>\n<p>Receita arrecadada sem vincula\u00e7\u00e3o espec\u00edfica, inclusive transfer\u00eancias aos Estados, Distrito Federal e Munic\u00edpios, \u00e0 disposi\u00e7\u00e3o do Tesouro para a execu\u00e7\u00e3o do or\u00e7amento, conforme aloca\u00e7\u00e3o das despesas.<\/p>\n<p>\u00a0<\/p>\n<p><strong>Receita Patrimonial<\/strong><\/p>\n<p>Recursos oriundos do resultado financeiro dos bens p\u00fablicos, mobili\u00e1rios ou imobili\u00e1rios ou da participa\u00e7\u00e3o societ\u00e1ria.<\/p>\n<p>\u00a0<\/p>\n<p><strong>Receita Pr\u00f3pria<\/strong><\/p>\n<p>As arrecada\u00e7\u00f5es pelas entidades p\u00fablicas em raz\u00e3o de sua atua\u00e7\u00e3o econ\u00f4mica no mercado. Estas receitas s\u00e3o aplicadas pelas pr\u00f3prias unidades geradoras, em geral autarquias, funda\u00e7\u00f5es, fundos e empresas p\u00fablicas.<\/p>\n<p>\u00a0<\/p>\n<p><strong>Receita Tribut\u00e1ria<\/strong><\/p>\n<p>Envolve os tributos na conceitua\u00e7\u00e3o da legisla\u00e7\u00e3o tribut\u00e1ria: impostos, taxas e contribui\u00e7\u00e3o de melhoria.<\/p>\n<p>\u00a0<\/p>\n<p><strong>Receita Vinculada<\/strong><\/p>\n<p>Receita arrecadada com destina\u00e7\u00e3o espec\u00edfica estabelecida na Constitui\u00e7\u00e3o Federal, Estadual e demais legisla\u00e7\u00f5es, destinada a determinado setor, \u00f3rg\u00e3o ou programa. Se a receita vinculada \u00e9 instrumento de garantia de recursos \u00e0 execu\u00e7\u00e3o do planejamento, por outro lado, o aumento da vincula\u00e7\u00e3o introduz maior rigidez na programa\u00e7\u00e3o or\u00e7ament\u00e1ria.<\/p>\n<p>\u00a0<\/p>\n<p><strong>Recolhimento<\/strong><\/p>\n<p>Remessa das receitas arrecadadas pelos agentes administrativos ou pelos bancos autorizados para cr\u00e9dito do Tesouro Nacional e\/ou Tesouro Estadual.<\/p>\n<p>\u00a0<\/p>\n<p><strong>Recursos Dispon\u00edveis<\/strong><\/p>\n<p>Recursos sobre os quais o Poder Executivo mant\u00e9m autonomia no sentido de prover sua aloca\u00e7\u00e3o em programas priorit\u00e1rios, em face das decis\u00f5es de pol\u00edtica econ\u00f4mica global.<\/p>\n<p>\u00a0<\/p>\n<p><strong>Recursos Extra Or\u00e7ament\u00e1rios<\/strong><\/p>\n<p>Ver Receita Extra Or\u00e7ament\u00e1ria<\/p>\n<p>\u00a0<\/p>\n<p><strong>Recursos Or\u00e7ament\u00e1rios<\/strong><\/p>\n<p>Ver Receita Or\u00e7ament\u00e1ria<\/p>\n<p>\u00a0<\/p>\n<p><strong>Recursos Ordin\u00e1rios<\/strong><\/p>\n<p>Ver Receita Ordin\u00e1ria<\/p>\n<p>\u00a0<\/p>\n<p><strong>Recursos Vinculados<\/strong><\/p>\n<p>Ver Receita Vinculada<\/p>\n<p>\u00a0<\/p>\n<p><strong>Regime de Caixa<\/strong><\/p>\n<p>Modalidade cont\u00e1bil que considera para a apura\u00e7\u00e3o do resultado do exerc\u00edcio apenas os pagamentos e recebimentos ocorridos efetivamente no exerc\u00edcio.<\/p>\n<p>\u00a0<\/p>\n<p><strong>Regime de Compet\u00eancia<\/strong><\/p>\n<p>Modalidade cont\u00e1bil que considera os fatos cont\u00e1beis ocorridos durante o exerc\u00edcio para fins de apura\u00e7\u00e3o dos seus resultados.<\/p>\n<p>\u00a0<\/p>\n<p><strong>Registro Misto<\/strong><\/p>\n<p>Modalidade conceitual estabelecida pela Lei n\u00ba 4.320\/64, que disp\u00f5e sobre as finan\u00e7as p\u00fablicas da federa\u00e7\u00e3o, Art. 35, do T\u00edtulo IV \u2013 Do Exerc\u00edcio Financeiro, e que determina para a execu\u00e7\u00e3o or\u00e7ament\u00e1ria, a combina\u00e7\u00e3o do Regime de Caixa para as receitas, ou seja, a realiza\u00e7\u00e3o dessas se dar\u00e1 ap\u00f3s o efetivo impacto nas disponibilidades financeiras e o Regime de Compet\u00eancia para a despesa, reconhecendo-a em momentos diferentes, quais sejam:<\/p>\n<p>1- A obriga\u00e7\u00e3o em potencial ocorre no primeiro est\u00e1gio, denominado empenho da despesa e que resulta em potencialidade passiva;<\/p>\n<p>2- A obriga\u00e7\u00e3o real que ocorre no segundo est\u00e1gio consiste na verifica\u00e7\u00e3o do direito adquirido pelo credor, tendo por base os documentos h\u00e1beis que sustentam a efetiva realiza\u00e7\u00e3o da despesa correspondente (fase da liquida\u00e7\u00e3o).<\/p>\n<p>Considera-se, tamb\u00e9m, como despesa realizada, em cumprimento \u00e0 determina\u00e7\u00e3o legal, os saldos dos empenhos inscritos em restos a pagar n\u00e3o processados, independente de serem liquidados ou cancelados em exerc\u00edcios subseq\u00fcentes.<\/p>\n<p>\u00a0<\/p>\n<p><strong>Reserva de Capital<\/strong><\/p>\n<p>Constituem reservas de capital: a \u2013 a contribui\u00e7\u00e3o do subscritor de a\u00e7\u00f5es que exceder o valor nominal e a parte do pre\u00e7o de emiss\u00e3o das a\u00e7\u00f5es sem valor nominal que ultrapassar a import\u00e2ncia destinada \u00e0 forma\u00e7\u00e3o do capital social, inclusive nos casos de convers\u00e3o em a\u00e7\u00f5es e deb\u00eantures ou partes benefici\u00e1rias; b \u2013 o produto da aliena\u00e7\u00e3o de partes benefici\u00e1rias e b\u00f4nus de subscri\u00e7\u00e3o; c \u2013 o pr\u00eamio recebido na emiss\u00e3o de deb\u00eantures; d \u2013 as doa\u00e7\u00f5es e as subven\u00e7\u00f5es para investimento; e \u2013 o resultado da corre\u00e7\u00e3o monet\u00e1ria do capital realizado, enquanto n\u00e3o capitalizado.<\/p>\n<p>\u00a0<\/p>\n<p><strong>Reserva de Conting\u00eancia<\/strong><\/p>\n<p>Dota\u00e7\u00e3o global n\u00e3o especificamente destinada a determinado \u00f3rg\u00e3o, unidade or\u00e7ament\u00e1ria, programa ou categoria econ\u00f4mica, cujos recursos ser\u00e3o utilizados para abertura de cr\u00e9ditos adicionais.<\/p>\n<p>\u00a0<\/p>\n<p><strong>Restitui\u00e7\u00e3o<\/strong><\/p>\n<p>Direito do contribuinte que pagou tributo indevidamente, a reaver o valor pago.<\/p>\n<p>\u00a0<\/p>\n<p><strong>Restos a Pagar<\/strong><\/p>\n<p>Despesas empenhadas, mas n\u00e3o pagas, at\u00e9 31 de dezembro, distinguindo-se as processadas (despesas empenhadas e liquidadas) das n\u00e3o processadas (despesas apenas empenhadas e aguardando a liquida\u00e7\u00e3o).<\/p>\n<p>\u00a0<\/p>\n<p><strong>Resultado Apurado<\/strong><\/p>\n<p>Conta transit\u00f3ria utilizada no encerramento do exerc\u00edcio para demonstrar a apura\u00e7\u00e3o do resultado.<\/p>\n<p>\u00a0<\/p>\n<p><strong>Resultado do Exerc\u00edcio<\/strong><\/p>\n<p>Constitu\u00eddo pelo resultado or\u00e7ament\u00e1rio e o resultado extra-or\u00e7ament\u00e1rio.<\/p>\n<p>\u00a0<\/p>\n<p><strong>Resultado Extra-Or\u00e7ament\u00e1rio<\/strong><\/p>\n<p>Decr\u00e9scimos, interfer\u00eancias ativas e muta\u00e7\u00f5es patrimoniais passivas independentes da execu\u00e7\u00e3o or\u00e7ament\u00e1ria.<\/p>\n<p>\u00a0<\/p>\n<p><strong>Resultado Nominal<\/strong><\/p>\n<p>Obt\u00e9m-se pela diferen\u00e7a entre todas as receitas arrecadadas e todas as despesas empenhadas, inclusive aquelas relacionadas com a d\u00edvida do setor p\u00fablico. Esse resultado indica enquanto a d\u00edvida aumentou ou reduziu no exerc\u00edcio ou num per\u00edodo determinado de tempo.<\/p>\n<p>\u00a0<\/p>\n<p><strong>Resultado Operacional<\/strong><\/p>\n<p>Resultado nominal descontada a corre\u00e7\u00e3o monet\u00e1ria e cambial nas despesas com juros.<\/p>\n<p>\u00a0<\/p>\n<p><strong>Resultado Prim\u00e1rio<\/strong><\/p>\n<p>Diferen\u00e7a entre as receitas e despesas do setor p\u00fablico, n\u00e3o computadas as despesas com \u201crolagem da d\u00edvida\u201d e opera\u00e7\u00f5es de cr\u00e9dito ativas e passivas. Reflete o esfor\u00e7o fiscal do governo.<\/p>\n<p>\u00a0<\/p>\n<p><strong>Resultado Or\u00e7ament\u00e1rio<\/strong><\/p>\n<p>Despesas, interfer\u00eancias ativas e muta\u00e7\u00f5es patrimoniais passivas resultantes da execu\u00e7\u00e3o or\u00e7ament\u00e1ria.<\/p>\n<p>\u00a0<\/p>\n<p><strong>Reten\u00e7\u00e3o na Fonte<\/strong><\/p>\n<p>Desconto de imposto sobre a renda efetuado pelo pagador sobre rendimentos do trabalho assalariado, de capital, ou pela presta\u00e7\u00e3o de servi\u00e7os podendo ou n\u00e3o vir a ser compensado na declara\u00e7\u00e3o anual de rendimentos.<\/p>\n<p>\u00a0<\/p>\n<p><strong>Risco de Financiamento<\/strong><\/p>\n<p>\u00c9 a possibilidade de o governo ter de arcar com custos elevados para se financiar ou, no caso extremo, de ele n\u00e3o conseguir honrar suas obriga\u00e7\u00f5es. Este risco est\u00e1 associado ao perfil de vencimentos da d\u00edvida p\u00fablica, bem como a sua sensibilidade a choques nas vari\u00e1veis econ\u00f4micas. A avalia\u00e7\u00e3o desse risco utiliza indicadores, como o percentual vincendo em 12 (doze) meses, o prazo m\u00e9dio, e as medidas de volatilidade dos pagamentos esperados, capturadas pela t\u00e9cnica de Cashflow-at-Risk \u201cCfaR\u201d (trata-se de um indicador da magnitude dos desvios no valor dos vencimentos esperados da d\u00edvida, decorrentes de choques estoc\u00e1sticos sobre juros, c\u00e2mbio e infla\u00e7\u00e3o, associado a um determinado n\u00edvel de signific\u00e2ncia estat\u00edstica de realiza\u00e7\u00e3o desses choques. Esse exerc\u00edcio consiste em simular, para cada hip\u00f3tese de composi\u00e7\u00e3o de vencimentos da DPF, a distribui\u00e7\u00e3o de probabilidades desses vencimentos ao final de cada m\u00eas do ano em an\u00e1lise, com base em cen\u00e1rios estoc\u00e1sticos para juros, c\u00e2mbio e infla\u00e7\u00e3o).<\/p>\n<p>\u00a0<\/p>\n<p>\u00a0<\/p>\n<table style=\"width: 100%;\" border=\"0\">\n<tbody>\n<tr>\n<td><span style=\"text-decoration: underline; font-size: 18px;\"><strong><a name=\"s\"><\/a>S<\/strong><\/span><\/td>\n<td style=\"text-align: right;\"><a href=\"#topo\">(topo)<\/a><\/td>\n<\/tr>\n<\/tbody>\n<\/table>\n<p>\u00a0<\/p>\n<p><strong>Seguridade Social<\/strong><\/p>\n<p>Conjunto integrado de a\u00e7\u00f5es de iniciativa dos Poderes P\u00fablicos e da sociedade destinadas a assegurar os direitos relativos \u00e0 sa\u00fade, \u00e0 previd\u00eancia e \u00e0 assist\u00eancia social.<\/p>\n<p>\u00a0<\/p>\n<p><strong>SELIC \u2013 Sistema Especial de Liquida\u00e7\u00e3o e de Cust\u00f3dia<\/strong><\/p>\n<p>Sistema criado em 1979, pela Associa\u00e7\u00e3o Nacional das Institui\u00e7\u00f5es do Mercado Aberto (Andima), e a administrado pelo Banco Central. Destina-se ao registro, cust\u00f3dia e liquida\u00e7\u00e3o financeira das opera\u00e7\u00f5es realizadas com t\u00edtulos p\u00fablicos emitidos pelo Tesouro Nacional ou Banco Central, t\u00edtulos estaduais e\/ou municipais e dep\u00f3sitos interfinanceiros. Tais opera\u00e7\u00f5es ocorrem por meio de equipamentos eletr\u00f4nico de teleprocessamento, em contas abertas em nome dos participantes. Al\u00e9m disso, o sistema processa as opera\u00e7\u00f5es de movimenta\u00e7\u00e3o, resgates, ofertas p\u00fablicas de t\u00edtulos e suas respectivas liquida\u00e7\u00f5es financeiras.<\/p>\n<p>\u00a0<\/p>\n<p><strong>Servi\u00e7o da D\u00edvida Externa<\/strong><\/p>\n<p>Compreende o pagamento de juros, encargos adicionais e amortiza\u00e7\u00e3o do principal dos empr\u00e9stimos contra\u00eddos com residentes no exterior.<\/p>\n<p>\u00a0<\/p>\n<p><strong>Servi\u00e7o da D\u00edvida Interna<\/strong><\/p>\n<p>Compreende o pagamento de juros, encargos adicionais e de resgate dos t\u00edtulos da d\u00edvida interna consolidada e flutuante.<\/p>\n<p>\u00a0<\/p>\n<p><strong>Siglas<\/strong><\/p>\n<p>ADCT \u2013 Ato das Disposi\u00e7\u00f5es Constitucionais Transit\u00f3rias<\/p>\n<p>ARO \u2013 Antecipa\u00e7\u00e3o da Receita Or\u00e7ament\u00e1ria<\/p>\n<p>BID \u2013 Banco Interamericano de Desenvolvimento<\/p>\n<p>BIRD \u2013 Banco Internacional para a Reconstru\u00e7\u00e3o e Desenvolvimento<\/p>\n<p>CF \u2013 Constitui\u00e7\u00e3o Federal<\/p>\n<p>CE \u2013 Constitui\u00e7\u00e3o Estadual<\/p>\n<p>CLT &#8211; Consolida\u00e7\u00e3o das Leis do Trabalho<\/p>\n<p>CTN \u2013 C\u00f3digo Tribut\u00e1rio Nacional<\/p>\n<p>COFINS \u2013 Contribui\u00e7\u00e3o para o Financiamento da Seguridade Social<\/p>\n<p>DARE \u2013 Documento de Arrecada\u00e7\u00e3o de Receitas Estaduais<\/p>\n<p>DARF \u2013 Documento de Arrecada\u00e7\u00e3o de Receitas Federais<\/p>\n<p>DOU \u2013 Di\u00e1rio Oficial da Uni\u00e3o<\/p>\n<p>DOE \u2013 Di\u00e1rio Oficial do Estado<\/p>\n<p>FMI \u2013 Fundo Monet\u00e1rio Internacional<\/p>\n<p>FPE \u2013 Fundo de Participa\u00e7\u00e3o dos Estados<\/p>\n<p>FPM \u2013 Fundo de Participa\u00e7\u00e3o dos Munic\u00edpios<\/p>\n<p>GEASO &#8211; Ger\u00eancia de Controle e Administra\u00e7\u00e3o do Sistema Or\u00e7ament\u00e1rio<\/p>\n<p>GECOD \u2013 Ger\u00eancia de Controle da Despesa<\/p>\n<p>GEPO \u2013 Ger\u00eancia de Elabora\u00e7\u00e3o e Programa\u00e7\u00e3o Or\u00e7ament\u00e1ria<\/p>\n<p>GND &#8211; Grupo de Natureza de Despesa<\/p>\n<p>GPS \u2013 Guia da Previd\u00eancia Social<\/p>\n<p>GRU \u2013 Guia de Recolhimento da Uni\u00e3o<\/p>\n<p>ICMS \u2013 Imposto sobre Circula\u00e7\u00e3o de Mercadorias e Presta\u00e7\u00e3o de Servi\u00e7os<\/p>\n<p>IDOC \u2013 Identificador de Opera\u00e7\u00e3o de Cr\u00e9ditos<\/p>\n<p>IDUSO- Identificador de Uso<\/p>\n<p>IPEA &#8211; Instituto de Pesquisa Econ\u00f4mica Aplicada<\/p>\n<p>IPTU \u2013 Imposto Predial e Territorial Urbano<\/p>\n<p>IPVA \u2013 Imposto sobre a Propriedade de Ve\u00edculos Automotores<\/p>\n<p>IR \u2013 Imposto de Renda<\/p>\n<p>LDO \u2013 Lei de Diretrizes Or\u00e7ament\u00e1rias<\/p>\n<p>LOA \u2013 Lei Or\u00e7ament\u00e1ria Anual<\/p>\n<p>LRF \u2013 Lei de Responsabilidade Fiscal<\/p>\n<p>PAC \u2013 Programa de Acelera\u00e7\u00e3o do Crescimento<\/p>\n<p>PLDO \u2013 Projeto de Lei de Diretrizes Or\u00e7ament\u00e1rias<\/p>\n<p>PLOA \u2013 Projeto de Lei Or\u00e7ament\u00e1ria Anual<\/p>\n<p>PIS\/PASEP \u2013 Programa de Integra\u00e7\u00e3o Social<\/p>\n<p>PPA &#8211; Plano Plurianual<\/p>\n<p>RGPS \u2013 Regime Geral da Previd\u00eancia Social<\/p>\n<p>RP &#8211; Resultado Prim\u00e1rio<\/p>\n<p>RPPS \u2013 Regime Pr\u00f3prio de Previd\u00eancia Social<\/p>\n<p>SEGPLAN \u2013 Secretaria de Gest\u00e3o e Planejamento<\/p>\n<p>SEONET \u2013 Sistema Integrado de Elabora\u00e7\u00e3o Or\u00e7ament\u00e1ria<\/p>\n<p>SIOFI \u2013 Sistema de Controle e Administra\u00e7\u00e3o do Sistema Or\u00e7ament\u00e1rio<\/p>\n<p>SIPLAM \u2013 Sistema de Planejamento e Monitoramento do Plano Plurianual<\/p>\n<p>SORD \u2013 Superintend\u00eancia de Or\u00e7amento e Despesa<\/p>\n<p>STN \u2013 Secretaria do Tesouro Nacional<\/p>\n<p>STE \u2013 Superintend\u00eancia do Tesouro Estadual<\/p>\n<p>UO \u2013 Unidade Or\u00e7ament\u00e1ria<\/p>\n<p>\u00a0<\/p>\n<p><strong>SIOFI<\/strong><\/p>\n<p>Modalidade de acompanhamento das atividades relacionadas com a administra\u00e7\u00e3o financeira dos recursos do Estado, que centraliza ou uniformiza o processamento da execu\u00e7\u00e3o or\u00e7ament\u00e1ria, recorrendo a t\u00e9cnicas de elabora\u00e7\u00e3o eletr\u00f4nica de dados, com o envolvimento das unidades executoras e setoriais, sob a supervis\u00e3o da SORD\/SEGPLAN e resultando na integra\u00e7\u00e3o dos procedimentos concorrentes, essencialmente, \u00e0 programa\u00e7\u00e3o financeira, \u00e0 contabilidade e \u00e0 administra\u00e7\u00e3o or\u00e7ament\u00e1ria.<\/p>\n<p>\u00a0<\/p>\n<p><strong>Sistema de Contas<\/strong><\/p>\n<p>Conjunto de contas que registra ocorr\u00eancias de caracter\u00edsticas comuns a determinados atos administrativos. O sistema de contas na administra\u00e7\u00e3o p\u00fablica compreende o sistema or\u00e7ament\u00e1rio, patrimonial e de compensa\u00e7\u00e3o.<\/p>\n<p>\u00a0<\/p>\n<p><strong>Sistema de Contas Financeiro<\/strong><\/p>\n<p>Registra a arrecada\u00e7\u00e3o da receita e o pagamento da despesa or\u00e7ament\u00e1ria e extra-or\u00e7ament\u00e1ria. A fonte alimentadora do sistema financeiro \u00e9 o caixa, que movimenta a entrada e sa\u00edda de numer\u00e1rio.<\/p>\n<p>\u00a0<\/p>\n<p><strong>Sistema de Contas Or\u00e7ament\u00e1rio<\/strong><\/p>\n<p>Registra a receita prevista e as autoriza\u00e7\u00f5es legais de despesa constante da Lei Or\u00e7ament\u00e1ria Anual e dos cr\u00e9ditos adicionais, demonstrando a despesa fixada e a realizada no exerc\u00edcio, bem como compara a receita prevista com a arrecadada. As fontes alimentadoras do sistema or\u00e7ament\u00e1rio s\u00e3o: os or\u00e7amentos e suas altera\u00e7\u00f5es, o caixa e os atos administrativos.<\/p>\n<p>\u00a0<\/p>\n<p><strong>Sistema Or\u00e7ament\u00e1rio<\/strong><\/p>\n<p>Estrutura composta pelas organiza\u00e7\u00f5es, recursos humanos, informa\u00e7\u00f5es, tecnologia, regras e procedimentos, necess\u00e1rios ao cumprimento das fun\u00e7\u00f5es definidas no processo or\u00e7ament\u00e1rio.<\/p>\n<p>\u00a0<\/p>\n<p><strong>Sistema Patrimonial<\/strong><\/p>\n<p>Sistema de contas que registra os bens patrimoniais do Estado, os cr\u00e9ditos e os d\u00e9bitos suscet\u00edveis de serem classificados como permanentes ou que sejam resultados do movimento financeiro, as varia\u00e7\u00f5es patrimoniais provocadas pela execu\u00e7\u00e3o do or\u00e7amento ou que tenham outras origens, o resultado econ\u00f4mico do exerc\u00edcio.<\/p>\n<p>\u00a0<\/p>\n<p><strong>Sistema \u00danico de Sa\u00fade \u2013 SUS<\/strong><\/p>\n<p>Conjunto de a\u00e7\u00f5es e servi\u00e7os de sa\u00fade, prestados por \u00f3rg\u00e3os e institui\u00e7\u00f5es p\u00fablicas federais, estaduais e municipais, da administra\u00e7\u00e3o direta, indireta e fundacional, destinados ao p\u00fablico em geral.<\/p>\n<p>\u00a0<\/p>\n<p><strong>Sociedade de Economia Mista<\/strong><\/p>\n<p>Entidade dotada de personalidade jur\u00eddica de direito privado, criada por lei para o exerc\u00edcio de atividade econ\u00f4mica, sob a forma de sociedade an\u00f4nima, cuja a\u00e7\u00f5es com direito a voto perten\u00e7am em sua maioria ao Poder P\u00fablico.<\/p>\n<p>\u00a0<\/p>\n<p><strong>Subs\u00eddio<\/strong><\/p>\n<p>Concess\u00e3o de dinheiro feita pelo governo \u00e0s empresas para lhes aumentar a renda ou abaixar os pre\u00e7os ou para estimular as exporta\u00e7\u00f5es do pa\u00eds. Podem tamb\u00e9m ser concedidas diretamente ao consumidor. Em termos or\u00e7ament\u00e1rios, caracteriza uma subven\u00e7\u00e3o econ\u00f4mica.<\/p>\n<p>\u00a0<\/p>\n<p><strong>Substitutivo<\/strong><\/p>\n<p>Proposi\u00e7\u00e3o apresentada para substituir\/emendar outra. Trata-se de uma grande emenda que modifica grande ou toda parte de um projeto.<\/p>\n<p>\u00a0<\/p>\n<p><strong>Subven\u00e7\u00e3o Econ\u00f4mica<\/strong><\/p>\n<p>Aloca\u00e7\u00e3o destinada a cobertura dos d\u00e9ficits de manuten\u00e7\u00e3o das empresas p\u00fablicas de natureza aut\u00e1rquica ou n\u00e3o, assim como as dota\u00e7\u00f5es destinadas a cobrir a diferen\u00e7a entre os pre\u00e7os de mercado e os pre\u00e7os de revenda. Pelo governo de g\u00eaneros aliment\u00edcios ou outros e tamb\u00e9m as dota\u00e7\u00f5es destinadas ao pagamento de bonifica\u00e7\u00f5es a produtores de determinados g\u00eaneros ou materiais.<\/p>\n<p>\u00a0<\/p>\n<p><strong>Subven\u00e7\u00e3o Social<\/strong><\/p>\n<p>Suplementa\u00e7\u00e3o dos recursos de origem privada aplicados na presta\u00e7\u00e3o de servi\u00e7os de assist\u00eancia social ou cultural sem finalidade lucrativa.<\/p>\n<p>\u00a0<\/p>\n<p><strong>Spread<\/strong><\/p>\n<p>Percentual a ser acrescido \u00e0 taxa de juros, comum em opera\u00e7\u00f5es de cr\u00e9dito externo. Tamb\u00e9m conhecido como taxa de risco. Tamb\u00e9m pode ser traduzido como margem adicional.<\/p>\n<p>\u00a0<\/p>\n<p><strong>STN &#8211; Secretaria do Tesouro Nacional<\/strong><\/p>\n<p>Representante da Uni\u00e3o e respons\u00e1vel pela emiss\u00e3o dos T\u00edtulos a serem ofertados no Tesouro Direto.<\/p>\n<p>\u00a0<\/p>\n<p><strong>Swap cambial<\/strong><\/p>\n<p>Derivativo financeiro que tem por finalidade promover a troca (simultaneamente) de fluxos financeiros entre os agentes econ\u00f4micos envolvidos, por exemplo: uma empresa possui um ativo financeiro indexado a varia\u00e7\u00e3o do d\u00f3lar comercial e deseja trocar a varia\u00e7\u00e3o deste ativo financeiro (d\u00f3lar comercial) por uma determinada taxa de juros flutuantes sem se desfazer do ativo financeiro, neste caso ela poder\u00e1 atrav\u00e9s de um swap de taxas realizar tal opera\u00e7\u00e3o.<\/p>\n<p>\u00a0<\/p>\n<p><strong>Super\u00e1vit Financeiro<\/strong><\/p>\n<p>Diferen\u00e7a positiva entre o ativo financeiro e o passivo financeiro, conjugando-se, ainda, os saldos dos cr\u00e9ditos adicionais e as opera\u00e7\u00f5es de cr\u00e9ditos a eles vinculados.<\/p>\n<p>\u00a0<\/p>\n<p><strong>Super\u00e1vit Nominal<\/strong><\/p>\n<p>Resultado nominal positivo<\/p>\n<p>\u00a0<\/p>\n<p><strong>Super\u00e1vit Operacional<\/strong><\/p>\n<p>Resultado operacional positivo<\/p>\n<p>\u00a0<\/p>\n<p><strong>Super\u00e1vit Or\u00e7ament\u00e1rio<\/strong><\/p>\n<p>Quando a soma das receitas estimadas \u00e9 maior que \u00e0s das despesas or\u00e7ament\u00e1rias previstas.<\/p>\n<p>\u00a0<\/p>\n<p><strong>Suplementa\u00e7\u00e3o<\/strong><\/p>\n<p>Aumento de recursos por cr\u00e9dito adicional, para refor\u00e7ar as dota\u00e7\u00f5es que j\u00e1 constam na lei constam na lei or\u00e7ament\u00e1ria.<\/p>\n<p>\u00a0<\/p>\n<p><strong>Suprimento de Fundos<\/strong><\/p>\n<p>Instrumento de execu\u00e7\u00e3o ao qual pode recorrer o ordenador de despesas para, atrav\u00e9s de servidor subordinado, realizar despesas que, a crit\u00e9rio da administra\u00e7\u00e3o e consideradas as limita\u00e7\u00f5es previstas em lei, n\u00e3o possam ou n\u00e3o devam ser realizadas por via banc\u00e1ria.<\/p>\n<p>\u00a0<\/p>\n<p>\u00a0<\/p>\n<table style=\"width: 100%;\" border=\"0\">\n<tbody>\n<tr>\n<td><span style=\"text-decoration: underline; font-size: 18px;\"><strong><a name=\"t\"><\/a>T<\/strong><\/span><\/td>\n<td style=\"text-align: right;\"><a href=\"#topo\">(topo)<\/a><\/td>\n<\/tr>\n<\/tbody>\n<\/table>\n<p>\u00a0<\/p>\n<p><strong>Tarifa<\/strong><\/p>\n<p>Originalmente, rela\u00e7\u00e3o oficial das taxas pagas sobre mercadorias importadas. Posteriormente, seu uso estendeu-se aos direitos de importa\u00e7\u00e3o e exporta\u00e7\u00e3o, aos pre\u00e7os cobrados nas ferrovias pelo transporte de carga e, de modo geral, \u00e0s pautas de pre\u00e7os correspondentes a qualquer presta\u00e7\u00e3o de servi\u00e7o.<\/p>\n<p>\u00a0<\/p>\n<p><strong>Taxa<\/strong><\/p>\n<p>Esp\u00e9cie de tributo que os indiv\u00edduos pagam ao Estado, em raz\u00e3o do exerc\u00edcio do Poder de Policia ou pela utiliza\u00e7\u00e3o, efetiva ou potencial, de servi\u00e7os p\u00fablicos espec\u00edficos e divis\u00edveis, prestados ao contribuinte ou postos \u00e0 sua disposi\u00e7\u00e3o.<\/p>\n<p>\u00a0<\/p>\n<p><strong>Taxa M\u00e9dia SELIC (TMS)<\/strong><\/p>\n<p>\u00c9 a taxa m\u00e9dia ajustada dos financiamentos di\u00e1rios apurados no SELIC, praticada nas opera\u00e7\u00f5es compromissadas por um dia, tendo como lastro t\u00edtulos p\u00fablicos federais, estaduais e municipais negociados no mercado secund\u00e1rio.<\/p>\n<p>\u00a0<\/p>\n<p><strong>Termo Aditivo<\/strong><\/p>\n<p>Instrumento elaborado com a finalidade de alterar itens de contratos, conv\u00eanios ou acordos firmados pela administra\u00e7\u00e3o p\u00fablica.<\/p>\n<p>\u00a0<\/p>\n<p><strong>T\u00edtulos da D\u00edvida P\u00fablica<\/strong><\/p>\n<p>T\u00edtulos financeiros com variadas taxas de juros, m\u00e9todos de atualiza\u00e7\u00e3o monet\u00e1ria e prazo de vencimento, utilizados como instrumentos de endividamento interno e externo.<\/p>\n<p>\u00a0<\/p>\n<p><strong>Tomada de Contas<\/strong><\/p>\n<p>Levantamento organizado por servi\u00e7o de contabilidade anal\u00edtica, baseado na escritura\u00e7\u00e3o dos atos e fatos praticados na movimenta\u00e7\u00e3o de cr\u00e9ditos, recursos financeiros e outros bens p\u00fablicos, por um ou mais respons\u00e1veis pela gest\u00e3o financeira e patrimonial, a cargo de uma unidade administrativa e seus agentes, em determinado exerc\u00edcio ou per\u00edodo de gest\u00e3o.<\/p>\n<p>\u00a0<\/p>\n<p><strong>Tomada de Pre\u00e7os<\/strong><\/p>\n<p>Modalidade de licita\u00e7\u00e3o realizada entre interessados previamente cadastrados, observada a necess\u00e1ria qualifica\u00e7\u00e3o.<\/p>\n<p>\u00a0<\/p>\n<p><strong>Transa\u00e7\u00e3o On Line<\/strong><\/p>\n<p>Conjunto de procedimentos destinados \u00e0 opera\u00e7\u00e3o de um terminal de computador ligado a um sistema central aberto a processamento.<\/p>\n<p>\u00a0<\/p>\n<p><strong>Transfer\u00eancias Correntes (Despesa)<\/strong><\/p>\n<p>Transfer\u00eancias de recursos entre entidades governamentais para atender \u00e0s despesas sem contrapresta\u00e7\u00e3o de bens ou servi\u00e7os entre a entidade doadora e a recebedora dos recursos; podem realizar-se do setor p\u00fablico para o setor privado, no caso de subven\u00e7\u00f5es a uma empresa privada que explore servi\u00e7o de interesse p\u00fablico, mas deficit\u00e1rio, ou transferidas de uma para outra esfera de governo, por exemplo, da Uni\u00e3o para um Estado, para que este realize certos servi\u00e7os.<\/p>\n<p>\u00a0<\/p>\n<p><strong>Transfer\u00eancias Correntes (Receita)<\/strong><\/p>\n<p>Receitas recebidas de outras pessoas de direito p\u00fablico ou privado destinadas a atender \u00e0s despesas de manuten\u00e7\u00e3o e funcionamento, conforme condi\u00e7\u00f5es estabelecidas pela entidade repassadora.<\/p>\n<p>\u00a0<\/p>\n<p><strong>Transfer\u00eancias de Capital (Despesa)<\/strong><\/p>\n<p>Despesas sob a forma de aux\u00edlios ou contribui\u00e7\u00f5es para atender a investimentos e invers\u00f5es financeiras.<\/p>\n<p>\u00a0<\/p>\n<p><strong>Transfer\u00eancias de Capital (Receita)<\/strong><\/p>\n<p>Recursos recebidos de outras pessoas de direito p\u00fablico ou privado para atender \u00e0s despesas de capital.<\/p>\n<p>\u00a0<\/p>\n<p><strong>Transfer\u00eancias Inter-Governamentais<\/strong><\/p>\n<p>Transfer\u00eancias feitas entre a Uni\u00e3o, Estados, Distrito Federal e Munic\u00edpios.<\/p>\n<p>\u00a0<\/p>\n<p><strong>Transfer\u00eancias Intra-Governamentais<\/strong><\/p>\n<p>Transfer\u00eancias feitas no \u00e2mbito de cada governo. Podem ser a autarquias, funda\u00e7\u00f5es, fundos, empresas e a outras entidades autorizadas em legisla\u00e7\u00e3o espec\u00edfica.<\/p>\n<p>\u00a0<\/p>\n<p><strong>Tributo<\/strong><\/p>\n<p>Receita institu\u00edda pela Uni\u00e3o, pelos Estados, Distrito Federal e Munic\u00edpios, compreendendo os impostos, as taxas e contribui\u00e7\u00f5es de melhoria, nos termos da Constitui\u00e7\u00e3o e das leis vigentes em mat\u00e9ria financeira. A Constitui\u00e7\u00e3o de 1988 colocou as contribui\u00e7\u00f5es sob o mesmo regime constitucional dos tributos em geral, \u00e0s quais s\u00e3o aplicadas as normas gerais de legisla\u00e7\u00e3o tribut\u00e1ria e os princ\u00edpios da legalidade, irretroatividade e anterioridade.<\/p>\n<p>\u00a0<\/p>\n<p>\u00a0<\/p>\n<table style=\"width: 100%;\" border=\"0\">\n<tbody>\n<tr>\n<td><span style=\"text-decoration: underline; font-size: 18px;\"><strong><a name=\"u\"><\/a>U<\/strong><\/span><\/td>\n<td style=\"text-align: right;\"><a href=\"#topo\">(topo)<\/a><\/td>\n<\/tr>\n<\/tbody>\n<\/table>\n<p>\u00a0<\/p>\n<p><strong>Unidade Administrativa<\/strong><\/p>\n<p>Segmento da administra\u00e7\u00e3o direta ao qual a lei or\u00e7ament\u00e1ria anual n\u00e3o consigna recursos e que depende de destaques ou provis\u00f5es para executar seus programas de trabalho.<\/p>\n<p>\u00a0<\/p>\n<p><strong>Unidade Aplicadora<\/strong><\/p>\n<p>Unidade respons\u00e1vel pela aplica\u00e7\u00e3o de recursos or\u00e7ament\u00e1rios transferidos de outras unidades, com vistas ao desenvolvimento da programa\u00e7\u00e3o objeto da transfer\u00eancia.<\/p>\n<p>\u00a0<\/p>\n<p><strong>Unidade de Medida<\/strong><\/p>\n<p>Padr\u00e3o que se toma arbitrariamente para termo de compara\u00e7\u00e3o entre grandezas da mesma esp\u00e9cie.<\/p>\n<p>\u00a0<\/p>\n<p><strong>Unidade Gestora<\/strong><\/p>\n<p>Unidade or\u00e7ament\u00e1ria ou administrativa investida do poder de gerir recursos or\u00e7ament\u00e1rios e financeiros, pr\u00f3prios ou sob descentraliza\u00e7\u00e3o.<\/p>\n<p>\u00a0<\/p>\n<p><strong>Unidade Gestora Executora<\/strong><\/p>\n<p>Unidade gestora que utiliza o cr\u00e9dito recebido da unidade gestora respons\u00e1vel. A unidade gestora que utiliza os seus pr\u00f3prios cr\u00e9ditos passa a ser ao mesmo tempo unidade gestora executora e unidade gestora respons\u00e1vel.<\/p>\n<p>\u00a0<\/p>\n<p><strong>Unidade Gestora Respons\u00e1vel<\/strong><\/p>\n<p>Unidade gestora respons\u00e1vel pela realiza\u00e7\u00e3o de parte do programa de trabalho por ela descentralizado.<\/p>\n<p>\u00a0<\/p>\n<p><strong>Unidade do Or\u00e7amento<\/strong><\/p>\n<p>Princ\u00edpio segundo o qual os or\u00e7amentos de todos os \u00f3rg\u00e3os que constituem o setor p\u00fablico devem fundamentar-se segundo uma \u00fanica pol\u00edtica or\u00e7ament\u00e1ria, estruturarem-se uniformemente e ajustarem-se a um m\u00e9todo \u00fanico.<\/p>\n<p>\u00a0<\/p>\n<p><strong>Unidade Or\u00e7ament\u00e1ria<\/strong><\/p>\n<p>O segmento da administra\u00e7\u00e3o direta a que o or\u00e7amento da Uni\u00e3o consigna dota\u00e7\u00f5es espec\u00edficas para a realiza\u00e7\u00e3o de seus programas de trabalho e sobre os quais exerce o poder de disposi\u00e7\u00e3o.<\/p>\n<p>\u00a0<\/p>\n<p>\u00a0<\/p>\n<table style=\"width: 100%;\" border=\"0\">\n<tbody>\n<tr>\n<td><span style=\"text-decoration: underline; font-size: 18px;\"><strong><a name=\"v\"><\/a>V<\/strong><\/span><\/td>\n<td style=\"text-align: right;\"><a href=\"#topo\">(topo)<\/a><\/td>\n<\/tr>\n<\/tbody>\n<\/table>\n<p>\u00a0<\/p>\n<p><strong>Valor financeiro<\/strong><\/p>\n<p>\u00c9 o valor de mercado de um t\u00edtulo. No \u00e2mbito do Programa de Resgate Antecipado da D\u00edvida Externa representa o volume necess\u00e1rio em moeda estrangeira para o pagamento dos t\u00edtulos resgatados.<\/p>\n<p>\u00a0<\/p>\n<p><strong>Valor Nominal Atualizado (VNA)<\/strong><\/p>\n<p>Valor nominal atualizado de um t\u00edtulo. Valor nominal de emiss\u00e3o atualizado pelo indexador de deb\u00eantures, sem considerar os juros a serem pagos pelo emissor.<\/p>\n<p>\u00a0<\/p>\n<p><strong>Valor Presente L\u00edquido (VPL)<\/strong><\/p>\n<p>Representa o valor presente de um fluxo futuro de pagamentos ou recebimentos descontado a uma taxa de juros.<\/p>\n<p>\u00a0<\/p>\n<p><strong>Value at Risk (VaR)<\/strong><\/p>\n<p>\u00c9 uma medida, em montante financeiro que demonstra a maior perda esperada de um ativo ou carteira, para um determinado horizonte temporal dada a uma probabilidade de ocorr\u00eancia (n\u00edvel de confian\u00e7a).<\/p>\n<p>\u00a0<\/p>\n<p><strong>Vida M\u00e9dia<\/strong><\/p>\n<p>\u00c9 um indicador que indica o prazo remanescente apenas do principal da d\u00edvida p\u00fablica, desconsiderando os juros devidos. Este indicador \u00e9 adotado por muitos pa\u00edses, em substitui\u00e7\u00e3o ao Prazo M\u00e9dio, sendo, portanto, mais indicado para compara\u00e7\u00f5es internacionais.<\/p>\n<p>\u00a0<\/p>\n<p>\u00a0<\/p>\n<table style=\"width: 100%;\" border=\"1\">\n<tbody>\n<tr>\n<td style=\"background-color: #225edc; text-align: center; width: 4.7%;\">\n<p><a href=\"#a\"><span style=\"color: #ffffff;\"><strong>A<\/strong><\/span><\/a><\/p>\n<\/td>\n<td style=\"background-color: #225edc; text-align: center; width: 4.7%;\">\n<p><a href=\"#b\"><span style=\"color: #ffffff;\"><strong>B<\/strong><\/span><\/a><\/p>\n<\/td>\n<td style=\"background-color: #225edc; text-align: center; width: 4.7%;\">\n<p><a href=\"#c\"><span style=\"color: #ffffff;\"><strong>C<\/strong><\/span><\/a><\/p>\n<\/td>\n<td style=\"background-color: #225edc; text-align: center; width: 4.7%;\">\n<p><a href=\"#d\"><span style=\"color: #ffffff;\"><strong>D<\/strong><\/span><\/a><\/p>\n<\/td>\n<td style=\"background-color: #225edc; text-align: center; width: 4.7%;\">\n<p><a href=\"#e\"><span style=\"color: #ffffff;\"><strong>E<\/strong><\/span><\/a><\/p>\n<\/td>\n<td style=\"background-color: #225edc; text-align: center; width: 4.7%;\">\n<p><a href=\"#f\"><span style=\"color: #ffffff;\"><strong>F<\/strong><\/span><\/a><\/p>\n<\/td>\n<td style=\"background-color: #225edc; text-align: center; width: 4.7%;\">\n<p><a href=\"#g\"><span style=\"color: #ffffff;\"><strong>G<\/strong><\/span><\/a><\/p>\n<\/td>\n<td style=\"background-color: #225edc; text-align: center; width: 4.7%;\">\n<p><a href=\"#h\"><span style=\"color: #ffffff;\"><strong>H<\/strong><\/span><\/a><\/p>\n<\/td>\n<td style=\"background-color: #225edc; text-align: center; width: 4.7%;\">\n<p><a href=\"#i\"><span style=\"color: #ffffff;\"><strong>I<\/strong><\/span><\/a><\/p>\n<\/td>\n<td style=\"background-color: #225edc; text-align: center; width: 4.7%;\">\n<p><a href=\"#j\"><span style=\"color: #ffffff;\"><strong>J<\/strong><\/span><\/a><\/p>\n<\/td>\n<td style=\"background-color: #225edc; text-align: center; width: 4.7%;\">\n<p><a href=\"#l\"><span style=\"color: #ffffff;\"><strong>L<\/strong><\/span><\/a><\/p>\n<\/td>\n<td style=\"background-color: #225edc; text-align: center; width: 4.8%;\">\n<p><a href=\"#m\"><span style=\"color: #ffffff;\"><strong>M<\/strong><\/span><\/a><\/p>\n<\/td>\n<td style=\"background-color: #225edc; text-align: center; width: 4.7%;\">\n<p><a href=\"#n\"><span style=\"color: #ffffff;\"><strong>N<\/strong><\/span><\/a><\/p>\n<\/td>\n<td style=\"background-color: #225edc; text-align: center; width: 4.7%;\">\n<p><a href=\"#o\"><span style=\"color: #ffffff;\"><strong>O<\/strong><\/span><\/a><\/p>\n<\/td>\n<td style=\"background-color: #225edc; text-align: center; width: 4.7%;\">\n<p><a href=\"#p\"><span style=\"color: #ffffff;\"><strong>P<\/strong><\/span><\/a><\/p>\n<\/td>\n<td style=\"background-color: #225edc; text-align: center; width: 4.8%;\">\n<p><a href=\"#q\"><span style=\"color: #ffffff;\"><strong>Q<\/strong><\/span><\/a><\/p>\n<\/td>\n<td style=\"background-color: #225edc; text-align: center; width: 4.8%;\">\n<p><a href=\"#r\"><span style=\"color: #ffffff;\"><strong>R<\/strong><\/span><\/a><\/p>\n<\/td>\n<td style=\"background-color: #225edc; text-align: center; width: 4.7%;\">\n<p><a href=\"#s\"><span style=\"color: #ffffff;\"><strong>S<\/strong><\/span><\/a><\/p>\n<\/td>\n<td style=\"background-color: #225edc; text-align: center; width: 4.7%;\">\n<p><a href=\"#t\"><span style=\"color: #ffffff;\"><strong>T<\/strong><\/span><\/a><\/p>\n<\/td>\n<td style=\"background-color: #225edc; text-align: center; width: 4.7%;\">\n<p><a href=\"#u\"><span style=\"color: #ffffff;\"><strong>U<\/strong><\/span><\/a><\/p>\n<\/td>\n<td style=\"background-color: #225edc; text-align: center; width: 4.8%;\">\n<p><a href=\"#v\"><span style=\"color: #ffffff;\"><strong>V<\/strong><\/span><\/a><\/p>\n<\/td>\n<\/tr>\n<\/tbody>\n<\/table>\n<p>\u00a0<\/p>\n","protected":false},"excerpt":{"rendered":"<p>\u00a0 \u00a0 Elaborado pela: Ger\u00eancia de Elabora\u00e7\u00e3o e Programa\u00e7\u00e3o Or\u00e7ament\u00e1ria e-mail: sor@segplan.go.gov.br Fontes: STN Fazenda \/ Senado Baixe aqui a este Gloss\u00e1rio em PDF \u00a0 \u00a0 \u00a0 \u00cdndice (clique na letra para acessar o trecho correspondente) A B C D E F G H I J L M N O P Q R S T [&hellip;]<\/p>\n","protected":false},"author":38,"featured_media":2832,"comment_status":"closed","ping_status":"open","sticky":false,"template":"","format":"standard","meta":{"footnotes":""},"categories":[119],"tags":[],"class_list":["post-2834","post","type-post","status-publish","format-standard","has-post-thumbnail","hentry","category-orcamento"],"rttpg_featured_image_url":{"full":["https:\/\/goias.gov.br\/administracao\/wp-content\/uploads\/sites\/27\/2012\/02\/capaorcamento-814.png",300,190,false],"landscape":["https:\/\/goias.gov.br\/administracao\/wp-content\/uploads\/sites\/27\/2012\/02\/capaorcamento-814.png",300,190,false],"portraits":["https:\/\/goias.gov.br\/administracao\/wp-content\/uploads\/sites\/27\/2012\/02\/capaorcamento-814.png",300,190,false],"thumbnail":["https:\/\/goias.gov.br\/administracao\/wp-content\/uploads\/sites\/27\/2012\/02\/capaorcamento-814-150x150.png",150,150,true],"medium":["https:\/\/goias.gov.br\/administracao\/wp-content\/uploads\/sites\/27\/2012\/02\/capaorcamento-814.png",300,190,false],"large":["https:\/\/goias.gov.br\/administracao\/wp-content\/uploads\/sites\/27\/2012\/02\/capaorcamento-814.png",300,190,false],"1536x1536":["https:\/\/goias.gov.br\/administracao\/wp-content\/uploads\/sites\/27\/2012\/02\/capaorcamento-814.png",300,190,false],"2048x2048":["https:\/\/goias.gov.br\/administracao\/wp-content\/uploads\/sites\/27\/2012\/02\/capaorcamento-814.png",300,190,false]},"rttpg_author":{"display_name":"gustavomartinsgomes","author_link":"https:\/\/goias.gov.br\/administracao\/author\/gustavomartinsgomes\/"},"rttpg_comment":0,"rttpg_category":"<a href=\"https:\/\/goias.gov.br\/administracao\/categoria\/planejamento\/orcamento\/\" rel=\"category tag\">Or\u00e7amento<\/a>","rttpg_excerpt":"\u00a0 \u00a0 Elaborado pela: Ger\u00eancia de Elabora\u00e7\u00e3o e Programa\u00e7\u00e3o Or\u00e7ament\u00e1ria e-mail: sor@segplan.go.gov.br Fontes: STN Fazenda \/ Senado Baixe aqui a este Gloss\u00e1rio em PDF \u00a0 \u00a0 \u00a0 \u00cdndice (clique na letra para acessar o trecho correspondente) A B C D E F G H I J L M N O P Q R S T&hellip;","_links":{"self":[{"href":"https:\/\/goias.gov.br\/administracao\/wp-json\/wp\/v2\/posts\/2834","targetHints":{"allow":["GET"]}}],"collection":[{"href":"https:\/\/goias.gov.br\/administracao\/wp-json\/wp\/v2\/posts"}],"about":[{"href":"https:\/\/goias.gov.br\/administracao\/wp-json\/wp\/v2\/types\/post"}],"author":[{"embeddable":true,"href":"https:\/\/goias.gov.br\/administracao\/wp-json\/wp\/v2\/users\/38"}],"replies":[{"embeddable":true,"href":"https:\/\/goias.gov.br\/administracao\/wp-json\/wp\/v2\/comments?post=2834"}],"version-history":[{"count":1,"href":"https:\/\/goias.gov.br\/administracao\/wp-json\/wp\/v2\/posts\/2834\/revisions"}],"predecessor-version":[{"id":17290,"href":"https:\/\/goias.gov.br\/administracao\/wp-json\/wp\/v2\/posts\/2834\/revisions\/17290"}],"wp:featuredmedia":[{"embeddable":true,"href":"https:\/\/goias.gov.br\/administracao\/wp-json\/wp\/v2\/media\/2832"}],"wp:attachment":[{"href":"https:\/\/goias.gov.br\/administracao\/wp-json\/wp\/v2\/media?parent=2834"}],"wp:term":[{"taxonomy":"category","embeddable":true,"href":"https:\/\/goias.gov.br\/administracao\/wp-json\/wp\/v2\/categories?post=2834"},{"taxonomy":"post_tag","embeddable":true,"href":"https:\/\/goias.gov.br\/administracao\/wp-json\/wp\/v2\/tags?post=2834"}],"curies":[{"name":"wp","href":"https:\/\/api.w.org\/{rel}","templated":true}]}}