

{"id":2672,"date":"2011-07-08T14:07:28","date_gmt":"2011-07-08T17:07:28","guid":{"rendered":"http:\/\/localhost\/multisites\/sead\/2011\/07\/08\/agencia-brasil-central-dados-gerais\/"},"modified":"2025-06-06T16:10:59","modified_gmt":"2025-06-06T19:10:59","slug":"agencia-brasil-central-dados-gerais","status":"publish","type":"post","link":"https:\/\/goias.gov.br\/administracao\/agencia-brasil-central-dados-gerais\/","title":{"rendered":"Ag\u00eancia Brasil Central &#8211; Dados Gerais"},"content":{"rendered":"<table style=\"width: 100%\" border=\"1\" cellspacing=\"1\" cellpadding=\"1\">\n<tbody>\n<tr>\n<td style=\"width: 98.8096%\" colspan=\"8\" align=\"right\"><a href=\"https:\/\/goias.gov.br\/administracao\/tee-2\/\"><span style=\"color: #0000ff\">Fale Conosco<\/span><\/a><\/td>\n<\/tr>\n<tr>\n<td style=\"background-color: #ff9900;width: 5.2381%\" align=\"center\" valign=\"middle\"><strong><a title=\"P\u00e1gina inicial do SIGA - Sistema de Gest\u00e3o Administrativa.\" href=\"https:\/\/goias.gov.br\/administracao\/siga-eng\/\">SIGA<\/a><\/strong><\/td>\n<td style=\"width: 13.4524%;background-color: #bbe8ff\" align=\"center\" valign=\"middle\"><a title=\"Integrada por \u00f3rg\u00e3os de assessoramento e aux\u00edlio direto ao Chefe do Poder Executivo.\" href=\"https:\/\/goias.gov.br\/administracao\/siga-governadoria\/\">Governadoria<\/a><\/td>\n<td style=\"width: 13.4524%;background-color: #bbe8ff\" align=\"center\" valign=\"middle\"><a title=\"Exerce compet\u00eancias constitucionais, legais e regulamentares de aux\u00edlio ao Governador.\" href=\"https:\/\/goias.gov.br\/administracao\/vg-1\/\">Vice-Governadoria<\/a><\/td>\n<td style=\"width: 11.7857%;background-color: #bbe8ff\" align=\"center\" valign=\"middle\"><a title=\"\u00d3rg\u00e3os de primeiro escal\u00e3o, respons\u00e1veis pela supervis\u00e3o e articula\u00e7\u00e3o das atividades das respectivas \u00e1reas de atua\u00e7\u00e3o, cabendo-lhes especificamente exercerem dentro do seu espa\u00e7o institucional, pol\u00edtico e administrativo, a formula\u00e7\u00e3o das pol\u00edticas e diretrizes, a coordena\u00e7\u00e3o de sua execu\u00e7\u00e3o e a supervis\u00e3o geral das entidades jurisdicionadas.\" href=\"https:\/\/goias.gov.br\/administracao\/siga-secretarias\/\">Secretarias<\/a><\/td>\n<td style=\"width: 20%;background-color: #bbe8ff\" align=\"center\" valign=\"middle\"><a title=\"Entidades com personalidade jur\u00eddica de direito p\u00fablico, patrim\u00f4nio e receita pr\u00f3prios e capacidade de auto-administra\u00e7\u00e3o sob controle estatal, para executar atividades e servi\u00e7os do Poder P\u00fablico que, para melhor desempenho, requeiram gest\u00e3o administrativa e financeira descentralizada.\" href=\"https:\/\/goias.gov.br\/administracao\/siga-agencias\/\">Ag\u00eancias\/Autarquias<\/a><\/td>\n<td style=\"width: 11.1905%;background-color: #bbe8ff\" align=\"center\" valign=\"middle\"><a title=\"Entidade com personalidade jur\u00eddica de direito p\u00fablico, patrim\u00f4nio e receita pr\u00f3prios e capacidade de auto-administra\u00e7\u00e3o, sob controle estatal, para desenvolver atividades assistenciais, culturais, educacionais, de estudos e pesquisas, ou de apoio \u00e0s referidas atividades\" href=\"https:\/\/goias.gov.br\/administracao\/fundacao-de-amparo-a-pesquisa-do-estado-de-goias-fapeg-dados-gerais\/\">Funda\u00e7\u00e3o<\/a><\/td>\n<td style=\"width: 12.1429%;background-color: #bbe8ff\" align=\"center\" valign=\"middle\"><a href=\"https:\/\/goias.gov.br\/administracao\/siga-sociedades\/\">Sociedades de Economia Mista<\/a><\/td>\n<td style=\"width: 11.5476%;background-color: #bbe8ff\" align=\"center\" valign=\"middle\"><a title=\"\u00d3rg\u00e3os colegiados, que atuam e decidem pela manifesta\u00e7\u00e3o conjunta e majorit\u00e1ria da vontade de seus membros compostos por representantes do Poder P\u00fablico e da sociedade civil. S\u00e3o de natureza normativa, deliberativa, consultiva ou fiscalizadora.\" href=\"https:\/\/goias.gov.br\/administracao\/siga-conselhos\/\">Conselhos Estaduais<\/a><\/td>\n<\/tr>\n<\/tbody>\n<\/table>\n<p><strong>Ag\u00eancia Brasil Central<\/strong><\/p>\n<p><a href=\"https:\/\/goias.gov.br\/administracao\/agencia-brasil-central-dados-gerais\/\">Dados Gerais<\/a> | <a href=\"https:\/\/legisla.casacivil.go.gov.br\/api\/v2\/pesquisa\/legislacoes\/107799\/pdf\">Regulamento<\/a>\u00a0| <a href=\"https:\/\/goias.gov.br\/abc\/legislacao-aplicavel\/\" target=\"_blank\" rel=\"noopener\">Legisla\u00e7\u00e3o<\/a> | <a href=\"https:\/\/goias.gov.br\/administracao\/wp-content\/uploads\/sites\/27\/2024\/07\/ABC.pdf\" target=\"_blank\" rel=\"noopener\">Organograma<\/a><\/p>\n<p><strong>Dados Gerais:<\/strong><\/p>\n<p><strong>Titular:\u00a0 <\/strong> <span style=\"color: #000000;font-family: 'Open Sans';font-size: 14px;font-style: normal;font-weight: 400;letter-spacing: normal;text-align: start;text-indent: 0px;text-transform: none;background-color: #ffffff;float: none\">Reginaldo Alves da N\u00f3brega J\u00fanior<\/span><\/p>\n<p><strong>CNPJ:<\/strong> 03.520.902\/0001\u201347<\/p>\n<p><strong>Classifica\u00e7\u00e3o: <\/strong>Entidade da Administra\u00e7\u00e3o Indireta \/ Autarquia.<\/p>\n<p><strong>Endere\u00e7o \/ Sede:<\/strong>\u00a0Av. Deputado Jamel Cec\u00edlio, Qd. Gleba, Lt. 01, n\u00ba 4490 \u2013 Fazenda Gameleira \u2013 GOI\u00c2NIA\/GO \u2013 74884-801.<\/p>\n<p><strong>Contato:<\/strong><\/p>\n<p><strong>Geral:<\/strong> (62) 99916-6471<\/p>\n<p><strong>e-mail:<\/strong>\u00a0 <span style=\"color: #000000;font-family: 'Open Sans';font-size: 14px;font-style: normal;font-weight: 400;letter-spacing: normal;text-align: start;text-indent: 0px;text-transform: none;background-color: #ffffff;float: none\">secretariageral.abc@goias.gov.br<\/span><\/p>\n<p><strong>Site:<\/strong>\u00a0<a href=\"https:\/\/goias.gov.br\/abc\/\"> https:\/\/goias.gov.br\/abc\/<\/a><span style=\"color: #000000;font-family: 'Open Sans';font-size: 14px;font-style: normal;font-weight: 400;letter-spacing: normal;text-align: start;text-indent: 0px;text-transform: none;background-color: #ffffff;float: none\">\u00a0<\/span><\/p>\n<p><strong>Hor\u00e1rio de Atendimento:\u00a0<\/strong>8h \u00e0s 12h e das 14h \u00e0s 18h<\/p>\n<p><strong>Jurisdicionante:<\/strong><\/p>\n<p><u><a href=\"https:\/\/goias.gov.br\/administracao\/secretaria-de-estado-de-comunicacao-dados-gerais\/\" target=\"_blank\" rel=\"noopener\">&#8211; Secretaria de Estado de Comunica\u00e7\u00e3o &#8211; SECOM<\/a><\/u><\/p>\n<p><strong>Compet\u00eancias:<\/strong><\/p>\n<p><strong>Fonte:\u00a0<\/strong><a href=\"https:\/\/legisla.casacivil.go.gov.br\/pesquisa_legislacao\/106749\/lei-21792\" target=\"_blank\" rel=\"noopener\">Lei n\u00ba 21,792 de 16 de Fevereiro de 2023.<\/a><\/p>\n<p>Art. 53. \u00c0 ABC competem a execu\u00e7\u00e3o dos servi\u00e7os p\u00fablicos de radiodifus\u00e3o de sons e imagens das emissoras de propriedade do Estado, bem como a administra\u00e7\u00e3o da imprensa oficial do Estado e do seu sistema digital.<\/p>\n<p><a>Voltar<\/a><\/p>\n\n","protected":false},"excerpt":{"rendered":"<p>Fale Conosco SIGA Governadoria Vice-Governadoria Secretarias Ag\u00eancias\/Autarquias Funda\u00e7\u00e3o Sociedades de Economia Mista Conselhos Estaduais Ag\u00eancia Brasil Central Dados Gerais | Regulamento\u00a0| Legisla\u00e7\u00e3o | Organograma Dados Gerais: Titular:\u00a0 Reginaldo Alves da N\u00f3brega J\u00fanior CNPJ: 03.520.902\/0001\u201347 Classifica\u00e7\u00e3o: Entidade da Administra\u00e7\u00e3o Indireta \/ Autarquia. Endere\u00e7o \/ Sede:\u00a0Av. Deputado Jamel Cec\u00edlio, Qd. Gleba, Lt. 01, n\u00ba 4490 \u2013 Fazenda [&hellip;]<\/p>\n","protected":false},"author":38,"featured_media":0,"comment_status":"closed","ping_status":"open","sticky":false,"template":"","format":"standard","meta":{"footnotes":""},"categories":[124],"tags":[],"class_list":["post-2672","post","type-post","status-publish","format-standard","hentry","category-siga"],"rttpg_featured_image_url":null,"rttpg_author":{"display_name":"gustavomartinsgomes","author_link":"https:\/\/goias.gov.br\/administracao\/author\/gustavomartinsgomes\/"},"rttpg_comment":0,"rttpg_category":"<a href=\"https:\/\/goias.gov.br\/administracao\/categoria\/siga\/\" rel=\"category tag\">SIGA<\/a>","rttpg_excerpt":"Fale Conosco SIGA Governadoria Vice-Governadoria Secretarias Ag\u00eancias\/Autarquias Funda\u00e7\u00e3o Sociedades de Economia Mista Conselhos Estaduais Ag\u00eancia Brasil Central Dados Gerais | Regulamento\u00a0| Legisla\u00e7\u00e3o | Organograma Dados Gerais: Titular:\u00a0 Reginaldo Alves da N\u00f3brega J\u00fanior CNPJ: 03.520.902\/0001\u201347 Classifica\u00e7\u00e3o: Entidade da Administra\u00e7\u00e3o Indireta \/ Autarquia. Endere\u00e7o \/ Sede:\u00a0Av. Deputado Jamel Cec\u00edlio, Qd. Gleba, Lt. 01, n\u00ba 4490 \u2013 Fazenda&hellip;","_links":{"self":[{"href":"https:\/\/goias.gov.br\/administracao\/wp-json\/wp\/v2\/posts\/2672","targetHints":{"allow":["GET"]}}],"collection":[{"href":"https:\/\/goias.gov.br\/administracao\/wp-json\/wp\/v2\/posts"}],"about":[{"href":"https:\/\/goias.gov.br\/administracao\/wp-json\/wp\/v2\/types\/post"}],"author":[{"embeddable":true,"href":"https:\/\/goias.gov.br\/administracao\/wp-json\/wp\/v2\/users\/38"}],"replies":[{"embeddable":true,"href":"https:\/\/goias.gov.br\/administracao\/wp-json\/wp\/v2\/comments?post=2672"}],"version-history":[{"count":2,"href":"https:\/\/goias.gov.br\/administracao\/wp-json\/wp\/v2\/posts\/2672\/revisions"}],"predecessor-version":[{"id":105663,"href":"https:\/\/goias.gov.br\/administracao\/wp-json\/wp\/v2\/posts\/2672\/revisions\/105663"}],"wp:attachment":[{"href":"https:\/\/goias.gov.br\/administracao\/wp-json\/wp\/v2\/media?parent=2672"}],"wp:term":[{"taxonomy":"category","embeddable":true,"href":"https:\/\/goias.gov.br\/administracao\/wp-json\/wp\/v2\/categories?post=2672"},{"taxonomy":"post_tag","embeddable":true,"href":"https:\/\/goias.gov.br\/administracao\/wp-json\/wp\/v2\/tags?post=2672"}],"curies":[{"name":"wp","href":"https:\/\/api.w.org\/{rel}","templated":true}]}}