

{"id":2477,"date":"2011-07-19T13:07:38","date_gmt":"2011-07-19T16:07:38","guid":{"rendered":"http:\/\/localhost\/multisites\/sead\/2011\/07\/19\/ses-1\/"},"modified":"2025-06-06T15:06:04","modified_gmt":"2025-06-06T18:06:04","slug":"ses-1","status":"publish","type":"post","link":"https:\/\/goias.gov.br\/administracao\/ses-1\/","title":{"rendered":"Secretaria de Estado da Sa\u00fade &#8211; SES &#8211; Dados Gerais"},"content":{"rendered":"<table style=\"width: 100%\" border=\"1\" cellspacing=\"1\" cellpadding=\"1\">\n<tbody>\n<tr>\n<td style=\"width: 98.8096%\" colspan=\"8\" align=\"right\"><a href=\"https:\/\/goias.gov.br\/administracao\/tee-2\/\"><span style=\"color: #0000ff\">Fale Conosco<\/span><\/a><\/td>\n<\/tr>\n<tr>\n<td style=\"background-color: #ff9900;width: 5.2381%\" align=\"center\" valign=\"middle\"><strong><a title=\"P\u00e1gina inicial do SIGA - Sistema de Gest\u00e3o Administrativa.\" href=\"https:\/\/goias.gov.br\/administracao\/siga-eng\/\">SIGA<\/a><\/strong><\/td>\n<td style=\"width: 13.4524%;background-color: #bbe8ff\" align=\"center\" valign=\"middle\"><a title=\"Integrada por \u00f3rg\u00e3os de assessoramento e aux\u00edlio direto ao Chefe do Poder Executivo.\" href=\"https:\/\/goias.gov.br\/administracao\/siga-governadoria\/\">Governadoria<\/a><\/td>\n<td style=\"width: 13.4524%;background-color: #bbe8ff\" align=\"center\" valign=\"middle\"><a title=\"Exerce compet\u00eancias constitucionais, legais e regulamentares de aux\u00edlio ao Governador.\" href=\"https:\/\/goias.gov.br\/administracao\/vg-1\/\">Vice-Governadoria<\/a><\/td>\n<td style=\"width: 11.7857%;background-color: #bbe8ff\" align=\"center\" valign=\"middle\"><a title=\"\u00d3rg\u00e3os de primeiro escal\u00e3o, respons\u00e1veis pela supervis\u00e3o e articula\u00e7\u00e3o das atividades das respectivas \u00e1reas de atua\u00e7\u00e3o, cabendo-lhes especificamente exercerem dentro do seu espa\u00e7o institucional, pol\u00edtico e administrativo, a formula\u00e7\u00e3o das pol\u00edticas e diretrizes, a coordena\u00e7\u00e3o de sua execu\u00e7\u00e3o e a supervis\u00e3o geral das entidades jurisdicionadas.\" href=\"https:\/\/goias.gov.br\/administracao\/siga-secretarias\/\">Secretarias<\/a><\/td>\n<td style=\"width: 20%;background-color: #bbe8ff\" align=\"center\" valign=\"middle\"><a title=\"Entidades com personalidade jur\u00eddica de direito p\u00fablico, patrim\u00f4nio e receita pr\u00f3prios e capacidade de auto-administra\u00e7\u00e3o sob controle estatal, para executar atividades e servi\u00e7os do Poder P\u00fablico que, para melhor desempenho, requeiram gest\u00e3o administrativa e financeira descentralizada.\" href=\"https:\/\/goias.gov.br\/administracao\/siga-agencias\/\">Ag\u00eancias\/Autarquias<\/a><\/td>\n<td style=\"width: 11.1905%;background-color: #bbe8ff\" align=\"center\" valign=\"middle\"><a title=\"Entidade com personalidade jur\u00eddica de direito p\u00fablico, patrim\u00f4nio e receita pr\u00f3prios e capacidade de auto-administra\u00e7\u00e3o, sob controle estatal, para desenvolver atividades assistenciais, culturais, educacionais, de estudos e pesquisas, ou de apoio \u00e0s referidas atividades\" href=\"https:\/\/goias.gov.br\/administracao\/fundacao-de-amparo-a-pesquisa-do-estado-de-goias-fapeg-dados-gerais\/\">Funda\u00e7\u00e3o<\/a><\/td>\n<td style=\"width: 12.1429%;background-color: #bbe8ff\" align=\"center\" valign=\"middle\"><a href=\"https:\/\/goias.gov.br\/administracao\/siga-sociedades\/\">Sociedades de Economia Mista<\/a><\/td>\n<td style=\"width: 11.5476%;background-color: #bbe8ff\" align=\"center\" valign=\"middle\"><a title=\"\u00d3rg\u00e3os colegiados, que atuam e decidem pela manifesta\u00e7\u00e3o conjunta e majorit\u00e1ria da vontade de seus membros compostos por representantes do Poder P\u00fablico e da sociedade civil. S\u00e3o de natureza normativa, deliberativa, consultiva ou fiscalizadora.\" href=\"https:\/\/goias.gov.br\/administracao\/siga-conselhos\/\">Conselhos Estaduais<\/a><\/td>\n<\/tr>\n<\/tbody>\n<\/table>\n<p><strong>Secretaria de Estado da Sa\u00fade &#8211; SES<\/strong><\/p>\n<p><u><a href=\"?option=com_content&amp;view=article&amp;id=19293\"><span style=\"color: #0000ff\">Dados Gerais<\/span><\/a><\/u> |<u> <a href=\"https:\/\/goias.gov.br\/administracao\/wp-content\/uploads\/sites\/27\/2011\/07\/Decreto-10.687-Saude.pdf\" target=\"_blank\" rel=\"noopener\">Regulamento<\/a><\/u> |<u> <a href=\"https:\/\/www.saude.go.gov.br\/acesso-a-informacao\/legislacao-aplicavel\" target=\"_blank\" rel=\"noopener\"><span style=\"color: #0000ff\">Legisla\u00e7\u00e3o<\/span><\/a><\/u> |\u00a0<a href=\"https:\/\/goias.gov.br\/administracao\/wp-content\/uploads\/sites\/27\/2024\/11\/SES-4-15-2.pdf\" target=\"_blank\" rel=\"noopener\">Organograma<\/a><\/p>\n<p><strong>Dados Gerais:<\/strong><\/p>\n<p><strong>\u00a0\u00a0\u00a0\u00a0Titular:<\/strong> Ras\u00edvel dos Reis Santos J\u00fanior<\/p>\n<p><strong>\u00a0\u00a0\u00a0\u00a0CNPJ:<\/strong> 02.529.964.\/0001-57<\/p>\n<p><strong>\u00a0\u00a0\u00a0\u00a0Classifica\u00e7\u00e3o:<\/strong> \u00d3rg\u00e3o da Administra\u00e7\u00e3o Direta.<\/p>\n<p><strong>\u00a0\u00a0\u00a0\u00a0Endere\u00e7o \/ Sede:<\/strong> Rua SC-1 ,\u00a0n\u00ba 299,\u00a0Parque Santa Cruz &#8211; 74.860-270 &#8211; Goi\u00e2nia &#8211; GO.<\/p>\n<p><strong>Contato:<\/strong><\/p>\n<p><strong>Fone: <\/strong>(62)\u00a03201-3479<\/p>\n<p><strong>Protocolo:<\/strong> 3201-3817\/3018<\/p>\n<p><strong>E-mail:<\/strong> <a href=\"mailto:secretariageral@saude.go.gov.br\">protocolo.saude@goias.gov.br<\/a>\u00a0 e \u00a0 <a href=\"mailto:secretario@saude.go.gov.br\">secretario@saude.go.gov.br<\/a><\/p>\n<p><strong>Site:<\/strong>\u00a0 <a href=\"https:\/\/goias.gov.br\/saude\/\" target=\"_blank\" rel=\"noopener\">https:\/\/goias.gov.br\/saude\/<\/a><\/p>\n<p><strong>Hor\u00e1rio de Atendimento<\/strong>: 8h \u00e0s 12 e das 14h \u00e0s 18h.<\/p>\n<p><strong>Jurisdicionada:<\/strong><\/p>\n<p>Sociedade de Economia Mista:<\/p>\n<p>&#8211; Ind\u00fastria Qu\u00edmica do Estado de Goi\u00e1s &#8211; IQUEGO<\/p>\n<p><strong>Compet\u00eancias:<\/strong><\/p>\n<p><strong>Fonte:\u00a0<\/strong><a href=\"https:\/\/legisla.casacivil.go.gov.br\/pesquisa_legislacao\/106749\/lei-21792\" target=\"_blank\" rel=\"noopener\">Lei n\u00ba 21,792 de 16 de Fevereiro de 2023.<\/a><\/p>\n<p>Art. 33. \u00c0 SES competem:<\/p>\n<p>I \u2013 a formula\u00e7\u00e3o e a execu\u00e7\u00e3o da pol\u00edtica estadual de sa\u00fade p\u00fablica;<\/p>\n<p>II \u2013 o exerc\u00edcio do poder de pol\u00edcia sobre as atividades relacionadas com servi\u00e7os de sa\u00fade, produ\u00e7\u00e3o de alimentos, drogas e medicamentos;<\/p>\n<p>III \u2013 a gest\u00e3o, a coordena\u00e7\u00e3o e a fiscaliza\u00e7\u00e3o do Sistema \u00danico de Sa\u00fade no Estado de Goi\u00e1s;<\/p>\n<p>IV \u2013 a administra\u00e7\u00e3o dos sistemas das vigil\u00e2ncias epidemiol\u00f3gica, sanit\u00e1ria, ambiental em sa\u00fade e de sa\u00fade do trabalhador, bem como da rede estadual de laborat\u00f3rios de sa\u00fade p\u00fablica; e<\/p>\n<p>V \u2013 a promo\u00e7\u00e3o da pesquisa cient\u00edfica e das educa\u00e7\u00f5es profissional e tecnol\u00f3gica, em busca da forma\u00e7\u00e3o, da capacita\u00e7\u00e3o e da qualifica\u00e7\u00e3o para o servi\u00e7o p\u00fablico na \u00e1rea da sa\u00fade.<\/p>\n<p>Art. 34. Integram a SES, como \u00f3rg\u00e3os colegiados:<\/p>\n<p>I \u2013 o Conselho Estadual de Sa\u00fade;<\/p>\n<p>II \u2013 o Conselho de Excel\u00eancia das Unidades P\u00fablicas Hospitalares Gerenciadas por Organiza\u00e7\u00f5es Sociais; e<\/p>\n<p>III \u2013 a Comiss\u00e3o Intergestores Bipartite.<\/p>\n<p><a>Voltar<\/a><\/p>\n\n","protected":false},"excerpt":{"rendered":"<p>Fale Conosco SIGA Governadoria Vice-Governadoria Secretarias Ag\u00eancias\/Autarquias Funda\u00e7\u00e3o Sociedades de Economia Mista Conselhos Estaduais Secretaria de Estado da Sa\u00fade &#8211; SES Dados Gerais | Regulamento | Legisla\u00e7\u00e3o |\u00a0Organograma Dados Gerais: \u00a0\u00a0\u00a0\u00a0Titular: Ras\u00edvel dos Reis Santos J\u00fanior \u00a0\u00a0\u00a0\u00a0CNPJ: 02.529.964.\/0001-57 \u00a0\u00a0\u00a0\u00a0Classifica\u00e7\u00e3o: \u00d3rg\u00e3o da Administra\u00e7\u00e3o Direta. \u00a0\u00a0\u00a0\u00a0Endere\u00e7o \/ Sede: Rua SC-1 ,\u00a0n\u00ba 299,\u00a0Parque Santa Cruz &#8211; 74.860-270 &#8211; [&hellip;]<\/p>\n","protected":false},"author":38,"featured_media":0,"comment_status":"closed","ping_status":"open","sticky":false,"template":"","format":"standard","meta":{"footnotes":""},"categories":[117],"tags":[],"class_list":["post-2477","post","type-post","status-publish","format-standard","hentry","category-orgaos-do-poder-executivo"],"rttpg_featured_image_url":null,"rttpg_author":{"display_name":"gustavomartinsgomes","author_link":"https:\/\/goias.gov.br\/administracao\/author\/gustavomartinsgomes\/"},"rttpg_comment":0,"rttpg_category":"<a href=\"https:\/\/goias.gov.br\/administracao\/categoria\/orgaos-do-poder-executivo\/\" rel=\"category tag\">\u00d3rg\u00e3os do Poder Executivo<\/a>","rttpg_excerpt":"Fale Conosco SIGA Governadoria Vice-Governadoria Secretarias Ag\u00eancias\/Autarquias Funda\u00e7\u00e3o Sociedades de Economia Mista Conselhos Estaduais Secretaria de Estado da Sa\u00fade &#8211; SES Dados Gerais | Regulamento | Legisla\u00e7\u00e3o |\u00a0Organograma Dados Gerais: \u00a0\u00a0\u00a0\u00a0Titular: Ras\u00edvel dos Reis Santos J\u00fanior \u00a0\u00a0\u00a0\u00a0CNPJ: 02.529.964.\/0001-57 \u00a0\u00a0\u00a0\u00a0Classifica\u00e7\u00e3o: \u00d3rg\u00e3o da Administra\u00e7\u00e3o Direta. \u00a0\u00a0\u00a0\u00a0Endere\u00e7o \/ Sede: Rua SC-1 ,\u00a0n\u00ba 299,\u00a0Parque Santa Cruz &#8211; 74.860-270 &#8211;&hellip;","_links":{"self":[{"href":"https:\/\/goias.gov.br\/administracao\/wp-json\/wp\/v2\/posts\/2477","targetHints":{"allow":["GET"]}}],"collection":[{"href":"https:\/\/goias.gov.br\/administracao\/wp-json\/wp\/v2\/posts"}],"about":[{"href":"https:\/\/goias.gov.br\/administracao\/wp-json\/wp\/v2\/types\/post"}],"author":[{"embeddable":true,"href":"https:\/\/goias.gov.br\/administracao\/wp-json\/wp\/v2\/users\/38"}],"replies":[{"embeddable":true,"href":"https:\/\/goias.gov.br\/administracao\/wp-json\/wp\/v2\/comments?post=2477"}],"version-history":[{"count":2,"href":"https:\/\/goias.gov.br\/administracao\/wp-json\/wp\/v2\/posts\/2477\/revisions"}],"predecessor-version":[{"id":105353,"href":"https:\/\/goias.gov.br\/administracao\/wp-json\/wp\/v2\/posts\/2477\/revisions\/105353"}],"wp:attachment":[{"href":"https:\/\/goias.gov.br\/administracao\/wp-json\/wp\/v2\/media?parent=2477"}],"wp:term":[{"taxonomy":"category","embeddable":true,"href":"https:\/\/goias.gov.br\/administracao\/wp-json\/wp\/v2\/categories?post=2477"},{"taxonomy":"post_tag","embeddable":true,"href":"https:\/\/goias.gov.br\/administracao\/wp-json\/wp\/v2\/tags?post=2477"}],"curies":[{"name":"wp","href":"https:\/\/api.w.org\/{rel}","templated":true}]}}